{"id":2052908,"date":"2026-07-20T18:08:00","date_gmt":"2026-07-20T15:08:00","guid":{"rendered":"https:\/\/analyse.optim.biz\/?p=2052908"},"modified":"2026-07-20T18:08:00","modified_gmt":"2026-07-20T15:08:00","slug":"calendarul-zilei-21-iulie-sfintii-cuviosi-rafael-si-partenie-de-la-agapia-veche","status":"publish","type":"post","link":"https:\/\/analyse.optim.biz\/?p=2052908","title":{"rendered":"Calendarul zilei 21 iulie: Sfin\u021bii Cuvio\u0219i Rafael \u0219i Partenie de la Agapia Veche"},"content":{"rendered":"<p>[analyse_image type=&#8221;featured&#8221; src=&#8221;https:\/\/r3media.ro\/wp-content\/uploads\/2023\/07\/maxresdefault-6.jpghttps:\/\/r3media.ro\/wp-content\/uploads\/2023\/07\/maxresdefault-6.jpg&#8221;]<\/p>\n<article id=\"template-id-109\" class=\"post-109 tdb_templates type-tdb_templates status-publish post\">\n<div id=\"tdi_2\" class=\"tdc-zone\">\n<div class=\"tdc_zone tdi_3  wpb_row td-pb-row\">\n<div id=\"tdi_4\" class=\"tdc-row\">\n<div class=\"vc_row tdi_5  wpb_row td-pb-row\">\n<div class=\"vc_column tdi_7  wpb_column vc_column_container tdc-column td-pb-span8\">\n<div class=\"wpb_wrapper\">\n<div class=\"td_block_wrap tdb_breadcrumbs tdi_8 td-pb-border-top td_block_template_1 tdb-breadcrumbs \" data-td-block-uid=\"tdi_8\">\n<div class=\"tdb-block-inner td-fix-index\"><span><a title=\"Vede\u021bi toate articolele \u00een PRIM PLAN\" class=\"tdb-entry-crumb\" href=\"https:\/\/r3media.ro\/category\/stiri-prim-plan\/\">PRIM PLAN<\/a><\/span><span class=\"tdb-bred-no-url-last\">Calendarul zilei 21 iulie: Sfin\u021bii Cuvio\u0219i Rafael \u0219i Partenie de la Agapia&#8230;<\/span><\/div>\n<\/div>\n<div class=\"td_block_wrap tdb_single_categories tdi_9 td-pb-border-top td_block_template_1 \" data-td-block-uid=\"tdi_9\">\n<div class=\"tdb-category td-fix-index\"><a class=\"tdb-entry-category\" href=\"https:\/\/r3media.ro\/category\/stiri-prim-plan\/\">PRIM PLAN<\/a><a class=\"tdb-entry-category\" href=\"https:\/\/r3media.ro\/category\/stiri\/\">\u0218TIRI<\/a><a class=\"tdb-entry-category\" href=\"https:\/\/r3media.ro\/category\/video-news\/\">VIDEO<\/a><\/div>\n<\/div>\n<div class=\"td_block_wrap tdb_title tdi_10 tdb-single-title td-pb-border-top td_block_template_1\" data-td-block-uid=\"tdi_10\">\n<div class=\"tdb-block-inner td-fix-index\">\n<h1 class=\"tdb-title-text\">Calendarul zilei 21 iulie: Sfin\u021bii Cuvio\u0219i Rafael \u0219i Partenie de la Agapia Veche<\/h1>\n<\/div>\n<\/div>\n<div class=\"vc_row_inner tdi_12  vc_row vc_inner wpb_row td-pb-row\">\n<div class=\"vc_column_inner tdi_14  wpb_column vc_column_container tdc-inner-column td-pb-span12\">\n<div class=\"vc_column-inner\">\n<div class=\"wpb_wrapper\">\n<div class=\"td_block_wrap tdb_single_author tdi_15 td-pb-border-top td_block_template_1 tdb-post-meta\" data-td-block-uid=\"tdi_15\">\n<div class=\"tdb-block-inner td-fix-index\">\n<div class=\"tdb-author-name-wrap\"><a class=\"tdb-author-name\" href=\"https:\/\/r3media.ro\/author\/redactia\/\">Redac\u021bia<\/a><\/div>\n<\/div>\n<\/div>\n<div class=\"td_block_wrap tdb_single_date tdi_16 td-pb-border-top td_block_template_1 tdb-post-meta\" data-td-block-uid=\"tdi_16\">\n<div class=\"tdb-block-inner td-fix-index\"><time class=\"entry-date updated td-module-date\" datetime=\"2026-07-20T21:08:00+03:00\">20\/07\/2026<\/time><\/div>\n<\/div>\n<\/div>\n<\/div>\n<\/div>\n<\/div>\n<div class=\"td_block_wrap tdb_single_content tdi_18 td-pb-border-top td_block_template_1 td-post-content tagdiv-type\" data-td-block-uid=\"tdi_18\">\n<div class=\"tdb-block-inner td-fix-index\">\n<p><strong>Partenie, p\u0103rintele cel sf\u00e2nt \u015fi minunat, vrednic urma\u015f al siha\u015ftrilor din Mun\u0163ii Agapiei, a vie\u0163uit \u00een aceste locuri \u00een veacul al XVII-lea. Sf. Ierarh Dosoftei, Mitropolitul Moldovei, care a cunoscut mul\u0163i c\u0103lug\u0103ri cu \u00eenalt\u0103 via\u0163\u0103 duhovniceasc\u0103 din Moldova, \u00eel num\u0103r\u0103 pe Cuviosul Partenie printre sfin\u0163ii rom\u00e2ni c\u0103rora le-a v\u0103zut via\u0163a \u015fi traiul.<\/strong><\/p>\n<p>Ucenic al stare\u0163ului Eufrosin, ctitorul m\u0103n\u0103stirii din Livada P\u0103rin\u0163ilor, prime\u015fte din m\u00e2inile acestuia tunderea \u00een schima monahal\u0103. C\u00e2t a petrecut \u00een via\u0163a de ob\u015fte, c\u00e2t s-a nevoit \u00een sih\u0103strie, nu putem \u015fti.<\/p>\n<p>Tradi\u0163ia spune despre el c\u0103 a sih\u0103strit \u00een muntele Scaunele, dup\u0103 pilda p\u0103rin\u0163ilor de odinioar\u0103. Nevoin\u0163a lor era aceasta: ziua se rugau \u00een singur\u0103tate, mai ales cu Psaltirea, pe care o \u015ftiau pe dinafar\u0103, iar la apusul soarelui, gustau pu\u0163in din p\u00e2ine \u015fi legume fierte, dup\u0103 care toat\u0103 noaptea se nevoiau rug\u00e2ndu-se cu mintea (rug\u0103ciunea lui Iisus), iar cu m\u00e2inile \u00eempletind co\u015furi.<\/p>\n<p>A\u0163ipeau doar c\u00e2te pu\u0163in c\u00e2nd oboseau, \u00een lavi\u0163e (scaune), a\u015fezate \u00eentre trunchiurile de brazi. Aceast\u0103 nevoin\u0163\u0103 continua f\u0103r\u0103 \u00eentrerupere p\u00e2n\u0103 diminea\u0163a. Ucenicii duceau co\u015furile la t\u00e2rg, unde le vindeau, iar cu banii astfel c\u00e2\u015ftiga\u0163i, cump\u0103rau hran\u0103 \u015fi cele necesare traiului pustnicesc. De la aceste scaune muntele \u015fi poiana primit numele de Scaune.<\/p>\n<p>El urc\u0103 \u00een acest munte al ferici\u0163ilor ca \u00eentr-un alt Tabor, c\u00e2nd stare\u0163ul Eufrosin \u00eei \u00eeng\u0103duie s\u0103 mearg\u0103 la lini\u015fte, c\u0103ci, gust\u00e2nd din dulcea\u0163a harului dumnezeiesc, duhul \u00eei t\u00e2njea dup\u0103 bun\u0103t\u0103\u0163ile ce le na\u015fte pustia. Acolo \u015fi-a \u00eenchis por\u0163ile sim\u0163urilor cu legile lui Dumnezeu ca \u015fi cu ni\u015fte z\u0103voare \u015fi vorbea cu St\u0103p\u00e2nul tuturor \u00een rug\u0103ciunea cea de tain\u0103, iar osteneala \u00eei era desf\u0103tare.<\/p>\n<p>Cine poate spune nevoin\u0163ele cele f\u0103r\u0103 de m\u0103sur\u0103, privegherile cu lacrimi, lupta cu g\u00e2ndurile \u015fi duhurile \u00een\u015fel\u0103ciunii? Prin r\u0103bdarea str\u00e2mtor\u0103rilor pustiei \u015fi usc\u0103ciunea trupului, s-a f\u0103cut asemenea \u00eengerilor \u015fi vrednic vie\u0163uitor al m\u0103n\u0103stirii celor f\u0103r\u0103 de trupuri.<\/p>\n<p>Acest dumnezeiesc b\u0103rbat este num\u0103rat \u00een r\u00e2ndul egumenilor Agapiei.<\/p>\n<p>Mul\u0163i c\u0103lug\u0103ri \u015fi pustnici s-au m\u00e2ntuit prin rug\u0103ciunea \u015fi pov\u0103\u0163uirea sa bl\u00e2nd\u0103. Era luminat \u015fi plin de toat\u0103 \u00een\u0163elepciunea, c\u0103ci dragoste de Sfintele Scripturi \u015fi de c\u0103r\u0163ile Sfin\u0163ilor P\u0103rin\u0163i av\u00e2nd, s-a \u00eengrijit ca fra\u0163ii din ob\u015fte s\u0103 nu fie lipsi\u0163i de aceste comori nepre\u0163uite \u00een vremuri c\u00e2nd cu anevoie \u015fi cu mare cheltuial\u0103 se dob\u00e2ndeau.<\/p>\n<p>Avea darul t\u0103m\u0103duirii \u015fi \u00eendr\u0103zneal\u0103 la rug\u0103ciune \u00eenaintea lui Dumnezeu. Potrivit unor tradi\u0163ii, scotea \u015fi demoni din oameni. Pentru via\u0163a sa sf\u00e2nt\u0103, dintotdeauna a fost cinstit de c\u0103lug\u0103ri \u015fi de credincio\u015fi.<\/p>\n<p>M\u0103rturie a vie\u0163uirii sale sfinte \u015fi minunate este \u015fi faptul c\u0103, dup\u0103 moarte (1660), trupul fiindu-i dezgropat, dup\u0103 r\u00e2nduiala str\u0103mo\u015feasc\u0103, a fost g\u0103sit nestricat. Se spune c\u0103 se f\u0103ceau minuni la morm\u00e2ntul s\u0103u. Cu ad\u00e2nc\u0103 evlavie \u015fi n\u0103dejde veneau s\u0103 se \u00eenchine la sfintele sale moa\u015fte c\u0103lug\u0103ri \u015fi credincio\u015fi de pretutindeni.<\/p>\n<p>Sfintele moa\u015fte ale Cuviosului Partenie au fost t\u0103inuite, poate, odat\u0103 cu ale Cuviosului Rafail. Ace\u015fti doi mai lumin\u0103tori ai c\u0103lug\u0103rilor \u00eentregesc \u015firul p\u0103rin\u0163ilor din veac, ce s-au sfin\u0163it prin mari nevoin\u0163e \u00een \u201eM\u0103n\u0103stirea lui Agapie\u201d \u015fi \u00een \u00eemprejurimile ei.<\/p>\n<p>Cu ale lui sfinte rug\u0103ciuni, Doamne Iisuse Hristoase, Fiul lui Dumnezeu, miluie\u015fte-ne pe noi! Amin.<\/p>\n<h4><strong>Sf\u00e2ntul Cuvios Rafail<\/strong><\/h4>\n<hr>\n<p>Cuviosul Rafail s-a nevoit \u00een str\u0103vechiul a\u015fez\u0103m\u00e2nt c\u0103lug\u0103resc Agapia din Deal, \u00een veacul al XVI-lea. Acesta a fost cinstit \u00eenc\u0103 din secolul al XVII-lea, mai ales \u00een Moldova, ca unul dintre sfin\u0163ii rom\u00e2ni mai mari, ale c\u0103rui sfinte moa\u015fte le-a c\u0103utat, spre a le s\u0103ruta, \u00eensu\u015fi Sf\u00e2ntul Ierarh Dosoftei, Mitropolitul Moldovei.<\/p>\n<p>Sf\u00e2ntul Rafail s-a n\u0103scut, dup\u0103 unele izvoare, \u00een satul Bursucani, din \u0163inutul B\u00e2rladului, fiind fiul unor p\u0103rin\u0163i virtuo\u015fi \u015fi de neam bun.<\/p>\n<p>Faima despre via\u0163a duhovniceasc\u0103 \u00eenalt\u0103 a c\u0103lug\u0103rilor din \u201eM\u0103n\u0103stirea lui Agapie\u201d, trec\u00e2nd de hotarele Moldovei \u015fi chiar dincolo de Carpa\u0163i, atr\u0103gea pe mul\u0163i iubitori de Hristos. Cuviosul, ascult\u00e2ndu-\u015fi chemarea l\u0103untric\u0103 \u015fi purt\u00e2nd \u00eentru sine frica de Dumnezeu, vine aici cu dorin\u0163a de a urma calea cea str\u00e2mt\u0103 \u015fi mult b\u0103t\u0103torit\u0103 de siha\u015ftrii cei din veac. Mult s-a minunat v\u0103z\u00e2nd via\u0163a de aspr\u0103 nevoin\u0163\u0103, rug\u0103ciunea \u015fi t\u0103cerea p\u0103rin\u0163ilor ag\u0103peni. Dar mai mult a fost cucerit de duhul dragostei celei nef\u0103\u0163arnice. Cu iubirea de Hristos \u00een suflet \u015fi cu \u00eendr\u0103zneala cea bun\u0103 fiind \u00eentrarmat s-a f\u0103cut ucenic p\u0103rin\u0163ilor. \u00cenv\u0103\u0163a de la ei c\u0103 ascultarea este mai mare dec\u00e2t toate \u015fi c\u0103 numai cei cura\u0163i cu inima pot intra \u00een \u00eemp\u0103r\u0103\u0163ia lui Dumnezeu, dar pentru a dob\u00e2ndi neprih\u0103nirea este nevoie de mult\u0103 silin\u0163\u0103 a firii. P\u0103trunde, cu vremea, tainele vie\u0163ii duhovnice\u015fti, str\u0103duindu-se s\u0103 se asemene p\u0103rin\u0163ilor \u00een osteneli, rug\u0103ciune \u015fi smerenie.<\/p>\n<p>Dup\u0103 \u00eendelung\u0103 ispitire \u00een ascultare, ucenicul a luat pe umerii s\u0103i jugul cel bun al lui Hristos \u015fi, \u00eembr\u0103c\u00e2ndu-se \u00een chipul cel monahicesc, a primit numele de Rafail care se t\u00e2lcuie\u015fte \u201eDumnezeu aduce vindecare\u201d. Cu nem\u0103surat\u0103 r\u00e2vn\u0103 se silea s\u0103 dob\u00e2ndeasc\u0103, deopotriv\u0103, toate virtu\u0163ile \u015fi, astfel, s-a f\u0103cut loca\u015f al tuturor bun\u0103t\u0103\u0163ilor duhovnice\u015fti, \u00eenc\u00e2t to\u0163i luau aminte la el, c\u0103ut\u00e2nd s\u0103-l urmeze.<\/p>\n<p>Via\u0163a de nevoin\u0163\u0103 a acestui purt\u0103tor de Dumnezeu este mult \u00eenv\u0103luit\u0103 \u00een tain\u0103. Dar se \u015ftie c\u0103 p\u0103rin\u0163ii ag\u0103peni \u0163ineau o r\u00e2nduial\u0103 a locului de la care nu s-a ab\u0103tut nici ascult\u0103torul monah Rafail. C\u0103lug\u0103rii petreceau \u00een lavr\u0103, iar cine era \u00eent\u0103rit \u015fi r\u00e2vnea la via\u0163a cea lini\u015ftit\u0103 a pustiei, cu binecuv\u00e2ntare, pleca s\u0103 se nevoiasc\u0103 \u00een sih\u0103strie \u00eempreun\u0103 cu un b\u0103tr\u00e2n, mai t\u00e2rziu, poate, \u015fi singur. Mun\u0163ii sunt martori t\u0103cu\u0163i ai nevoin\u0163elor sfin\u0163ilor care au petrecut aici. La tot pasul apar taini\u0163e potrivite nevoin\u0163ei. St\u00e2nci scobite, pe\u015fteri, poieni \u00eensorite, obcini unde p\u0103durea \u00eencepe s\u0103 dispar\u0103 au fost \u00eentotdeauna locuite de si-ha\u015ftri. Aceast\u0103 cale binecuv\u00e2ntat\u0103 a urmat-o \u015fi fericitul Rafail, care, asemenea unui vultur \u00een \u00een\u0103l\u0163imi, s-a \u00eensingurat \u00een inima muntelui. Pustnicii, acele f\u0103clii str\u0103lucitoare ce au lu-minat cu via\u0163a lor \u00eengereasc\u0103 pustietatea muntelui, i-au dezv\u0103luit tainele lucr\u0103rii duhovnice\u015fti s\u0103v\u00e2r\u015fite cu mintea. Dar des\u0103v\u00e2r\u015fita c\u0103l\u0103uz\u0103 i-a fost lini\u015ftea cea sf\u00e2nt\u0103 spre aflarea celor cere\u015fti, iar prin rug\u0103ciunea curat\u0103 s-a ridicat mai presus de cele p\u0103m\u00e2nte\u015fti \u015fi a v\u0103zut slava lui Dumnezeu, c\u00e2t i-a fost \u00eeng\u0103duit. Rodul ostenelilor sih\u0103stre\u015fti \u015fi ale rug\u0103ciunii ne\u00eencetate a fost dob\u00e2ndirea darurilor \u00eenalte, care cu anevoie pot fi \u00eenf\u0103\u0163i\u015fate \u00een cuv\u00e2nt.<\/p>\n<p>Dumnezeu cel iubitor de oameni, Care vrea m\u00e2ntuirea tuturor, a r\u00e2nduit ca s\u0103 fie \u00eendrum\u0103tor al fra\u0163ilor din ob\u015fte, c\u0103ci, prin via\u0163a sa \u00eengereasc\u0103 \u015fi prin \u00een\u0163elepciunea cea mai presus de fire, pricinuia tuturor uimire. \u00cen Condica Sf\u00e2nt\u0103 \u015fi \u00een pomelnicele vechi este nu-mit Fericitul Stare\u0163 Rafail. To\u0163i \u00eel priveau ca pe o icoan\u0103 a virtu\u0163ilor. Sfe\u015fnic de lumin\u0103 era siha\u015ftrilor, dar \u015fi p\u0103rinte iubitor cre\u015ftinilor din satele Moldovei care veneau la el ca la un liman, pentru rug\u0103ciuni, t\u0103m\u0103duiri \u015fi ajutor \u00een tot felul de nevoi, \u00een vreme de pace sau de cump\u0103n\u0103 pentru \u0163ar\u0103.<\/p>\n<p>Dup\u0103 trecerea din lumea aceasta, ucenicii, cunosc\u00e2ndu-i via\u0163a \u015fi nevoin\u0163ele (se spune c\u0103 se f\u0103ceau minuni la morm\u00e2ntul s\u0103u), i-au dezgropat trupul pe care l-au aflat plin de slav\u0103 dumnezeiasc\u0103 \u015fi bine mirositor. A fost a\u015fezat \u00een biseric\u0103 spre \u00eenchinare. Odor de mare pre\u0163 era pentru Moldova, c\u0103ci veneau credincio\u015fii s\u0103 se \u00eenchine la sfintele sale moa\u015fte, mai ales la hramul M\u0103n\u0103stirii Neam\u0163, c\u00e2nd avea loc pelerinajul la M\u0103n\u0103stirile Neam\u0163, Agapia \u015fi Secu. La Agapia Veche acest pelerinaj continu\u0103 \u015fi azi, cu toate c\u0103 trupurile \u00eentregi ale sfin\u0163ilor sunt t\u0103inuite, dar, se pare, p\u0103r\u0163i din aceste sfinte moa\u015fte se g\u0103sesc \u00een unele m\u0103n\u0103stiri din Moldova.<\/p>\n<p>Cu ale lui sfinte rug\u0103ciuni, Doamne Iisuse Hristoase, Fiul lui Dumnezeu, miluie\u015fte-ne pe noi! Amin.<\/p>\n<div class=\"crp_related     crp-masonry\">\n<h2>\u00ceN CONTEXT<\/h2>\n<ul>\n<li><a href=\"https:\/\/r3media.ro\/calendarul-zilei-18-decembrie-sf-cuvios-daniil-sihastrul-duhovnicul-sf-stefan-cel-mare\/\" class=\"crp_link post-86710\"><span class=\"crp_title\">Calendarul zilei 18 decembrie: Sf. Cuvios Daniil Sihastrul, duhovnicul Sf. \u0218tefan cel Mare<\/span><\/a><\/li>\n<li><a href=\"https:\/\/r3media.ro\/6-iulie-sf-cuv-dometie-cel-milostiv-de-la-ramet-si-mama-sa-sf-cuv-filotimia-sf-cuv-sisoe-cel-mare\/\" class=\"crp_link post-119451\"><span class=\"crp_title\">Calendarul zilei 6 iulie: Sf. Cuv. Dometie cel Milostiv de la R\u00e2me\u021b \u0219i mama sa, Sf. Cuv.\u2026<\/span><\/a><\/li>\n<li><a href=\"https:\/\/r3media.ro\/calendarul-zilei-9-mai-sf-proroc-isaia-sf-mc-hristofor-aducerea-la-bari-a-moastelor-sf-ier-nicolae\/\" class=\"crp_link post-94576\"><span class=\"crp_title\">Calendarul zilei 9 mai: Sf. Proroc Isaia; Sf. Mc. Hristofor; Aducerea la Bari a moa\u0219telor\u2026<\/span><\/a><\/li>\n<li><a href=\"https:\/\/r3media.ro\/calendarul-zilei-4-ianuarie-soborul-sfintilor-70-de-apostoli\/\" class=\"crp_link post-34856\"><span class=\"crp_title\">Calendarul zilei 4 ianuarie: Soborul Sfin\u021bilor 70 de apostoli<\/span><\/a><\/li>\n<li><a href=\"https:\/\/r3media.ro\/1-iulie-sf-leontie-de-la-radauti-sf-doctori-fara-de-arginti-cosma-si-damian-cei-din-roma\/\" class=\"crp_link post-49753\"><span class=\"crp_title\">Calendarul zilei 1 iulie: Sf. Leontie de la R\u0103d\u0103u\u021bi. Sf. Doctori f\u0103r\u0103 de argin\u021bi Cosma \u0219i\u2026<\/span><\/a><\/li>\n<li><a href=\"https:\/\/r3media.ro\/calendarul-zilei-26-august-sfintii-adrian-si-natalia-cei-doi-soti-a-caror-dragoste-a-fost-mai-tare-decat-moartea-si-sunt-ocrotitorii-familiei\/\" class=\"crp_link post-26673\"><span class=\"crp_title\">Calendarul zilei 26 august: Sfin\u021bii Adrian \u0219i Natalia, cei doi so\u021bi a c\u0103ror dragoste a fost\u2026<\/span><\/a><\/li>\n<li><a href=\"https:\/\/r3media.ro\/calendarul-zilei-7-ianuarie-sfantul-ioan-botezatorul-craciunul-pe-calendarul-vechi\/\" class=\"crp_link post-10400\"><span class=\"crp_title\">Calendarul zilei 7 ianuarie: Sf\u00e2ntul Ioan Botez\u0103torul. Cr\u0103ciunul pe calendarul vechi<\/span><\/a><\/li>\n<li><a href=\"https:\/\/r3media.ro\/calendarul-zilei-5-iulie-sfantul-cuvios-atanasie-athonitul-sfantul-cuvios-lampadie\/\" class=\"crp_link post-119444\"><span class=\"crp_title\">Calendarul zilei 5 iulie: Sf\u00e2ntul Cuvios Atanasie Athonitul, Sf\u00e2ntul Cuvios Lampadie<\/span><\/a><\/li>\n<\/ul>\n<\/div>\n<\/div>\n<\/div>\n<div class=\"td_block_wrap tdb_single_tags tdi_19 td-pb-border-top td_block_template_1\" data-td-block-uid=\"tdi_19\">\n<div class=\"tdb-block-inner td-fix-index\">\n<ul class=\"tdb-tags\">\n<li><span>SUBIECTE FIERBIN\u021aI<\/span><\/li>\n<li><a href=\"https:\/\/r3media.ro\/tag\/calendar-ortodox\/\">calendar ortodox<\/a><\/li>\n<li><a href=\"https:\/\/r3media.ro\/tag\/calendarul-zilei\/\">calendarul zilei<\/a><\/li>\n<li><a href=\"https:\/\/r3media.ro\/tag\/calendarul-zilei-21-iulie\/\">calendarul zilei 21 iulie<\/a><\/li>\n<li><a href=\"https:\/\/r3media.ro\/tag\/sfinti-romani\/\">sfinti romani<\/a><\/li>\n<\/ul>\n<\/div>\n<\/div>\n<div class=\"td_block_wrap td_block_9 tdi_20 td_with_ajax_pagination td-pb-border-top td_block_template_1 td-column-2 td_block_padding td_block_bot_line\" data-td-block-uid=\"tdi_20\">\n<div class=\"td-block-title-wrap\">\n<h4 class=\"block-title td-block-title\"><span class=\"td-pulldown-size\">CITE\u0218TE MAI MULT<\/span><\/h4>\n<\/div>\n<div id=\"tdi_20\" class=\"td_block_inner\">\n<div class=\"td-block-row\">\n<div class=\"td-block-span6\">\n<div class=\"td_module_8 td_module_wrap\">\n<div class=\"item-details\">\n<h3 class=\"entry-title td-module-title\"><a href=\"https:\/\/r3media.ro\/spania-invinge-argentina-castiga-cupa-mondiala\/\" rel=\"bookmark\" title=\"Spania a \u00eenvins Argentina \u0219i a c\u00e2\u0219tigat Cupa Mondial\u0103 pentru a doua oar\u0103 \u00een istorie\">Spania a \u00eenvins Argentina \u0219i a c\u00e2\u0219tigat Cupa Mondial\u0103 pentru a doua oar\u0103 \u00een&#8230;<\/a><\/h3>\n<div class=\"td-module-meta-info\"><a href=\"https:\/\/r3media.ro\/category\/actualitate\/\" class=\"td-post-category\">ACTUALITATE<\/a><span class=\"td-post-author-name\"><a href=\"https:\/\/r3media.ro\/author\/oana\/\">Oana Ivan<\/a><span>&#8211;<\/span><\/span><span class=\"td-post-date\"><time class=\"entry-date updated td-module-date\" datetime=\"2026-07-20T01:04:07+03:00\">20\/07\/2026<\/time><\/span><\/div>\n<\/div>\n<\/div>\n<\/div>\n<div class=\"td-block-span6\">\n<div class=\"td_module_8 td_module_wrap\">\n<div class=\"item-details\">\n<h3 class=\"entry-title td-module-title\"><a href=\"https:\/\/r3media.ro\/prapad-busteni-valea-prahovei-statiuni-ploi-viitura-oameni-raniti-masini-avariate-case-inundate\/\" rel=\"bookmark\" title=\"VIDEO | Pr\u0103p\u0103d la Bu\u0219teni! Ploile au cauzat o viitur\u0103 care a m\u0103turat tot \u00een cale \u00een sta\u021biunile de pe valea Prahovei: oameni r\u0103ni\u021bi, ma\u0219ini avariate \u0219i locuin\u021be inundate\">VIDEO | Pr\u0103p\u0103d la Bu\u0219teni! Ploile au cauzat o viitur\u0103 care a m\u0103turat tot&#8230;<\/a><\/h3>\n<div class=\"td-module-meta-info\"><a href=\"https:\/\/r3media.ro\/category\/actualitate\/\" class=\"td-post-category\">ACTUALITATE<\/a><span class=\"td-post-author-name\"><a href=\"https:\/\/r3media.ro\/author\/oana\/\">Oana Ivan<\/a><span>&#8211;<\/span><\/span><span class=\"td-post-date\"><time class=\"entry-date updated td-module-date\" datetime=\"2026-07-19T19:07:45+03:00\">19\/07\/2026<\/time><\/span><\/div>\n<\/div>\n<\/div>\n<\/div>\n<\/div>\n<div class=\"td-block-row\">\n<div class=\"td-block-span6\">\n<div class=\"td_module_8 td_module_wrap\">\n<div class=\"item-details\">\n<h3 class=\"entry-title td-module-title\"><a href=\"https:\/\/r3media.ro\/parinte-adrian-agachi-reactie-declaratii-ora-de-religie-corina-atanasiu-usr-totalitarism\/\" rel=\"bookmark\" title=\"P\u0103rintele Adrian Agachi a reac\u021bionat la afirma\u021biile despre ora de Religie f\u0103cute de Corina Atanasiu (USR): E inadmisibil s\u0103 ne \u00eentoarcem la discursuri totalitare. Scuzele ar fi absolut necesare\">P\u0103rintele Adrian Agachi a reac\u021bionat la afirma\u021biile despre ora de Religie f\u0103cute de Corina&#8230;<\/a><\/h3>\n<div class=\"td-module-meta-info\"><a href=\"https:\/\/r3media.ro\/category\/actualitate\/\" class=\"td-post-category\">ACTUALITATE<\/a><span class=\"td-post-author-name\"><a href=\"https:\/\/r3media.ro\/author\/oana\/\">Oana Ivan<\/a><span>&#8211;<\/span><\/span><span class=\"td-post-date\"><time class=\"entry-date updated td-module-date\" datetime=\"2026-07-19T02:45:37+03:00\">19\/07\/2026<\/time><\/span><\/div>\n<\/div>\n<\/div>\n<\/div>\n<div class=\"td-block-span6\">\n<div class=\"td_module_8 td_module_wrap\">\n<div class=\"item-details\">\n<h3 class=\"entry-title td-module-title\"><a href=\"https:\/\/r3media.ro\/candidat-barbat-partidul-democrat-sua-menstruatie-sangerare-rect\/\" rel=\"bookmark\" title=\"VIDEO | Un b\u0103rbat care candideaz\u0103 de la Partidul Democrat din SUA ar fi sus\u021binut c\u0103 are menstrua\u021bie \u0219i elimin\u0103 s\u00e2ngele prin rect\">VIDEO | Un b\u0103rbat care candideaz\u0103 de la Partidul Democrat din SUA ar fi&#8230;<\/a><\/h3>\n<div class=\"td-module-meta-info\"><a href=\"https:\/\/r3media.ro\/category\/actualitate\/\" class=\"td-post-category\">ACTUALITATE<\/a><span class=\"td-post-author-name\"><a href=\"https:\/\/r3media.ro\/author\/oana\/\">Oana Ivan<\/a><span>&#8211;<\/span><\/span><span class=\"td-post-date\"><time class=\"entry-date updated td-module-date\" datetime=\"2026-07-19T02:19:11+03:00\">19\/07\/2026<\/time><\/span><\/div>\n<\/div>\n<\/div>\n<\/div>\n<\/div>\n<div class=\"td-block-row\">\n<div class=\"td-block-span6\">\n<div class=\"td_module_8 td_module_wrap\">\n<div class=\"item-details\">\n<h3 class=\"entry-title td-module-title\"><a href=\"https:\/\/r3media.ro\/criza-apei-grecia-sapte-insule-stare-de-urgenta-localnici-recolte\/\" rel=\"bookmark\" title=\"Criza apei pe \u0219apte insule din Grecia: A fost emis\u0103 stare de urgen\u021b\u0103. Localnicii nu mai au cu ce s\u0103-\u0219i ude recoltele\">Criza apei pe \u0219apte insule din Grecia: A fost emis\u0103 stare de urgen\u021b\u0103. Localnicii&#8230;<\/a><\/h3>\n<div class=\"td-module-meta-info\"><a href=\"https:\/\/r3media.ro\/category\/actualitate\/\" class=\"td-post-category\">ACTUALITATE<\/a><span class=\"td-post-author-name\"><a href=\"https:\/\/r3media.ro\/author\/oana\/\">Oana Ivan<\/a><span>&#8211;<\/span><\/span><span class=\"td-post-date\"><time class=\"entry-date updated td-module-date\" datetime=\"2026-07-16T17:55:42+03:00\">16\/07\/2026<\/time><\/span><\/div>\n<\/div>\n<\/div>\n<\/div>\n<div class=\"td-block-span6\">\n<div class=\"td_module_8 td_module_wrap\">\n<div class=\"item-details\">\n<h3 class=\"entry-title td-module-title\"><a href=\"https:\/\/r3media.ro\/prof-ioan-aurel-pop-ong-antisemitism-xenofobie\/\" rel=\"bookmark\" title=\"Prof. Ioan-Aurel Pop: Anumite ONG-uri vor s\u0103 \u00eent\u0103reasc\u0103 antisemitismul \u0219i xenofobia, pentru c\u0103 ele s-au \u00eenfiin\u021bat ca s\u0103 combat\u0103 asemenea lucruri\">Prof. Ioan-Aurel Pop: Anumite ONG-uri vor s\u0103 \u00eent\u0103reasc\u0103 antisemitismul \u0219i xenofobia, pentru c\u0103 ele&#8230;<\/a><\/h3>\n<div class=\"td-module-meta-info\"><a href=\"https:\/\/r3media.ro\/category\/actualitate\/\" class=\"td-post-category\">ACTUALITATE<\/a><span class=\"td-post-author-name\"><a href=\"https:\/\/r3media.ro\/author\/radu_ursan\/\">Radu Ursan<\/a><span>&#8211;<\/span><\/span><span class=\"td-post-date\"><time class=\"entry-date updated td-module-date\" datetime=\"2026-07-16T15:28:25+03:00\">16\/07\/2026<\/time><\/span><\/div>\n<\/div>\n<\/div>\n<\/div>\n<\/div>\n<div class=\"td-block-row\">\n<div class=\"td-block-span6\">\n<div class=\"td_module_8 td_module_wrap\">\n<div class=\"item-details\">\n<h3 class=\"entry-title td-module-title\"><a href=\"https:\/\/r3media.ro\/deznationala-frantei-a-invins-franta\/\" rel=\"bookmark\" title=\"Dezna\u021bionala Fran\u021bei a \u00eenvins Fran\u021ba \u00a0\u00a0\">Dezna\u021bionala Fran\u021bei a \u00eenvins Fran\u021ba \u00a0\u00a0<\/a><\/h3>\n<div class=\"td-module-meta-info\"><a href=\"https:\/\/r3media.ro\/category\/actualitate\/\" class=\"td-post-category\">ACTUALITATE<\/a><span class=\"td-post-author-name\"><a href=\"https:\/\/r3media.ro\/author\/tru\/\">TRU (Traian Ungureanu)<\/a><span>&#8211;<\/span><\/span><span class=\"td-post-date\"><time class=\"entry-date updated td-module-date\" datetime=\"2026-07-15T20:57:25+03:00\">15\/07\/2026<\/time><\/span><\/div>\n<\/div>\n<\/div>\n<\/div>\n<div class=\"td-block-span6\">\n<div class=\"td_module_8 td_module_wrap\">\n<div class=\"item-details\">\n<h3 class=\"entry-title td-module-title\"><a href=\"https:\/\/r3media.ro\/revolte-violente-franta-eliminare-cupa-mondiala-spania-video\/\" rel=\"bookmark\" title=\"VIDEO | Revolte violente \u00een Fran\u021ba dup\u0103 eliminarea de la Cupa Mondial\u0103\">VIDEO | Revolte violente \u00een Fran\u021ba dup\u0103 eliminarea de la Cupa Mondial\u0103<\/a><\/h3>\n<div class=\"td-module-meta-info\"><a href=\"https:\/\/r3media.ro\/category\/actualitate\/\" class=\"td-post-category\">ACTUALITATE<\/a><span class=\"td-post-author-name\"><a href=\"https:\/\/r3media.ro\/author\/oana\/\">Oana Ivan<\/a><span>&#8211;<\/span><\/span><span class=\"td-post-date\"><time class=\"entry-date updated td-module-date\" datetime=\"2026-07-15T15:35:05+03:00\">15\/07\/2026<\/time><\/span><\/div>\n<\/div>\n<\/div>\n<\/div>\n<\/div>\n<div class=\"td-block-row\">\n<div class=\"td-block-span6\">\n<div class=\"td_module_8 td_module_wrap\">\n<div class=\"item-details\">\n<h3 class=\"entry-title td-module-title\"><a href=\"https:\/\/r3media.ro\/cine-este-cu-adevarat-francez\/\" rel=\"bookmark\" title=\"Cine este cu adev\u0103rat francez?\">Cine este cu adev\u0103rat francez?<\/a><\/h3>\n<div class=\"td-module-meta-info\"><a href=\"https:\/\/r3media.ro\/category\/actualitate\/\" class=\"td-post-category\">ACTUALITATE<\/a><span class=\"td-post-author-name\"><a href=\"https:\/\/r3media.ro\/author\/gabipopa\/\">Gabriel Popa<\/a><span>&#8211;<\/span><\/span><span class=\"td-post-date\"><time class=\"entry-date updated td-module-date\" datetime=\"2026-07-15T09:52:34+03:00\">15\/07\/2026<\/time><\/span><\/div>\n<\/div>\n<\/div>\n<\/div>\n<div class=\"td-block-span6\">\n<div class=\"td_module_8 td_module_wrap\">\n<div class=\"item-details\">\n<h3 class=\"entry-title td-module-title\"><a href=\"https:\/\/r3media.ro\/ioan-aurel-pop-lege-vexler-razboi-istoria\/\" rel=\"bookmark\" title=\"Ioan-Aurel Pop critic\u0103 legea Vexler \u00eentr-un articol de neratat: Nu putem s\u0103 ducem un r\u0103zboi cu istoria\">Ioan-Aurel Pop critic\u0103 legea Vexler \u00eentr-un articol de neratat: Nu putem s\u0103 ducem un&#8230;<\/a><\/h3>\n<div class=\"td-module-meta-info\"><a href=\"https:\/\/r3media.ro\/category\/actualitate\/\" class=\"td-post-category\">ACTUALITATE<\/a><span class=\"td-post-author-name\"><a href=\"https:\/\/r3media.ro\/author\/radu_ursan\/\">Radu Ursan<\/a><span>&#8211;<\/span><\/span><span class=\"td-post-date\"><time class=\"entry-date updated td-module-date\" datetime=\"2026-07-12T21:42:54+03:00\">12\/07\/2026<\/time><\/span><\/div>\n<\/div>\n<\/div>\n<\/div>\n<\/div>\n<div class=\"td-block-row\">\n<div class=\"td-block-span6\">\n<div class=\"td_module_8 td_module_wrap\">\n<div class=\"item-details\">\n<h3 class=\"entry-title td-module-title\"><a href=\"https:\/\/r3media.ro\/scandalul-rachetelor-patriot-zguduie-polonia-varsovia-declasifica-tot-ajutorul-militar-acordat-ucrainei\/\" rel=\"bookmark\" title=\"Scandalul rachetelor Patriot zguduie Polonia: Var\u0219ovia declasific\u0103 tot ajutorul militar acordat Ucrainei\">Scandalul rachetelor Patriot zguduie Polonia: Var\u0219ovia declasific\u0103 tot ajutorul militar acordat Ucrainei<\/a><\/h3>\n<div class=\"td-module-meta-info\"><a href=\"https:\/\/r3media.ro\/category\/stiri\/\" class=\"td-post-category\">\u0218TIRI<\/a><span class=\"td-post-author-name\"><a href=\"https:\/\/r3media.ro\/author\/radu_ursan\/\">Radu Ursan<\/a><span>&#8211;<\/span><\/span><span class=\"td-post-date\"><time class=\"entry-date updated td-module-date\" datetime=\"2026-07-12T20:43:04+03:00\">12\/07\/2026<\/time><\/span><\/div>\n<\/div>\n<\/div>\n<\/div>\n<div class=\"td-block-span6\">\n<div class=\"td_module_8 td_module_wrap\">\n<div class=\"item-details\">\n<h3 class=\"entry-title td-module-title\"><a href=\"https:\/\/r3media.ro\/ce-ne-facem-cu-atatia-prosti\/\" rel=\"bookmark\" title=\"Ce ne facem cu at\u00e2\u021bia pro\u0219ti?\">Ce ne facem cu at\u00e2\u021bia pro\u0219ti?<\/a><\/h3>\n<div class=\"td-module-meta-info\"><a href=\"https:\/\/r3media.ro\/category\/opinii\/\" class=\"td-post-category\">OPINII<\/a><span class=\"td-post-author-name\"><a href=\"https:\/\/r3media.ro\/author\/alexandru_racu\/\">Alexandru Racu<\/a><span>&#8211;<\/span><\/span><span class=\"td-post-date\"><time class=\"entry-date updated td-module-date\" datetime=\"2026-07-12T14:11:45+03:00\">12\/07\/2026<\/time><\/span><\/div>\n<\/div>\n<\/div>\n<\/div>\n<\/div>\n<\/div>\n<div class=\"td-load-more-wrap td-load-more-infinite-wrap\" id=\"infinite-lm-tdi_20\"><a href=\"https:\/\/r3media.ro\/21-iulie-sfintii-cuviosi-rafael-si-partenie-de-la-agapia-veche\/\" class=\"td_ajax_load_more td_ajax_load_more_js\" aria-label=\"\u00cenc\u0103rca\u021bi mai multe\" id=\"next-page-tdi_20\" data-td_block_id=\"tdi_20\">\u00cenc\u0103rca\u021bi mai multe<\/a><\/div>\n<\/div>\n<div class=\"td_block_wrap tdb_single_comments tdi_21 tdb-comm-layout2 td-pb-border-top td_block_template_1\" data-td-block-uid=\"tdi_21\">\n<div class=\"tdb-block-inner td-fix-index\">\n<div class=\"comments\" id=\"comments\">\n<div id=\"respond\" class=\"comment-respond\">\n<h3 id=\"reply-title\" class=\"comment-reply-title\">AI CEVA DE SPUS? <small><a rel=\"nofollow\" id=\"cancel-comment-reply-link\" href=\"https:\/\/r3media.ro\/21-iulie-sfintii-cuviosi-rafael-si-partenie-de-la-agapia-veche\/#respond\">Renun\u021ba\u021bi la r\u0103spuns<\/a><\/small><\/h3>\n<div class=\"comment-form-input-wrap td-form-comment\">\n<div class=\"td-warning-comment\">V\u0103 rug\u0103m s\u0103 introduce\u021bi comentariul dvs.!<\/div>\n<\/div>\n<div class=\"comment-form-input-wrap td-form-author\">\n<div class=\"td-warning-author\">Introduce\u021bi aici numele dvs.<\/div>\n<\/div>\n<div class=\"comment-form-input-wrap td-form-email\">\n<div class=\"td-warning-email-error\">A\u021bi introdus o adres\u0103 de e-mail incorect\u0103!<\/div>\n<div class=\"td-warning-email\">V\u0103 rug\u0103m s\u0103 introduce\u021bi adresa dvs. de e-mail aici<\/div>\n<\/div>\n<\/div>\n<\/div>\n<\/div>\n<\/div>\n<\/div>\n<\/div>\n<div class=\"vc_column tdi_23  wpb_column vc_column_container tdc-column td-pb-span4 td-is-sticky\">\n<div class=\"wpb_wrapper\" data-sticky-enabled-on=\"W3RydWUsdHJ1ZSx0cnVlLHRydWVd\" data-sticky-offset=\"20\" data-sticky-is-width-auto=\"W2ZhbHNlLGZhbHNlLGZhbHNlLGZhbHNlXQ==\">\n<div class=\"wpb_wrapper td_block_wrap vc_widget_sidebar tdi_25 \">\n<div class=\"td_block_wrap td_block_7 td_block_widget tdi_26 td-pb-border-top td_block_template_1 td-column-1 td_block_padding\" data-td-block-uid=\"tdi_26\">\n<div class=\"td-block-title-wrap\">\n<h4 class=\"block-title td-block-title\"><span class=\"td-pulldown-size\">Articole RELA\u021aIONATE<\/span><\/h4>\n<\/div>\n<div id=\"tdi_26\" class=\"td_block_inner\">\n<div class=\"td-block-span12\">\n<div class=\"td_module_6 td_module_wrap td-animation-stack\">\n<div class=\"td-module-thumb\"><a href=\"https:\/\/r3media.ro\/cehia-interzice-telefoanele-in-scoli\/\" rel=\"bookmark\" class=\"td-image-wrap \" title=\"Cehia se preg\u0103te\u0219te s\u0103 interzic\u0103 telefoanele mobile \u00een \u0219coli\"><img loading=\"lazy\" decoding=\"async\" class=\"entry-thumb\" src=\"https:\/\/r3media.ro\/wp-content\/uploads\/2023\/07\/copil-pe-telefon-100x70.jpg\" alt title=\"Cehia se preg\u0103te\u0219te s\u0103 interzic\u0103 telefoanele mobile \u00een \u0219coli\" width=\"100\" height=\"70\"><\/a><\/div>\n<div class=\"item-details\">\n<h3 class=\"entry-title td-module-title\"><a href=\"https:\/\/r3media.ro\/cehia-interzice-telefoanele-in-scoli\/\" rel=\"bookmark\" title=\"Cehia se preg\u0103te\u0219te s\u0103 interzic\u0103 telefoanele mobile \u00een \u0219coli\">Cehia se preg\u0103te\u0219te s\u0103 interzic\u0103 telefoanele mobile \u00een \u0219coli<\/a><\/h3>\n<div class=\"td-module-meta-info\"><span class=\"td-post-date\"><time class=\"entry-date updated td-module-date\" datetime=\"2026-07-20T22:34:13+03:00\">20\/07\/2026<\/time><\/span><\/div>\n<\/div>\n<\/div>\n<\/div>\n<div class=\"td-block-span12\">\n<div class=\"td_module_6 td_module_wrap td-animation-stack\">\n<div class=\"td-module-thumb\"><a href=\"https:\/\/r3media.ro\/nicusor-dan-promulga-lege-initiata-aur-instituire-anul2026-anul-statelor-unite-ale-americii-in-romania\/\" rel=\"bookmark\" class=\"td-image-wrap \" title=\"Nicu\u0219or Dan a promulgat legea ini\u021biat\u0103 de George Simion \u0219i al\u021bi \u0219ase parlamentari AUR de instituire a anului 2026 drept Anul Statelor Unite ale Americii \u00een Rom\u00e2nia\"><img loading=\"lazy\" decoding=\"async\" class=\"entry-thumb\" src=\"https:\/\/r3media.ro\/wp-content\/uploads\/2025\/07\/nicusor-dan-100x70.png\" alt title=\"Nicu\u0219or Dan a promulgat legea ini\u021biat\u0103 de George Simion \u0219i al\u021bi \u0219ase parlamentari AUR de instituire a anului 2026 drept Anul Statelor Unite ale Americii \u00een Rom\u00e2nia\" width=\"100\" height=\"70\"><\/a><\/div>\n<div class=\"item-details\">\n<h3 class=\"entry-title td-module-title\"><a href=\"https:\/\/r3media.ro\/nicusor-dan-promulga-lege-initiata-aur-instituire-anul2026-anul-statelor-unite-ale-americii-in-romania\/\" rel=\"bookmark\" title=\"Nicu\u0219or Dan a promulgat legea ini\u021biat\u0103 de George Simion \u0219i al\u021bi \u0219ase parlamentari AUR de instituire a anului 2026 drept Anul Statelor Unite ale Americii \u00een Rom\u00e2nia\">Nicu\u0219or Dan a promulgat legea ini\u021biat\u0103 de George Simion \u0219i al\u021bi&#8230;<\/a><\/h3>\n<div class=\"td-module-meta-info\"><span class=\"td-post-date\"><time class=\"entry-date updated td-module-date\" datetime=\"2026-07-20T22:20:38+03:00\">20\/07\/2026<\/time><\/span><\/div>\n<\/div>\n<\/div>\n<\/div>\n<div class=\"td-block-span12\">\n<div class=\"td_module_6 td_module_wrap td-animation-stack\">\n<div class=\"td-module-thumb\"><a href=\"https:\/\/r3media.ro\/mihail-neamtu-oblgatie-romania\/\" rel=\"bookmark\" class=\"td-image-wrap \" title=\"Mihail Neam\u021bu: Suntem o \u021bar\u0103 mic\u0103, iar singura obliga\u021bie a politicienilor de la Bucure\u0219ti e s\u0103 nu introduc\u0103 Rom\u00e2nia \u00eentr-un r\u0103zboi stupid \u0219i perdant\"><img loading=\"lazy\" decoding=\"async\" class=\"entry-thumb\" src=\"https:\/\/r3media.ro\/wp-content\/uploads\/2025\/06\/preoti-cernauti-nicusor-dan-100x70.png\" alt title=\"Mihail Neam\u021bu: Suntem o \u021bar\u0103 mic\u0103, iar singura obliga\u021bie a politicienilor de la Bucure\u0219ti e s\u0103 nu introduc\u0103 Rom\u00e2nia \u00eentr-un r\u0103zboi stupid \u0219i perdant\" width=\"100\" height=\"70\"><\/a><\/div>\n<div class=\"item-details\">\n<h3 class=\"entry-title td-module-title\"><a href=\"https:\/\/r3media.ro\/mihail-neamtu-oblgatie-romania\/\" rel=\"bookmark\" title=\"Mihail Neam\u021bu: Suntem o \u021bar\u0103 mic\u0103, iar singura obliga\u021bie a politicienilor de la Bucure\u0219ti e s\u0103 nu introduc\u0103 Rom\u00e2nia \u00eentr-un r\u0103zboi stupid \u0219i perdant\">Mihail Neam\u021bu: Suntem o \u021bar\u0103 mic\u0103, iar singura obliga\u021bie a politicienilor&#8230;<\/a><\/h3>\n<div class=\"td-module-meta-info\"><span class=\"td-post-date\"><time class=\"entry-date updated td-module-date\" datetime=\"2026-07-20T22:01:16+03:00\">20\/07\/2026<\/time><\/span><\/div>\n<\/div>\n<\/div>\n<\/div>\n<div class=\"td-block-span12\">\n<div class=\"td_module_6 td_module_wrap td-animation-stack\">\n<div class=\"td-module-thumb\"><a href=\"https:\/\/r3media.ro\/andy-burnham-premier-marea-britanie-rol-aderare-romania-uniunea-europeana\/\" rel=\"bookmark\" class=\"td-image-wrap \" title=\"Andy Burnham a fost numit premier al Marii Britanii: Laburistul a jucat un rol hot\u0103r\u00e2tor \u00een aderarea Rom\u00e2niei la UE\"><img loading=\"lazy\" decoding=\"async\" class=\"entry-thumb\" src=\"https:\/\/r3media.ro\/wp-content\/uploads\/2026\/07\/andy-burnham-100x70.png\" alt title=\"Andy Burnham a fost numit premier al Marii Britanii: Laburistul a jucat un rol hot\u0103r\u00e2tor \u00een aderarea Rom\u00e2niei la UE\" width=\"100\" height=\"70\"><\/a><\/div>\n<div class=\"item-details\">\n<h3 class=\"entry-title td-module-title\"><a href=\"https:\/\/r3media.ro\/andy-burnham-premier-marea-britanie-rol-aderare-romania-uniunea-europeana\/\" rel=\"bookmark\" title=\"Andy Burnham a fost numit premier al Marii Britanii: Laburistul a jucat un rol hot\u0103r\u00e2tor \u00een aderarea Rom\u00e2niei la UE\">Andy Burnham a fost numit premier al Marii Britanii: Laburistul a&#8230;<\/a><\/h3>\n<div class=\"td-module-meta-info\"><span class=\"td-post-date\"><time class=\"entry-date updated td-module-date\" datetime=\"2026-07-20T16:01:59+03:00\">20\/07\/2026<\/time><\/span><\/div>\n<\/div>\n<\/div>\n<\/div>\n<div class=\"td-block-span12\">\n<div class=\"td_module_6 td_module_wrap td-animation-stack\">\n<div class=\"td-module-thumb\"><a href=\"https:\/\/r3media.ro\/grecia-ar-putea-bloca-pachetul-de-sanctiuni-impotriva-rusiei\/\" rel=\"bookmark\" class=\"td-image-wrap \" title=\"Grecia ar putea bloca pachetul de sanc\u021biuni \u00eempotriva Rusiei\"><img loading=\"lazy\" decoding=\"async\" class=\"entry-thumb\" src=\"https:\/\/r3media.ro\/wp-content\/uploads\/2026\/07\/grecia-steag-100x70.jpg\" alt title=\"Grecia ar putea bloca pachetul de sanc\u021biuni \u00eempotriva Rusiei\" width=\"100\" height=\"70\"><\/a><\/div>\n<div class=\"item-details\">\n<h3 class=\"entry-title td-module-title\"><a href=\"https:\/\/r3media.ro\/grecia-ar-putea-bloca-pachetul-de-sanctiuni-impotriva-rusiei\/\" rel=\"bookmark\" title=\"Grecia ar putea bloca pachetul de sanc\u021biuni \u00eempotriva Rusiei\">Grecia ar putea bloca pachetul de sanc\u021biuni \u00eempotriva Rusiei<\/a><\/h3>\n<div class=\"td-module-meta-info\"><span class=\"td-post-date\"><time class=\"entry-date updated td-module-date\" datetime=\"2026-07-20T13:26:52+03:00\">20\/07\/2026<\/time><\/span><\/div>\n<\/div>\n<\/div>\n<\/div>\n<div class=\"td-block-span12\">\n<div class=\"td_module_6 td_module_wrap td-animation-stack\">\n<div class=\"td-module-thumb\"><a href=\"https:\/\/r3media.ro\/video-un-militar-la-un-pas-sa-se-prabuseasca-langa-seful-armatei-la-ceremonia-de-ziua-aviatiei-generalul-gheorghita-vlad-si-a-continuat-discursul\/\" rel=\"bookmark\" class=\"td-image-wrap \" title=\"VIDEO | Un militar, la un pas s\u0103 se pr\u0103bu\u0219easc\u0103 l\u00e2ng\u0103 \u0219eful Armatei, la ceremonia de Ziua Avia\u021biei. Generalul Gheorghi\u021b\u0103 Vlad \u0219i-a continuat discursul\"><img loading=\"lazy\" decoding=\"async\" class=\"entry-thumb\" src=\"https:\/\/r3media.ro\/wp-content\/uploads\/2026\/07\/militar-gheorghita-vlad-100x70.jpg\" alt title=\"VIDEO | Un militar, la un pas s\u0103 se pr\u0103bu\u0219easc\u0103 l\u00e2ng\u0103 \u0219eful Armatei, la ceremonia de Ziua Avia\u021biei. Generalul Gheorghi\u021b\u0103 Vlad \u0219i-a continuat discursul\" width=\"100\" height=\"70\"><\/a><\/div>\n<div class=\"item-details\">\n<h3 class=\"entry-title td-module-title\"><a href=\"https:\/\/r3media.ro\/video-un-militar-la-un-pas-sa-se-prabuseasca-langa-seful-armatei-la-ceremonia-de-ziua-aviatiei-generalul-gheorghita-vlad-si-a-continuat-discursul\/\" rel=\"bookmark\" title=\"VIDEO | Un militar, la un pas s\u0103 se pr\u0103bu\u0219easc\u0103 l\u00e2ng\u0103 \u0219eful Armatei, la ceremonia de Ziua Avia\u021biei. Generalul Gheorghi\u021b\u0103 Vlad \u0219i-a continuat discursul\">VIDEO | Un militar, la un pas s\u0103 se pr\u0103bu\u0219easc\u0103 l\u00e2ng\u0103&#8230;<\/a><\/h3>\n<div class=\"td-module-meta-info\"><span class=\"td-post-date\"><time class=\"entry-date updated td-module-date\" datetime=\"2026-07-20T12:49:36+03:00\">20\/07\/2026<\/time><\/span><\/div>\n<\/div>\n<\/div>\n<\/div>\n<div class=\"td-block-span12\">\n<div class=\"td_module_6 td_module_wrap td-animation-stack\">\n<div class=\"td-module-thumb\"><a href=\"https:\/\/r3media.ro\/fratii-tate-arestati-in-miami-marea-britanie-cere-extradarea-lor-dupa-noi-acuzatii-de-viol-si-trafic-de-persoane\/\" rel=\"bookmark\" class=\"td-image-wrap \" title=\"Fra\u021bii Tate au fost aresta\u0163i \u00een Miami. Marea Britanie cere extr\u0103darea lor, dup\u0103 noi acuza\u021bii de viol \u0219i trafic de persoane\"><img loading=\"lazy\" decoding=\"async\" class=\"entry-thumb\" src=\"https:\/\/r3media.ro\/wp-content\/uploads\/2025\/07\/andrew-tate-100x70.png\" alt title=\"Fra\u021bii Tate au fost aresta\u0163i \u00een Miami. Marea Britanie cere extr\u0103darea lor, dup\u0103 noi acuza\u021bii de viol \u0219i trafic de persoane\" width=\"100\" height=\"70\"><\/a><\/div>\n<div class=\"item-details\">\n<h3 class=\"entry-title td-module-title\"><a href=\"https:\/\/r3media.ro\/fratii-tate-arestati-in-miami-marea-britanie-cere-extradarea-lor-dupa-noi-acuzatii-de-viol-si-trafic-de-persoane\/\" rel=\"bookmark\" title=\"Fra\u021bii Tate au fost aresta\u0163i \u00een Miami. Marea Britanie cere extr\u0103darea lor, dup\u0103 noi acuza\u021bii de viol \u0219i trafic de persoane\">Fra\u021bii Tate au fost aresta\u0163i \u00een Miami. Marea Britanie cere extr\u0103darea&#8230;<\/a><\/h3>\n<div class=\"td-module-meta-info\"><span class=\"td-post-date\"><time class=\"entry-date updated td-module-date\" datetime=\"2026-07-20T11:54:53+03:00\">20\/07\/2026<\/time><\/span><\/div>\n<\/div>\n<\/div>\n<\/div>\n<\/div>\n<\/div>\n<aside class=\"td_block_template_1 widget widget_recent_comments\">\n<h4 class=\"block-title\"><span>INTR\u0102 \u00ceN DISCU\u021aIE!<\/span><\/h4>\n<ul id=\"recentcomments\">\n<li class=\"recentcomments\"><span class=\"comment-author-link\">Pop<\/span> la <a href=\"https:\/\/r3media.ro\/primar-cetateni-oradea-presiuni-lgbt\/#comment-40287\">Primarul \u0219i cet\u0103\u021benii din Oradea, presa\u021bi de lobby-ul interna\u021bional LGBT s\u0103 permit\u0103 mar\u0219ul homosexualit\u0103\u021bii pe str\u0103zile ora\u0219ului<\/a><\/li>\n<li class=\"recentcomments\"><span class=\"comment-author-link\">Isabel<\/span> la <a href=\"https:\/\/r3media.ro\/prapad-busteni-valea-prahovei-statiuni-ploi-viitura-oameni-raniti-masini-avariate-case-inundate\/#comment-40286\">VIDEO | Pr\u0103p\u0103d la Bu\u0219teni! Ploile au cauzat o viitur\u0103 care a m\u0103turat tot \u00een cale \u00een sta\u021biunile de pe valea Prahovei: oameni r\u0103ni\u021bi, ma\u0219ini avariate \u0219i locuin\u021be inundate<\/a><\/li>\n<li class=\"recentcomments\"><span class=\"comment-author-link\">Laris<\/span> la <a href=\"https:\/\/r3media.ro\/primar-cetateni-oradea-presiuni-lgbt\/#comment-40281\">Primarul \u0219i cet\u0103\u021benii din Oradea, presa\u021bi de lobby-ul interna\u021bional LGBT s\u0103 permit\u0103 mar\u0219ul homosexualit\u0103\u021bii pe str\u0103zile ora\u0219ului<\/a><\/li>\n<li class=\"recentcomments\"><span class=\"comment-author-link\">Laris<\/span> la <a href=\"https:\/\/r3media.ro\/aur-sustine-ca-dan-tanasa-este-urmarit-penal-pentru-instigare-la-ura\/#comment-40280\">AUR sus\u021bine c\u0103 Dan T\u0103nas\u0103 este urm\u0103rit penal pentru instigare la ur\u0103<\/a><\/li>\n<li class=\"recentcomments\"><span class=\"comment-author-link\">Laris<\/span> la <a href=\"https:\/\/r3media.ro\/dragos-tanase-demisie-conducere-gabriel-resources-18-ani\/#comment-40279\">Drago\u0219 T\u0103nase a demisionat de la conducerea Gabriel Resources dup\u0103 18 ani<\/a><\/li>\n<li class=\"recentcomments\"><span class=\"comment-author-link\">Doru<\/span> la <a href=\"https:\/\/r3media.ro\/prof-dan-dungaciu-federatia-rusa-ajutor-pentru-ucraina\/#comment-40277\">Prof. Dan Dungaciu: Tu vrei s\u0103 love\u0219ti ariciul, adic\u0103 Federa\u021bia Rus\u0103, cu s\u00e2ngele, carnea \u0219i oasele ucrainenilor. \u0102sta e un ajutor pentru Ucraina?<\/a><\/li>\n<li class=\"recentcomments\"><span class=\"comment-author-link\">Constantin<\/span> la <a href=\"https:\/\/r3media.ro\/primar-cetateni-oradea-presiuni-lgbt\/#comment-40276\">Primarul \u0219i cet\u0103\u021benii din Oradea, presa\u021bi de lobby-ul interna\u021bional LGBT s\u0103 permit\u0103 mar\u0219ul homosexualit\u0103\u021bii pe str\u0103zile ora\u0219ului<\/a><\/li>\n<\/ul>\n<\/aside>\n<aside class=\"td_block_template_1 widget widget_search\">\n<h4 class=\"block-title\"><span>CAUT\u0102 \u0218I VEI G\u0102SI<\/span><\/h4>\n<\/aside>\n<\/div>\n<\/div>\n<\/div>\n<\/div>\n<\/div>\n<\/div>\n<\/div>\n<p><span class=\"td-page-meta\"><\/span><span class=\"td-page-meta\"><span class=\"td-page-meta\"><\/span><\/span><span class=\"td-page-meta\"><\/span><\/article>\n<\/p>\n<div class=\"td_block_wrap tdb_single_content tdi_18 td-pb-border-top td_block_template_1 td-post-content tagdiv-type\" data-td-block-uid=\"tdi_18\">\n<div class=\"tdb-block-inner td-fix-index\">\n<p><strong>Partenie, p\u0103rintele cel sf\u00e2nt \u015fi minunat, vrednic urma\u015f al siha\u015ftrilor din Mun\u0163ii Agapiei, a vie\u0163uit \u00een aceste locuri \u00een veacul al XVII-lea. Sf. Ierarh Dosoftei, Mitropolitul Moldovei, care a cunoscut mul\u0163i c\u0103lug\u0103ri cu \u00eenalt\u0103 via\u0163\u0103 duhovniceasc\u0103 din Moldova, \u00eel num\u0103r\u0103 pe Cuviosul Partenie printre sfin\u0163ii rom\u00e2ni c\u0103rora le-a v\u0103zut via\u0163a \u015fi traiul.<\/strong><\/p>\n<p>Ucenic al stare\u0163ului Eufrosin, ctitorul m\u0103n\u0103stirii din Livada P\u0103rin\u0163ilor, prime\u015fte din m\u00e2inile acestuia tunderea \u00een schima monahal\u0103. C\u00e2t a petrecut \u00een via\u0163a de ob\u015fte, c\u00e2t s-a nevoit \u00een sih\u0103strie, nu putem \u015fti.<\/p>\n<p>Tradi\u0163ia spune despre el c\u0103 a sih\u0103strit \u00een muntele Scaunele, dup\u0103 pilda p\u0103rin\u0163ilor de odinioar\u0103. Nevoin\u0163a lor era aceasta: ziua se rugau \u00een singur\u0103tate, mai ales cu Psaltirea, pe care o \u015ftiau pe dinafar\u0103, iar la apusul soarelui, gustau pu\u0163in din p\u00e2ine \u015fi legume fierte, dup\u0103 care toat\u0103 noaptea se nevoiau rug\u00e2ndu-se cu mintea (rug\u0103ciunea lui Iisus), iar cu m\u00e2inile \u00eempletind co\u015furi.<\/p>\n<p>A\u0163ipeau doar c\u00e2te pu\u0163in c\u00e2nd oboseau, \u00een lavi\u0163e (scaune), a\u015fezate \u00eentre trunchiurile de brazi. Aceast\u0103 nevoin\u0163\u0103 continua f\u0103r\u0103 \u00eentrerupere p\u00e2n\u0103 diminea\u0163a. Ucenicii duceau co\u015furile la t\u00e2rg, unde le vindeau, iar cu banii astfel c\u00e2\u015ftiga\u0163i, cump\u0103rau hran\u0103 \u015fi cele necesare traiului pustnicesc. De la aceste scaune muntele \u015fi poiana primit numele de Scaune.<\/p>\n<p>El urc\u0103 \u00een acest munte al ferici\u0163ilor ca \u00eentr-un alt Tabor, c\u00e2nd stare\u0163ul Eufrosin \u00eei \u00eeng\u0103duie s\u0103 mearg\u0103 la lini\u015fte, c\u0103ci, gust\u00e2nd din dulcea\u0163a harului dumnezeiesc, duhul \u00eei t\u00e2njea dup\u0103 bun\u0103t\u0103\u0163ile ce le na\u015fte pustia. Acolo \u015fi-a \u00eenchis por\u0163ile sim\u0163urilor cu legile lui Dumnezeu ca \u015fi cu ni\u015fte z\u0103voare \u015fi vorbea cu St\u0103p\u00e2nul tuturor \u00een rug\u0103ciunea cea de tain\u0103, iar osteneala \u00eei era desf\u0103tare.<\/p>\n<p>Cine poate spune nevoin\u0163ele cele f\u0103r\u0103 de m\u0103sur\u0103, privegherile cu lacrimi, lupta cu g\u00e2ndurile \u015fi duhurile \u00een\u015fel\u0103ciunii? Prin r\u0103bdarea str\u00e2mtor\u0103rilor pustiei \u015fi usc\u0103ciunea trupului, s-a f\u0103cut asemenea \u00eengerilor \u015fi vrednic vie\u0163uitor al m\u0103n\u0103stirii celor f\u0103r\u0103 de trupuri.<\/p>\n<p>Acest dumnezeiesc b\u0103rbat este num\u0103rat \u00een r\u00e2ndul egumenilor Agapiei.<\/p>\n<p>Mul\u0163i c\u0103lug\u0103ri \u015fi pustnici s-au m\u00e2ntuit prin rug\u0103ciunea \u015fi pov\u0103\u0163uirea sa bl\u00e2nd\u0103. Era luminat \u015fi plin de toat\u0103 \u00een\u0163elepciunea, c\u0103ci dragoste de Sfintele Scripturi \u015fi de c\u0103r\u0163ile Sfin\u0163ilor P\u0103rin\u0163i av\u00e2nd, s-a \u00eengrijit ca fra\u0163ii din ob\u015fte s\u0103 nu fie lipsi\u0163i de aceste comori nepre\u0163uite \u00een vremuri c\u00e2nd cu anevoie \u015fi cu mare cheltuial\u0103 se dob\u00e2ndeau.<\/p>\n<p>Avea darul t\u0103m\u0103duirii \u015fi \u00eendr\u0103zneal\u0103 la rug\u0103ciune \u00eenaintea lui Dumnezeu. Potrivit unor tradi\u0163ii, scotea \u015fi demoni din oameni. Pentru via\u0163a sa sf\u00e2nt\u0103, dintotdeauna a fost cinstit de c\u0103lug\u0103ri \u015fi de credincio\u015fi.<\/p>\n<p>M\u0103rturie a vie\u0163uirii sale sfinte \u015fi minunate este \u015fi faptul c\u0103, dup\u0103 moarte (1660), trupul fiindu-i dezgropat, dup\u0103 r\u00e2nduiala str\u0103mo\u015feasc\u0103, a fost g\u0103sit nestricat. Se spune c\u0103 se f\u0103ceau minuni la morm\u00e2ntul s\u0103u. Cu ad\u00e2nc\u0103 evlavie \u015fi n\u0103dejde veneau s\u0103 se \u00eenchine la sfintele sale moa\u015fte c\u0103lug\u0103ri \u015fi credincio\u015fi de pretutindeni.<\/p>\n<p>Sfintele moa\u015fte ale Cuviosului Partenie au fost t\u0103inuite, poate, odat\u0103 cu ale Cuviosului Rafail. Ace\u015fti doi mai lumin\u0103tori ai c\u0103lug\u0103rilor \u00eentregesc \u015firul p\u0103rin\u0163ilor din veac, ce s-au sfin\u0163it prin mari nevoin\u0163e \u00een \u201eM\u0103n\u0103stirea lui Agapie\u201d \u015fi \u00een \u00eemprejurimile ei.<\/p>\n<p>Cu ale lui sfinte rug\u0103ciuni, Doamne Iisuse Hristoase, Fiul lui Dumnezeu, miluie\u015fte-ne pe noi! Amin.<\/p>\n<h4><strong>Sf\u00e2ntul Cuvios Rafail<\/strong><\/h4>\n<hr>\n<p>Cuviosul Rafail s-a nevoit \u00een str\u0103vechiul a\u015fez\u0103m\u00e2nt c\u0103lug\u0103resc Agapia din Deal, \u00een veacul al XVI-lea. Acesta a fost cinstit \u00eenc\u0103 din secolul al XVII-lea, mai ales \u00een Moldova, ca unul dintre sfin\u0163ii rom\u00e2ni mai mari, ale c\u0103rui sfinte moa\u015fte le-a c\u0103utat, spre a le s\u0103ruta, \u00eensu\u015fi Sf\u00e2ntul Ierarh Dosoftei, Mitropolitul Moldovei.<\/p>\n<p>Sf\u00e2ntul Rafail s-a n\u0103scut, dup\u0103 unele izvoare, \u00een satul Bursucani, din \u0163inutul B\u00e2rladului, fiind fiul unor p\u0103rin\u0163i virtuo\u015fi \u015fi de neam bun.<\/p>\n<p>Faima despre via\u0163a duhovniceasc\u0103 \u00eenalt\u0103 a c\u0103lug\u0103rilor din \u201eM\u0103n\u0103stirea lui Agapie\u201d, trec\u00e2nd de hotarele Moldovei \u015fi chiar dincolo de Carpa\u0163i, atr\u0103gea pe mul\u0163i iubitori de Hristos. Cuviosul, ascult\u00e2ndu-\u015fi chemarea l\u0103untric\u0103 \u015fi purt\u00e2nd \u00eentru sine frica de Dumnezeu, vine aici cu dorin\u0163a de a urma calea cea str\u00e2mt\u0103 \u015fi mult b\u0103t\u0103torit\u0103 de siha\u015ftrii cei din veac. Mult s-a minunat v\u0103z\u00e2nd via\u0163a de aspr\u0103 nevoin\u0163\u0103, rug\u0103ciunea \u015fi t\u0103cerea p\u0103rin\u0163ilor ag\u0103peni. Dar mai mult a fost cucerit de duhul dragostei celei nef\u0103\u0163arnice. Cu iubirea de Hristos \u00een suflet \u015fi cu \u00eendr\u0103zneala cea bun\u0103 fiind \u00eentrarmat s-a f\u0103cut ucenic p\u0103rin\u0163ilor. \u00cenv\u0103\u0163a de la ei c\u0103 ascultarea este mai mare dec\u00e2t toate \u015fi c\u0103 numai cei cura\u0163i cu inima pot intra \u00een \u00eemp\u0103r\u0103\u0163ia lui Dumnezeu, dar pentru a dob\u00e2ndi neprih\u0103nirea este nevoie de mult\u0103 silin\u0163\u0103 a firii. P\u0103trunde, cu vremea, tainele vie\u0163ii duhovnice\u015fti, str\u0103duindu-se s\u0103 se asemene p\u0103rin\u0163ilor \u00een osteneli, rug\u0103ciune \u015fi smerenie.<\/p>\n<p>Dup\u0103 \u00eendelung\u0103 ispitire \u00een ascultare, ucenicul a luat pe umerii s\u0103i jugul cel bun al lui Hristos \u015fi, \u00eembr\u0103c\u00e2ndu-se \u00een chipul cel monahicesc, a primit numele de Rafail care se t\u00e2lcuie\u015fte \u201eDumnezeu aduce vindecare\u201d. Cu nem\u0103surat\u0103 r\u00e2vn\u0103 se silea s\u0103 dob\u00e2ndeasc\u0103, deopotriv\u0103, toate virtu\u0163ile \u015fi, astfel, s-a f\u0103cut loca\u015f al tuturor bun\u0103t\u0103\u0163ilor duhovnice\u015fti, \u00eenc\u00e2t to\u0163i luau aminte la el, c\u0103ut\u00e2nd s\u0103-l urmeze.<\/p>\n<p>Via\u0163a de nevoin\u0163\u0103 a acestui purt\u0103tor de Dumnezeu este mult \u00eenv\u0103luit\u0103 \u00een tain\u0103. Dar se \u015ftie c\u0103 p\u0103rin\u0163ii ag\u0103peni \u0163ineau o r\u00e2nduial\u0103 a locului de la care nu s-a ab\u0103tut nici ascult\u0103torul monah Rafail. C\u0103lug\u0103rii petreceau \u00een lavr\u0103, iar cine era \u00eent\u0103rit \u015fi r\u00e2vnea la via\u0163a cea lini\u015ftit\u0103 a pustiei, cu binecuv\u00e2ntare, pleca s\u0103 se nevoiasc\u0103 \u00een sih\u0103strie \u00eempreun\u0103 cu un b\u0103tr\u00e2n, mai t\u00e2rziu, poate, \u015fi singur. Mun\u0163ii sunt martori t\u0103cu\u0163i ai nevoin\u0163elor sfin\u0163ilor care au petrecut aici. La tot pasul apar taini\u0163e potrivite nevoin\u0163ei. St\u00e2nci scobite, pe\u015fteri, poieni \u00eensorite, obcini unde p\u0103durea \u00eencepe s\u0103 dispar\u0103 au fost \u00eentotdeauna locuite de si-ha\u015ftri. Aceast\u0103 cale binecuv\u00e2ntat\u0103 a urmat-o \u015fi fericitul Rafail, care, asemenea unui vultur \u00een \u00een\u0103l\u0163imi, s-a \u00eensingurat \u00een inima muntelui. Pustnicii, acele f\u0103clii str\u0103lucitoare ce au lu-minat cu via\u0163a lor \u00eengereasc\u0103 pustietatea muntelui, i-au dezv\u0103luit tainele lucr\u0103rii duhovnice\u015fti s\u0103v\u00e2r\u015fite cu mintea. Dar des\u0103v\u00e2r\u015fita c\u0103l\u0103uz\u0103 i-a fost lini\u015ftea cea sf\u00e2nt\u0103 spre aflarea celor cere\u015fti, iar prin rug\u0103ciunea curat\u0103 s-a ridicat mai presus de cele p\u0103m\u00e2nte\u015fti \u015fi a v\u0103zut slava lui Dumnezeu, c\u00e2t i-a fost \u00eeng\u0103duit. Rodul ostenelilor sih\u0103stre\u015fti \u015fi ale rug\u0103ciunii ne\u00eencetate a fost dob\u00e2ndirea darurilor \u00eenalte, care cu anevoie pot fi \u00eenf\u0103\u0163i\u015fate \u00een cuv\u00e2nt.<\/p>\n<p>Dumnezeu cel iubitor de oameni, Care vrea m\u00e2ntuirea tuturor, a r\u00e2nduit ca s\u0103 fie \u00eendrum\u0103tor al fra\u0163ilor din ob\u015fte, c\u0103ci, prin via\u0163a sa \u00eengereasc\u0103 \u015fi prin \u00een\u0163elepciunea cea mai presus de fire, pricinuia tuturor uimire. \u00cen Condica Sf\u00e2nt\u0103 \u015fi \u00een pomelnicele vechi este nu-mit Fericitul Stare\u0163 Rafail. To\u0163i \u00eel priveau ca pe o icoan\u0103 a virtu\u0163ilor. Sfe\u015fnic de lumin\u0103 era siha\u015ftrilor, dar \u015fi p\u0103rinte iubitor cre\u015ftinilor din satele Moldovei care veneau la el ca la un liman, pentru rug\u0103ciuni, t\u0103m\u0103duiri \u015fi ajutor \u00een tot felul de nevoi, \u00een vreme de pace sau de cump\u0103n\u0103 pentru \u0163ar\u0103.<\/p>\n<p>Dup\u0103 trecerea din lumea aceasta, ucenicii, cunosc\u00e2ndu-i via\u0163a \u015fi nevoin\u0163ele (se spune c\u0103 se f\u0103ceau minuni la morm\u00e2ntul s\u0103u), i-au dezgropat trupul pe care l-au aflat plin de slav\u0103 dumnezeiasc\u0103 \u015fi bine mirositor. A fost a\u015fezat \u00een biseric\u0103 spre \u00eenchinare. Odor de mare pre\u0163 era pentru Moldova, c\u0103ci veneau credincio\u015fii s\u0103 se \u00eenchine la sfintele sale moa\u015fte, mai ales la hramul M\u0103n\u0103stirii Neam\u0163, c\u00e2nd avea loc pelerinajul la M\u0103n\u0103stirile Neam\u0163, Agapia \u015fi Secu. La Agapia Veche acest pelerinaj continu\u0103 \u015fi azi, cu toate c\u0103 trupurile \u00eentregi ale sfin\u0163ilor sunt t\u0103inuite, dar, se pare, p\u0103r\u0163i din aceste sfinte moa\u015fte se g\u0103sesc \u00een unele m\u0103n\u0103stiri din Moldova.<\/p>\n<p>Cu ale lui sfinte rug\u0103ciuni, Doamne Iisuse Hristoase, Fiul lui Dumnezeu, miluie\u015fte-ne pe noi! Amin.<\/p>\n<div class=\"crp_related     crp-masonry\">\n<h2>\u00ceN CONTEXT<\/h2>\n<ul>\n<li><a href=\"https:\/\/r3media.ro\/calendarul-zilei-18-decembrie-sf-cuvios-daniil-sihastrul-duhovnicul-sf-stefan-cel-mare\/\" class=\"crp_link post-86710\"><span class=\"crp_title\">Calendarul zilei 18 decembrie: Sf. Cuvios Daniil Sihastrul, duhovnicul Sf. \u0218tefan cel Mare<\/span><\/a><\/li>\n<li><a href=\"https:\/\/r3media.ro\/6-iulie-sf-cuv-dometie-cel-milostiv-de-la-ramet-si-mama-sa-sf-cuv-filotimia-sf-cuv-sisoe-cel-mare\/\" class=\"crp_link post-119451\"><span class=\"crp_title\">Calendarul zilei 6 iulie: Sf. Cuv. Dometie cel Milostiv de la R\u00e2me\u021b \u0219i mama sa, Sf. Cuv.\u2026<\/span><\/a><\/li>\n<li><a href=\"https:\/\/r3media.ro\/calendarul-zilei-9-mai-sf-proroc-isaia-sf-mc-hristofor-aducerea-la-bari-a-moastelor-sf-ier-nicolae\/\" class=\"crp_link post-94576\"><span class=\"crp_title\">Calendarul zilei 9 mai: Sf. Proroc Isaia; Sf. Mc. Hristofor; Aducerea la Bari a moa\u0219telor\u2026<\/span><\/a><\/li>\n<li><a href=\"https:\/\/r3media.ro\/calendarul-zilei-4-ianuarie-soborul-sfintilor-70-de-apostoli\/\" class=\"crp_link post-34856\"><span class=\"crp_title\">Calendarul zilei 4 ianuarie: Soborul Sfin\u021bilor 70 de apostoli<\/span><\/a><\/li>\n<li><a href=\"https:\/\/r3media.ro\/1-iulie-sf-leontie-de-la-radauti-sf-doctori-fara-de-arginti-cosma-si-damian-cei-din-roma\/\" class=\"crp_link post-49753\"><span class=\"crp_title\">Calendarul zilei 1 iulie: Sf. Leontie de la R\u0103d\u0103u\u021bi. Sf. Doctori f\u0103r\u0103 de argin\u021bi Cosma \u0219i\u2026<\/span><\/a><\/li>\n<li><a href=\"https:\/\/r3media.ro\/calendarul-zilei-26-august-sfintii-adrian-si-natalia-cei-doi-soti-a-caror-dragoste-a-fost-mai-tare-decat-moartea-si-sunt-ocrotitorii-familiei\/\" class=\"crp_link post-26673\"><span class=\"crp_title\">Calendarul zilei 26 august: Sfin\u021bii Adrian \u0219i Natalia, cei doi so\u021bi a c\u0103ror dragoste a fost\u2026<\/span><\/a><\/li>\n<li><a href=\"https:\/\/r3media.ro\/calendarul-zilei-7-ianuarie-sfantul-ioan-botezatorul-craciunul-pe-calendarul-vechi\/\" class=\"crp_link post-10400\"><span class=\"crp_title\">Calendarul zilei 7 ianuarie: Sf\u00e2ntul Ioan Botez\u0103torul. Cr\u0103ciunul pe calendarul vechi<\/span><\/a><\/li>\n<li><a href=\"https:\/\/r3media.ro\/calendarul-zilei-5-iulie-sfantul-cuvios-atanasie-athonitul-sfantul-cuvios-lampadie\/\" class=\"crp_link post-119444\"><span class=\"crp_title\">Calendarul zilei 5 iulie: Sf\u00e2ntul Cuvios Atanasie Athonitul, Sf\u00e2ntul Cuvios Lampadie<\/span><\/a><\/li>\n<\/ul>\n<\/div>\n<\/div>\n<\/div>\n<p>[analyse_source url=&#8221;https:\/\/r3media.ro\/21-iulie-sfintii-cuviosi-rafael-si-partenie-de-la-agapia-veche\/&#8221;]<\/p>\n","protected":false},"excerpt":{"rendered":"<p>[analyse_image type=&#8221;featured&#8221; src=&#8221;https:\/\/r3media.ro\/wp-content\/uploads\/2023\/07\/maxresdefault-6.jpghttps:\/\/r3media.ro\/wp-content\/uploads\/2023\/07\/maxresdefault-6.jpg&#8221;] PRIM PLANCalendarul zilei 21 iulie: Sfin\u021bii Cuvio\u0219i Rafael \u0219i Partenie de la Agapia&#8230; PRIM PLAN\u0218TIRIVIDEO Calendarul zilei 21 iulie: Sfin\u021bii Cuvio\u0219i Rafael \u0219i Partenie de la Agapia Veche Redac\u021bia 20\/07\/2026 Partenie, p\u0103rintele cel sf\u00e2nt \u015fi minunat, vrednic urma\u015f al siha\u015ftrilor din Mun\u0163ii Agapiei, a vie\u0163uit \u00een aceste locuri \u00een veacul al XVII-lea. [&hellip;]<\/p>\n","protected":false},"author":1,"featured_media":0,"comment_status":"open","ping_status":"","sticky":false,"template":"","format":"standard","meta":{"footnotes":""},"categories":[89],"tags":[226,93],"class_list":["post-2052908","post","type-post","status-publish","format-standard","hentry","category-romania","tag-crawlmanager","tag-r3media-ro"],"_links":{"self":[{"href":"https:\/\/analyse.optim.biz\/index.php?rest_route=\/wp\/v2\/posts\/2052908","targetHints":{"allow":["GET"]}}],"collection":[{"href":"https:\/\/analyse.optim.biz\/index.php?rest_route=\/wp\/v2\/posts"}],"about":[{"href":"https:\/\/analyse.optim.biz\/index.php?rest_route=\/wp\/v2\/types\/post"}],"author":[{"embeddable":true,"href":"https:\/\/analyse.optim.biz\/index.php?rest_route=\/wp\/v2\/users\/1"}],"replies":[{"embeddable":true,"href":"https:\/\/analyse.optim.biz\/index.php?rest_route=%2Fwp%2Fv2%2Fcomments&post=2052908"}],"version-history":[{"count":0,"href":"https:\/\/analyse.optim.biz\/index.php?rest_route=\/wp\/v2\/posts\/2052908\/revisions"}],"wp:attachment":[{"href":"https:\/\/analyse.optim.biz\/index.php?rest_route=%2Fwp%2Fv2%2Fmedia&parent=2052908"}],"wp:term":[{"taxonomy":"category","embeddable":true,"href":"https:\/\/analyse.optim.biz\/index.php?rest_route=%2Fwp%2Fv2%2Fcategories&post=2052908"},{"taxonomy":"post_tag","embeddable":true,"href":"https:\/\/analyse.optim.biz\/index.php?rest_route=%2Fwp%2Fv2%2Ftags&post=2052908"}],"curies":[{"name":"wp","href":"https:\/\/api.w.org\/{rel}","templated":true}]}}