{"id":2052904,"date":"2026-07-19T20:50:13","date_gmt":"2026-07-19T17:50:13","guid":{"rendered":"https:\/\/analyse.optim.biz\/?p=2052904"},"modified":"2026-07-19T20:50:13","modified_gmt":"2026-07-19T17:50:13","slug":"calendarul-zilei-20-iulie-83-de-ani-de-la-nasterea-poetului-adrian-paunescu","status":"publish","type":"post","link":"https:\/\/analyse.optim.biz\/?p=2052904","title":{"rendered":"Calendarul zilei 20 iulie: 83 de ani de la na\u0219terea poetului Adrian P\u0103unescu"},"content":{"rendered":"<p>[analyse_image type=&#8221;featured&#8221; src=&#8221;https:\/\/r3media.ro\/wp-content\/uploads\/2020\/11\/Stamps_of_Moldova_2013-23.jpghttps:\/\/r3media.ro\/wp-content\/uploads\/2020\/11\/Stamps_of_Moldova_2013-23.jpg&#8221;]<\/p>\n<article id=\"template-id-109\" class=\"post-109 tdb_templates type-tdb_templates status-publish post\">\n<div id=\"tdi_2\" class=\"tdc-zone\">\n<div class=\"tdc_zone tdi_3  wpb_row td-pb-row\">\n<div id=\"tdi_4\" class=\"tdc-row\">\n<div class=\"vc_row tdi_5  wpb_row td-pb-row\">\n<div class=\"vc_column tdi_7  wpb_column vc_column_container tdc-column td-pb-span8\">\n<div class=\"wpb_wrapper\">\n<div class=\"td_block_wrap tdb_breadcrumbs tdi_8 td-pb-border-top td_block_template_1 tdb-breadcrumbs \" data-td-block-uid=\"tdi_8\">\n<div class=\"tdb-block-inner td-fix-index\"><span><a title=\"Vede\u021bi toate articolele \u00een ACTUALITATE\" class=\"tdb-entry-crumb\" href=\"https:\/\/r3media.ro\/category\/actualitate\/\">ACTUALITATE<\/a><\/span><span class=\"tdb-bred-no-url-last\">Calendarul zilei 20 iulie: 83 de ani de la na\u0219terea poetului Adrian&#8230;<\/span><\/div>\n<\/div>\n<div class=\"td_block_wrap tdb_single_categories tdi_9 td-pb-border-top td_block_template_1 \" data-td-block-uid=\"tdi_9\">\n<div class=\"tdb-category td-fix-index\"><a class=\"tdb-entry-category\" href=\"https:\/\/r3media.ro\/category\/actualitate\/\">ACTUALITATE<\/a><a class=\"tdb-entry-category\" href=\"https:\/\/r3media.ro\/category\/stiri\/\">\u0218TIRI<\/a><a class=\"tdb-entry-category\" href=\"https:\/\/r3media.ro\/category\/video-news\/\">VIDEO<\/a><\/div>\n<\/div>\n<div class=\"td_block_wrap tdb_title tdi_10 tdb-single-title td-pb-border-top td_block_template_1\" data-td-block-uid=\"tdi_10\">\n<div class=\"tdb-block-inner td-fix-index\">\n<h1 class=\"tdb-title-text\">Calendarul zilei 20 iulie: 83 de ani de la na\u0219terea poetului Adrian P\u0103unescu<\/h1>\n<\/div>\n<\/div>\n<div class=\"vc_row_inner tdi_12  vc_row vc_inner wpb_row td-pb-row\">\n<div class=\"vc_column_inner tdi_14  wpb_column vc_column_container tdc-inner-column td-pb-span12\">\n<div class=\"vc_column-inner\">\n<div class=\"wpb_wrapper\">\n<div class=\"td_block_wrap tdb_single_author tdi_15 td-pb-border-top td_block_template_1 tdb-post-meta\" data-td-block-uid=\"tdi_15\">\n<div class=\"tdb-block-inner td-fix-index\">\n<div class=\"tdb-author-name-wrap\"><a class=\"tdb-author-name\" href=\"https:\/\/r3media.ro\/author\/redactia\/\">Redac\u021bia<\/a><\/div>\n<\/div>\n<\/div>\n<div class=\"td_block_wrap tdb_single_date tdi_16 td-pb-border-top td_block_template_1 tdb-post-meta\" data-td-block-uid=\"tdi_16\">\n<div class=\"tdb-block-inner td-fix-index\"><time class=\"entry-date updated td-module-date\" datetime=\"2026-07-19T23:50:13+03:00\">19\/07\/2026<\/time><\/div>\n<\/div>\n<\/div>\n<\/div>\n<\/div>\n<\/div>\n<div class=\"td_block_wrap tdb_single_featured_image tdi_17 tdb-content-horiz-left td-pb-border-top td_block_template_1\" data-td-block-uid=\"tdi_17\">\n<div class=\"tdb-block-inner td-fix-index\">\n<figure><figcaption class=\"tdb-caption-text\">De la Post of Moldova &#8211; &lt;a rel=&#8221;nofollow&#8221; class=&#8221;external text&#8221; href=&#8221;http:\/\/wnsstamps.ch\/en\/stamps?utf8=%E2%9C%93&amp;search&#8221;&gt;[authority_id&lt;\/a&gt;=169&amp;search[year]=2013&amp;search[month]=&amp;search[theme_id]=&amp;search[freetext]=&amp;search[order_by]=asc wnsstamps.ch], Domeniu public, <a href=\"https:\/\/commons.wikimedia.org\/w\/index.php?curid=31638938\">Link<\/a><\/figcaption><\/figure>\n<\/div>\n<\/div>\n<div class=\"td_block_wrap tdb_single_content tdi_18 td-pb-border-top td_block_template_1 td-post-content tagdiv-type\" data-td-block-uid=\"tdi_18\">\n<div class=\"tdb-block-inner td-fix-index\">\n<p><strong>Adrian P\u0103unescu s-a n\u0103scut pe 20 iulie 1943, \u00een comuna Cop\u0103ceni, jude\u021bul B\u0103l\u021bi \u2013 Basarabia, din p\u0103rin\u021bi olteni, a\u0219a c\u0103 viitorul poet \u0219i-a petrecut cea mai mare parte a copil\u0103riei la B\u00e2rca, \u00een jude\u021bul Dolj \u0219i a f\u0103cut studii liceale la Craiova \u0219i la Bucure\u0219ti.<\/strong><\/p>\n<p>A urmat Facultatea de Limba \u0219i Literatura Rom\u00e2n\u0103 a Universit\u0103\u021bii din Bucure\u0219ti, fiind bursier, pentru un an, al Universit\u0103\u021bii din Iowa-Statele Unite ale Americii.<\/p>\n<p>Adrian P\u0103unescu este unul dintre cei mai cunoscu\u021bi \u0219i aprecia\u021bi poe\u021bi ai anilor 60-80 ai secolului trecut. \u00centre anii 1973\u20131985, a organizat Cenaclul Flac\u0103ra, \u00eentrunire muzical-cultural\u0103 desf\u0103\u0219urat\u0103 periodic \u00een ora\u0219ele Rom\u00e2niei. Evenimentul supravie\u021buie\u0219te \u0219i azi, prin fiul s\u0103u.<\/p>\n<p>\u00cen cadrul cenaclului, P\u0103unescu a \u00eencurajat cultura de mas\u0103 \u00eendr\u0103git\u0103 de publicul t\u00e2n\u0103r, fiind tolerat p\u00e2n\u0103 la un punct de puterea comunist\u0103 care \u00eens\u0103 l-a \u00eenchis \u00een cele din urm\u0103; el a inventat sintagmele \u201egenera\u021bia \u00een blugi\u201d \u0219i \u201emuzic\u0103 t\u00e2n\u0103r\u0103\u201d pentru a-\u0219i desemna tinerii spectatori amatori ai unui stil vestimentar nonconformist, respectiv sonorit\u0103\u021bile iubite de ace\u0219tia, ale genurilor folk \u0219i rock. P\u0103unescu \u0219i-a \u00eenceput activitatea publicistic\u0103 \u00een 1973, an c\u00e2nd intr\u0103 la conducerea revistei Flac\u0103ra, scrie Radio Re\u0219i\u021ba.<\/p>\n\n<p>\u00cen anii 80 intr\u0103 \u00een dizgra\u021bia regimului, fiind destituit \u00een 1985, pretextul oficial fiind acela c\u0103 la concertul Cenaclului Flac\u0103ra din Ploie\u0219ti din iunie 1985, s-a petrecut o busculad\u0103. \u00cen 1982, apare triplul album de discuri LP, \u201eCenaclul Flac\u0103ra \u00een concert\u201d, iar \u00een 1983, este realizat\u0103, f\u0103r\u0103 a putea fi cuprinse decat pu\u021bine film\u0103ri, pelicula de 70 de minute \u201eCenaclul Flac\u0103ra \u2013 Te salut, genera\u021bie \u00een blugi\u201d, interzis\u0103 imediat de autorit\u0103\u021bi.<\/p>\n\n<p>P\u0103unescu devenise cunoscut \u0219i pentru criticile la adresa puterii (vezi, de exemplu, poemul \u201eAnalfabe\u021bii\u201d, publicat \u00een 1980 \u00een Flac\u0103ra).<\/p>\n<p>Dup\u0103 c\u0103derea comunismului nu i s-a permis re\u00eentoarcerea la conducerea revistei Flac\u0103ra, astfel c\u0103, \u00een toamna anului 1990 fondeaz\u0103 revista Totu\u0219i iubirea. \u00cen calitate de publicist a mai condus pentru o scurt\u0103 perioad\u0103, \u00een 1999, ziarul Sportul rom\u00e2nesc, \u0219i a realizat emisiuni de fotbal la postul de televiziune Antena 1. \u00cen acest domeniu a r\u0103mas celebr\u0103 emisiunea \u00een care l-a convins pe marele Gheorghe Hagi s\u0103 revin\u0103 asupra deciziei de a se retrage de la echipa na\u021bional\u0103 de fotbal a Rom\u00e2niei.<\/p>\n\n<p>7 mai 1990 \u2013 \u00eenfiin\u021beaz\u0103 Cenaclul \u201eTotu\u0219i iubirea\u201d, pe Stadionul din Drobeta Turnu-Severin, sub impulsul ziaristului Dumitru Vi\u0219an \u0219i al fotbalistului Ilie Balaci. \u00cen cei peste zece ani de activitate, noul cenaclu sus\u021bine concerte de mare succes, \u00een \u021bar\u0103 \u0219i dincolo de actualele grani\u021be, \u00een special la Chi\u0219in\u0103u. O parte din activitatea de excep\u021bie a Cenaclului \u201eTotu\u0219i iubirea\u201d se reg\u0103se\u0219te \u00een seria de casete audio \u0219i video editate de Funda\u021bia Iubirea, \u00eentre 1995 \u0219i 1999.<\/p>\n<p>\u201eOricum, \u00een ciuda suferin\u021bei, a umilin\u021bei \u0219i a mor\u021bii programate, sunt un norocos, sunt un caz antologic, sunt un r\u0103sf\u0103\u021bat. Supravie\u021buiesc. \u0218i scriu. \u0218i iert. \u0218i iubesc. \u0218i sper. \u0218i mi se pare c\u0103 a\u0219 putea-o lua, oric\u00e2nd, de la cap\u0103t.\u201d Adrian P\u0103unescu \u2013 \u201cLiber s\u0103 suf\u0103r\u201d.<\/p>\n<p>Adrian P\u0103unescu nu s-a sfiit ca \u00een anii comunismului s\u0103 vorbeasc\u0103 tinerilor despre valorile na\u021bionale perene, precum credin\u021ba \u00een Dumnezeu sau unirea tuturor rom\u00e2nilor, teme tabu \u00een acea vreme. C\u00e2ntece \u0219i poeziile sale au r\u0103mas \u0219i azi, ascultate.<\/p>\n<p>A compus imnurile echipelor de fotbal Universitatea Craiova \u0219i Rapid Bucure\u0219ti.<\/p>\n\n<p>Pe de alt\u0103 parte, P\u0103unescu nu s-a sfiit s\u0103-l laude \u0219i pe Nicolae Ceau\u0219escu, ceea ce ulterior \u00eei va aduce acuza\u021bii din partea noului regim instalat dup\u0103 1989.<\/p>\n<p>\u0218i din punct de vedere politic, P\u0103unescu a fost un non-conformist, acesta fiind adeptul ideii c\u0103 Rom\u00e2nia trebuie s\u0103 fie o \u201eElve\u021bie \u00een Carpa\u021bi\u201d. Totodat\u0103, a fost un sus\u021bin\u0103tor al re\u00eentregirii, afirm\u00e2nd c\u0103 <strong>\u201eobsesia mea este Basarabia!<\/strong>\u201d.<\/p>\n<p>\u00cen februarie 1996 a fost desemnat candidat al Partidului Socialist al Muncii (PSM) la pre\u0219edin\u021bia Rom\u00e2niei, unde a ob\u021binut 0,69% dintre voturi.<\/p>\n<p>P\u0103unescu a considerat c\u0103 legalizarea homosexualit\u0103\u021bii este o amoralitate, iar pentru acest g\u00e2nd a fost pedepsit \u0219i dup\u0103 moarte de c\u0103tre activi\u0219tii LGBTQ, care i-au profanat statuia din Bucure\u0219ti, cu ocazia unei manifest\u0103ri a acestora.<\/p>\n<blockquote class=\"instagram-media\" data-instgrm-captioned data-instgrm-permalink=\"https:\/\/www.instagram.com\/p\/ByxH_qkIo0v\/?utm_source=ig_embed&amp;utm_campaign=loading\" data-instgrm-version=\"13\">\n<div>\n<p>\u00a0<\/p>\n<div>\n<div>View this post on Instagram<\/div>\n<\/div>\n<p>\u00a0<\/p>\n<p><a href=\"https:\/\/www.instagram.com\/p\/ByxH_qkIo0v\/?utm_source=ig_embed&amp;utm_campaign=loading\" target=\"_blank\" rel=\"noopener noreferrer\">Adrian P\u0103unescu, vajnic sus\u021bin\u0103tor al drepturilor LGBTQ \u0219i al unui mediu curat #streetdelivery #poeziaeinstrada #lgbtq #mozaiq #accept #gay #rights #paunescu #statue #activism #installation #streetart #irony #sarcasm #lapoesieestdanslarue #bucharest #romania<\/a><\/p>\n<p>A post shared by <a href=\"https:\/\/www.instagram.com\/streetdelivery\/?utm_source=ig_embed&amp;utm_campaign=loading\" target=\"_blank\" rel=\"noopener noreferrer\"> streetdelivery<\/a> (@streetdelivery) on <time datetime=\"2019-06-16T10:38:36+00:00\">Jun 16, 2019 at 3:38am PDT<\/time><\/p>\n<\/div>\n<\/blockquote>\n<script async src=\"https:\/\/www.instagram.com\/embed.js\"><\/script>\n<p>Ultimul s\u0103u vers, al ultimei sale poezii a fost: \u201eD\u0103-mi Doamne, via\u021b\u0103, \u00eenc\u0103 ni\u0219te ani \u0219i \u021b\u0103rii mele minim\u0103 dreptate\u201d. A trecut la cele ve\u0219nice pe 5 noiembrie 2010, la Spitalul Floreasca din Bucure\u0219ti.<\/p>\n<p>The <a href=\"https:\/\/www.nytimes.com\/2010\/11\/07\/world\/europe\/07paunescu.html\" target=\"_blank\" rel=\"noopener noreferrer\">New York Times<\/a>, cit\u00e2nd Associated Press, a scris despre el atunci c\u0103 a fost \u201ecel mai faimos poet al Rom\u00e2niei\u201d.<\/p>\n<p>Ultima sa poezie:<\/p>\n<p><strong>De la un cardiac, cordial<\/strong><\/p>\n<p>De-aicea, de pe patul de spital<\/p>\n<p>Pe care m\u0103 g\u0103sesc de vreme lung\u0103,<\/p>\n<p>Consider c\u0103 e-un gest profund moral<\/p>\n<p>Cuv\u00e2ntul meu la voi s\u0103 mai ajung\u0103.<\/p>\n<p>M\u0103 monitorizeaz\u0103 paznici minimi<\/p>\n<p>Din maxima profesorului grij\u0103,<\/p>\n<p>\u00cen jurul obositei mele inimi<\/p>\n<p>S\u0103 nu m\u0103 mai ajung\u0103 nicio schij\u0103.<\/p>\n<p>Aud o ambulan\u0163\u0103 revenind<\/p>\n<p>Cu cine \u015ftie ce bolnav aicea,<\/p>\n<p>Alarma mi se pare un colind<\/p>\n<p>Cu care se trateaz\u0103 cicatricea.<\/p>\n<p>Purta\u0163i-v\u0103 de grij\u0103, fra\u0163ii mei,<\/p>\n<p>P\u0103zi\u0163i-v\u0103 \u015fi inima, \u015fi g\u00e2ndul,<\/p>\n<p>De nu dori\u0163i s\u0103 vin\u0103 anii grei<\/p>\n<p>Spitalul de Urgen\u0163\u0103 implor\u00e2ndu-l.<\/p>\n<p>Eu v\u0103 salut de-a dreptul cordial<\/p>\n<p>De-a dreptul cardiac, precum se \u015ftie,<\/p>\n<p>Recunosc\u00e2nd c\u0103 patul de spital<\/p>\n<p>Nu-i o alarm\u0103, ci o garan\u0163ie.<\/p>\n<p>V\u0103 v\u0103d pe to\u0163i mai buni \u015fi mai umani<\/p>\n<p>Eu \u00eensumi sunt mai omenos \u00een toate,<\/p>\n<p>D\u0103-mi, Doamne, via\u0163\u0103, \u00eenc\u0103 ni\u015fte ani<\/p>\n<p>\u015ei \u0163\u0103rii mele minim\u0103 dreptate!\u201d.<\/p>\n<p>Volume publicate:<\/p>\n<ul>\n<li><i>Ultrasentimente<\/i>\u00a0(1965, poezii, debut editorial)<\/li>\n<li><i>Mieii primi<\/i>\u00a0(1966, poezii)<\/li>\n<li><i>F\u00e2nt\u00e2na somnambul\u0103<\/i>\u00a0(1968, poezii)<\/li>\n<li><i>C\u0103r\u021bile po\u0219tale ale mor\u021bii<\/i>\u00a0(1970, proz\u0103 fantastic\u0103)<\/li>\n<li><i>Aventurile extraordinare ale lui Hap \u0219i Pap<\/i>\u00a0(1970, literatur\u0103 pentru copii, cu ilustra\u021bii de\u00a0<a title=\"Constan\u021ba Buzea\" href=\"https:\/\/ro.wikipedia.org\/wiki\/Constan%C8%9Ba_Buzea\">Constan\u021ba Buzea<\/a>, prima lui so\u021bie)<\/li>\n<li><i>Via\u021b\u0103 de excep\u021bii<\/i>\u00a0(1971, antologie de poezii)<\/li>\n<li><i>Sub semnul \u00eentreb\u0103rii<\/i>\u00a0(1971, interviuri)<\/li>\n<li><i>Istoria unei secunde<\/i>\u00a0(1971, poezii, trei edi\u021bii, prima fiind ars\u0103 de cenzura de partid)<\/li>\n<li><i>Lumea ca alt\u0103 lume<\/i>\u00a0(1973, publicistic\u0103)<\/li>\n<li><i>Repetabila povar\u0103<\/i>\u00a0(1974, poezii)<\/li>\n<li><i>P\u0103m\u00e2ntul deocamdat\u0103<\/i>\u00a0(1976, poezii, dou\u0103 edi\u021bii)<\/li>\n<li><i>Poezii de p\u00e2n\u0103 azi<\/i>\u00a0(1978, antologie de poezii, record mondial de tiraj pentru poezie, 155.000 exemplare, \u00een colectia BPT, cu o prefa\u021b\u0103 de\u00a0<a title=\"Eugen Barbu\" href=\"https:\/\/ro.wikipedia.org\/wiki\/Eugen_Barbu\">Eugen Barbu<\/a>\u00a0\u0219i o postfa\u021b\u0103 de\u00a0<a title=\"\u0218erban Cioculescu\" href=\"https:\/\/ro.wikipedia.org\/wiki\/%C8%98erban_Cioculescu\">\u0218erban Cioculescu<\/a>)<\/li>\n<li><i>Sub semnul \u00eentreb\u0103rii<\/i>\u00a0(1979, edi\u021bie rev\u0103zut\u0103 \u0219i ad\u0103ugit\u0103, interviuri)<\/li>\n<li><i>Manifest pentru s\u0103n\u0103tatea p\u0103m\u00e2ntului<\/i>\u00a0(1980, poezii)<\/li>\n<li><i>Iubi\u021bi-v\u0103 pe tunuri<\/i>\u00a0(1981, poezii)<\/li>\n<li><i>De la B\u00e2rca la Viena \u0219i \u00eenapoi<\/i>\u00a0(1981, reportaj, jurnal, cu ilustra\u021bii de\u00a0<a title=\"Andrei P\u0103unescu\" href=\"https:\/\/ro.wikipedia.org\/wiki\/Andrei_P%C4%83unescu\">Andrei P\u0103unescu<\/a>)<\/li>\n<li><i>Rezerva\u021bia de zimbri<\/i>\u00a0(1982, poezii, cu ilustra\u021bii de\u00a0<a class=\"new\" title=\"Ioana P\u0103unescu \u2014 pagin\u0103 inexistent\u0103\" href=\"https:\/\/ro.wikipedia.org\/w\/index.php?title=Ioana_P%C4%83unescu&amp;action=edit&amp;redlink=1\">Ioana P\u0103unescu<\/a>)<\/li>\n<li><i>Totu\u0219i iubirea<\/i>\u00a0(1983, antologie de poezii)<\/li>\n<li><i>Manifest pentru mileniul trei \u2013 volumul 1<\/i>\u00a0(1984, antologie de poezii)<\/li>\n<li><i>Manifest pentru mileniul trei \u2013 volumul 2<\/i>\u00a0(1986, antologie de poezii, care con\u021bine un capitol de poeme inedite \u0219i unul de referin\u021be critice)<\/li>\n<li><i>Locuri comune<\/i>\u00a0(1986, poezii)<\/li>\n<li><i>Via\u021ba mea e un roman<\/i>(1987, poezii)<\/li>\n<li><i>\u00centr-adev\u0103r<\/i>\u00a0(1988, poezii, ilustrate de\u00a0<a title=\"Andrei P\u0103unescu\" href=\"https:\/\/ro.wikipedia.org\/wiki\/Andrei_P%C4%83unescu\">Andrei P\u0103unescu<\/a>)<\/li>\n<li><i>Sunt un om liber<\/i>\u00a0(1989, poezii). Aceast\u0103 carte a fost retras\u0103 de pe pia\u021b\u0103, \u00een septembrie 1989, de \u00eendat\u0103 ce a ap\u0103rut \u0219i a revenit printre cititori \u00een martie 1990.<\/li>\n<li><i>Poezii cenzurate<\/i>\u00a0(1990, poezii, cu ilustra\u021bii de Andrei P\u0103unescu, dou\u0103 edi\u021bii)<\/li>\n<li><i>Rom\u00e2niada<\/i>\u00a0(1993-1994, poezii, Trilogia c\u0103runt\u0103)<\/li>\n<li><i>Bie\u021bi lampagii<\/i>\u00a0(1993-1994, poezii, Trilogia c\u0103runt\u0103)<\/li>\n<li><i>Noaptea marii be\u021bii<\/i>\u00a0(1993-1994, poezii, Trilogia c\u0103runt\u0103)<\/li>\n<li><i>Front f\u0103r\u0103 \u00eenving\u0103tori<\/i>\u00a0(1995, poezii)<\/li>\n<li><i>Infrac\u021biunea de a fi<\/i>\u00a0(1996, poezii, cu o prezentare \u0219i o bibliografie de\u00a0<a title=\"Andrei P\u0103unescu\" href=\"https:\/\/ro.wikipedia.org\/wiki\/Andrei_P%C4%83unescu\">Andrei P\u0103unescu<\/a>)<\/li>\n<li><i>Tragedia na\u021bional\u0103<\/i>\u00a0(1997, poezii, referin\u021be \u00adcritice de\u00a0<a title=\"Constantin Noica\" href=\"https:\/\/ro.wikipedia.org\/wiki\/Constantin_Noica\">Constantin Noica<\/a>)<\/li>\n<li><i>Derom\u00e2nizarea Rom\u00e2niei<\/i>\u00a0(1998, poezii, texte introdu\u00adctive de\u00a0<a title=\"Nichita St\u0103nescu\" href=\"https:\/\/ro.wikipedia.org\/wiki\/Nichita_St%C4%83nescu\">Nichita St\u0103nescu<\/a>,\u00a0<a title=\"F\u0103nu\u0219 Neagu\" href=\"https:\/\/ro.wikipedia.org\/wiki\/F%C4%83nu%C8%99_Neagu\">F\u0103nu\u0219 Neagu<\/a>\u00a0\u0219i\u00a0<a title=\"Grigore Vieru\" href=\"https:\/\/ro.wikipedia.org\/wiki\/Grigore_Vieru\">Grigore Vieru<\/a>)<\/li>\n<li><i>Cartea C\u0103r\u021bilor de Poezie<\/i>\u00a0(1999, edi\u021bia I, integrala poeziilor ap\u0103rute \u00een volume, \u0219i un capitol de versuri inedite. Cartea cuprinde toate c\u0103r\u021bile de versuri publicate de Adrian P\u0103unescu, de la debutul din 1965, p\u00e2n\u0103 \u00een 1999. Pe c\u00e2t s-a putut, autorul a reconstituit \u0219i a oferit variantele adev\u0103rate ale poeziilor sale, pe care, \u00een anumite cazuri, datorit\u0103 cenzurii, le-a publicat, \u00een volumele sale, cu titluri sau versuri schimbate)<\/li>\n<li><i>Meserie mizarabil\u0103, sufletul<\/i>\u00a0(2000, poezii)<\/li>\n<li><i>M\u0103\u0219tile \u00eens\u00eengerate<\/i>\u00a0(2001, proze)<\/li>\n<li><i>Nemuritor la zidul mor\u021bii<\/i>\u00a0(2001, poezii)<\/li>\n<li><i>P\u00e2n\u0103 la cap\u0103t<\/i>\u00a0(2002, poezii, 3 edi\u021bii)<\/li>\n<li><i>Liber s\u0103 suf\u0103r<\/i>\u00a0(2003, poezii, 3 edi\u021bii)<\/li>\n<li><i>Din doi \u00een doi<\/i>\u00a0(2003, poezii)<\/li>\n<li><i>Eminamente<\/i>\u00a0(2003, poezii, 2 edi\u021bii)<\/li>\n<li><i>Cartea C\u0103r\u021bilor de Poezie<\/i>\u00a0(2003, edi\u021bie rev\u0103zut\u0103, ad\u0103ugit\u0103 \u0219i actualizat\u0103)<\/li>\n<li><i>\u00centoarcerea pe Atlantida<\/i>\u00a0(2003, tradu\u00adcere \u00een limba s\u00e2rb\u0103 de\u00a0<a class=\"new\" title=\"Adam Puslojici \u2014 pagin\u0103 inexistent\u0103\" href=\"https:\/\/ro.wikipedia.org\/w\/index.php?title=Adam_Puslojici&amp;action=edit&amp;redlink=1\">Adam Puslojici<\/a>\u00a0\u0219i\u00a0<a class=\"new\" title=\"Radomir Andri \u2014 pagin\u0103 inexistent\u0103\" href=\"https:\/\/ro.wikipedia.org\/w\/index.php?title=Radomir_Andri&amp;action=edit&amp;redlink=1\">Radomir Andri<\/a>,\u00a0<a title=\"Belgrad\" href=\"https:\/\/ro.wikipedia.org\/wiki\/Belgrad\">Belgrad<\/a>, antologie de poezii)<\/li>\n<li><i>Logica avalan\u0219ei<\/i>\u00a0(2005, poezii, ciclul Zi de zi)<\/li>\n<li><i>Antiprim\u0103vara<\/i>\u00a0(2005, poezii, ciclul Zi de zi)<\/li>\n<li><i>Muguri pe ruguri<\/i>\u00a0(2005, poezii, ciclul Zi de zi)<\/li>\n<li><i>Ninsoarea de adio<\/i>\u00a0(2005, poezii, ciclul Zi de zi)<\/li>\n<li><i>\u00cenc\u0103 viu<\/i>\u00a0(2005\/2008, poezii, ciclul Zi de zi)<\/li>\n<li><i>Un om pe ni\u0219te sc\u0103ri<\/i>\u00a0(2006, poezii, ciclul Zi de zi)<\/li>\n<li><i>De mam\u0103 \u0219i de foaie verde<\/i>\u00a0(2006, poezii, ciclul Zi de zi)<\/li>\n<li><i>Copaci f\u0103r\u0103 p\u0103dure<\/i>\u00a0(2006, poezii, ciclul Zi de zi)<\/li>\n<li><i>Lehamite<\/i>\u00a0(2006, poezii, ciclul Zi de zi)<\/li>\n<li><i>Doamne, ocrote\u0219te-i pe rom\u00e2ni!<\/i>\u00a0(2006, antologie de poezii 1968-1990)<\/li>\n<li><i>Suntem pe m\u00e2na unor nebuni<\/i>\u00a0(2006\/2008, poezii, ciclul Zi de zi)<\/li>\n<li><i>Vagabonzi pe plaiul mioritic<\/i>\u00a0(2007, poezii, ciclul Zi de zi)<\/li>\n<li><i>Rug\u0103 pentru p\u0103rin\u021bi<\/i>\u00a0(2007-2008, antologie de poezii)<\/li>\n<li><i>Genera\u021bia \u201960 \u2013 Nichita St\u0103nescu, Marin Sorescu, Ioan Alexandru<\/i>\u00a0(2007, tez\u0103 de doctorat)<\/li>\n<li><i>Libertatea de unic\u0103 folosin\u021b\u0103<\/i>\u00a0(2007, poezii, ciclul Zi de zi)<\/li>\n<li><i>Poezia patriotic\u0103 \u00een lupt\u0103 cu homunculii<\/i>\u00a0(2009, studii critice)<\/li>\n<li><i>Vinovat de iubire<\/i>\u00a0(2010, roman)<\/li>\n<li><i>Ultima noapte pe Atlantida. Poezii vechi \u0219i noi<\/i> (2010)<\/li>\n<\/ul>\n<div class=\"crp_related     crp-masonry\">\n<h2>\u00ceN CONTEXT<\/h2>\n<ul>\n<li><a href=\"https:\/\/r3media.ro\/calendarul-zilei-26-august-sfintii-adrian-si-natalia-cei-doi-soti-a-caror-dragoste-a-fost-mai-tare-decat-moartea-si-sunt-ocrotitorii-familiei\/\" class=\"crp_link post-26673\"><span class=\"crp_title\">Calendarul zilei 26 august: Sfin\u021bii Adrian \u0219i Natalia, cei doi so\u021bi a c\u0103ror dragoste a fost\u2026<\/span><\/a><\/li>\n<li><a href=\"https:\/\/r3media.ro\/calendarul-zilei-15-ianuarie-nasterea-lui-mihai-eminescu-ziua-culturii-nationale\/\" class=\"crp_link post-11079\"><span class=\"crp_title\">Calendarul zilei 15 ianuarie: Na\u0219terea lui Mihai Eminescu. Ziua Culturii Na\u021bionale<\/span><\/a><\/li>\n<li><a href=\"https:\/\/r3media.ro\/8-septembrie-nasterea-maicii-domnului-sau-sfanta-maria-mica\/\" class=\"crp_link post-803\"><span class=\"crp_title\">Calendarul zilei 8 septembrie: Na\u0219terea Maicii Domnului sau Sf\u00e2nta Maria Mic\u0103<\/span><\/a><\/li>\n<li><a href=\"https:\/\/r3media.ro\/calendarul-zilei-7-ianuarie-sfantul-ioan-botezatorul-craciunul-pe-calendarul-vechi\/\" class=\"crp_link post-10400\"><span class=\"crp_title\">Calendarul zilei 7 ianuarie: Sf\u00e2ntul Ioan Botez\u0103torul. Cr\u0103ciunul pe calendarul vechi<\/span><\/a><\/li>\n<li><a href=\"https:\/\/r3media.ro\/calendarul-zilei-19-februarie-nasterea-lui-constantin-brancusi-academia-romana-nu-l-a-refuzat-pe-brancusi\/\" class=\"crp_link post-14238\"><span class=\"crp_title\">Calendarul zilei 19 februarie: 150 de ani de la na\u0219terea lui Constantin Br\u00e2ncu\u0219i. Academia\u2026<\/span><\/a><\/li>\n<li><a href=\"https:\/\/r3media.ro\/calendarul-zilei-4-aprilie-1944-cea-mai-neagra-zi-a-capitalei-2942-de-bucuresteni-ucisi-de-bombardamentele-americane-aviatorii-care-au-adus-moartea-au-monumente-romanii\/\" class=\"crp_link post-17571\"><span class=\"crp_title\">Calendarul zilei | 4 aprilie 1944, cea mai neagr\u0103 zi a Capitalei: 2942 de bucure\u0219teni uci\u0219i\u2026<\/span><\/a><\/li>\n<li><a href=\"https:\/\/r3media.ro\/calendarul-zilei-25-iulie-81-de-la-finalizarea-campaniei-militare-de-eliberare-a-basarabiei-si-a-nordului-bucovinei-de-sub-ocupatie-sovietica\/\" class=\"crp_link post-51149\"><span class=\"crp_title\">Calendarul zilei 25 iulie: 84 de la finalizarea campaniei militare de eliberare a Basarabiei\u2026<\/span><\/a><\/li>\n<li><a href=\"https:\/\/r3media.ro\/15-iunie-1889-moartea-lui-mihai-eminescu\/\" class=\"crp_link post-22475\"><span class=\"crp_title\">Calendarul zilei | 15 iunie 1889: Moartea lui Mihai Eminescu. Misterul mor\u021bii marelui poet\u2026<\/span><\/a><\/li>\n<\/ul>\n<\/div>\n<\/div>\n<\/div>\n<div class=\"td_block_wrap tdb_single_tags tdi_19 td-pb-border-top td_block_template_1\" data-td-block-uid=\"tdi_19\">\n<div class=\"tdb-block-inner td-fix-index\">\n<ul class=\"tdb-tags\">\n<li><span>SUBIECTE FIERBIN\u021aI<\/span><\/li>\n<li><a href=\"https:\/\/r3media.ro\/tag\/adrian-paunescu\/\">adrian paunescu<\/a><\/li>\n<li><a href=\"https:\/\/r3media.ro\/tag\/calendarul-zilei\/\">calendarul zilei<\/a><\/li>\n<li><a href=\"https:\/\/r3media.ro\/tag\/mari-romani\/\">mari romani<\/a><\/li>\n<\/ul>\n<\/div>\n<\/div>\n<div class=\"td_block_wrap td_block_9 tdi_20 td_with_ajax_pagination td-pb-border-top td_block_template_1 td-column-2 td_block_padding td_block_bot_line\" data-td-block-uid=\"tdi_20\">\n<div class=\"td-block-title-wrap\">\n<h4 class=\"block-title td-block-title\"><span class=\"td-pulldown-size\">CITE\u0218TE MAI MULT<\/span><\/h4>\n<\/div>\n<div id=\"tdi_20\" class=\"td_block_inner\">\n<div class=\"td-block-row\">\n<div class=\"td-block-span6\">\n<div class=\"td_module_8 td_module_wrap\">\n<div class=\"item-details\">\n<h3 class=\"entry-title td-module-title\"><a href=\"https:\/\/r3media.ro\/spania-invinge-argentina-castiga-cupa-mondiala\/\" rel=\"bookmark\" title=\"Spania a \u00eenvins Argentina \u0219i a c\u00e2\u0219tigat Cupa Mondial\u0103 pentru a doua oar\u0103 \u00een istorie\">Spania a \u00eenvins Argentina \u0219i a c\u00e2\u0219tigat Cupa Mondial\u0103 pentru a doua oar\u0103 \u00een&#8230;<\/a><\/h3>\n<div class=\"td-module-meta-info\"><a href=\"https:\/\/r3media.ro\/category\/actualitate\/\" class=\"td-post-category\">ACTUALITATE<\/a><span class=\"td-post-author-name\"><a href=\"https:\/\/r3media.ro\/author\/oana\/\">Oana Ivan<\/a><span>&#8211;<\/span><\/span><span class=\"td-post-date\"><time class=\"entry-date updated td-module-date\" datetime=\"2026-07-20T01:04:07+03:00\">20\/07\/2026<\/time><\/span><\/div>\n<\/div>\n<\/div>\n<\/div>\n<div class=\"td-block-span6\">\n<div class=\"td_module_8 td_module_wrap\">\n<div class=\"item-details\">\n<h3 class=\"entry-title td-module-title\"><a href=\"https:\/\/r3media.ro\/prapad-busteni-valea-prahovei-statiuni-ploi-viitura-oameni-raniti-masini-avariate-case-inundate\/\" rel=\"bookmark\" title=\"VIDEO | Pr\u0103p\u0103d la Bu\u0219teni! Ploile au cauzat o viitur\u0103 care a m\u0103turat tot \u00een cale \u00een sta\u021biunile de pe valea Prahovei: oameni r\u0103ni\u021bi, ma\u0219ini avariate \u0219i locuin\u021be inundate\">VIDEO | Pr\u0103p\u0103d la Bu\u0219teni! Ploile au cauzat o viitur\u0103 care a m\u0103turat tot&#8230;<\/a><\/h3>\n<div class=\"td-module-meta-info\"><a href=\"https:\/\/r3media.ro\/category\/actualitate\/\" class=\"td-post-category\">ACTUALITATE<\/a><span class=\"td-post-author-name\"><a href=\"https:\/\/r3media.ro\/author\/oana\/\">Oana Ivan<\/a><span>&#8211;<\/span><\/span><span class=\"td-post-date\"><time class=\"entry-date updated td-module-date\" datetime=\"2026-07-19T19:07:45+03:00\">19\/07\/2026<\/time><\/span><\/div>\n<\/div>\n<\/div>\n<\/div>\n<\/div>\n<div class=\"td-block-row\">\n<div class=\"td-block-span6\">\n<div class=\"td_module_8 td_module_wrap\">\n<div class=\"item-details\">\n<h3 class=\"entry-title td-module-title\"><a href=\"https:\/\/r3media.ro\/parinte-adrian-agachi-reactie-declaratii-ora-de-religie-corina-atanasiu-usr-totalitarism\/\" rel=\"bookmark\" title=\"P\u0103rintele Adrian Agachi a reac\u021bionat la afirma\u021biile despre ora de Religie f\u0103cute de Corina Atanasiu (USR): E inadmisibil s\u0103 ne \u00eentoarcem la discursuri totalitare. Scuzele ar fi absolut necesare\">P\u0103rintele Adrian Agachi a reac\u021bionat la afirma\u021biile despre ora de Religie f\u0103cute de Corina&#8230;<\/a><\/h3>\n<div class=\"td-module-meta-info\"><a href=\"https:\/\/r3media.ro\/category\/actualitate\/\" class=\"td-post-category\">ACTUALITATE<\/a><span class=\"td-post-author-name\"><a href=\"https:\/\/r3media.ro\/author\/oana\/\">Oana Ivan<\/a><span>&#8211;<\/span><\/span><span class=\"td-post-date\"><time class=\"entry-date updated td-module-date\" datetime=\"2026-07-19T02:45:37+03:00\">19\/07\/2026<\/time><\/span><\/div>\n<\/div>\n<\/div>\n<\/div>\n<div class=\"td-block-span6\">\n<div class=\"td_module_8 td_module_wrap\">\n<div class=\"item-details\">\n<h3 class=\"entry-title td-module-title\"><a href=\"https:\/\/r3media.ro\/candidat-barbat-partidul-democrat-sua-menstruatie-sangerare-rect\/\" rel=\"bookmark\" title=\"VIDEO | Un b\u0103rbat care candideaz\u0103 de la Partidul Democrat din SUA ar fi sus\u021binut c\u0103 are menstrua\u021bie \u0219i elimin\u0103 s\u00e2ngele prin rect\">VIDEO | Un b\u0103rbat care candideaz\u0103 de la Partidul Democrat din SUA ar fi&#8230;<\/a><\/h3>\n<div class=\"td-module-meta-info\"><a href=\"https:\/\/r3media.ro\/category\/actualitate\/\" class=\"td-post-category\">ACTUALITATE<\/a><span class=\"td-post-author-name\"><a href=\"https:\/\/r3media.ro\/author\/oana\/\">Oana Ivan<\/a><span>&#8211;<\/span><\/span><span class=\"td-post-date\"><time class=\"entry-date updated td-module-date\" datetime=\"2026-07-19T02:19:11+03:00\">19\/07\/2026<\/time><\/span><\/div>\n<\/div>\n<\/div>\n<\/div>\n<\/div>\n<div class=\"td-block-row\">\n<div class=\"td-block-span6\">\n<div class=\"td_module_8 td_module_wrap\">\n<div class=\"item-details\">\n<h3 class=\"entry-title td-module-title\"><a href=\"https:\/\/r3media.ro\/criza-apei-grecia-sapte-insule-stare-de-urgenta-localnici-recolte\/\" rel=\"bookmark\" title=\"Criza apei pe \u0219apte insule din Grecia: A fost emis\u0103 stare de urgen\u021b\u0103. Localnicii nu mai au cu ce s\u0103-\u0219i ude recoltele\">Criza apei pe \u0219apte insule din Grecia: A fost emis\u0103 stare de urgen\u021b\u0103. Localnicii&#8230;<\/a><\/h3>\n<div class=\"td-module-meta-info\"><a href=\"https:\/\/r3media.ro\/category\/actualitate\/\" class=\"td-post-category\">ACTUALITATE<\/a><span class=\"td-post-author-name\"><a href=\"https:\/\/r3media.ro\/author\/oana\/\">Oana Ivan<\/a><span>&#8211;<\/span><\/span><span class=\"td-post-date\"><time class=\"entry-date updated td-module-date\" datetime=\"2026-07-16T17:55:42+03:00\">16\/07\/2026<\/time><\/span><\/div>\n<\/div>\n<\/div>\n<\/div>\n<div class=\"td-block-span6\">\n<div class=\"td_module_8 td_module_wrap\">\n<div class=\"item-details\">\n<h3 class=\"entry-title td-module-title\"><a href=\"https:\/\/r3media.ro\/prof-ioan-aurel-pop-ong-antisemitism-xenofobie\/\" rel=\"bookmark\" title=\"Prof. Ioan-Aurel Pop: Anumite ONG-uri vor s\u0103 \u00eent\u0103reasc\u0103 antisemitismul \u0219i xenofobia, pentru c\u0103 ele s-au \u00eenfiin\u021bat ca s\u0103 combat\u0103 asemenea lucruri\">Prof. Ioan-Aurel Pop: Anumite ONG-uri vor s\u0103 \u00eent\u0103reasc\u0103 antisemitismul \u0219i xenofobia, pentru c\u0103 ele&#8230;<\/a><\/h3>\n<div class=\"td-module-meta-info\"><a href=\"https:\/\/r3media.ro\/category\/actualitate\/\" class=\"td-post-category\">ACTUALITATE<\/a><span class=\"td-post-author-name\"><a href=\"https:\/\/r3media.ro\/author\/radu_ursan\/\">Radu Ursan<\/a><span>&#8211;<\/span><\/span><span class=\"td-post-date\"><time class=\"entry-date updated td-module-date\" datetime=\"2026-07-16T15:28:25+03:00\">16\/07\/2026<\/time><\/span><\/div>\n<\/div>\n<\/div>\n<\/div>\n<\/div>\n<div class=\"td-block-row\">\n<div class=\"td-block-span6\">\n<div class=\"td_module_8 td_module_wrap\">\n<div class=\"item-details\">\n<h3 class=\"entry-title td-module-title\"><a href=\"https:\/\/r3media.ro\/deznationala-frantei-a-invins-franta\/\" rel=\"bookmark\" title=\"Dezna\u021bionala Fran\u021bei a \u00eenvins Fran\u021ba \u00a0\u00a0\">Dezna\u021bionala Fran\u021bei a \u00eenvins Fran\u021ba \u00a0\u00a0<\/a><\/h3>\n<div class=\"td-module-meta-info\"><a href=\"https:\/\/r3media.ro\/category\/actualitate\/\" class=\"td-post-category\">ACTUALITATE<\/a><span class=\"td-post-author-name\"><a href=\"https:\/\/r3media.ro\/author\/tru\/\">TRU (Traian Ungureanu)<\/a><span>&#8211;<\/span><\/span><span class=\"td-post-date\"><time class=\"entry-date updated td-module-date\" datetime=\"2026-07-15T20:57:25+03:00\">15\/07\/2026<\/time><\/span><\/div>\n<\/div>\n<\/div>\n<\/div>\n<div class=\"td-block-span6\">\n<div class=\"td_module_8 td_module_wrap\">\n<div class=\"item-details\">\n<h3 class=\"entry-title td-module-title\"><a href=\"https:\/\/r3media.ro\/revolte-violente-franta-eliminare-cupa-mondiala-spania-video\/\" rel=\"bookmark\" title=\"VIDEO | Revolte violente \u00een Fran\u021ba dup\u0103 eliminarea de la Cupa Mondial\u0103\">VIDEO | Revolte violente \u00een Fran\u021ba dup\u0103 eliminarea de la Cupa Mondial\u0103<\/a><\/h3>\n<div class=\"td-module-meta-info\"><a href=\"https:\/\/r3media.ro\/category\/actualitate\/\" class=\"td-post-category\">ACTUALITATE<\/a><span class=\"td-post-author-name\"><a href=\"https:\/\/r3media.ro\/author\/oana\/\">Oana Ivan<\/a><span>&#8211;<\/span><\/span><span class=\"td-post-date\"><time class=\"entry-date updated td-module-date\" datetime=\"2026-07-15T15:35:05+03:00\">15\/07\/2026<\/time><\/span><\/div>\n<\/div>\n<\/div>\n<\/div>\n<\/div>\n<div class=\"td-block-row\">\n<div class=\"td-block-span6\">\n<div class=\"td_module_8 td_module_wrap\">\n<div class=\"item-details\">\n<h3 class=\"entry-title td-module-title\"><a href=\"https:\/\/r3media.ro\/cine-este-cu-adevarat-francez\/\" rel=\"bookmark\" title=\"Cine este cu adev\u0103rat francez?\">Cine este cu adev\u0103rat francez?<\/a><\/h3>\n<div class=\"td-module-meta-info\"><a href=\"https:\/\/r3media.ro\/category\/actualitate\/\" class=\"td-post-category\">ACTUALITATE<\/a><span class=\"td-post-author-name\"><a href=\"https:\/\/r3media.ro\/author\/gabipopa\/\">Gabriel Popa<\/a><span>&#8211;<\/span><\/span><span class=\"td-post-date\"><time class=\"entry-date updated td-module-date\" datetime=\"2026-07-15T09:52:34+03:00\">15\/07\/2026<\/time><\/span><\/div>\n<\/div>\n<\/div>\n<\/div>\n<div class=\"td-block-span6\">\n<div class=\"td_module_8 td_module_wrap\">\n<div class=\"item-details\">\n<h3 class=\"entry-title td-module-title\"><a href=\"https:\/\/r3media.ro\/ioan-aurel-pop-lege-vexler-razboi-istoria\/\" rel=\"bookmark\" title=\"Ioan-Aurel Pop critic\u0103 legea Vexler \u00eentr-un articol de neratat: Nu putem s\u0103 ducem un r\u0103zboi cu istoria\">Ioan-Aurel Pop critic\u0103 legea Vexler \u00eentr-un articol de neratat: Nu putem s\u0103 ducem un&#8230;<\/a><\/h3>\n<div class=\"td-module-meta-info\"><a href=\"https:\/\/r3media.ro\/category\/actualitate\/\" class=\"td-post-category\">ACTUALITATE<\/a><span class=\"td-post-author-name\"><a href=\"https:\/\/r3media.ro\/author\/radu_ursan\/\">Radu Ursan<\/a><span>&#8211;<\/span><\/span><span class=\"td-post-date\"><time class=\"entry-date updated td-module-date\" datetime=\"2026-07-12T21:42:54+03:00\">12\/07\/2026<\/time><\/span><\/div>\n<\/div>\n<\/div>\n<\/div>\n<\/div>\n<div class=\"td-block-row\">\n<div class=\"td-block-span6\">\n<div class=\"td_module_8 td_module_wrap\">\n<div class=\"item-details\">\n<h3 class=\"entry-title td-module-title\"><a href=\"https:\/\/r3media.ro\/scandalul-rachetelor-patriot-zguduie-polonia-varsovia-declasifica-tot-ajutorul-militar-acordat-ucrainei\/\" rel=\"bookmark\" title=\"Scandalul rachetelor Patriot zguduie Polonia: Var\u0219ovia declasific\u0103 tot ajutorul militar acordat Ucrainei\">Scandalul rachetelor Patriot zguduie Polonia: Var\u0219ovia declasific\u0103 tot ajutorul militar acordat Ucrainei<\/a><\/h3>\n<div class=\"td-module-meta-info\"><a href=\"https:\/\/r3media.ro\/category\/stiri\/\" class=\"td-post-category\">\u0218TIRI<\/a><span class=\"td-post-author-name\"><a href=\"https:\/\/r3media.ro\/author\/radu_ursan\/\">Radu Ursan<\/a><span>&#8211;<\/span><\/span><span class=\"td-post-date\"><time class=\"entry-date updated td-module-date\" datetime=\"2026-07-12T20:43:04+03:00\">12\/07\/2026<\/time><\/span><\/div>\n<\/div>\n<\/div>\n<\/div>\n<div class=\"td-block-span6\">\n<div class=\"td_module_8 td_module_wrap\">\n<div class=\"item-details\">\n<h3 class=\"entry-title td-module-title\"><a href=\"https:\/\/r3media.ro\/ce-ne-facem-cu-atatia-prosti\/\" rel=\"bookmark\" title=\"Ce ne facem cu at\u00e2\u021bia pro\u0219ti?\">Ce ne facem cu at\u00e2\u021bia pro\u0219ti?<\/a><\/h3>\n<div class=\"td-module-meta-info\"><a href=\"https:\/\/r3media.ro\/category\/opinii\/\" class=\"td-post-category\">OPINII<\/a><span class=\"td-post-author-name\"><a href=\"https:\/\/r3media.ro\/author\/alexandru_racu\/\">Alexandru Racu<\/a><span>&#8211;<\/span><\/span><span class=\"td-post-date\"><time class=\"entry-date updated td-module-date\" datetime=\"2026-07-12T14:11:45+03:00\">12\/07\/2026<\/time><\/span><\/div>\n<\/div>\n<\/div>\n<\/div>\n<\/div>\n<\/div>\n<div class=\"td-load-more-wrap td-load-more-infinite-wrap\" id=\"infinite-lm-tdi_20\"><a href=\"https:\/\/r3media.ro\/20-iulie-adrian-paunescu\/\" class=\"td_ajax_load_more td_ajax_load_more_js\" aria-label=\"\u00cenc\u0103rca\u021bi mai multe\" id=\"next-page-tdi_20\" data-td_block_id=\"tdi_20\">\u00cenc\u0103rca\u021bi mai multe<\/a><\/div>\n<\/div>\n<div class=\"td_block_wrap tdb_single_comments tdi_21 tdb-comm-layout2 td-pb-border-top td_block_template_1\" data-td-block-uid=\"tdi_21\">\n<div class=\"tdb-block-inner td-fix-index\">\n<div class=\"comments\" id=\"comments\">\n<div class=\"td-comments-title-wrap td_block_template_1\">\n<h4 class=\"td-comments-title block-title\"><span>1 COMENTARIU<\/span><\/h4>\n<\/div>\n<ol class=\"comment-list\">\n<li class=\"comment \" id=\"comment-15320\">\n<article>\n<footer><cite>E.T.<\/cite><a class=\"comment-link\" href=\"https:\/\/r3media.ro\/20-iulie-adrian-paunescu\/#comment-15320\"><time><br \/>\n21\/07\/2022\t\t\t\t\t\t    La\t\t\t\t\t\t    15:07<\/time><\/a><\/footer>\n<div class=\"comment-content\">\n<p>\u201cA urmat Facultatea de Limba \u0219i Literatura Rom\u00e2n\u0103 a Universit\u0103\u021bii din Bucure\u0219ti , fiind bursier, pentru un an, al Universit\u0103\u021bii din Iowa-Statele Unite ale Americii.\u201d<\/p>\n<p>Nu da\u021bi detalii ? \u00cen anii \u201960-\u201970, bursier UIowa ?! Ori c\u00e2nd ? (\u0218i cum ?)<\/p>\n<\/div>\n<div class=\"comment-meta\" id=\"comment-15320\"><a rel=\"nofollow\" class=\"comment-reply-link\" href=\"https:\/\/r3media.ro\/20-iulie-adrian-paunescu\/#comment-15320\" data-commentid=\"15320\" data-postid=\"5555\" data-belowelement=\"comment-15320\" data-respondelement=\"respond\" data-replyto=\"R\u0103spunde-i lui E.T.\" aria-label=\"R\u0103spunde-i lui E.T.\">R\u0103spund<\/a><\/div>\n<\/article>\n<\/li>\n<\/ol>\n<div id=\"respond\" class=\"comment-respond\">\n<h3 id=\"reply-title\" class=\"comment-reply-title\">AI CEVA DE SPUS? <small><a rel=\"nofollow\" id=\"cancel-comment-reply-link\" href=\"https:\/\/r3media.ro\/20-iulie-adrian-paunescu\/#respond\">Renun\u021ba\u021bi la r\u0103spuns<\/a><\/small><\/h3>\n<div class=\"comment-form-input-wrap td-form-comment\">\n<div class=\"td-warning-comment\">V\u0103 rug\u0103m s\u0103 introduce\u021bi comentariul dvs.!<\/div>\n<\/div>\n<div class=\"comment-form-input-wrap td-form-author\">\n<div class=\"td-warning-author\">Introduce\u021bi aici numele dvs.<\/div>\n<\/div>\n<div class=\"comment-form-input-wrap td-form-email\">\n<div class=\"td-warning-email-error\">A\u021bi introdus o adres\u0103 de e-mail incorect\u0103!<\/div>\n<div class=\"td-warning-email\">V\u0103 rug\u0103m s\u0103 introduce\u021bi adresa dvs. de e-mail aici<\/div>\n<\/div>\n<\/div>\n<\/div>\n<\/div>\n<\/div>\n<\/div>\n<\/div>\n<div class=\"vc_column tdi_23  wpb_column vc_column_container tdc-column td-pb-span4 td-is-sticky\">\n<div class=\"wpb_wrapper\" data-sticky-enabled-on=\"W3RydWUsdHJ1ZSx0cnVlLHRydWVd\" data-sticky-offset=\"20\" data-sticky-is-width-auto=\"W2ZhbHNlLGZhbHNlLGZhbHNlLGZhbHNlXQ==\">\n<div class=\"wpb_wrapper td_block_wrap vc_widget_sidebar tdi_25 \">\n<div class=\"td_block_wrap td_block_7 td_block_widget tdi_26 td-pb-border-top td_block_template_1 td-column-1 td_block_padding\" data-td-block-uid=\"tdi_26\">\n<div class=\"td-block-title-wrap\">\n<h4 class=\"block-title td-block-title\"><span class=\"td-pulldown-size\">Articole RELA\u021aIONATE<\/span><\/h4>\n<\/div>\n<div id=\"tdi_26\" class=\"td_block_inner\">\n<div class=\"td-block-span12\">\n<div class=\"td_module_6 td_module_wrap td-animation-stack\">\n<div class=\"td-module-thumb\"><a href=\"https:\/\/r3media.ro\/cehia-interzice-telefoanele-in-scoli\/\" rel=\"bookmark\" class=\"td-image-wrap \" title=\"Cehia se preg\u0103te\u0219te s\u0103 interzic\u0103 telefoanele mobile \u00een \u0219coli\"><img loading=\"lazy\" decoding=\"async\" class=\"entry-thumb\" src=\"https:\/\/r3media.ro\/wp-content\/uploads\/2023\/07\/copil-pe-telefon-100x70.jpg\" alt title=\"Cehia se preg\u0103te\u0219te s\u0103 interzic\u0103 telefoanele mobile \u00een \u0219coli\" width=\"100\" height=\"70\"><\/a><\/div>\n<div class=\"item-details\">\n<h3 class=\"entry-title td-module-title\"><a href=\"https:\/\/r3media.ro\/cehia-interzice-telefoanele-in-scoli\/\" rel=\"bookmark\" title=\"Cehia se preg\u0103te\u0219te s\u0103 interzic\u0103 telefoanele mobile \u00een \u0219coli\">Cehia se preg\u0103te\u0219te s\u0103 interzic\u0103 telefoanele mobile \u00een \u0219coli<\/a><\/h3>\n<div class=\"td-module-meta-info\"><span class=\"td-post-date\"><time class=\"entry-date updated td-module-date\" datetime=\"2026-07-20T22:34:13+03:00\">20\/07\/2026<\/time><\/span><\/div>\n<\/div>\n<\/div>\n<\/div>\n<div class=\"td-block-span12\">\n<div class=\"td_module_6 td_module_wrap td-animation-stack\">\n<div class=\"td-module-thumb\"><a href=\"https:\/\/r3media.ro\/nicusor-dan-promulga-lege-initiata-aur-instituire-anul2026-anul-statelor-unite-ale-americii-in-romania\/\" rel=\"bookmark\" class=\"td-image-wrap \" title=\"Nicu\u0219or Dan a promulgat legea ini\u021biat\u0103 de George Simion \u0219i al\u021bi \u0219ase parlamentari AUR de instituire a anului 2026 drept Anul Statelor Unite ale Americii \u00een Rom\u00e2nia\"><img loading=\"lazy\" decoding=\"async\" class=\"entry-thumb\" src=\"https:\/\/r3media.ro\/wp-content\/uploads\/2025\/07\/nicusor-dan-100x70.png\" alt title=\"Nicu\u0219or Dan a promulgat legea ini\u021biat\u0103 de George Simion \u0219i al\u021bi \u0219ase parlamentari AUR de instituire a anului 2026 drept Anul Statelor Unite ale Americii \u00een Rom\u00e2nia\" width=\"100\" height=\"70\"><\/a><\/div>\n<div class=\"item-details\">\n<h3 class=\"entry-title td-module-title\"><a href=\"https:\/\/r3media.ro\/nicusor-dan-promulga-lege-initiata-aur-instituire-anul2026-anul-statelor-unite-ale-americii-in-romania\/\" rel=\"bookmark\" title=\"Nicu\u0219or Dan a promulgat legea ini\u021biat\u0103 de George Simion \u0219i al\u021bi \u0219ase parlamentari AUR de instituire a anului 2026 drept Anul Statelor Unite ale Americii \u00een Rom\u00e2nia\">Nicu\u0219or Dan a promulgat legea ini\u021biat\u0103 de George Simion \u0219i al\u021bi&#8230;<\/a><\/h3>\n<div class=\"td-module-meta-info\"><span class=\"td-post-date\"><time class=\"entry-date updated td-module-date\" datetime=\"2026-07-20T22:20:38+03:00\">20\/07\/2026<\/time><\/span><\/div>\n<\/div>\n<\/div>\n<\/div>\n<div class=\"td-block-span12\">\n<div class=\"td_module_6 td_module_wrap td-animation-stack\">\n<div class=\"td-module-thumb\"><a href=\"https:\/\/r3media.ro\/mihail-neamtu-oblgatie-romania\/\" rel=\"bookmark\" class=\"td-image-wrap \" title=\"Mihail Neam\u021bu: Suntem o \u021bar\u0103 mic\u0103, iar singura obliga\u021bie a politicienilor de la Bucure\u0219ti e s\u0103 nu introduc\u0103 Rom\u00e2nia \u00eentr-un r\u0103zboi stupid \u0219i perdant\"><img loading=\"lazy\" decoding=\"async\" class=\"entry-thumb\" src=\"https:\/\/r3media.ro\/wp-content\/uploads\/2025\/06\/preoti-cernauti-nicusor-dan-100x70.png\" alt title=\"Mihail Neam\u021bu: Suntem o \u021bar\u0103 mic\u0103, iar singura obliga\u021bie a politicienilor de la Bucure\u0219ti e s\u0103 nu introduc\u0103 Rom\u00e2nia \u00eentr-un r\u0103zboi stupid \u0219i perdant\" width=\"100\" height=\"70\"><\/a><\/div>\n<div class=\"item-details\">\n<h3 class=\"entry-title td-module-title\"><a href=\"https:\/\/r3media.ro\/mihail-neamtu-oblgatie-romania\/\" rel=\"bookmark\" title=\"Mihail Neam\u021bu: Suntem o \u021bar\u0103 mic\u0103, iar singura obliga\u021bie a politicienilor de la Bucure\u0219ti e s\u0103 nu introduc\u0103 Rom\u00e2nia \u00eentr-un r\u0103zboi stupid \u0219i perdant\">Mihail Neam\u021bu: Suntem o \u021bar\u0103 mic\u0103, iar singura obliga\u021bie a politicienilor&#8230;<\/a><\/h3>\n<div class=\"td-module-meta-info\"><span class=\"td-post-date\"><time class=\"entry-date updated td-module-date\" datetime=\"2026-07-20T22:01:16+03:00\">20\/07\/2026<\/time><\/span><\/div>\n<\/div>\n<\/div>\n<\/div>\n<div class=\"td-block-span12\">\n<div class=\"td_module_6 td_module_wrap td-animation-stack\">\n<div class=\"td-module-thumb\"><a href=\"https:\/\/r3media.ro\/21-iulie-sfintii-cuviosi-rafael-si-partenie-de-la-agapia-veche\/\" rel=\"bookmark\" class=\"td-image-wrap \" title=\"Calendarul zilei 21 iulie: Sfin\u021bii Cuvio\u0219i Rafael \u0219i Partenie de la Agapia Veche\"><img loading=\"lazy\" decoding=\"async\" class=\"entry-thumb\" src=\"https:\/\/r3media.ro\/wp-content\/uploads\/2023\/07\/maxresdefault-6-100x70.jpg\" alt title=\"Calendarul zilei 21 iulie: Sfin\u021bii Cuvio\u0219i Rafael \u0219i Partenie de la Agapia Veche\" width=\"100\" height=\"70\"><\/a><\/div>\n<div class=\"item-details\">\n<h3 class=\"entry-title td-module-title\"><a href=\"https:\/\/r3media.ro\/21-iulie-sfintii-cuviosi-rafael-si-partenie-de-la-agapia-veche\/\" rel=\"bookmark\" title=\"Calendarul zilei 21 iulie: Sfin\u021bii Cuvio\u0219i Rafael \u0219i Partenie de la Agapia Veche\">Calendarul zilei 21 iulie: Sfin\u021bii Cuvio\u0219i Rafael \u0219i Partenie de la&#8230;<\/a><\/h3>\n<div class=\"td-module-meta-info\"><span class=\"td-post-date\"><time class=\"entry-date updated td-module-date\" datetime=\"2026-07-20T21:08:00+03:00\">20\/07\/2026<\/time><\/span><\/div>\n<\/div>\n<\/div>\n<\/div>\n<div class=\"td-block-span12\">\n<div class=\"td_module_6 td_module_wrap td-animation-stack\">\n<div class=\"td-module-thumb\"><a href=\"https:\/\/r3media.ro\/andy-burnham-premier-marea-britanie-rol-aderare-romania-uniunea-europeana\/\" rel=\"bookmark\" class=\"td-image-wrap \" title=\"Andy Burnham a fost numit premier al Marii Britanii: Laburistul a jucat un rol hot\u0103r\u00e2tor \u00een aderarea Rom\u00e2niei la UE\"><img loading=\"lazy\" decoding=\"async\" class=\"entry-thumb\" src=\"https:\/\/r3media.ro\/wp-content\/uploads\/2026\/07\/andy-burnham-100x70.png\" alt title=\"Andy Burnham a fost numit premier al Marii Britanii: Laburistul a jucat un rol hot\u0103r\u00e2tor \u00een aderarea Rom\u00e2niei la UE\" width=\"100\" height=\"70\"><\/a><\/div>\n<div class=\"item-details\">\n<h3 class=\"entry-title td-module-title\"><a href=\"https:\/\/r3media.ro\/andy-burnham-premier-marea-britanie-rol-aderare-romania-uniunea-europeana\/\" rel=\"bookmark\" title=\"Andy Burnham a fost numit premier al Marii Britanii: Laburistul a jucat un rol hot\u0103r\u00e2tor \u00een aderarea Rom\u00e2niei la UE\">Andy Burnham a fost numit premier al Marii Britanii: Laburistul a&#8230;<\/a><\/h3>\n<div class=\"td-module-meta-info\"><span class=\"td-post-date\"><time class=\"entry-date updated td-module-date\" datetime=\"2026-07-20T16:01:59+03:00\">20\/07\/2026<\/time><\/span><\/div>\n<\/div>\n<\/div>\n<\/div>\n<div class=\"td-block-span12\">\n<div class=\"td_module_6 td_module_wrap td-animation-stack\">\n<div class=\"td-module-thumb\"><a href=\"https:\/\/r3media.ro\/grecia-ar-putea-bloca-pachetul-de-sanctiuni-impotriva-rusiei\/\" rel=\"bookmark\" class=\"td-image-wrap \" title=\"Grecia ar putea bloca pachetul de sanc\u021biuni \u00eempotriva Rusiei\"><img loading=\"lazy\" decoding=\"async\" class=\"entry-thumb\" src=\"https:\/\/r3media.ro\/wp-content\/uploads\/2026\/07\/grecia-steag-100x70.jpg\" alt title=\"Grecia ar putea bloca pachetul de sanc\u021biuni \u00eempotriva Rusiei\" width=\"100\" height=\"70\"><\/a><\/div>\n<div class=\"item-details\">\n<h3 class=\"entry-title td-module-title\"><a href=\"https:\/\/r3media.ro\/grecia-ar-putea-bloca-pachetul-de-sanctiuni-impotriva-rusiei\/\" rel=\"bookmark\" title=\"Grecia ar putea bloca pachetul de sanc\u021biuni \u00eempotriva Rusiei\">Grecia ar putea bloca pachetul de sanc\u021biuni \u00eempotriva Rusiei<\/a><\/h3>\n<div class=\"td-module-meta-info\"><span class=\"td-post-date\"><time class=\"entry-date updated td-module-date\" datetime=\"2026-07-20T13:26:52+03:00\">20\/07\/2026<\/time><\/span><\/div>\n<\/div>\n<\/div>\n<\/div>\n<div class=\"td-block-span12\">\n<div class=\"td_module_6 td_module_wrap td-animation-stack\">\n<div class=\"td-module-thumb\"><a href=\"https:\/\/r3media.ro\/video-un-militar-la-un-pas-sa-se-prabuseasca-langa-seful-armatei-la-ceremonia-de-ziua-aviatiei-generalul-gheorghita-vlad-si-a-continuat-discursul\/\" rel=\"bookmark\" class=\"td-image-wrap \" title=\"VIDEO | Un militar, la un pas s\u0103 se pr\u0103bu\u0219easc\u0103 l\u00e2ng\u0103 \u0219eful Armatei, la ceremonia de Ziua Avia\u021biei. Generalul Gheorghi\u021b\u0103 Vlad \u0219i-a continuat discursul\"><img loading=\"lazy\" decoding=\"async\" class=\"entry-thumb\" src=\"https:\/\/r3media.ro\/wp-content\/uploads\/2026\/07\/militar-gheorghita-vlad-100x70.jpg\" alt title=\"VIDEO | Un militar, la un pas s\u0103 se pr\u0103bu\u0219easc\u0103 l\u00e2ng\u0103 \u0219eful Armatei, la ceremonia de Ziua Avia\u021biei. Generalul Gheorghi\u021b\u0103 Vlad \u0219i-a continuat discursul\" width=\"100\" height=\"70\"><\/a><\/div>\n<div class=\"item-details\">\n<h3 class=\"entry-title td-module-title\"><a href=\"https:\/\/r3media.ro\/video-un-militar-la-un-pas-sa-se-prabuseasca-langa-seful-armatei-la-ceremonia-de-ziua-aviatiei-generalul-gheorghita-vlad-si-a-continuat-discursul\/\" rel=\"bookmark\" title=\"VIDEO | Un militar, la un pas s\u0103 se pr\u0103bu\u0219easc\u0103 l\u00e2ng\u0103 \u0219eful Armatei, la ceremonia de Ziua Avia\u021biei. Generalul Gheorghi\u021b\u0103 Vlad \u0219i-a continuat discursul\">VIDEO | Un militar, la un pas s\u0103 se pr\u0103bu\u0219easc\u0103 l\u00e2ng\u0103&#8230;<\/a><\/h3>\n<div class=\"td-module-meta-info\"><span class=\"td-post-date\"><time class=\"entry-date updated td-module-date\" datetime=\"2026-07-20T12:49:36+03:00\">20\/07\/2026<\/time><\/span><\/div>\n<\/div>\n<\/div>\n<\/div>\n<\/div>\n<\/div>\n<aside class=\"td_block_template_1 widget widget_recent_comments\">\n<h4 class=\"block-title\"><span>INTR\u0102 \u00ceN DISCU\u021aIE!<\/span><\/h4>\n<ul id=\"recentcomments\">\n<li class=\"recentcomments\"><span class=\"comment-author-link\">Pop<\/span> la <a href=\"https:\/\/r3media.ro\/primar-cetateni-oradea-presiuni-lgbt\/#comment-40287\">Primarul \u0219i cet\u0103\u021benii din Oradea, presa\u021bi de lobby-ul interna\u021bional LGBT s\u0103 permit\u0103 mar\u0219ul homosexualit\u0103\u021bii pe str\u0103zile ora\u0219ului<\/a><\/li>\n<li class=\"recentcomments\"><span class=\"comment-author-link\">Isabel<\/span> la <a href=\"https:\/\/r3media.ro\/prapad-busteni-valea-prahovei-statiuni-ploi-viitura-oameni-raniti-masini-avariate-case-inundate\/#comment-40286\">VIDEO | Pr\u0103p\u0103d la Bu\u0219teni! Ploile au cauzat o viitur\u0103 care a m\u0103turat tot \u00een cale \u00een sta\u021biunile de pe valea Prahovei: oameni r\u0103ni\u021bi, ma\u0219ini avariate \u0219i locuin\u021be inundate<\/a><\/li>\n<li class=\"recentcomments\"><span class=\"comment-author-link\">Laris<\/span> la <a href=\"https:\/\/r3media.ro\/primar-cetateni-oradea-presiuni-lgbt\/#comment-40281\">Primarul \u0219i cet\u0103\u021benii din Oradea, presa\u021bi de lobby-ul interna\u021bional LGBT s\u0103 permit\u0103 mar\u0219ul homosexualit\u0103\u021bii pe str\u0103zile ora\u0219ului<\/a><\/li>\n<li class=\"recentcomments\"><span class=\"comment-author-link\">Laris<\/span> la <a href=\"https:\/\/r3media.ro\/aur-sustine-ca-dan-tanasa-este-urmarit-penal-pentru-instigare-la-ura\/#comment-40280\">AUR sus\u021bine c\u0103 Dan T\u0103nas\u0103 este urm\u0103rit penal pentru instigare la ur\u0103<\/a><\/li>\n<li class=\"recentcomments\"><span class=\"comment-author-link\">Laris<\/span> la <a href=\"https:\/\/r3media.ro\/dragos-tanase-demisie-conducere-gabriel-resources-18-ani\/#comment-40279\">Drago\u0219 T\u0103nase a demisionat de la conducerea Gabriel Resources dup\u0103 18 ani<\/a><\/li>\n<li class=\"recentcomments\"><span class=\"comment-author-link\">Doru<\/span> la <a href=\"https:\/\/r3media.ro\/prof-dan-dungaciu-federatia-rusa-ajutor-pentru-ucraina\/#comment-40277\">Prof. Dan Dungaciu: Tu vrei s\u0103 love\u0219ti ariciul, adic\u0103 Federa\u021bia Rus\u0103, cu s\u00e2ngele, carnea \u0219i oasele ucrainenilor. \u0102sta e un ajutor pentru Ucraina?<\/a><\/li>\n<li class=\"recentcomments\"><span class=\"comment-author-link\">Constantin<\/span> la <a href=\"https:\/\/r3media.ro\/primar-cetateni-oradea-presiuni-lgbt\/#comment-40276\">Primarul \u0219i cet\u0103\u021benii din Oradea, presa\u021bi de lobby-ul interna\u021bional LGBT s\u0103 permit\u0103 mar\u0219ul homosexualit\u0103\u021bii pe str\u0103zile ora\u0219ului<\/a><\/li>\n<\/ul>\n<\/aside>\n<aside class=\"td_block_template_1 widget widget_search\">\n<h4 class=\"block-title\"><span>CAUT\u0102 \u0218I VEI G\u0102SI<\/span><\/h4>\n<\/aside>\n<\/div>\n<\/div>\n<\/div>\n<\/div>\n<\/div>\n<\/div>\n<\/div>\n<p><span class=\"td-page-meta\"><\/span><span class=\"td-page-meta\"><span class=\"td-page-meta\"><\/span><\/span><span class=\"td-page-meta\"><\/span><\/article>\n<\/p>\n<div class=\"td_block_wrap tdb_single_content tdi_18 td-pb-border-top td_block_template_1 td-post-content tagdiv-type\" data-td-block-uid=\"tdi_18\">\n<div class=\"tdb-block-inner td-fix-index\">\n<p><strong>Adrian P\u0103unescu s-a n\u0103scut pe 20 iulie 1943, \u00een comuna Cop\u0103ceni, jude\u021bul B\u0103l\u021bi \u2013 Basarabia, din p\u0103rin\u021bi olteni, a\u0219a c\u0103 viitorul poet \u0219i-a petrecut cea mai mare parte a copil\u0103riei la B\u00e2rca, \u00een jude\u021bul Dolj \u0219i a f\u0103cut studii liceale la Craiova \u0219i la Bucure\u0219ti.<\/strong><\/p>\n<p>A urmat Facultatea de Limba \u0219i Literatura Rom\u00e2n\u0103 a Universit\u0103\u021bii din Bucure\u0219ti, fiind bursier, pentru un an, al Universit\u0103\u021bii din Iowa-Statele Unite ale Americii.<\/p>\n<p>Adrian P\u0103unescu este unul dintre cei mai cunoscu\u021bi \u0219i aprecia\u021bi poe\u021bi ai anilor 60-80 ai secolului trecut. \u00centre anii 1973\u20131985, a organizat Cenaclul Flac\u0103ra, \u00eentrunire muzical-cultural\u0103 desf\u0103\u0219urat\u0103 periodic \u00een ora\u0219ele Rom\u00e2niei. Evenimentul supravie\u021buie\u0219te \u0219i azi, prin fiul s\u0103u.<\/p>\n<p>\u00cen cadrul cenaclului, P\u0103unescu a \u00eencurajat cultura de mas\u0103 \u00eendr\u0103git\u0103 de publicul t\u00e2n\u0103r, fiind tolerat p\u00e2n\u0103 la un punct de puterea comunist\u0103 care \u00eens\u0103 l-a \u00eenchis \u00een cele din urm\u0103; el a inventat sintagmele \u201egenera\u021bia \u00een blugi\u201d \u0219i \u201emuzic\u0103 t\u00e2n\u0103r\u0103\u201d pentru a-\u0219i desemna tinerii spectatori amatori ai unui stil vestimentar nonconformist, respectiv sonorit\u0103\u021bile iubite de ace\u0219tia, ale genurilor folk \u0219i rock. P\u0103unescu \u0219i-a \u00eenceput activitatea publicistic\u0103 \u00een 1973, an c\u00e2nd intr\u0103 la conducerea revistei Flac\u0103ra, scrie Radio Re\u0219i\u021ba.<\/p>\n\n<p>\u00cen anii 80 intr\u0103 \u00een dizgra\u021bia regimului, fiind destituit \u00een 1985, pretextul oficial fiind acela c\u0103 la concertul Cenaclului Flac\u0103ra din Ploie\u0219ti din iunie 1985, s-a petrecut o busculad\u0103. \u00cen 1982, apare triplul album de discuri LP, \u201eCenaclul Flac\u0103ra \u00een concert\u201d, iar \u00een 1983, este realizat\u0103, f\u0103r\u0103 a putea fi cuprinse decat pu\u021bine film\u0103ri, pelicula de 70 de minute \u201eCenaclul Flac\u0103ra \u2013 Te salut, genera\u021bie \u00een blugi\u201d, interzis\u0103 imediat de autorit\u0103\u021bi.<\/p>\n\n<p>P\u0103unescu devenise cunoscut \u0219i pentru criticile la adresa puterii (vezi, de exemplu, poemul \u201eAnalfabe\u021bii\u201d, publicat \u00een 1980 \u00een Flac\u0103ra).<\/p>\n<p>Dup\u0103 c\u0103derea comunismului nu i s-a permis re\u00eentoarcerea la conducerea revistei Flac\u0103ra, astfel c\u0103, \u00een toamna anului 1990 fondeaz\u0103 revista Totu\u0219i iubirea. \u00cen calitate de publicist a mai condus pentru o scurt\u0103 perioad\u0103, \u00een 1999, ziarul Sportul rom\u00e2nesc, \u0219i a realizat emisiuni de fotbal la postul de televiziune Antena 1. \u00cen acest domeniu a r\u0103mas celebr\u0103 emisiunea \u00een care l-a convins pe marele Gheorghe Hagi s\u0103 revin\u0103 asupra deciziei de a se retrage de la echipa na\u021bional\u0103 de fotbal a Rom\u00e2niei.<\/p>\n\n<p>7 mai 1990 \u2013 \u00eenfiin\u021beaz\u0103 Cenaclul \u201eTotu\u0219i iubirea\u201d, pe Stadionul din Drobeta Turnu-Severin, sub impulsul ziaristului Dumitru Vi\u0219an \u0219i al fotbalistului Ilie Balaci. \u00cen cei peste zece ani de activitate, noul cenaclu sus\u021bine concerte de mare succes, \u00een \u021bar\u0103 \u0219i dincolo de actualele grani\u021be, \u00een special la Chi\u0219in\u0103u. O parte din activitatea de excep\u021bie a Cenaclului \u201eTotu\u0219i iubirea\u201d se reg\u0103se\u0219te \u00een seria de casete audio \u0219i video editate de Funda\u021bia Iubirea, \u00eentre 1995 \u0219i 1999.<\/p>\n<p>\u201eOricum, \u00een ciuda suferin\u021bei, a umilin\u021bei \u0219i a mor\u021bii programate, sunt un norocos, sunt un caz antologic, sunt un r\u0103sf\u0103\u021bat. Supravie\u021buiesc. \u0218i scriu. \u0218i iert. \u0218i iubesc. \u0218i sper. \u0218i mi se pare c\u0103 a\u0219 putea-o lua, oric\u00e2nd, de la cap\u0103t.\u201d Adrian P\u0103unescu \u2013 \u201cLiber s\u0103 suf\u0103r\u201d.<\/p>\n<p>Adrian P\u0103unescu nu s-a sfiit ca \u00een anii comunismului s\u0103 vorbeasc\u0103 tinerilor despre valorile na\u021bionale perene, precum credin\u021ba \u00een Dumnezeu sau unirea tuturor rom\u00e2nilor, teme tabu \u00een acea vreme. C\u00e2ntece \u0219i poeziile sale au r\u0103mas \u0219i azi, ascultate.<\/p>\n<p>A compus imnurile echipelor de fotbal Universitatea Craiova \u0219i Rapid Bucure\u0219ti.<\/p>\n\n<p>Pe de alt\u0103 parte, P\u0103unescu nu s-a sfiit s\u0103-l laude \u0219i pe Nicolae Ceau\u0219escu, ceea ce ulterior \u00eei va aduce acuza\u021bii din partea noului regim instalat dup\u0103 1989.<\/p>\n<p>\u0218i din punct de vedere politic, P\u0103unescu a fost un non-conformist, acesta fiind adeptul ideii c\u0103 Rom\u00e2nia trebuie s\u0103 fie o \u201eElve\u021bie \u00een Carpa\u021bi\u201d. Totodat\u0103, a fost un sus\u021bin\u0103tor al re\u00eentregirii, afirm\u00e2nd c\u0103 <strong>\u201eobsesia mea este Basarabia!<\/strong>\u201d.<\/p>\n<p>\u00cen februarie 1996 a fost desemnat candidat al Partidului Socialist al Muncii (PSM) la pre\u0219edin\u021bia Rom\u00e2niei, unde a ob\u021binut 0,69% dintre voturi.<\/p>\n<p>P\u0103unescu a considerat c\u0103 legalizarea homosexualit\u0103\u021bii este o amoralitate, iar pentru acest g\u00e2nd a fost pedepsit \u0219i dup\u0103 moarte de c\u0103tre activi\u0219tii LGBTQ, care i-au profanat statuia din Bucure\u0219ti, cu ocazia unei manifest\u0103ri a acestora.<\/p>\n<blockquote class=\"instagram-media\" data-instgrm-captioned data-instgrm-permalink=\"https:\/\/www.instagram.com\/p\/ByxH_qkIo0v\/?utm_source=ig_embed&amp;utm_campaign=loading\" data-instgrm-version=\"13\">\n<div>\n<p>\u00a0<\/p>\n<div>\n<div>View this post on Instagram<\/div>\n<\/div>\n<p>\u00a0<\/p>\n<p><a href=\"https:\/\/www.instagram.com\/p\/ByxH_qkIo0v\/?utm_source=ig_embed&amp;utm_campaign=loading\" target=\"_blank\" rel=\"noopener noreferrer\">Adrian P\u0103unescu, vajnic sus\u021bin\u0103tor al drepturilor LGBTQ \u0219i al unui mediu curat #streetdelivery #poeziaeinstrada #lgbtq #mozaiq #accept #gay #rights #paunescu #statue #activism #installation #streetart #irony #sarcasm #lapoesieestdanslarue #bucharest #romania<\/a><\/p>\n<p>A post shared by <a href=\"https:\/\/www.instagram.com\/streetdelivery\/?utm_source=ig_embed&amp;utm_campaign=loading\" target=\"_blank\" rel=\"noopener noreferrer\"> streetdelivery<\/a> (@streetdelivery) on <time datetime=\"2019-06-16T10:38:36+00:00\">Jun 16, 2019 at 3:38am PDT<\/time><\/p>\n<\/div>\n<\/blockquote>\n<script async src=\"https:\/\/www.instagram.com\/embed.js\"><\/script>\n<p>Ultimul s\u0103u vers, al ultimei sale poezii a fost: \u201eD\u0103-mi Doamne, via\u021b\u0103, \u00eenc\u0103 ni\u0219te ani \u0219i \u021b\u0103rii mele minim\u0103 dreptate\u201d. A trecut la cele ve\u0219nice pe 5 noiembrie 2010, la Spitalul Floreasca din Bucure\u0219ti.<\/p>\n<p>The <a href=\"https:\/\/www.nytimes.com\/2010\/11\/07\/world\/europe\/07paunescu.html\" target=\"_blank\" rel=\"noopener noreferrer\">New York Times<\/a>, cit\u00e2nd Associated Press, a scris despre el atunci c\u0103 a fost \u201ecel mai faimos poet al Rom\u00e2niei\u201d.<\/p>\n<p>Ultima sa poezie:<\/p>\n<p><strong>De la un cardiac, cordial<\/strong><\/p>\n<p>De-aicea, de pe patul de spital<\/p>\n<p>Pe care m\u0103 g\u0103sesc de vreme lung\u0103,<\/p>\n<p>Consider c\u0103 e-un gest profund moral<\/p>\n<p>Cuv\u00e2ntul meu la voi s\u0103 mai ajung\u0103.<\/p>\n<p>M\u0103 monitorizeaz\u0103 paznici minimi<\/p>\n<p>Din maxima profesorului grij\u0103,<\/p>\n<p>\u00cen jurul obositei mele inimi<\/p>\n<p>S\u0103 nu m\u0103 mai ajung\u0103 nicio schij\u0103.<\/p>\n<p>Aud o ambulan\u0163\u0103 revenind<\/p>\n<p>Cu cine \u015ftie ce bolnav aicea,<\/p>\n<p>Alarma mi se pare un colind<\/p>\n<p>Cu care se trateaz\u0103 cicatricea.<\/p>\n<p>Purta\u0163i-v\u0103 de grij\u0103, fra\u0163ii mei,<\/p>\n<p>P\u0103zi\u0163i-v\u0103 \u015fi inima, \u015fi g\u00e2ndul,<\/p>\n<p>De nu dori\u0163i s\u0103 vin\u0103 anii grei<\/p>\n<p>Spitalul de Urgen\u0163\u0103 implor\u00e2ndu-l.<\/p>\n<p>Eu v\u0103 salut de-a dreptul cordial<\/p>\n<p>De-a dreptul cardiac, precum se \u015ftie,<\/p>\n<p>Recunosc\u00e2nd c\u0103 patul de spital<\/p>\n<p>Nu-i o alarm\u0103, ci o garan\u0163ie.<\/p>\n<p>V\u0103 v\u0103d pe to\u0163i mai buni \u015fi mai umani<\/p>\n<p>Eu \u00eensumi sunt mai omenos \u00een toate,<\/p>\n<p>D\u0103-mi, Doamne, via\u0163\u0103, \u00eenc\u0103 ni\u015fte ani<\/p>\n<p>\u015ei \u0163\u0103rii mele minim\u0103 dreptate!\u201d.<\/p>\n<p>Volume publicate:<\/p>\n<ul>\n<li><i>Ultrasentimente<\/i>\u00a0(1965, poezii, debut editorial)<\/li>\n<li><i>Mieii primi<\/i>\u00a0(1966, poezii)<\/li>\n<li><i>F\u00e2nt\u00e2na somnambul\u0103<\/i>\u00a0(1968, poezii)<\/li>\n<li><i>C\u0103r\u021bile po\u0219tale ale mor\u021bii<\/i>\u00a0(1970, proz\u0103 fantastic\u0103)<\/li>\n<li><i>Aventurile extraordinare ale lui Hap \u0219i Pap<\/i>\u00a0(1970, literatur\u0103 pentru copii, cu ilustra\u021bii de\u00a0<a title=\"Constan\u021ba Buzea\" href=\"https:\/\/ro.wikipedia.org\/wiki\/Constan%C8%9Ba_Buzea\">Constan\u021ba Buzea<\/a>, prima lui so\u021bie)<\/li>\n<li><i>Via\u021b\u0103 de excep\u021bii<\/i>\u00a0(1971, antologie de poezii)<\/li>\n<li><i>Sub semnul \u00eentreb\u0103rii<\/i>\u00a0(1971, interviuri)<\/li>\n<li><i>Istoria unei secunde<\/i>\u00a0(1971, poezii, trei edi\u021bii, prima fiind ars\u0103 de cenzura de partid)<\/li>\n<li><i>Lumea ca alt\u0103 lume<\/i>\u00a0(1973, publicistic\u0103)<\/li>\n<li><i>Repetabila povar\u0103<\/i>\u00a0(1974, poezii)<\/li>\n<li><i>P\u0103m\u00e2ntul deocamdat\u0103<\/i>\u00a0(1976, poezii, dou\u0103 edi\u021bii)<\/li>\n<li><i>Poezii de p\u00e2n\u0103 azi<\/i>\u00a0(1978, antologie de poezii, record mondial de tiraj pentru poezie, 155.000 exemplare, \u00een colectia BPT, cu o prefa\u021b\u0103 de\u00a0<a title=\"Eugen Barbu\" href=\"https:\/\/ro.wikipedia.org\/wiki\/Eugen_Barbu\">Eugen Barbu<\/a>\u00a0\u0219i o postfa\u021b\u0103 de\u00a0<a title=\"\u0218erban Cioculescu\" href=\"https:\/\/ro.wikipedia.org\/wiki\/%C8%98erban_Cioculescu\">\u0218erban Cioculescu<\/a>)<\/li>\n<li><i>Sub semnul \u00eentreb\u0103rii<\/i>\u00a0(1979, edi\u021bie rev\u0103zut\u0103 \u0219i ad\u0103ugit\u0103, interviuri)<\/li>\n<li><i>Manifest pentru s\u0103n\u0103tatea p\u0103m\u00e2ntului<\/i>\u00a0(1980, poezii)<\/li>\n<li><i>Iubi\u021bi-v\u0103 pe tunuri<\/i>\u00a0(1981, poezii)<\/li>\n<li><i>De la B\u00e2rca la Viena \u0219i \u00eenapoi<\/i>\u00a0(1981, reportaj, jurnal, cu ilustra\u021bii de\u00a0<a title=\"Andrei P\u0103unescu\" href=\"https:\/\/ro.wikipedia.org\/wiki\/Andrei_P%C4%83unescu\">Andrei P\u0103unescu<\/a>)<\/li>\n<li><i>Rezerva\u021bia de zimbri<\/i>\u00a0(1982, poezii, cu ilustra\u021bii de\u00a0<a class=\"new\" title=\"Ioana P\u0103unescu \u2014 pagin\u0103 inexistent\u0103\" href=\"https:\/\/ro.wikipedia.org\/w\/index.php?title=Ioana_P%C4%83unescu&amp;action=edit&amp;redlink=1\">Ioana P\u0103unescu<\/a>)<\/li>\n<li><i>Totu\u0219i iubirea<\/i>\u00a0(1983, antologie de poezii)<\/li>\n<li><i>Manifest pentru mileniul trei \u2013 volumul 1<\/i>\u00a0(1984, antologie de poezii)<\/li>\n<li><i>Manifest pentru mileniul trei \u2013 volumul 2<\/i>\u00a0(1986, antologie de poezii, care con\u021bine un capitol de poeme inedite \u0219i unul de referin\u021be critice)<\/li>\n<li><i>Locuri comune<\/i>\u00a0(1986, poezii)<\/li>\n<li><i>Via\u021ba mea e un roman<\/i>(1987, poezii)<\/li>\n<li><i>\u00centr-adev\u0103r<\/i>\u00a0(1988, poezii, ilustrate de\u00a0<a title=\"Andrei P\u0103unescu\" href=\"https:\/\/ro.wikipedia.org\/wiki\/Andrei_P%C4%83unescu\">Andrei P\u0103unescu<\/a>)<\/li>\n<li><i>Sunt un om liber<\/i>\u00a0(1989, poezii). Aceast\u0103 carte a fost retras\u0103 de pe pia\u021b\u0103, \u00een septembrie 1989, de \u00eendat\u0103 ce a ap\u0103rut \u0219i a revenit printre cititori \u00een martie 1990.<\/li>\n<li><i>Poezii cenzurate<\/i>\u00a0(1990, poezii, cu ilustra\u021bii de Andrei P\u0103unescu, dou\u0103 edi\u021bii)<\/li>\n<li><i>Rom\u00e2niada<\/i>\u00a0(1993-1994, poezii, Trilogia c\u0103runt\u0103)<\/li>\n<li><i>Bie\u021bi lampagii<\/i>\u00a0(1993-1994, poezii, Trilogia c\u0103runt\u0103)<\/li>\n<li><i>Noaptea marii be\u021bii<\/i>\u00a0(1993-1994, poezii, Trilogia c\u0103runt\u0103)<\/li>\n<li><i>Front f\u0103r\u0103 \u00eenving\u0103tori<\/i>\u00a0(1995, poezii)<\/li>\n<li><i>Infrac\u021biunea de a fi<\/i>\u00a0(1996, poezii, cu o prezentare \u0219i o bibliografie de\u00a0<a title=\"Andrei P\u0103unescu\" href=\"https:\/\/ro.wikipedia.org\/wiki\/Andrei_P%C4%83unescu\">Andrei P\u0103unescu<\/a>)<\/li>\n<li><i>Tragedia na\u021bional\u0103<\/i>\u00a0(1997, poezii, referin\u021be \u00adcritice de\u00a0<a title=\"Constantin Noica\" href=\"https:\/\/ro.wikipedia.org\/wiki\/Constantin_Noica\">Constantin Noica<\/a>)<\/li>\n<li><i>Derom\u00e2nizarea Rom\u00e2niei<\/i>\u00a0(1998, poezii, texte introdu\u00adctive de\u00a0<a title=\"Nichita St\u0103nescu\" href=\"https:\/\/ro.wikipedia.org\/wiki\/Nichita_St%C4%83nescu\">Nichita St\u0103nescu<\/a>,\u00a0<a title=\"F\u0103nu\u0219 Neagu\" href=\"https:\/\/ro.wikipedia.org\/wiki\/F%C4%83nu%C8%99_Neagu\">F\u0103nu\u0219 Neagu<\/a>\u00a0\u0219i\u00a0<a title=\"Grigore Vieru\" href=\"https:\/\/ro.wikipedia.org\/wiki\/Grigore_Vieru\">Grigore Vieru<\/a>)<\/li>\n<li><i>Cartea C\u0103r\u021bilor de Poezie<\/i>\u00a0(1999, edi\u021bia I, integrala poeziilor ap\u0103rute \u00een volume, \u0219i un capitol de versuri inedite. Cartea cuprinde toate c\u0103r\u021bile de versuri publicate de Adrian P\u0103unescu, de la debutul din 1965, p\u00e2n\u0103 \u00een 1999. Pe c\u00e2t s-a putut, autorul a reconstituit \u0219i a oferit variantele adev\u0103rate ale poeziilor sale, pe care, \u00een anumite cazuri, datorit\u0103 cenzurii, le-a publicat, \u00een volumele sale, cu titluri sau versuri schimbate)<\/li>\n<li><i>Meserie mizarabil\u0103, sufletul<\/i>\u00a0(2000, poezii)<\/li>\n<li><i>M\u0103\u0219tile \u00eens\u00eengerate<\/i>\u00a0(2001, proze)<\/li>\n<li><i>Nemuritor la zidul mor\u021bii<\/i>\u00a0(2001, poezii)<\/li>\n<li><i>P\u00e2n\u0103 la cap\u0103t<\/i>\u00a0(2002, poezii, 3 edi\u021bii)<\/li>\n<li><i>Liber s\u0103 suf\u0103r<\/i>\u00a0(2003, poezii, 3 edi\u021bii)<\/li>\n<li><i>Din doi \u00een doi<\/i>\u00a0(2003, poezii)<\/li>\n<li><i>Eminamente<\/i>\u00a0(2003, poezii, 2 edi\u021bii)<\/li>\n<li><i>Cartea C\u0103r\u021bilor de Poezie<\/i>\u00a0(2003, edi\u021bie rev\u0103zut\u0103, ad\u0103ugit\u0103 \u0219i actualizat\u0103)<\/li>\n<li><i>\u00centoarcerea pe Atlantida<\/i>\u00a0(2003, tradu\u00adcere \u00een limba s\u00e2rb\u0103 de\u00a0<a class=\"new\" title=\"Adam Puslojici \u2014 pagin\u0103 inexistent\u0103\" href=\"https:\/\/ro.wikipedia.org\/w\/index.php?title=Adam_Puslojici&amp;action=edit&amp;redlink=1\">Adam Puslojici<\/a>\u00a0\u0219i\u00a0<a class=\"new\" title=\"Radomir Andri \u2014 pagin\u0103 inexistent\u0103\" href=\"https:\/\/ro.wikipedia.org\/w\/index.php?title=Radomir_Andri&amp;action=edit&amp;redlink=1\">Radomir Andri<\/a>,\u00a0<a title=\"Belgrad\" href=\"https:\/\/ro.wikipedia.org\/wiki\/Belgrad\">Belgrad<\/a>, antologie de poezii)<\/li>\n<li><i>Logica avalan\u0219ei<\/i>\u00a0(2005, poezii, ciclul Zi de zi)<\/li>\n<li><i>Antiprim\u0103vara<\/i>\u00a0(2005, poezii, ciclul Zi de zi)<\/li>\n<li><i>Muguri pe ruguri<\/i>\u00a0(2005, poezii, ciclul Zi de zi)<\/li>\n<li><i>Ninsoarea de adio<\/i>\u00a0(2005, poezii, ciclul Zi de zi)<\/li>\n<li><i>\u00cenc\u0103 viu<\/i>\u00a0(2005\/2008, poezii, ciclul Zi de zi)<\/li>\n<li><i>Un om pe ni\u0219te sc\u0103ri<\/i>\u00a0(2006, poezii, ciclul Zi de zi)<\/li>\n<li><i>De mam\u0103 \u0219i de foaie verde<\/i>\u00a0(2006, poezii, ciclul Zi de zi)<\/li>\n<li><i>Copaci f\u0103r\u0103 p\u0103dure<\/i>\u00a0(2006, poezii, ciclul Zi de zi)<\/li>\n<li><i>Lehamite<\/i>\u00a0(2006, poezii, ciclul Zi de zi)<\/li>\n<li><i>Doamne, ocrote\u0219te-i pe rom\u00e2ni!<\/i>\u00a0(2006, antologie de poezii 1968-1990)<\/li>\n<li><i>Suntem pe m\u00e2na unor nebuni<\/i>\u00a0(2006\/2008, poezii, ciclul Zi de zi)<\/li>\n<li><i>Vagabonzi pe plaiul mioritic<\/i>\u00a0(2007, poezii, ciclul Zi de zi)<\/li>\n<li><i>Rug\u0103 pentru p\u0103rin\u021bi<\/i>\u00a0(2007-2008, antologie de poezii)<\/li>\n<li><i>Genera\u021bia \u201960 \u2013 Nichita St\u0103nescu, Marin Sorescu, Ioan Alexandru<\/i>\u00a0(2007, tez\u0103 de doctorat)<\/li>\n<li><i>Libertatea de unic\u0103 folosin\u021b\u0103<\/i>\u00a0(2007, poezii, ciclul Zi de zi)<\/li>\n<li><i>Poezia patriotic\u0103 \u00een lupt\u0103 cu homunculii<\/i>\u00a0(2009, studii critice)<\/li>\n<li><i>Vinovat de iubire<\/i>\u00a0(2010, roman)<\/li>\n<li><i>Ultima noapte pe Atlantida. Poezii vechi \u0219i noi<\/i> (2010)<\/li>\n<\/ul>\n<div class=\"crp_related     crp-masonry\">\n<h2>\u00ceN CONTEXT<\/h2>\n<ul>\n<li><a href=\"https:\/\/r3media.ro\/calendarul-zilei-26-august-sfintii-adrian-si-natalia-cei-doi-soti-a-caror-dragoste-a-fost-mai-tare-decat-moartea-si-sunt-ocrotitorii-familiei\/\" class=\"crp_link post-26673\"><span class=\"crp_title\">Calendarul zilei 26 august: Sfin\u021bii Adrian \u0219i Natalia, cei doi so\u021bi a c\u0103ror dragoste a fost\u2026<\/span><\/a><\/li>\n<li><a href=\"https:\/\/r3media.ro\/calendarul-zilei-15-ianuarie-nasterea-lui-mihai-eminescu-ziua-culturii-nationale\/\" class=\"crp_link post-11079\"><span class=\"crp_title\">Calendarul zilei 15 ianuarie: Na\u0219terea lui Mihai Eminescu. Ziua Culturii Na\u021bionale<\/span><\/a><\/li>\n<li><a href=\"https:\/\/r3media.ro\/8-septembrie-nasterea-maicii-domnului-sau-sfanta-maria-mica\/\" class=\"crp_link post-803\"><span class=\"crp_title\">Calendarul zilei 8 septembrie: Na\u0219terea Maicii Domnului sau Sf\u00e2nta Maria Mic\u0103<\/span><\/a><\/li>\n<li><a href=\"https:\/\/r3media.ro\/calendarul-zilei-7-ianuarie-sfantul-ioan-botezatorul-craciunul-pe-calendarul-vechi\/\" class=\"crp_link post-10400\"><span class=\"crp_title\">Calendarul zilei 7 ianuarie: Sf\u00e2ntul Ioan Botez\u0103torul. Cr\u0103ciunul pe calendarul vechi<\/span><\/a><\/li>\n<li><a href=\"https:\/\/r3media.ro\/calendarul-zilei-19-februarie-nasterea-lui-constantin-brancusi-academia-romana-nu-l-a-refuzat-pe-brancusi\/\" class=\"crp_link post-14238\"><span class=\"crp_title\">Calendarul zilei 19 februarie: 150 de ani de la na\u0219terea lui Constantin Br\u00e2ncu\u0219i. Academia\u2026<\/span><\/a><\/li>\n<li><a href=\"https:\/\/r3media.ro\/calendarul-zilei-4-aprilie-1944-cea-mai-neagra-zi-a-capitalei-2942-de-bucuresteni-ucisi-de-bombardamentele-americane-aviatorii-care-au-adus-moartea-au-monumente-romanii\/\" class=\"crp_link post-17571\"><span class=\"crp_title\">Calendarul zilei | 4 aprilie 1944, cea mai neagr\u0103 zi a Capitalei: 2942 de bucure\u0219teni uci\u0219i\u2026<\/span><\/a><\/li>\n<li><a href=\"https:\/\/r3media.ro\/calendarul-zilei-25-iulie-81-de-la-finalizarea-campaniei-militare-de-eliberare-a-basarabiei-si-a-nordului-bucovinei-de-sub-ocupatie-sovietica\/\" class=\"crp_link post-51149\"><span class=\"crp_title\">Calendarul zilei 25 iulie: 84 de la finalizarea campaniei militare de eliberare a Basarabiei\u2026<\/span><\/a><\/li>\n<li><a href=\"https:\/\/r3media.ro\/15-iunie-1889-moartea-lui-mihai-eminescu\/\" class=\"crp_link post-22475\"><span class=\"crp_title\">Calendarul zilei | 15 iunie 1889: Moartea lui Mihai Eminescu. Misterul mor\u021bii marelui poet\u2026<\/span><\/a><\/li>\n<\/ul>\n<\/div>\n<\/div>\n<\/div>\n<p>[analyse_source url=&#8221;https:\/\/r3media.ro\/20-iulie-adrian-paunescu\/&#8221;]<\/p>\n","protected":false},"excerpt":{"rendered":"<p>[analyse_image type=&#8221;featured&#8221; src=&#8221;https:\/\/r3media.ro\/wp-content\/uploads\/2020\/11\/Stamps_of_Moldova_2013-23.jpghttps:\/\/r3media.ro\/wp-content\/uploads\/2020\/11\/Stamps_of_Moldova_2013-23.jpg&#8221;] ACTUALITATECalendarul zilei 20 iulie: 83 de ani de la na\u0219terea poetului Adrian&#8230; ACTUALITATE\u0218TIRIVIDEO Calendarul zilei 20 iulie: 83 de ani de la na\u0219terea poetului Adrian P\u0103unescu Redac\u021bia 19\/07\/2026 De la Post of Moldova &#8211; &lt;a rel=&#8221;nofollow&#8221; class=&#8221;external text&#8221; href=&#8221;http:\/\/wnsstamps.ch\/en\/stamps?utf8=%E2%9C%93&amp;search&#8221;&gt;[authority_id&lt;\/a&gt;=169&amp;search[year]=2013&amp;search[month]=&amp;search[theme_id]=&amp;search[freetext]=&amp;search[order_by]=asc wnsstamps.ch], Domeniu public, Link Adrian P\u0103unescu s-a n\u0103scut pe 20 iulie 1943, \u00een [&hellip;]<\/p>\n","protected":false},"author":1,"featured_media":0,"comment_status":"open","ping_status":"","sticky":false,"template":"","format":"standard","meta":{"footnotes":""},"categories":[89],"tags":[226,93],"class_list":["post-2052904","post","type-post","status-publish","format-standard","hentry","category-romania","tag-crawlmanager","tag-r3media-ro"],"_links":{"self":[{"href":"https:\/\/analyse.optim.biz\/index.php?rest_route=\/wp\/v2\/posts\/2052904","targetHints":{"allow":["GET"]}}],"collection":[{"href":"https:\/\/analyse.optim.biz\/index.php?rest_route=\/wp\/v2\/posts"}],"about":[{"href":"https:\/\/analyse.optim.biz\/index.php?rest_route=\/wp\/v2\/types\/post"}],"author":[{"embeddable":true,"href":"https:\/\/analyse.optim.biz\/index.php?rest_route=\/wp\/v2\/users\/1"}],"replies":[{"embeddable":true,"href":"https:\/\/analyse.optim.biz\/index.php?rest_route=%2Fwp%2Fv2%2Fcomments&post=2052904"}],"version-history":[{"count":0,"href":"https:\/\/analyse.optim.biz\/index.php?rest_route=\/wp\/v2\/posts\/2052904\/revisions"}],"wp:attachment":[{"href":"https:\/\/analyse.optim.biz\/index.php?rest_route=%2Fwp%2Fv2%2Fmedia&parent=2052904"}],"wp:term":[{"taxonomy":"category","embeddable":true,"href":"https:\/\/analyse.optim.biz\/index.php?rest_route=%2Fwp%2Fv2%2Fcategories&post=2052904"},{"taxonomy":"post_tag","embeddable":true,"href":"https:\/\/analyse.optim.biz\/index.php?rest_route=%2Fwp%2Fv2%2Ftags&post=2052904"}],"curies":[{"name":"wp","href":"https:\/\/api.w.org\/{rel}","templated":true}]}}