{"id":2052901,"date":"2026-07-20T19:20:38","date_gmt":"2026-07-20T16:20:38","guid":{"rendered":"https:\/\/analyse.optim.biz\/?p=2052901"},"modified":"2026-07-20T19:20:38","modified_gmt":"2026-07-20T16:20:38","slug":"nicusor-dan-a-promulgat-legea-initiata-de-george-simion-si-alti-sase-parlamentari-aur-de-instituire-a-anului-2026-drept-anul-statelor-unite-ale-americii-in-romania","status":"publish","type":"post","link":"https:\/\/analyse.optim.biz\/?p=2052901","title":{"rendered":"Nicu\u0219or Dan a promulgat legea ini\u021biat\u0103 de George Simion \u0219i al\u021bi \u0219ase parlamentari AUR de instituire a anului 2026 drept Anul Statelor Unite ale Americii \u00een Rom\u00e2nia"},"content":{"rendered":"<p>[analyse_image type=&#8221;featured&#8221; src=&#8221;https:\/\/r3media.ro\/wp-content\/uploads\/2025\/07\/nicusor-dan.pnghttps:\/\/r3media.ro\/wp-content\/uploads\/2025\/07\/nicusor-dan.png&#8221;]<\/p>\n<article id=\"template-id-109\" class=\"post-109 tdb_templates type-tdb_templates status-publish post\">\n<div id=\"tdi_2\" class=\"tdc-zone\">\n<div class=\"tdc_zone tdi_3  wpb_row td-pb-row\">\n<div id=\"tdi_4\" class=\"tdc-row\">\n<div class=\"vc_row tdi_5  wpb_row td-pb-row\">\n<div class=\"vc_column tdi_7  wpb_column vc_column_container tdc-column td-pb-span8\">\n<div class=\"wpb_wrapper\">\n<div class=\"td_block_wrap tdb_breadcrumbs tdi_8 td-pb-border-top td_block_template_1 tdb-breadcrumbs \" data-td-block-uid=\"tdi_8\">\n<div class=\"tdb-block-inner td-fix-index\"><span><a title=\"Vede\u021bi toate articolele \u00een FEATURED\" class=\"tdb-entry-crumb\" href=\"https:\/\/r3media.ro\/category\/featured\/\">FEATURED<\/a><\/span><span class=\"tdb-bred-no-url-last\">Nicu\u0219or Dan a promulgat legea ini\u021biat\u0103 de George Simion \u0219i al\u021bi \u0219ase&#8230;<\/span><\/div>\n<\/div>\n<div class=\"td_block_wrap tdb_single_categories tdi_9 td-pb-border-top td_block_template_1 \" data-td-block-uid=\"tdi_9\">\n<div class=\"tdb-category td-fix-index\"><a class=\"tdb-entry-category\" href=\"https:\/\/r3media.ro\/category\/featured\/\">FEATURED<\/a><a class=\"tdb-entry-category\" href=\"https:\/\/r3media.ro\/category\/stiri\/\">\u0218TIRI<\/a><\/div>\n<\/div>\n<div class=\"td_block_wrap tdb_title tdi_10 tdb-single-title td-pb-border-top td_block_template_1\" data-td-block-uid=\"tdi_10\">\n<div class=\"tdb-block-inner td-fix-index\">\n<h1 class=\"tdb-title-text\">Nicu\u0219or Dan a promulgat legea ini\u021biat\u0103 de George Simion \u0219i al\u021bi \u0219ase parlamentari AUR de instituire a anului 2026 drept Anul Statelor Unite ale Americii \u00een Rom\u00e2nia<\/h1>\n<\/div>\n<\/div>\n<div class=\"vc_row_inner tdi_12  vc_row vc_inner wpb_row td-pb-row\">\n<div class=\"vc_column_inner tdi_14  wpb_column vc_column_container tdc-inner-column td-pb-span12\">\n<div class=\"vc_column-inner\">\n<div class=\"wpb_wrapper\">\n<div class=\"td_block_wrap tdb_single_author tdi_15 td-pb-border-top td_block_template_1 tdb-post-meta\" data-td-block-uid=\"tdi_15\">\n<div class=\"tdb-block-inner td-fix-index\">\n<div class=\"tdb-author-name-wrap\"><a class=\"tdb-author-name\" href=\"https:\/\/r3media.ro\/author\/oana\/\">Oana Ivan<\/a><\/div>\n<\/div>\n<\/div>\n<div class=\"td_block_wrap tdb_single_date tdi_16 td-pb-border-top td_block_template_1 tdb-post-meta\" data-td-block-uid=\"tdi_16\">\n<div class=\"tdb-block-inner td-fix-index\"><time class=\"entry-date updated td-module-date\" datetime=\"2026-07-20T22:20:38+03:00\">20\/07\/2026<\/time><\/div>\n<\/div>\n<\/div>\n<\/div>\n<\/div>\n<\/div>\n<div class=\"td_block_wrap tdb_single_featured_image tdi_17 tdb-content-horiz-left td-pb-border-top td_block_template_1\" data-td-block-uid=\"tdi_17\">\n<div class=\"tdb-block-inner td-fix-index\">\n<figure><figcaption class=\"tdb-caption-text\">Surs\u0103 &#8211; Pre\u0219edin\u021bia Rom\u00e2niei<\/figcaption><\/figure>\n<\/div>\n<\/div>\n<div class=\"td_block_wrap tdb_single_content tdi_18 td-pb-border-top td_block_template_1 td-post-content tagdiv-type\" data-td-block-uid=\"tdi_18\">\n<div class=\"tdb-block-inner td-fix-index\">\n<p><strong>Pre\u0219edintele <a href=\"https:\/\/r3media.ro\/tag\/nicusor-dan\/\" target=\"_blank\" rel=\"noopener\">Nicu\u0219or Dan<\/a> a promulgat Legea pentru instituirea anului 2026 ca Anul Statelor Unite ale Americii \u00een Rom\u00e2nia. PL-x 266\/2026 a venit la ini\u021biativa a \u0219apte deputa\u021bi \u0219i senatori de la AUR, inclusiv liderul partidului, <a href=\"https:\/\/r3media.ro\/tag\/george-simion\/\" target=\"_blank\" rel=\"noopener\">George Simion<\/a>. Este vorba de:<\/strong><\/p>\n<ul>\n<li>Enache Mihai-Adrian;<\/li>\n<li>Lovin Ramona;<\/li>\n<li>Radu Fabian-Cristian;<\/li>\n<li>Dumitrescu Cristina-Gabriella;<\/li>\n<li>Peiu Petri\u015for-Gabriel;<\/li>\n<li>Pl\u0103e\u015fu Lauren\u0163iu.<\/li>\n<\/ul>\n<p>Propunerea legislativ\u0103 are ca obiect de reglementare instituirea anului 2026 ca Anul Statelor Unite ale Americii \u00een Rom\u00e2nia. Potrivit ini\u0163iativei, cu acest prilej se pot organiza evenimente menite s\u0103 consolideze rela\u0163ia strategic\u0103 rom\u00e2no-american\u0103 \u015fi s\u0103 reafirme angajamentul Rom\u00e2niei fa\u0163\u0103 de valorile lumii libere, libertatea de exprimare \u015fi democra\u0163ia autentic\u0103.<\/p>\n<p>Decret privind promulgarea Legii pentru instituirea anului 2026 ca Anul Statelor Unite ale Americii \u00een Rom\u00e2nia (PL-x 266\/2026) a fost semnat de Nicu\u0219or Dan, al\u0103turi de mai multe decrete, luni, 20 iulie 2026.<\/p>\n<div class=\"crp_related     crp-masonry\">\n<h2>\u00ceN CONTEXT<\/h2>\n<ul>\n<li><a href=\"https:\/\/r3media.ro\/fara-tine-in-google-r3media-dispare-iata-ce-poti-face-in-10-secunde\/\" class=\"crp_link post-119031\"><span class=\"crp_title\">F\u0103r\u0103 tine \u00een Google, R3media dispare. Iat\u0103 ce po\u021bi face \u00een 10 secunde<\/span><\/a><\/li>\n<li><a href=\"https:\/\/r3media.ro\/george-simion-guvernul-vestea-aur-nicusor-dan\/\" class=\"crp_link post-118821\"><span class=\"crp_title\">George Simion: Guvernul Ve\u0219tea nu va beneficia de sprijinul AUR. Nicu\u0219or Dan s\u0103 ias\u0103 public\u2026<\/span><\/a><\/li>\n<li><a href=\"https:\/\/r3media.ro\/nicusor-dan-diploma-de-licenta-sustine-fostul-profesor-universitar-horea-mihai-badau-olimpic-mintit-profesori-franta-studii-romania-universitatea-din-bucuresti-a-confirma\/\" class=\"crp_link post-114599\"><span class=\"crp_title\">Nicu\u0219or Dan nu are diplom\u0103 de Licen\u021b\u0103, sus\u021bine fostul profesor universitar Horea Mihai\u2026<\/span><\/a><\/li>\n<li><a href=\"https:\/\/r3media.ro\/nu-va-fi-usor-va-fi-nicusor-toata-floarea-cea-vestita-a-sarmalistilor-de-la-cotroceni-se-declara-trasa-pe-sfoara-de-nicusor-dan\/\" class=\"crp_link post-115823\"><span class=\"crp_title\">Nu va fi u\u0219or, va fi Nicu\u0219or | Toat\u0103 floarea cea vestit\u0103 a \u201esarmali\u0219tilor\u201c de la Cotroceni\u2026<\/span><\/a><\/li>\n<li><a href=\"https:\/\/r3media.ro\/frizer-obtinut-teza-de-doctorat-nicusor-dan-scanat-profesor-horea-badau-incepe-verificare-plagiat-foto\/\" class=\"crp_link post-114992\"><span class=\"crp_title\">FOTO | Un frizer a reu\u0219it s\u0103 ob\u021bin\u0103 teza de doctorat a lui Nicu\u0219or Dan, a scanat-o \u0219i i-a\u2026<\/span><\/a><\/li>\n<li><a href=\"https:\/\/r3media.ro\/oamenii-buni-dezic-nicusor-dan-presedinte-dat-afara-ludovic-orban-dan-teodorescu-taxi-marian-godina-radu-hossu-radu-buzaianu-andrei-caramitru-oua-otet-seful-statului\/\" class=\"crp_link post-114196\"><span class=\"crp_title\">\u201eOamenii buni\u201c se dezic de Nicu\u0219or Dan dup\u0103 ce pre\u0219edintele l-a dat afar\u0103 pe Ludovic Orban.\u2026<\/span><\/a><\/li>\n<li><a href=\"https:\/\/r3media.ro\/nicusor-dan-dezvaluit-rusi-plan-operational-secret-coalitia-de-vointa-aparare-ucraina-profesor-valentin-stan-nenorociri-presedintele-romaniei\/\" class=\"crp_link post-114767\"><span class=\"crp_title\">VIDEO | Nicu\u0219or Dan le-a dezv\u0103luit ru\u0219ilor planul secret de r\u0103spuns al Coali\u021biei de Voin\u021b\u0103\u2026<\/span><\/a><\/li>\n<li><a href=\"https:\/\/r3media.ro\/aur-consultari-nicusor-dan-george-simion-dan-dungaciu-petrisor-peiu\/\" class=\"crp_link post-116407\"><span class=\"crp_title\">Echipa AUR care se va prezenta la consult\u0103rile cu Nicu\u0219or Dan: George Simion, Dan Dungaciu\u2026<\/span><\/a><\/li>\n<\/ul>\n<\/div>\n<\/div>\n<\/div>\n<div class=\"td_block_wrap tdb_single_tags tdi_19 td-pb-border-top td_block_template_1\" data-td-block-uid=\"tdi_19\">\n<div class=\"tdb-block-inner td-fix-index\">\n<ul class=\"tdb-tags\">\n<li><span>SUBIECTE FIERBIN\u021aI<\/span><\/li>\n<li><a href=\"https:\/\/r3media.ro\/tag\/alianta-pentru-unirea-romanilor-aur\/\">Alian\u021ba pentru Unirea Rom\u00e2nilor (AUR)<\/a><\/li>\n<li><a href=\"https:\/\/r3media.ro\/tag\/george-simion\/\">george simion<\/a><\/li>\n<li><a href=\"https:\/\/r3media.ro\/tag\/nicusor-dan\/\">nicusor dan<\/a><\/li>\n<\/ul>\n<\/div>\n<\/div>\n<div class=\"td_block_wrap td_block_9 tdi_20 td_with_ajax_pagination td-pb-border-top td_block_template_1 td-column-2 td_block_padding td_block_bot_line\" data-td-block-uid=\"tdi_20\">\n<div class=\"td-block-title-wrap\">\n<h4 class=\"block-title td-block-title\"><span class=\"td-pulldown-size\">CITE\u0218TE MAI MULT<\/span><\/h4>\n<\/div>\n<div id=\"tdi_20\" class=\"td_block_inner\">\n<div class=\"td-block-row\">\n<div class=\"td-block-span6\">\n<div class=\"td_module_8 td_module_wrap\">\n<div class=\"item-details\">\n<h3 class=\"entry-title td-module-title\"><a href=\"https:\/\/r3media.ro\/spania-invinge-argentina-castiga-cupa-mondiala\/\" rel=\"bookmark\" title=\"Spania a \u00eenvins Argentina \u0219i a c\u00e2\u0219tigat Cupa Mondial\u0103 pentru a doua oar\u0103 \u00een istorie\">Spania a \u00eenvins Argentina \u0219i a c\u00e2\u0219tigat Cupa Mondial\u0103 pentru a doua oar\u0103 \u00een&#8230;<\/a><\/h3>\n<div class=\"td-module-meta-info\"><a href=\"https:\/\/r3media.ro\/category\/actualitate\/\" class=\"td-post-category\">ACTUALITATE<\/a><span class=\"td-post-author-name\"><a href=\"https:\/\/r3media.ro\/author\/oana\/\">Oana Ivan<\/a><span>&#8211;<\/span><\/span><span class=\"td-post-date\"><time class=\"entry-date updated td-module-date\" datetime=\"2026-07-20T01:04:07+03:00\">20\/07\/2026<\/time><\/span><\/div>\n<\/div>\n<\/div>\n<\/div>\n<div class=\"td-block-span6\">\n<div class=\"td_module_8 td_module_wrap\">\n<div class=\"item-details\">\n<h3 class=\"entry-title td-module-title\"><a href=\"https:\/\/r3media.ro\/prapad-busteni-valea-prahovei-statiuni-ploi-viitura-oameni-raniti-masini-avariate-case-inundate\/\" rel=\"bookmark\" title=\"VIDEO | Pr\u0103p\u0103d la Bu\u0219teni! Ploile au cauzat o viitur\u0103 care a m\u0103turat tot \u00een cale \u00een sta\u021biunile de pe valea Prahovei: oameni r\u0103ni\u021bi, ma\u0219ini avariate \u0219i locuin\u021be inundate\">VIDEO | Pr\u0103p\u0103d la Bu\u0219teni! Ploile au cauzat o viitur\u0103 care a m\u0103turat tot&#8230;<\/a><\/h3>\n<div class=\"td-module-meta-info\"><a href=\"https:\/\/r3media.ro\/category\/actualitate\/\" class=\"td-post-category\">ACTUALITATE<\/a><span class=\"td-post-author-name\"><a href=\"https:\/\/r3media.ro\/author\/oana\/\">Oana Ivan<\/a><span>&#8211;<\/span><\/span><span class=\"td-post-date\"><time class=\"entry-date updated td-module-date\" datetime=\"2026-07-19T19:07:45+03:00\">19\/07\/2026<\/time><\/span><\/div>\n<\/div>\n<\/div>\n<\/div>\n<\/div>\n<div class=\"td-block-row\">\n<div class=\"td-block-span6\">\n<div class=\"td_module_8 td_module_wrap\">\n<div class=\"item-details\">\n<h3 class=\"entry-title td-module-title\"><a href=\"https:\/\/r3media.ro\/parinte-adrian-agachi-reactie-declaratii-ora-de-religie-corina-atanasiu-usr-totalitarism\/\" rel=\"bookmark\" title=\"P\u0103rintele Adrian Agachi a reac\u021bionat la afirma\u021biile despre ora de Religie f\u0103cute de Corina Atanasiu (USR): E inadmisibil s\u0103 ne \u00eentoarcem la discursuri totalitare. Scuzele ar fi absolut necesare\">P\u0103rintele Adrian Agachi a reac\u021bionat la afirma\u021biile despre ora de Religie f\u0103cute de Corina&#8230;<\/a><\/h3>\n<div class=\"td-module-meta-info\"><a href=\"https:\/\/r3media.ro\/category\/actualitate\/\" class=\"td-post-category\">ACTUALITATE<\/a><span class=\"td-post-author-name\"><a href=\"https:\/\/r3media.ro\/author\/oana\/\">Oana Ivan<\/a><span>&#8211;<\/span><\/span><span class=\"td-post-date\"><time class=\"entry-date updated td-module-date\" datetime=\"2026-07-19T02:45:37+03:00\">19\/07\/2026<\/time><\/span><\/div>\n<\/div>\n<\/div>\n<\/div>\n<div class=\"td-block-span6\">\n<div class=\"td_module_8 td_module_wrap\">\n<div class=\"item-details\">\n<h3 class=\"entry-title td-module-title\"><a href=\"https:\/\/r3media.ro\/candidat-barbat-partidul-democrat-sua-menstruatie-sangerare-rect\/\" rel=\"bookmark\" title=\"VIDEO | Un b\u0103rbat care candideaz\u0103 de la Partidul Democrat din SUA ar fi sus\u021binut c\u0103 are menstrua\u021bie \u0219i elimin\u0103 s\u00e2ngele prin rect\">VIDEO | Un b\u0103rbat care candideaz\u0103 de la Partidul Democrat din SUA ar fi&#8230;<\/a><\/h3>\n<div class=\"td-module-meta-info\"><a href=\"https:\/\/r3media.ro\/category\/actualitate\/\" class=\"td-post-category\">ACTUALITATE<\/a><span class=\"td-post-author-name\"><a href=\"https:\/\/r3media.ro\/author\/oana\/\">Oana Ivan<\/a><span>&#8211;<\/span><\/span><span class=\"td-post-date\"><time class=\"entry-date updated td-module-date\" datetime=\"2026-07-19T02:19:11+03:00\">19\/07\/2026<\/time><\/span><\/div>\n<\/div>\n<\/div>\n<\/div>\n<\/div>\n<div class=\"td-block-row\">\n<div class=\"td-block-span6\">\n<div class=\"td_module_8 td_module_wrap\">\n<div class=\"item-details\">\n<h3 class=\"entry-title td-module-title\"><a href=\"https:\/\/r3media.ro\/criza-apei-grecia-sapte-insule-stare-de-urgenta-localnici-recolte\/\" rel=\"bookmark\" title=\"Criza apei pe \u0219apte insule din Grecia: A fost emis\u0103 stare de urgen\u021b\u0103. Localnicii nu mai au cu ce s\u0103-\u0219i ude recoltele\">Criza apei pe \u0219apte insule din Grecia: A fost emis\u0103 stare de urgen\u021b\u0103. Localnicii&#8230;<\/a><\/h3>\n<div class=\"td-module-meta-info\"><a href=\"https:\/\/r3media.ro\/category\/actualitate\/\" class=\"td-post-category\">ACTUALITATE<\/a><span class=\"td-post-author-name\"><a href=\"https:\/\/r3media.ro\/author\/oana\/\">Oana Ivan<\/a><span>&#8211;<\/span><\/span><span class=\"td-post-date\"><time class=\"entry-date updated td-module-date\" datetime=\"2026-07-16T17:55:42+03:00\">16\/07\/2026<\/time><\/span><\/div>\n<\/div>\n<\/div>\n<\/div>\n<div class=\"td-block-span6\">\n<div class=\"td_module_8 td_module_wrap\">\n<div class=\"item-details\">\n<h3 class=\"entry-title td-module-title\"><a href=\"https:\/\/r3media.ro\/prof-ioan-aurel-pop-ong-antisemitism-xenofobie\/\" rel=\"bookmark\" title=\"Prof. Ioan-Aurel Pop: Anumite ONG-uri vor s\u0103 \u00eent\u0103reasc\u0103 antisemitismul \u0219i xenofobia, pentru c\u0103 ele s-au \u00eenfiin\u021bat ca s\u0103 combat\u0103 asemenea lucruri\">Prof. Ioan-Aurel Pop: Anumite ONG-uri vor s\u0103 \u00eent\u0103reasc\u0103 antisemitismul \u0219i xenofobia, pentru c\u0103 ele&#8230;<\/a><\/h3>\n<div class=\"td-module-meta-info\"><a href=\"https:\/\/r3media.ro\/category\/actualitate\/\" class=\"td-post-category\">ACTUALITATE<\/a><span class=\"td-post-author-name\"><a href=\"https:\/\/r3media.ro\/author\/radu_ursan\/\">Radu Ursan<\/a><span>&#8211;<\/span><\/span><span class=\"td-post-date\"><time class=\"entry-date updated td-module-date\" datetime=\"2026-07-16T15:28:25+03:00\">16\/07\/2026<\/time><\/span><\/div>\n<\/div>\n<\/div>\n<\/div>\n<\/div>\n<div class=\"td-block-row\">\n<div class=\"td-block-span6\">\n<div class=\"td_module_8 td_module_wrap\">\n<div class=\"item-details\">\n<h3 class=\"entry-title td-module-title\"><a href=\"https:\/\/r3media.ro\/deznationala-frantei-a-invins-franta\/\" rel=\"bookmark\" title=\"Dezna\u021bionala Fran\u021bei a \u00eenvins Fran\u021ba \u00a0\u00a0\">Dezna\u021bionala Fran\u021bei a \u00eenvins Fran\u021ba \u00a0\u00a0<\/a><\/h3>\n<div class=\"td-module-meta-info\"><a href=\"https:\/\/r3media.ro\/category\/actualitate\/\" class=\"td-post-category\">ACTUALITATE<\/a><span class=\"td-post-author-name\"><a href=\"https:\/\/r3media.ro\/author\/tru\/\">TRU (Traian Ungureanu)<\/a><span>&#8211;<\/span><\/span><span class=\"td-post-date\"><time class=\"entry-date updated td-module-date\" datetime=\"2026-07-15T20:57:25+03:00\">15\/07\/2026<\/time><\/span><\/div>\n<\/div>\n<\/div>\n<\/div>\n<div class=\"td-block-span6\">\n<div class=\"td_module_8 td_module_wrap\">\n<div class=\"item-details\">\n<h3 class=\"entry-title td-module-title\"><a href=\"https:\/\/r3media.ro\/revolte-violente-franta-eliminare-cupa-mondiala-spania-video\/\" rel=\"bookmark\" title=\"VIDEO | Revolte violente \u00een Fran\u021ba dup\u0103 eliminarea de la Cupa Mondial\u0103\">VIDEO | Revolte violente \u00een Fran\u021ba dup\u0103 eliminarea de la Cupa Mondial\u0103<\/a><\/h3>\n<div class=\"td-module-meta-info\"><a href=\"https:\/\/r3media.ro\/category\/actualitate\/\" class=\"td-post-category\">ACTUALITATE<\/a><span class=\"td-post-author-name\"><a href=\"https:\/\/r3media.ro\/author\/oana\/\">Oana Ivan<\/a><span>&#8211;<\/span><\/span><span class=\"td-post-date\"><time class=\"entry-date updated td-module-date\" datetime=\"2026-07-15T15:35:05+03:00\">15\/07\/2026<\/time><\/span><\/div>\n<\/div>\n<\/div>\n<\/div>\n<\/div>\n<div class=\"td-block-row\">\n<div class=\"td-block-span6\">\n<div class=\"td_module_8 td_module_wrap\">\n<div class=\"item-details\">\n<h3 class=\"entry-title td-module-title\"><a href=\"https:\/\/r3media.ro\/cine-este-cu-adevarat-francez\/\" rel=\"bookmark\" title=\"Cine este cu adev\u0103rat francez?\">Cine este cu adev\u0103rat francez?<\/a><\/h3>\n<div class=\"td-module-meta-info\"><a href=\"https:\/\/r3media.ro\/category\/actualitate\/\" class=\"td-post-category\">ACTUALITATE<\/a><span class=\"td-post-author-name\"><a href=\"https:\/\/r3media.ro\/author\/gabipopa\/\">Gabriel Popa<\/a><span>&#8211;<\/span><\/span><span class=\"td-post-date\"><time class=\"entry-date updated td-module-date\" datetime=\"2026-07-15T09:52:34+03:00\">15\/07\/2026<\/time><\/span><\/div>\n<\/div>\n<\/div>\n<\/div>\n<div class=\"td-block-span6\">\n<div class=\"td_module_8 td_module_wrap\">\n<div class=\"item-details\">\n<h3 class=\"entry-title td-module-title\"><a href=\"https:\/\/r3media.ro\/ioan-aurel-pop-lege-vexler-razboi-istoria\/\" rel=\"bookmark\" title=\"Ioan-Aurel Pop critic\u0103 legea Vexler \u00eentr-un articol de neratat: Nu putem s\u0103 ducem un r\u0103zboi cu istoria\">Ioan-Aurel Pop critic\u0103 legea Vexler \u00eentr-un articol de neratat: Nu putem s\u0103 ducem un&#8230;<\/a><\/h3>\n<div class=\"td-module-meta-info\"><a href=\"https:\/\/r3media.ro\/category\/actualitate\/\" class=\"td-post-category\">ACTUALITATE<\/a><span class=\"td-post-author-name\"><a href=\"https:\/\/r3media.ro\/author\/radu_ursan\/\">Radu Ursan<\/a><span>&#8211;<\/span><\/span><span class=\"td-post-date\"><time class=\"entry-date updated td-module-date\" datetime=\"2026-07-12T21:42:54+03:00\">12\/07\/2026<\/time><\/span><\/div>\n<\/div>\n<\/div>\n<\/div>\n<\/div>\n<div class=\"td-block-row\">\n<div class=\"td-block-span6\">\n<div class=\"td_module_8 td_module_wrap\">\n<div class=\"item-details\">\n<h3 class=\"entry-title td-module-title\"><a href=\"https:\/\/r3media.ro\/scandalul-rachetelor-patriot-zguduie-polonia-varsovia-declasifica-tot-ajutorul-militar-acordat-ucrainei\/\" rel=\"bookmark\" title=\"Scandalul rachetelor Patriot zguduie Polonia: Var\u0219ovia declasific\u0103 tot ajutorul militar acordat Ucrainei\">Scandalul rachetelor Patriot zguduie Polonia: Var\u0219ovia declasific\u0103 tot ajutorul militar acordat Ucrainei<\/a><\/h3>\n<div class=\"td-module-meta-info\"><a href=\"https:\/\/r3media.ro\/category\/stiri\/\" class=\"td-post-category\">\u0218TIRI<\/a><span class=\"td-post-author-name\"><a href=\"https:\/\/r3media.ro\/author\/radu_ursan\/\">Radu Ursan<\/a><span>&#8211;<\/span><\/span><span class=\"td-post-date\"><time class=\"entry-date updated td-module-date\" datetime=\"2026-07-12T20:43:04+03:00\">12\/07\/2026<\/time><\/span><\/div>\n<\/div>\n<\/div>\n<\/div>\n<div class=\"td-block-span6\">\n<div class=\"td_module_8 td_module_wrap\">\n<div class=\"item-details\">\n<h3 class=\"entry-title td-module-title\"><a href=\"https:\/\/r3media.ro\/ce-ne-facem-cu-atatia-prosti\/\" rel=\"bookmark\" title=\"Ce ne facem cu at\u00e2\u021bia pro\u0219ti?\">Ce ne facem cu at\u00e2\u021bia pro\u0219ti?<\/a><\/h3>\n<div class=\"td-module-meta-info\"><a href=\"https:\/\/r3media.ro\/category\/opinii\/\" class=\"td-post-category\">OPINII<\/a><span class=\"td-post-author-name\"><a href=\"https:\/\/r3media.ro\/author\/alexandru_racu\/\">Alexandru Racu<\/a><span>&#8211;<\/span><\/span><span class=\"td-post-date\"><time class=\"entry-date updated td-module-date\" datetime=\"2026-07-12T14:11:45+03:00\">12\/07\/2026<\/time><\/span><\/div>\n<\/div>\n<\/div>\n<\/div>\n<\/div>\n<\/div>\n<div class=\"td-load-more-wrap td-load-more-infinite-wrap\" id=\"infinite-lm-tdi_20\"><a href=\"https:\/\/r3media.ro\/nicusor-dan-promulga-lege-initiata-aur-instituire-anul2026-anul-statelor-unite-ale-americii-in-romania\/\" class=\"td_ajax_load_more td_ajax_load_more_js\" aria-label=\"\u00cenc\u0103rca\u021bi mai multe\" id=\"next-page-tdi_20\" data-td_block_id=\"tdi_20\">\u00cenc\u0103rca\u021bi mai multe<\/a><\/div>\n<\/div>\n<div class=\"td_block_wrap tdb_single_comments tdi_21 tdb-comm-layout2 td-pb-border-top td_block_template_1\" data-td-block-uid=\"tdi_21\">\n<div class=\"tdb-block-inner td-fix-index\">\n<div class=\"comments\" id=\"comments\">\n<div id=\"respond\" class=\"comment-respond\">\n<h3 id=\"reply-title\" class=\"comment-reply-title\">AI CEVA DE SPUS? <small><a rel=\"nofollow\" id=\"cancel-comment-reply-link\" href=\"https:\/\/r3media.ro\/nicusor-dan-promulga-lege-initiata-aur-instituire-anul2026-anul-statelor-unite-ale-americii-in-romania\/#respond\">Renun\u021ba\u021bi la r\u0103spuns<\/a><\/small><\/h3>\n<div class=\"comment-form-input-wrap td-form-comment\">\n<div class=\"td-warning-comment\">V\u0103 rug\u0103m s\u0103 introduce\u021bi comentariul dvs.!<\/div>\n<\/div>\n<div class=\"comment-form-input-wrap td-form-author\">\n<div class=\"td-warning-author\">Introduce\u021bi aici numele dvs.<\/div>\n<\/div>\n<div class=\"comment-form-input-wrap td-form-email\">\n<div class=\"td-warning-email-error\">A\u021bi introdus o adres\u0103 de e-mail incorect\u0103!<\/div>\n<div class=\"td-warning-email\">V\u0103 rug\u0103m s\u0103 introduce\u021bi adresa dvs. de e-mail aici<\/div>\n<\/div>\n<\/div>\n<\/div>\n<\/div>\n<\/div>\n<\/div>\n<\/div>\n<div class=\"vc_column tdi_23  wpb_column vc_column_container tdc-column td-pb-span4 td-is-sticky\">\n<div class=\"wpb_wrapper\" data-sticky-enabled-on=\"W3RydWUsdHJ1ZSx0cnVlLHRydWVd\" data-sticky-offset=\"20\" data-sticky-is-width-auto=\"W2ZhbHNlLGZhbHNlLGZhbHNlLGZhbHNlXQ==\">\n<div class=\"wpb_wrapper td_block_wrap vc_widget_sidebar tdi_25 \">\n<div class=\"td_block_wrap td_block_7 td_block_widget tdi_26 td-pb-border-top td_block_template_1 td-column-1 td_block_padding\" data-td-block-uid=\"tdi_26\">\n<div class=\"td-block-title-wrap\">\n<h4 class=\"block-title td-block-title\"><span class=\"td-pulldown-size\">Articole RELA\u021aIONATE<\/span><\/h4>\n<\/div>\n<div id=\"tdi_26\" class=\"td_block_inner\">\n<div class=\"td-block-span12\">\n<div class=\"td_module_6 td_module_wrap td-animation-stack\">\n<div class=\"td-module-thumb\"><a href=\"https:\/\/r3media.ro\/cehia-interzice-telefoanele-in-scoli\/\" rel=\"bookmark\" class=\"td-image-wrap \" title=\"Cehia se preg\u0103te\u0219te s\u0103 interzic\u0103 telefoanele mobile \u00een \u0219coli\"><img loading=\"lazy\" decoding=\"async\" class=\"entry-thumb\" src=\"https:\/\/r3media.ro\/wp-content\/uploads\/2023\/07\/copil-pe-telefon-100x70.jpg\" alt title=\"Cehia se preg\u0103te\u0219te s\u0103 interzic\u0103 telefoanele mobile \u00een \u0219coli\" width=\"100\" height=\"70\"><\/a><\/div>\n<div class=\"item-details\">\n<h3 class=\"entry-title td-module-title\"><a href=\"https:\/\/r3media.ro\/cehia-interzice-telefoanele-in-scoli\/\" rel=\"bookmark\" title=\"Cehia se preg\u0103te\u0219te s\u0103 interzic\u0103 telefoanele mobile \u00een \u0219coli\">Cehia se preg\u0103te\u0219te s\u0103 interzic\u0103 telefoanele mobile \u00een \u0219coli<\/a><\/h3>\n<div class=\"td-module-meta-info\"><span class=\"td-post-date\"><time class=\"entry-date updated td-module-date\" datetime=\"2026-07-20T22:34:13+03:00\">20\/07\/2026<\/time><\/span><\/div>\n<\/div>\n<\/div>\n<\/div>\n<div class=\"td-block-span12\">\n<div class=\"td_module_6 td_module_wrap td-animation-stack\">\n<div class=\"td-module-thumb\"><a href=\"https:\/\/r3media.ro\/mihail-neamtu-oblgatie-romania\/\" rel=\"bookmark\" class=\"td-image-wrap \" title=\"Mihail Neam\u021bu: Suntem o \u021bar\u0103 mic\u0103, iar singura obliga\u021bie a politicienilor de la Bucure\u0219ti e s\u0103 nu introduc\u0103 Rom\u00e2nia \u00eentr-un r\u0103zboi stupid \u0219i perdant\"><img loading=\"lazy\" decoding=\"async\" class=\"entry-thumb\" src=\"https:\/\/r3media.ro\/wp-content\/uploads\/2025\/06\/preoti-cernauti-nicusor-dan-100x70.png\" alt title=\"Mihail Neam\u021bu: Suntem o \u021bar\u0103 mic\u0103, iar singura obliga\u021bie a politicienilor de la Bucure\u0219ti e s\u0103 nu introduc\u0103 Rom\u00e2nia \u00eentr-un r\u0103zboi stupid \u0219i perdant\" width=\"100\" height=\"70\"><\/a><\/div>\n<div class=\"item-details\">\n<h3 class=\"entry-title td-module-title\"><a href=\"https:\/\/r3media.ro\/mihail-neamtu-oblgatie-romania\/\" rel=\"bookmark\" title=\"Mihail Neam\u021bu: Suntem o \u021bar\u0103 mic\u0103, iar singura obliga\u021bie a politicienilor de la Bucure\u0219ti e s\u0103 nu introduc\u0103 Rom\u00e2nia \u00eentr-un r\u0103zboi stupid \u0219i perdant\">Mihail Neam\u021bu: Suntem o \u021bar\u0103 mic\u0103, iar singura obliga\u021bie a politicienilor&#8230;<\/a><\/h3>\n<div class=\"td-module-meta-info\"><span class=\"td-post-date\"><time class=\"entry-date updated td-module-date\" datetime=\"2026-07-20T22:01:16+03:00\">20\/07\/2026<\/time><\/span><\/div>\n<\/div>\n<\/div>\n<\/div>\n<div class=\"td-block-span12\">\n<div class=\"td_module_6 td_module_wrap td-animation-stack\">\n<div class=\"td-module-thumb\"><a href=\"https:\/\/r3media.ro\/21-iulie-sfintii-cuviosi-rafael-si-partenie-de-la-agapia-veche\/\" rel=\"bookmark\" class=\"td-image-wrap \" title=\"Calendarul zilei 21 iulie: Sfin\u021bii Cuvio\u0219i Rafael \u0219i Partenie de la Agapia Veche\"><img loading=\"lazy\" decoding=\"async\" class=\"entry-thumb\" src=\"https:\/\/r3media.ro\/wp-content\/uploads\/2023\/07\/maxresdefault-6-100x70.jpg\" alt title=\"Calendarul zilei 21 iulie: Sfin\u021bii Cuvio\u0219i Rafael \u0219i Partenie de la Agapia Veche\" width=\"100\" height=\"70\"><\/a><\/div>\n<div class=\"item-details\">\n<h3 class=\"entry-title td-module-title\"><a href=\"https:\/\/r3media.ro\/21-iulie-sfintii-cuviosi-rafael-si-partenie-de-la-agapia-veche\/\" rel=\"bookmark\" title=\"Calendarul zilei 21 iulie: Sfin\u021bii Cuvio\u0219i Rafael \u0219i Partenie de la Agapia Veche\">Calendarul zilei 21 iulie: Sfin\u021bii Cuvio\u0219i Rafael \u0219i Partenie de la&#8230;<\/a><\/h3>\n<div class=\"td-module-meta-info\"><span class=\"td-post-date\"><time class=\"entry-date updated td-module-date\" datetime=\"2026-07-20T21:08:00+03:00\">20\/07\/2026<\/time><\/span><\/div>\n<\/div>\n<\/div>\n<\/div>\n<div class=\"td-block-span12\">\n<div class=\"td_module_6 td_module_wrap td-animation-stack\">\n<div class=\"td-module-thumb\"><a href=\"https:\/\/r3media.ro\/andy-burnham-premier-marea-britanie-rol-aderare-romania-uniunea-europeana\/\" rel=\"bookmark\" class=\"td-image-wrap \" title=\"Andy Burnham a fost numit premier al Marii Britanii: Laburistul a jucat un rol hot\u0103r\u00e2tor \u00een aderarea Rom\u00e2niei la UE\"><img loading=\"lazy\" decoding=\"async\" class=\"entry-thumb\" src=\"https:\/\/r3media.ro\/wp-content\/uploads\/2026\/07\/andy-burnham-100x70.png\" alt title=\"Andy Burnham a fost numit premier al Marii Britanii: Laburistul a jucat un rol hot\u0103r\u00e2tor \u00een aderarea Rom\u00e2niei la UE\" width=\"100\" height=\"70\"><\/a><\/div>\n<div class=\"item-details\">\n<h3 class=\"entry-title td-module-title\"><a href=\"https:\/\/r3media.ro\/andy-burnham-premier-marea-britanie-rol-aderare-romania-uniunea-europeana\/\" rel=\"bookmark\" title=\"Andy Burnham a fost numit premier al Marii Britanii: Laburistul a jucat un rol hot\u0103r\u00e2tor \u00een aderarea Rom\u00e2niei la UE\">Andy Burnham a fost numit premier al Marii Britanii: Laburistul a&#8230;<\/a><\/h3>\n<div class=\"td-module-meta-info\"><span class=\"td-post-date\"><time class=\"entry-date updated td-module-date\" datetime=\"2026-07-20T16:01:59+03:00\">20\/07\/2026<\/time><\/span><\/div>\n<\/div>\n<\/div>\n<\/div>\n<div class=\"td-block-span12\">\n<div class=\"td_module_6 td_module_wrap td-animation-stack\">\n<div class=\"td-module-thumb\"><a href=\"https:\/\/r3media.ro\/grecia-ar-putea-bloca-pachetul-de-sanctiuni-impotriva-rusiei\/\" rel=\"bookmark\" class=\"td-image-wrap \" title=\"Grecia ar putea bloca pachetul de sanc\u021biuni \u00eempotriva Rusiei\"><img loading=\"lazy\" decoding=\"async\" class=\"entry-thumb\" src=\"https:\/\/r3media.ro\/wp-content\/uploads\/2026\/07\/grecia-steag-100x70.jpg\" alt title=\"Grecia ar putea bloca pachetul de sanc\u021biuni \u00eempotriva Rusiei\" width=\"100\" height=\"70\"><\/a><\/div>\n<div class=\"item-details\">\n<h3 class=\"entry-title td-module-title\"><a href=\"https:\/\/r3media.ro\/grecia-ar-putea-bloca-pachetul-de-sanctiuni-impotriva-rusiei\/\" rel=\"bookmark\" title=\"Grecia ar putea bloca pachetul de sanc\u021biuni \u00eempotriva Rusiei\">Grecia ar putea bloca pachetul de sanc\u021biuni \u00eempotriva Rusiei<\/a><\/h3>\n<div class=\"td-module-meta-info\"><span class=\"td-post-date\"><time class=\"entry-date updated td-module-date\" datetime=\"2026-07-20T13:26:52+03:00\">20\/07\/2026<\/time><\/span><\/div>\n<\/div>\n<\/div>\n<\/div>\n<div class=\"td-block-span12\">\n<div class=\"td_module_6 td_module_wrap td-animation-stack\">\n<div class=\"td-module-thumb\"><a href=\"https:\/\/r3media.ro\/video-un-militar-la-un-pas-sa-se-prabuseasca-langa-seful-armatei-la-ceremonia-de-ziua-aviatiei-generalul-gheorghita-vlad-si-a-continuat-discursul\/\" rel=\"bookmark\" class=\"td-image-wrap \" title=\"VIDEO | Un militar, la un pas s\u0103 se pr\u0103bu\u0219easc\u0103 l\u00e2ng\u0103 \u0219eful Armatei, la ceremonia de Ziua Avia\u021biei. Generalul Gheorghi\u021b\u0103 Vlad \u0219i-a continuat discursul\"><img loading=\"lazy\" decoding=\"async\" class=\"entry-thumb\" src=\"https:\/\/r3media.ro\/wp-content\/uploads\/2026\/07\/militar-gheorghita-vlad-100x70.jpg\" alt title=\"VIDEO | Un militar, la un pas s\u0103 se pr\u0103bu\u0219easc\u0103 l\u00e2ng\u0103 \u0219eful Armatei, la ceremonia de Ziua Avia\u021biei. Generalul Gheorghi\u021b\u0103 Vlad \u0219i-a continuat discursul\" width=\"100\" height=\"70\"><\/a><\/div>\n<div class=\"item-details\">\n<h3 class=\"entry-title td-module-title\"><a href=\"https:\/\/r3media.ro\/video-un-militar-la-un-pas-sa-se-prabuseasca-langa-seful-armatei-la-ceremonia-de-ziua-aviatiei-generalul-gheorghita-vlad-si-a-continuat-discursul\/\" rel=\"bookmark\" title=\"VIDEO | Un militar, la un pas s\u0103 se pr\u0103bu\u0219easc\u0103 l\u00e2ng\u0103 \u0219eful Armatei, la ceremonia de Ziua Avia\u021biei. Generalul Gheorghi\u021b\u0103 Vlad \u0219i-a continuat discursul\">VIDEO | Un militar, la un pas s\u0103 se pr\u0103bu\u0219easc\u0103 l\u00e2ng\u0103&#8230;<\/a><\/h3>\n<div class=\"td-module-meta-info\"><span class=\"td-post-date\"><time class=\"entry-date updated td-module-date\" datetime=\"2026-07-20T12:49:36+03:00\">20\/07\/2026<\/time><\/span><\/div>\n<\/div>\n<\/div>\n<\/div>\n<div class=\"td-block-span12\">\n<div class=\"td_module_6 td_module_wrap td-animation-stack\">\n<div class=\"td-module-thumb\"><a href=\"https:\/\/r3media.ro\/fratii-tate-arestati-in-miami-marea-britanie-cere-extradarea-lor-dupa-noi-acuzatii-de-viol-si-trafic-de-persoane\/\" rel=\"bookmark\" class=\"td-image-wrap \" title=\"Fra\u021bii Tate au fost aresta\u0163i \u00een Miami. Marea Britanie cere extr\u0103darea lor, dup\u0103 noi acuza\u021bii de viol \u0219i trafic de persoane\"><img loading=\"lazy\" decoding=\"async\" class=\"entry-thumb\" src=\"https:\/\/r3media.ro\/wp-content\/uploads\/2025\/07\/andrew-tate-100x70.png\" alt title=\"Fra\u021bii Tate au fost aresta\u0163i \u00een Miami. Marea Britanie cere extr\u0103darea lor, dup\u0103 noi acuza\u021bii de viol \u0219i trafic de persoane\" width=\"100\" height=\"70\"><\/a><\/div>\n<div class=\"item-details\">\n<h3 class=\"entry-title td-module-title\"><a href=\"https:\/\/r3media.ro\/fratii-tate-arestati-in-miami-marea-britanie-cere-extradarea-lor-dupa-noi-acuzatii-de-viol-si-trafic-de-persoane\/\" rel=\"bookmark\" title=\"Fra\u021bii Tate au fost aresta\u0163i \u00een Miami. Marea Britanie cere extr\u0103darea lor, dup\u0103 noi acuza\u021bii de viol \u0219i trafic de persoane\">Fra\u021bii Tate au fost aresta\u0163i \u00een Miami. Marea Britanie cere extr\u0103darea&#8230;<\/a><\/h3>\n<div class=\"td-module-meta-info\"><span class=\"td-post-date\"><time class=\"entry-date updated td-module-date\" datetime=\"2026-07-20T11:54:53+03:00\">20\/07\/2026<\/time><\/span><\/div>\n<\/div>\n<\/div>\n<\/div>\n<\/div>\n<\/div>\n<aside class=\"td_block_template_1 widget widget_recent_comments\">\n<h4 class=\"block-title\"><span>INTR\u0102 \u00ceN DISCU\u021aIE!<\/span><\/h4>\n<ul id=\"recentcomments\">\n<li class=\"recentcomments\"><span class=\"comment-author-link\">Pop<\/span> la <a href=\"https:\/\/r3media.ro\/primar-cetateni-oradea-presiuni-lgbt\/#comment-40287\">Primarul \u0219i cet\u0103\u021benii din Oradea, presa\u021bi de lobby-ul interna\u021bional LGBT s\u0103 permit\u0103 mar\u0219ul homosexualit\u0103\u021bii pe str\u0103zile ora\u0219ului<\/a><\/li>\n<li class=\"recentcomments\"><span class=\"comment-author-link\">Isabel<\/span> la <a href=\"https:\/\/r3media.ro\/prapad-busteni-valea-prahovei-statiuni-ploi-viitura-oameni-raniti-masini-avariate-case-inundate\/#comment-40286\">VIDEO | Pr\u0103p\u0103d la Bu\u0219teni! Ploile au cauzat o viitur\u0103 care a m\u0103turat tot \u00een cale \u00een sta\u021biunile de pe valea Prahovei: oameni r\u0103ni\u021bi, ma\u0219ini avariate \u0219i locuin\u021be inundate<\/a><\/li>\n<li class=\"recentcomments\"><span class=\"comment-author-link\">Laris<\/span> la <a href=\"https:\/\/r3media.ro\/primar-cetateni-oradea-presiuni-lgbt\/#comment-40281\">Primarul \u0219i cet\u0103\u021benii din Oradea, presa\u021bi de lobby-ul interna\u021bional LGBT s\u0103 permit\u0103 mar\u0219ul homosexualit\u0103\u021bii pe str\u0103zile ora\u0219ului<\/a><\/li>\n<li class=\"recentcomments\"><span class=\"comment-author-link\">Laris<\/span> la <a href=\"https:\/\/r3media.ro\/aur-sustine-ca-dan-tanasa-este-urmarit-penal-pentru-instigare-la-ura\/#comment-40280\">AUR sus\u021bine c\u0103 Dan T\u0103nas\u0103 este urm\u0103rit penal pentru instigare la ur\u0103<\/a><\/li>\n<li class=\"recentcomments\"><span class=\"comment-author-link\">Laris<\/span> la <a href=\"https:\/\/r3media.ro\/dragos-tanase-demisie-conducere-gabriel-resources-18-ani\/#comment-40279\">Drago\u0219 T\u0103nase a demisionat de la conducerea Gabriel Resources dup\u0103 18 ani<\/a><\/li>\n<li class=\"recentcomments\"><span class=\"comment-author-link\">Doru<\/span> la <a href=\"https:\/\/r3media.ro\/prof-dan-dungaciu-federatia-rusa-ajutor-pentru-ucraina\/#comment-40277\">Prof. Dan Dungaciu: Tu vrei s\u0103 love\u0219ti ariciul, adic\u0103 Federa\u021bia Rus\u0103, cu s\u00e2ngele, carnea \u0219i oasele ucrainenilor. \u0102sta e un ajutor pentru Ucraina?<\/a><\/li>\n<li class=\"recentcomments\"><span class=\"comment-author-link\">Constantin<\/span> la <a href=\"https:\/\/r3media.ro\/primar-cetateni-oradea-presiuni-lgbt\/#comment-40276\">Primarul \u0219i cet\u0103\u021benii din Oradea, presa\u021bi de lobby-ul interna\u021bional LGBT s\u0103 permit\u0103 mar\u0219ul homosexualit\u0103\u021bii pe str\u0103zile ora\u0219ului<\/a><\/li>\n<\/ul>\n<\/aside>\n<aside class=\"td_block_template_1 widget widget_search\">\n<h4 class=\"block-title\"><span>CAUT\u0102 \u0218I VEI G\u0102SI<\/span><\/h4>\n<\/aside>\n<\/div>\n<\/div>\n<\/div>\n<\/div>\n<\/div>\n<\/div>\n<\/div>\n<p><span class=\"td-page-meta\"><\/span><span class=\"td-page-meta\"><span class=\"td-page-meta\"><\/span><\/span><span class=\"td-page-meta\"><\/span><\/article>\n<\/p>\n<div class=\"td_block_wrap tdb_single_content tdi_18 td-pb-border-top td_block_template_1 td-post-content tagdiv-type\" data-td-block-uid=\"tdi_18\">\n<div class=\"tdb-block-inner td-fix-index\">\n<p><strong>Pre\u0219edintele <a href=\"https:\/\/r3media.ro\/tag\/nicusor-dan\/\" target=\"_blank\" rel=\"noopener\">Nicu\u0219or Dan<\/a> a promulgat Legea pentru instituirea anului 2026 ca Anul Statelor Unite ale Americii \u00een Rom\u00e2nia. PL-x 266\/2026 a venit la ini\u021biativa a \u0219apte deputa\u021bi \u0219i senatori de la AUR, inclusiv liderul partidului, <a href=\"https:\/\/r3media.ro\/tag\/george-simion\/\" target=\"_blank\" rel=\"noopener\">George Simion<\/a>. Este vorba de:<\/strong><\/p>\n<ul>\n<li>Enache Mihai-Adrian;<\/li>\n<li>Lovin Ramona;<\/li>\n<li>Radu Fabian-Cristian;<\/li>\n<li>Dumitrescu Cristina-Gabriella;<\/li>\n<li>Peiu Petri\u015for-Gabriel;<\/li>\n<li>Pl\u0103e\u015fu Lauren\u0163iu.<\/li>\n<\/ul>\n<p>Propunerea legislativ\u0103 are ca obiect de reglementare instituirea anului 2026 ca Anul Statelor Unite ale Americii \u00een Rom\u00e2nia. Potrivit ini\u0163iativei, cu acest prilej se pot organiza evenimente menite s\u0103 consolideze rela\u0163ia strategic\u0103 rom\u00e2no-american\u0103 \u015fi s\u0103 reafirme angajamentul Rom\u00e2niei fa\u0163\u0103 de valorile lumii libere, libertatea de exprimare \u015fi democra\u0163ia autentic\u0103.<\/p>\n<p>Decret privind promulgarea Legii pentru instituirea anului 2026 ca Anul Statelor Unite ale Americii \u00een Rom\u00e2nia (PL-x 266\/2026) a fost semnat de Nicu\u0219or Dan, al\u0103turi de mai multe decrete, luni, 20 iulie 2026.<\/p>\n<div class=\"crp_related     crp-masonry\">\n<h2>\u00ceN CONTEXT<\/h2>\n<ul>\n<li><a href=\"https:\/\/r3media.ro\/fara-tine-in-google-r3media-dispare-iata-ce-poti-face-in-10-secunde\/\" class=\"crp_link post-119031\"><span class=\"crp_title\">F\u0103r\u0103 tine \u00een Google, R3media dispare. Iat\u0103 ce po\u021bi face \u00een 10 secunde<\/span><\/a><\/li>\n<li><a href=\"https:\/\/r3media.ro\/george-simion-guvernul-vestea-aur-nicusor-dan\/\" class=\"crp_link post-118821\"><span class=\"crp_title\">George Simion: Guvernul Ve\u0219tea nu va beneficia de sprijinul AUR. Nicu\u0219or Dan s\u0103 ias\u0103 public\u2026<\/span><\/a><\/li>\n<li><a href=\"https:\/\/r3media.ro\/nicusor-dan-diploma-de-licenta-sustine-fostul-profesor-universitar-horea-mihai-badau-olimpic-mintit-profesori-franta-studii-romania-universitatea-din-bucuresti-a-confirma\/\" class=\"crp_link post-114599\"><span class=\"crp_title\">Nicu\u0219or Dan nu are diplom\u0103 de Licen\u021b\u0103, sus\u021bine fostul profesor universitar Horea Mihai\u2026<\/span><\/a><\/li>\n<li><a href=\"https:\/\/r3media.ro\/nu-va-fi-usor-va-fi-nicusor-toata-floarea-cea-vestita-a-sarmalistilor-de-la-cotroceni-se-declara-trasa-pe-sfoara-de-nicusor-dan\/\" class=\"crp_link post-115823\"><span class=\"crp_title\">Nu va fi u\u0219or, va fi Nicu\u0219or | Toat\u0103 floarea cea vestit\u0103 a \u201esarmali\u0219tilor\u201c de la Cotroceni\u2026<\/span><\/a><\/li>\n<li><a href=\"https:\/\/r3media.ro\/frizer-obtinut-teza-de-doctorat-nicusor-dan-scanat-profesor-horea-badau-incepe-verificare-plagiat-foto\/\" class=\"crp_link post-114992\"><span class=\"crp_title\">FOTO | Un frizer a reu\u0219it s\u0103 ob\u021bin\u0103 teza de doctorat a lui Nicu\u0219or Dan, a scanat-o \u0219i i-a\u2026<\/span><\/a><\/li>\n<li><a href=\"https:\/\/r3media.ro\/oamenii-buni-dezic-nicusor-dan-presedinte-dat-afara-ludovic-orban-dan-teodorescu-taxi-marian-godina-radu-hossu-radu-buzaianu-andrei-caramitru-oua-otet-seful-statului\/\" class=\"crp_link post-114196\"><span class=\"crp_title\">\u201eOamenii buni\u201c se dezic de Nicu\u0219or Dan dup\u0103 ce pre\u0219edintele l-a dat afar\u0103 pe Ludovic Orban.\u2026<\/span><\/a><\/li>\n<li><a href=\"https:\/\/r3media.ro\/nicusor-dan-dezvaluit-rusi-plan-operational-secret-coalitia-de-vointa-aparare-ucraina-profesor-valentin-stan-nenorociri-presedintele-romaniei\/\" class=\"crp_link post-114767\"><span class=\"crp_title\">VIDEO | Nicu\u0219or Dan le-a dezv\u0103luit ru\u0219ilor planul secret de r\u0103spuns al Coali\u021biei de Voin\u021b\u0103\u2026<\/span><\/a><\/li>\n<li><a href=\"https:\/\/r3media.ro\/aur-consultari-nicusor-dan-george-simion-dan-dungaciu-petrisor-peiu\/\" class=\"crp_link post-116407\"><span class=\"crp_title\">Echipa AUR care se va prezenta la consult\u0103rile cu Nicu\u0219or Dan: George Simion, Dan Dungaciu\u2026<\/span><\/a><\/li>\n<\/ul>\n<\/div>\n<\/div>\n<\/div>\n<p>[analyse_source url=&#8221;https:\/\/r3media.ro\/nicusor-dan-promulga-lege-initiata-aur-instituire-anul2026-anul-statelor-unite-ale-americii-in-romania\/&#8221;]<\/p>\n","protected":false},"excerpt":{"rendered":"<p>[analyse_image type=&#8221;featured&#8221; src=&#8221;https:\/\/r3media.ro\/wp-content\/uploads\/2025\/07\/nicusor-dan.pnghttps:\/\/r3media.ro\/wp-content\/uploads\/2025\/07\/nicusor-dan.png&#8221;] FEATUREDNicu\u0219or Dan a promulgat legea ini\u021biat\u0103 de George Simion \u0219i al\u021bi \u0219ase&#8230; FEATURED\u0218TIRI Nicu\u0219or Dan a promulgat legea ini\u021biat\u0103 de George Simion \u0219i al\u021bi \u0219ase parlamentari AUR de instituire a anului 2026 drept Anul Statelor Unite ale Americii \u00een Rom\u00e2nia Oana Ivan 20\/07\/2026 Surs\u0103 &#8211; Pre\u0219edin\u021bia Rom\u00e2niei Pre\u0219edintele Nicu\u0219or Dan a promulgat [&hellip;]<\/p>\n","protected":false},"author":1,"featured_media":0,"comment_status":"open","ping_status":"","sticky":false,"template":"","format":"standard","meta":{"footnotes":""},"categories":[89],"tags":[226,93],"class_list":["post-2052901","post","type-post","status-publish","format-standard","hentry","category-romania","tag-crawlmanager","tag-r3media-ro"],"_links":{"self":[{"href":"https:\/\/analyse.optim.biz\/index.php?rest_route=\/wp\/v2\/posts\/2052901","targetHints":{"allow":["GET"]}}],"collection":[{"href":"https:\/\/analyse.optim.biz\/index.php?rest_route=\/wp\/v2\/posts"}],"about":[{"href":"https:\/\/analyse.optim.biz\/index.php?rest_route=\/wp\/v2\/types\/post"}],"author":[{"embeddable":true,"href":"https:\/\/analyse.optim.biz\/index.php?rest_route=\/wp\/v2\/users\/1"}],"replies":[{"embeddable":true,"href":"https:\/\/analyse.optim.biz\/index.php?rest_route=%2Fwp%2Fv2%2Fcomments&post=2052901"}],"version-history":[{"count":0,"href":"https:\/\/analyse.optim.biz\/index.php?rest_route=\/wp\/v2\/posts\/2052901\/revisions"}],"wp:attachment":[{"href":"https:\/\/analyse.optim.biz\/index.php?rest_route=%2Fwp%2Fv2%2Fmedia&parent=2052901"}],"wp:term":[{"taxonomy":"category","embeddable":true,"href":"https:\/\/analyse.optim.biz\/index.php?rest_route=%2Fwp%2Fv2%2Fcategories&post=2052901"},{"taxonomy":"post_tag","embeddable":true,"href":"https:\/\/analyse.optim.biz\/index.php?rest_route=%2Fwp%2Fv2%2Ftags&post=2052901"}],"curies":[{"name":"wp","href":"https:\/\/api.w.org\/{rel}","templated":true}]}}