{"id":2052604,"date":"2026-07-20T16:44:00","date_gmt":"2026-07-20T13:44:00","guid":{"rendered":"https:\/\/analyse.optim.biz\/?p=2052604"},"modified":"2026-07-20T16:44:00","modified_gmt":"2026-07-20T13:44:00","slug":"duminica-la-zilele-monteorului-recitaluri-de-muzica-populara-in-a-doua-zi-de-festival","status":"publish","type":"post","link":"https:\/\/analyse.optim.biz\/?p=2052604","title":{"rendered":"Duminic\u0103 la \u201eZilele Monteorului. Recitaluri de muzic\u0103 popular\u0103, \u00een a doua zi de festival"},"content":{"rendered":"<p>[analyse_image type=&#8221;featured&#8221; src=&#8221;https:\/\/www.campusbuzau.ro\/wp-content\/uploads\/2026\/07\/liviu-pustiu-sarata-monteoru.jpghttps:\/\/www.campusbuzau.ro\/wp-content\/uploads\/2026\/07\/liviu-pustiu-sarata-monteoru.jpg&#8221;]<\/p>\n<div class=\"entry-content\">\n<p><strong><em>Edi\u021bia a XII-a a evenimentului local \u201eZilele Monteorului\u201d a atras \u00een sta\u021biune mii de turi\u0219ti \u00een cele dou\u0103 zile de weekend. Arti\u0219ti cunoscu\u021bi au urcat pe scena de pe terenul de sport \u0219i au c\u00e2ntat cele mai faine c\u00e2ntece din repertoriul lor.<\/em><\/strong><\/p>\n<p>Primarul \u0218tefan Chirc\u0103 a fost invitat de Lorena s\u0103 deschid\u0103 cea de-a doua zi a celei de-a XII-a edi\u021bii a evenimentului \u201eZilele Monteorului\u201d organizat de Prim\u0103ria Merei.<\/p>\n<p>\u00cen primul r\u00e2nd acesta le-a mul\u021bumit Consiliului Local \u0219i angaja\u021bilor prim\u0103riei care au f\u0103cut posibil\u0103 s\u0103rb\u0103toarea din sta\u021biune.<\/p>\n<p>Conform afirma\u021biilor primarului s\u00e2mb\u0103t\u0103 au fost \u00een sta\u021biune \u00een jur de 6.000 de vizitatori iar duminic\u0103 aproximativ 10 mii.<\/p>\n<p>Prima artist\u0103 invitat\u0103 special la s\u0103rb\u0103toarea monteorenilor care a urcat pe scen\u0103 a fost Georgiana Lobon\u021b \u00eempreun\u0103 cu band-ul s\u0103u.<\/p>\n<p>Urm\u0103toarea vedet\u0103 care a urcat pe scen\u0103 a fost Mirela Vaida, cunoscut\u0103 \u0219i ca moderatoare de emisiuni TV \u0219i care a fost \u00eent\u00e2mpinat\u0103 de public cu aplauze.<\/p>\n<p>Spectatorii au fost prin\u0219i din ce \u00een ce mai tare \u00een ritmul melodiilor rom\u00e2ne\u0219ti \u0219i au pornit horele \u00een jurul arti\u0219tilor.<\/p>\n<p>A urmat recitalul Lorenei, care particip\u0103 pentru a treia oar\u0103 la Zilele Monteorului, fiind \u0219i prezentatoarea ultimilor dou\u0103 edi\u021bii \u0219i care are fanii ei speciali, care vin special pentru melodia cu tigaia.<\/p>\n<p>Lorena a improvizat o scen\u0103 dintr-un scaun \u00een mijlocul mul\u021bimii \u0219i l-a invitat \u0219i pe primar l\u00e2ng\u0103 ea pentru a-i c\u00e2nta o melodie cu dedica\u021bie.<\/p>\n<p>Cel care a \u00eencheiat programul artistic sl evenimentului \u201eZilele Monteorului\u201d a fost Liviu Pu\u0219tiu, unul dintre cei mai cunoscu\u021bi \u0219i mai \u00eendr\u0103gi\u021bi maneli\u0219ti.<\/p>\n<p>Num\u0103r\u0103toarea invers\u0103 a pornit unul dintre cele mai impresionante focuri de artificii care a luminat cerul sta\u021biunii.<\/p>\n<p>Au fost dou\u0103 zile de s\u0103rb\u0103toare la Monteoru, dou\u0103 zile de spectacole muzicale, de distra\u021bie \u0219i amuzament. \u0218i, desigur, nu au lipsit gr\u0103tarele \u00eencinse \u0219i berile reci.<\/p>\n<figure class=\"wp-block-embed is-type-video is-provider-youtube wp-block-embed-youtube wp-embed-aspect-16-9 wp-has-aspect-ratio\">\n<div class=\"wp-block-embed__wrapper\">\n<iframe loading=\"lazy\" title=\"ZILELE MONTEORULUI, GEORGIANA LOBON\u0162, MIRELA VAIDA, LORENA, LIVIU PU\u015eTIU, \u00ceN A DOUA ZI\" width=\"500\" height=\"281\" src=\"https:\/\/www.youtube.com\/embed\/uusieuvtovw?feature=oembed\" frameborder allow=\"accelerometer; autoplay; clipboard-write; encrypted-media; gyroscope; picture-in-picture; web-share\" referrerpolicy=\"strict-origin-when-cross-origin\" allowfullscreen><\/iframe>\n<\/div>\n<\/figure>\n<\/div>\n<p>[analyse_source url=&#8221;https:\/\/www.campusbuzau.ro\/duminica-la-zilele-monteorului-recitaluri-de-muzica-populara\/&#8221;]<\/p>\n","protected":false},"excerpt":{"rendered":"<p>[analyse_image type=&#8221;featured&#8221; src=&#8221;https:\/\/www.campusbuzau.ro\/wp-content\/uploads\/2026\/07\/liviu-pustiu-sarata-monteoru.jpghttps:\/\/www.campusbuzau.ro\/wp-content\/uploads\/2026\/07\/liviu-pustiu-sarata-monteoru.jpg&#8221;] Edi\u021bia a XII-a a evenimentului local \u201eZilele Monteorului\u201d a atras \u00een sta\u021biune mii de turi\u0219ti \u00een cele dou\u0103 zile de weekend. Arti\u0219ti cunoscu\u021bi au urcat pe scena de pe terenul de sport \u0219i au c\u00e2ntat cele mai faine c\u00e2ntece din repertoriul lor. Primarul \u0218tefan Chirc\u0103 a fost invitat de Lorena s\u0103 deschid\u0103 [&hellip;]<\/p>\n","protected":false},"author":1,"featured_media":0,"comment_status":"open","ping_status":"","sticky":false,"template":"","format":"standard","meta":{"footnotes":""},"categories":[2],"tags":[118,226],"class_list":["post-2052604","post","type-post","status-publish","format-standard","hentry","category-politics","tag-campusbuzau-ro","tag-crawlmanager"],"_links":{"self":[{"href":"https:\/\/analyse.optim.biz\/index.php?rest_route=\/wp\/v2\/posts\/2052604","targetHints":{"allow":["GET"]}}],"collection":[{"href":"https:\/\/analyse.optim.biz\/index.php?rest_route=\/wp\/v2\/posts"}],"about":[{"href":"https:\/\/analyse.optim.biz\/index.php?rest_route=\/wp\/v2\/types\/post"}],"author":[{"embeddable":true,"href":"https:\/\/analyse.optim.biz\/index.php?rest_route=\/wp\/v2\/users\/1"}],"replies":[{"embeddable":true,"href":"https:\/\/analyse.optim.biz\/index.php?rest_route=%2Fwp%2Fv2%2Fcomments&post=2052604"}],"version-history":[{"count":0,"href":"https:\/\/analyse.optim.biz\/index.php?rest_route=\/wp\/v2\/posts\/2052604\/revisions"}],"wp:attachment":[{"href":"https:\/\/analyse.optim.biz\/index.php?rest_route=%2Fwp%2Fv2%2Fmedia&parent=2052604"}],"wp:term":[{"taxonomy":"category","embeddable":true,"href":"https:\/\/analyse.optim.biz\/index.php?rest_route=%2Fwp%2Fv2%2Fcategories&post=2052604"},{"taxonomy":"post_tag","embeddable":true,"href":"https:\/\/analyse.optim.biz\/index.php?rest_route=%2Fwp%2Fv2%2Ftags&post=2052604"}],"curies":[{"name":"wp","href":"https:\/\/api.w.org\/{rel}","templated":true}]}}