{"id":2052599,"date":"2026-07-20T15:49:22","date_gmt":"2026-07-20T12:49:22","guid":{"rendered":"https:\/\/analyse.optim.biz\/?p=2052599"},"modified":"2026-07-20T15:49:22","modified_gmt":"2026-07-20T12:49:22","slug":"noi-detalii-in-cazul-persoanei-vehiculate-pentru-functia-de-secretar-general-al-prefecturii-buzau-primaria","status":"publish","type":"post","link":"https:\/\/analyse.optim.biz\/?p=2052599","title":{"rendered":"Noi detalii \u00een cazul persoanei vehiculate pentru func\u021bia de secretar general al Prefecturii Buz\u0103u. Prim\u0103ria"},"content":{"rendered":"<p>[analyse_image type=&#8221;featured&#8221; src=&#8221;https:\/\/stiridinsursebuzau.ro\/wp-content\/uploads\/2026\/07\/prefectura-buzau-sava-marilena.jpg&#8221;]<\/p>\n<article class=\"page-content-single small single\">\n<div id=\"stiri-407729093\" class=\"stiri-inainte-de-continut-3 stiri-entity-placement\"><a href=\"https:\/\/buzau.21k.ro\/\" aria-label=\"900\u00d7200\"><img decoding=\"async\" loading=\"lazy\" src=\"https:\/\/stiridinsursebuzau.ro\/wp-content\/uploads\/2026\/07\/900x200.gif\" alt width=\"900\" height=\"200\"><\/a><\/div>\n<p><strong>Apar noi informa\u021bii \u00een cazul prezentat anterior de \u0218tiri din Surse Buz\u0103u, privind persoana vehiculat\u0103 pentru preluarea func\u021biei de <a href=\"https:\/\/stiridinsursebuzau.ro\/schimbare-la-prefectura-buzau-o-persoana-cercetata-penal-intr-un-dosar-de-delapidare-vehiculata-pentru-functia-de-secretar-general\/\">secretar general al Institu\u021biei Prefectului \u2013 Jude\u021bul Buz\u0103u<\/a>.<\/strong><\/p>\n<p>Un r\u0103spuns oficial transmis de Prim\u0103ria Comunei M\u0103r\u0103cineni, \u00een urma unei solicit\u0103ri formulate de publica\u021bia noastr\u0103 \u00een baza Legii nr. 544\/2001 privind liberul acces la informa\u021biile de interes public, confirm\u0103 existen\u021ba unor demersuri \u00een fa\u021ba organelor judiciare \u0219i ofer\u0103 noi informa\u021bii despre situa\u021biile care au f\u0103cut obiectul unor verific\u0103ri.<\/p>\n<p>Este vorba despre <strong>Marilena Sava, fost secretar al Prim\u0103riei Comunei M\u0103r\u0103cineni<\/strong>, al c\u0103rei nume este vehiculat, potrivit informa\u021biilor ob\u021binute de publica\u021bia noastr\u0103, \u00een contextul unei posibile schimb\u0103ri la nivelul func\u021biei de secretar general al Prefecturii Buz\u0103u.<\/p>\n<figure class=\"wp-block-image size-full\"><img loading=\"lazy\" decoding=\"async\" width=\"960\" height=\"960\" src=\"https:\/\/stiridinsursebuzau.ro\/wp-content\/uploads\/2026\/07\/485415124_8991053010994589_8324279823046276379_n.jpg\" alt class=\"wp-image-48113\"><\/figure>\n<p>Preciz\u0103m c\u0103 Marilena Sava beneficiaz\u0103 de prezum\u021bia de nevinov\u0103\u021bie. Existen\u021ba unei pl\u00e2ngeri penale, a unui dosar penal sau efectuarea unor cercet\u0103ri nu echivaleaz\u0103 cu stabilirea vinov\u0103\u021biei unei persoane.<\/p>\n<h2 class=\"wp-block-heading\">Prim\u0103ria M\u0103r\u0103cineni confirm\u0103 verific\u0103ri ale Cur\u021bii de Conturi \u0219i existen\u021ba unei pl\u00e2ngeri penale<\/h2>\n<p>Potrivit r\u0103spunsului oficial nr. 44 din 16 iulie 2026, semnat de primarul comunei M\u0103r\u0103cineni, Constantin Dumitru, \u00een urma verific\u0103rilor efectuate de auditorii Cur\u021bii de Conturi Buz\u0103u \u0219i a m\u0103surilor sau recomand\u0103rilor dispuse de ace\u0219tia, administra\u021bia local\u0103 a efectuat propriile verific\u0103ri cu privire la aspectele constatate.<\/p>\n<p>Prim\u0103ria M\u0103r\u0103cineni arat\u0103 c\u0103, \u00een leg\u0103tur\u0103 cu aceste aspecte, exist\u0103 rapoarte emise de Curtea de Conturi Buz\u0103u, precum \u0219i \u201edeclara\u021bii \u0219i angajamente de plat\u0103 asumate de persoana implicat\u0103\u201d.<\/p>\n<p>Totodat\u0103, administra\u021bia local\u0103 confirm\u0103 c\u0103 a fost formulat\u0103 \u0219i depus\u0103 o pl\u00e2ngere penal\u0103 la Parchetul de pe l\u00e2ng\u0103 Tribunalul Buz\u0103u, fiind constituit dosarul penal nr. <strong>1865\/290\/P\/2026<\/strong>.<\/p>\n<h2 class=\"wp-block-heading\">O nou\u0103 pl\u00e2ngere penal\u0103, privind posibile fapte de abuz \u00een serviciu \u0219i delapidare<\/h2>\n<p>R\u0103spunsul transmis publica\u021biei noastre dezv\u0103luie existen\u021ba unui alt demers recent al administra\u021biei locale.<\/p>\n<p>Conform documentului, la Parchetul de pe l\u00e2ng\u0103 Tribunalul Buz\u0103u a fost depus\u0103 o pl\u00e2ngere penal\u0103 \u00eenregistrat\u0103 sub nr. <strong>355\/15.07.2026<\/strong>, av\u00e2nd ca obiect sesizarea unor posibile fapte de natur\u0103 penal\u0103.<\/p>\n<p>Prim\u0103ria M\u0103r\u0103cineni men\u021bioneaz\u0103 explicit posibile fapte de <strong>abuz \u00een serviciu \u0219i delapidare<\/strong>, despre care arat\u0103 c\u0103 sunt \u00een leg\u0103tur\u0103 cu facturi emise \u0219i pl\u0103tite c\u0103tre un cabinet de avocatur\u0103.<\/p>\n<figure class=\"wp-block-image size-large\"><img decoding=\"async\" loading=\"lazy\" width=\"791\" height=\"1024\" src=\"https:\/\/stiridinsursebuzau.ro\/wp-content\/uploads\/2026\/07\/Raspuns-adresa-544-_pdf_page-0001-791x1024.jpg\" alt class=\"wp-image-48112\"><\/figure>\n<p>Marilena Sava a fost contactat\u0103 de <a href=\"https:\/\/stiridinsursebuzau.ro\/\">\u0218tiri din Surse Buz\u0103u<\/a> pentru a-i solicita un punct de vedere cu privire la informa\u021biile prezentate \u00een acest articol. P\u00e2n\u0103 la momentul public\u0103rii, aceasta nu a r\u0103spuns solicit\u0103rii noastre.<\/p>\n<h2 class=\"wp-block-heading\">Informa\u021biile apar \u00een contextul unei posibile schimb\u0103ri la Prefectura Buz\u0103u<\/h2>\n<p>Noile informa\u021bii sunt relevante \u00een contextul articolului publicat anterior de <strong>\u0218tiri din Surse Buz\u0103u<\/strong>, privind situa\u021bia func\u021biei de secretar general al Institu\u021biei Prefectului \u2013 Jude\u021bul Buz\u0103u.<\/p>\n<p>Actualul secretar general, <strong>Nicolae Piron<\/strong>, a precizat pentru publica\u021bia noastr\u0103 c\u0103 exercit\u0103 temporar aceast\u0103 func\u021bie \u00een baza numirii prin Decizia prim-ministrului nr. 22 din 30 ianuarie 2026, pentru o perioad\u0103 de \u0219ase luni. Potrivit acestuia, actuala numire expir\u0103 la data de <strong>30 iulie 2026<\/strong>.<\/p>\n<p>\u201eExercit, cu caracter temporar, aceast\u0103 func\u021bie \u00een baza numirii prin Decizia Prim-Ministrului pe o perioad\u0103 de 6 luni, la propunerea conduc\u0103torului Institu\u021biei. Numirea prin Decizia nr. 22 din 30 ianuarie 2026 expir\u0103 pe 30 iulie 2026. Prima numire am avut-o \u00een ianuarie 2024 pe c\u00e2te 6 luni, cu continuitate p\u00e2n\u0103 \u00een prezent. Alt\u0103 informa\u021bie nu am\u201d, a transmis Nicolae Piron pentru <strong>\u0218tiri din Surse Buz\u0103u<\/strong>.<\/p>\n<p>\u00cen acest context, potrivit informa\u021biilor ob\u021binute de publica\u021bia noastr\u0103, numele <strong>Marilenei Sava<\/strong>, fost secretar al Prim\u0103riei M\u0103r\u0103cineni, este vehiculat pentru preluarea func\u021biei de secretar general al Prefecturii Buz\u0103u.<\/p>\n<h2 class=\"wp-block-heading\">Publica\u021bia noastr\u0103 va solicita clarific\u0103ri Parchetului<\/h2>\n<p>Pentru stabilirea cu exactitate a situa\u021biei juridice, <strong>\u0218tiri din Surse Buz\u0103u<\/strong> va solicita Parchetului de pe l\u00e2ng\u0103 Tribunalul Buz\u0103u informa\u021bii oficiale privind stadiul dosarului penal nr. <strong>1865\/290\/P\/2026<\/strong>, obiectul cercet\u0103rilor \u0219i dac\u0103 acestea se desf\u0103\u0219oar\u0103 cu privire la fapt\u0103 sau dac\u0103 exist\u0103 persoane care au dob\u00e2ndit o calitate procesual\u0103 \u00een cauz\u0103.<\/p>\n<p>De asemenea, publica\u021bia noastr\u0103 va solicita clarific\u0103ri privind pl\u00e2ngerea penal\u0103 nr. <strong>355\/15.07.2026<\/strong>, men\u021bionat\u0103 de Prim\u0103ria M\u0103r\u0103cineni \u00een leg\u0103tur\u0103 cu posibile fapte de abuz \u00een serviciu \u0219i delapidare, precum \u0219i dac\u0103 \u00een urma acesteia a fost constituit un dosar penal.<\/p>\n<p>Prim\u0103ria M\u0103r\u0103cineni precizeaz\u0103, de altfel, c\u0103 aspectele prezentate fac obiectul unor cercet\u0103ri aflate \u00een competen\u021ba organelor judiciare \u0219i recomand\u0103 adresarea c\u0103tre institu\u021biile competente pentru informa\u021bii suplimentare privind stadiul \u0219i rezultatul acestora.<\/p>\n<p><strong>Subliniem c\u0103 Marilena Sava beneficiaz\u0103 de prezum\u021bia de nevinov\u0103\u021bie, iar existen\u021ba unor pl\u00e2ngeri sau cercet\u0103ri penale nu reprezint\u0103 o dovad\u0103 a vinov\u0103\u021biei. P\u00e2n\u0103 la pronun\u021barea unei hot\u0103r\u00e2ri judec\u0103tore\u0219ti definitive, orice persoan\u0103 este considerat\u0103 nevinovat\u0103, \u00een condi\u021biile legii.<\/strong><\/p>\n<div class=\"post-views content-post post-48110 entry-meta load-static\"><span class=\"post-views-label\">Vizualiz\u0103ri \u0219tire:<\/span><span class=\"post-views-count\">1.209<\/span><\/div>\n<div id=\"stiri-3456455410\" class=\"stiri-dupa-continut-2 stiri-entity-placement\"><a href=\"https:\/\/rapidservicebuzau.ro\/\" aria-label=\"RAPID SUPER SERVICE\"><img decoding=\"async\" loading=\"lazy\" src=\"https:\/\/stiridinsursebuzau.ro\/wp-content\/uploads\/2026\/02\/ChatGPT-Image-10-feb.-2026-22_24_01.png\" alt width=\"1536\" height=\"1024\"><\/a><\/div>\n<div id=\"stiri-990874608\" class=\"stiri-dupa-continut_2 stiri-entity-placement\"><a href=\"https:\/\/www.facebook.com\/profile.php?id=61564932526740\" aria-label=\"Glamour Pizza &quot;la patrat&quot;\"><img decoding=\"async\" loading=\"lazy\" src=\"https:\/\/stiridinsursebuzau.ro\/wp-content\/uploads\/2026\/02\/ChatGPT-Image-10-feb.-2026-21_57_13.png\" alt=\"Glamour Pizza &quot;la patrat&quot;\" width=\"1536\" height=\"1024\"><\/a><\/div>\n<div id=\"stiri-3364642810\" class=\"stiri-dupa-continut_3 stiri-entity-placement\"><a href=\"https:\/\/www.facebook.com\/profile.php?id=61573613380169&amp;locale=ro_RO\" aria-label=\"ChatGPT Image 10 feb. 2026, 22_10_50\"><img decoding=\"async\" loading=\"lazy\" src=\"https:\/\/stiridinsursebuzau.ro\/wp-content\/uploads\/2026\/02\/ChatGPT-Image-10-feb.-2026-22_10_50.png\" alt width=\"1536\" height=\"1024\"><\/a><\/div>\n<div id=\"stiri-1099963621\" class=\"stiri-dupa-continut_4 stiri-entity-placement\"><a href=\"https:\/\/www.facebook.com\/profile.php?id=100077377992379\" aria-label=\"1536 cu 1024 pixeli\"><img decoding=\"async\" loading=\"lazy\" src=\"https:\/\/stiridinsursebuzau.ro\/wp-content\/uploads\/2026\/02\/ChatGPT-Image-20-feb.-2026-14_05_15.png\" alt=\"1536 cu 1024 pixeli\" width=\"1536\" height=\"1024\"><\/a><\/div>\n<div id=\"stiri-1146139569\" class=\"stiri-dupa-continut_5 stiri-entity-placement\"><img decoding=\"async\" loading=\"lazy\" src=\"https:\/\/stiridinsursebuzau.ro\/wp-content\/uploads\/2026\/02\/ChatGPT-Image-10-feb.-2026-23_00_56.png\" alt=\"piese tractoare\" width=\"1536\" height=\"1024\"><\/div>\n<nav class=\"navigation post-navigation\" aria-label=\"Articole\">\n<h2 class=\"screen-reader-text\">Navigare \u00een articole<\/h2>\n<div class=\"nav-links\">\n<div class=\"nav-previous\"><a href=\"https:\/\/stiridinsursebuzau.ro\/133-de-animale-sterilizate-gratuit-la-scortoasa-campania-organizata-de-consilierul-pnl-socrate-tudor-un-succes\/\" rel=\"prev\">133 de animale, sterilizate gratuit la Scor\u021boasa. Campania organizat\u0103 de consilierul PNL Socrate Tudor, un succes <\/a><\/div>\n<\/div>\n<\/nav>\n<\/article>\n<article class=\"page-content-single small single\">\n<div id=\"stiri-407729093\" class=\"stiri-inainte-de-continut-3 stiri-entity-placement\"><a href=\"https:\/\/buzau.21k.ro\/\" aria-label=\"900\u00d7200\"><img decoding=\"async\" loading=\"lazy\" src=\"https:\/\/stiridinsursebuzau.ro\/wp-content\/uploads\/2026\/07\/900x200.gif\" alt width=\"900\" height=\"200\"><\/a><\/div>\n<p><strong>Apar noi informa\u021bii \u00een cazul prezentat anterior de \u0218tiri din Surse Buz\u0103u, privind persoana vehiculat\u0103 pentru preluarea func\u021biei de <a href=\"https:\/\/stiridinsursebuzau.ro\/schimbare-la-prefectura-buzau-o-persoana-cercetata-penal-intr-un-dosar-de-delapidare-vehiculata-pentru-functia-de-secretar-general\/\">secretar general al Institu\u021biei Prefectului \u2013 Jude\u021bul Buz\u0103u<\/a>.<\/strong><\/p>\n<p>Un r\u0103spuns oficial transmis de Prim\u0103ria Comunei M\u0103r\u0103cineni, \u00een urma unei solicit\u0103ri formulate de publica\u021bia noastr\u0103 \u00een baza Legii nr. 544\/2001 privind liberul acces la informa\u021biile de interes public, confirm\u0103 existen\u021ba unor demersuri \u00een fa\u021ba organelor judiciare \u0219i ofer\u0103 noi informa\u021bii despre situa\u021biile care au f\u0103cut obiectul unor verific\u0103ri.<\/p>\n<p>Este vorba despre <strong>Marilena Sava, fost secretar al Prim\u0103riei Comunei M\u0103r\u0103cineni<\/strong>, al c\u0103rei nume este vehiculat, potrivit informa\u021biilor ob\u021binute de publica\u021bia noastr\u0103, \u00een contextul unei posibile schimb\u0103ri la nivelul func\u021biei de secretar general al Prefecturii Buz\u0103u.<\/p>\n<figure class=\"wp-block-image size-full\"><img loading=\"lazy\" decoding=\"async\" width=\"960\" height=\"960\" src=\"https:\/\/stiridinsursebuzau.ro\/wp-content\/uploads\/2026\/07\/485415124_8991053010994589_8324279823046276379_n.jpg\" alt class=\"wp-image-48113\"><\/figure>\n<p>Preciz\u0103m c\u0103 Marilena Sava beneficiaz\u0103 de prezum\u021bia de nevinov\u0103\u021bie. Existen\u021ba unei pl\u00e2ngeri penale, a unui dosar penal sau efectuarea unor cercet\u0103ri nu echivaleaz\u0103 cu stabilirea vinov\u0103\u021biei unei persoane.<\/p>\n<h2 class=\"wp-block-heading\">Prim\u0103ria M\u0103r\u0103cineni confirm\u0103 verific\u0103ri ale Cur\u021bii de Conturi \u0219i existen\u021ba unei pl\u00e2ngeri penale<\/h2>\n<p>Potrivit r\u0103spunsului oficial nr. 44 din 16 iulie 2026, semnat de primarul comunei M\u0103r\u0103cineni, Constantin Dumitru, \u00een urma verific\u0103rilor efectuate de auditorii Cur\u021bii de Conturi Buz\u0103u \u0219i a m\u0103surilor sau recomand\u0103rilor dispuse de ace\u0219tia, administra\u021bia local\u0103 a efectuat propriile verific\u0103ri cu privire la aspectele constatate.<\/p>\n<p>Prim\u0103ria M\u0103r\u0103cineni arat\u0103 c\u0103, \u00een leg\u0103tur\u0103 cu aceste aspecte, exist\u0103 rapoarte emise de Curtea de Conturi Buz\u0103u, precum \u0219i \u201edeclara\u021bii \u0219i angajamente de plat\u0103 asumate de persoana implicat\u0103\u201d.<\/p>\n<p>Totodat\u0103, administra\u021bia local\u0103 confirm\u0103 c\u0103 a fost formulat\u0103 \u0219i depus\u0103 o pl\u00e2ngere penal\u0103 la Parchetul de pe l\u00e2ng\u0103 Tribunalul Buz\u0103u, fiind constituit dosarul penal nr. <strong>1865\/290\/P\/2026<\/strong>.<\/p>\n<h2 class=\"wp-block-heading\">O nou\u0103 pl\u00e2ngere penal\u0103, privind posibile fapte de abuz \u00een serviciu \u0219i delapidare<\/h2>\n<p>R\u0103spunsul transmis publica\u021biei noastre dezv\u0103luie existen\u021ba unui alt demers recent al administra\u021biei locale.<\/p>\n<p>Conform documentului, la Parchetul de pe l\u00e2ng\u0103 Tribunalul Buz\u0103u a fost depus\u0103 o pl\u00e2ngere penal\u0103 \u00eenregistrat\u0103 sub nr. <strong>355\/15.07.2026<\/strong>, av\u00e2nd ca obiect sesizarea unor posibile fapte de natur\u0103 penal\u0103.<\/p>\n<p>Prim\u0103ria M\u0103r\u0103cineni men\u021bioneaz\u0103 explicit posibile fapte de <strong>abuz \u00een serviciu \u0219i delapidare<\/strong>, despre care arat\u0103 c\u0103 sunt \u00een leg\u0103tur\u0103 cu facturi emise \u0219i pl\u0103tite c\u0103tre un cabinet de avocatur\u0103.<\/p>\n<figure class=\"wp-block-image size-large\"><img decoding=\"async\" loading=\"lazy\" width=\"791\" height=\"1024\" src=\"https:\/\/stiridinsursebuzau.ro\/wp-content\/uploads\/2026\/07\/Raspuns-adresa-544-_pdf_page-0001-791x1024.jpg\" alt class=\"wp-image-48112\"><\/figure>\n<p>Marilena Sava a fost contactat\u0103 de <a href=\"https:\/\/stiridinsursebuzau.ro\/\">\u0218tiri din Surse Buz\u0103u<\/a> pentru a-i solicita un punct de vedere cu privire la informa\u021biile prezentate \u00een acest articol. P\u00e2n\u0103 la momentul public\u0103rii, aceasta nu a r\u0103spuns solicit\u0103rii noastre.<\/p>\n<h2 class=\"wp-block-heading\">Informa\u021biile apar \u00een contextul unei posibile schimb\u0103ri la Prefectura Buz\u0103u<\/h2>\n<p>Noile informa\u021bii sunt relevante \u00een contextul articolului publicat anterior de <strong>\u0218tiri din Surse Buz\u0103u<\/strong>, privind situa\u021bia func\u021biei de secretar general al Institu\u021biei Prefectului \u2013 Jude\u021bul Buz\u0103u.<\/p>\n<p>Actualul secretar general, <strong>Nicolae Piron<\/strong>, a precizat pentru publica\u021bia noastr\u0103 c\u0103 exercit\u0103 temporar aceast\u0103 func\u021bie \u00een baza numirii prin Decizia prim-ministrului nr. 22 din 30 ianuarie 2026, pentru o perioad\u0103 de \u0219ase luni. Potrivit acestuia, actuala numire expir\u0103 la data de <strong>30 iulie 2026<\/strong>.<\/p>\n<p>\u201eExercit, cu caracter temporar, aceast\u0103 func\u021bie \u00een baza numirii prin Decizia Prim-Ministrului pe o perioad\u0103 de 6 luni, la propunerea conduc\u0103torului Institu\u021biei. Numirea prin Decizia nr. 22 din 30 ianuarie 2026 expir\u0103 pe 30 iulie 2026. Prima numire am avut-o \u00een ianuarie 2024 pe c\u00e2te 6 luni, cu continuitate p\u00e2n\u0103 \u00een prezent. Alt\u0103 informa\u021bie nu am\u201d, a transmis Nicolae Piron pentru <strong>\u0218tiri din Surse Buz\u0103u<\/strong>.<\/p>\n<p>\u00cen acest context, potrivit informa\u021biilor ob\u021binute de publica\u021bia noastr\u0103, numele <strong>Marilenei Sava<\/strong>, fost secretar al Prim\u0103riei M\u0103r\u0103cineni, este vehiculat pentru preluarea func\u021biei de secretar general al Prefecturii Buz\u0103u.<\/p>\n<h2 class=\"wp-block-heading\">Publica\u021bia noastr\u0103 va solicita clarific\u0103ri Parchetului<\/h2>\n<p>Pentru stabilirea cu exactitate a situa\u021biei juridice, <strong>\u0218tiri din Surse Buz\u0103u<\/strong> va solicita Parchetului de pe l\u00e2ng\u0103 Tribunalul Buz\u0103u informa\u021bii oficiale privind stadiul dosarului penal nr. <strong>1865\/290\/P\/2026<\/strong>, obiectul cercet\u0103rilor \u0219i dac\u0103 acestea se desf\u0103\u0219oar\u0103 cu privire la fapt\u0103 sau dac\u0103 exist\u0103 persoane care au dob\u00e2ndit o calitate procesual\u0103 \u00een cauz\u0103.<\/p>\n<p>De asemenea, publica\u021bia noastr\u0103 va solicita clarific\u0103ri privind pl\u00e2ngerea penal\u0103 nr. <strong>355\/15.07.2026<\/strong>, men\u021bionat\u0103 de Prim\u0103ria M\u0103r\u0103cineni \u00een leg\u0103tur\u0103 cu posibile fapte de abuz \u00een serviciu \u0219i delapidare, precum \u0219i dac\u0103 \u00een urma acesteia a fost constituit un dosar penal.<\/p>\n<p>Prim\u0103ria M\u0103r\u0103cineni precizeaz\u0103, de altfel, c\u0103 aspectele prezentate fac obiectul unor cercet\u0103ri aflate \u00een competen\u021ba organelor judiciare \u0219i recomand\u0103 adresarea c\u0103tre institu\u021biile competente pentru informa\u021bii suplimentare privind stadiul \u0219i rezultatul acestora.<\/p>\n<p><strong>Subliniem c\u0103 Marilena Sava beneficiaz\u0103 de prezum\u021bia de nevinov\u0103\u021bie, iar existen\u021ba unor pl\u00e2ngeri sau cercet\u0103ri penale nu reprezint\u0103 o dovad\u0103 a vinov\u0103\u021biei. P\u00e2n\u0103 la pronun\u021barea unei hot\u0103r\u00e2ri judec\u0103tore\u0219ti definitive, orice persoan\u0103 este considerat\u0103 nevinovat\u0103, \u00een condi\u021biile legii.<\/strong><\/p>\n<div class=\"post-views content-post post-48110 entry-meta load-static\"><span class=\"post-views-label\">Vizualiz\u0103ri \u0219tire:<\/span><span class=\"post-views-count\">1.209<\/span><\/div>\n<div id=\"stiri-3456455410\" class=\"stiri-dupa-continut-2 stiri-entity-placement\"><a href=\"https:\/\/rapidservicebuzau.ro\/\" aria-label=\"RAPID SUPER SERVICE\"><img decoding=\"async\" loading=\"lazy\" src=\"https:\/\/stiridinsursebuzau.ro\/wp-content\/uploads\/2026\/02\/ChatGPT-Image-10-feb.-2026-22_24_01.png\" alt width=\"1536\" height=\"1024\"><\/a><\/div>\n<div id=\"stiri-990874608\" class=\"stiri-dupa-continut_2 stiri-entity-placement\"><a href=\"https:\/\/www.facebook.com\/profile.php?id=61564932526740\" aria-label=\"Glamour Pizza &quot;la patrat&quot;\"><img decoding=\"async\" loading=\"lazy\" src=\"https:\/\/stiridinsursebuzau.ro\/wp-content\/uploads\/2026\/02\/ChatGPT-Image-10-feb.-2026-21_57_13.png\" alt=\"Glamour Pizza &quot;la patrat&quot;\" width=\"1536\" height=\"1024\"><\/a><\/div>\n<div id=\"stiri-3364642810\" class=\"stiri-dupa-continut_3 stiri-entity-placement\"><a href=\"https:\/\/www.facebook.com\/profile.php?id=61573613380169&amp;locale=ro_RO\" aria-label=\"ChatGPT Image 10 feb. 2026, 22_10_50\"><img decoding=\"async\" loading=\"lazy\" src=\"https:\/\/stiridinsursebuzau.ro\/wp-content\/uploads\/2026\/02\/ChatGPT-Image-10-feb.-2026-22_10_50.png\" alt width=\"1536\" height=\"1024\"><\/a><\/div>\n<div id=\"stiri-1099963621\" class=\"stiri-dupa-continut_4 stiri-entity-placement\"><a href=\"https:\/\/www.facebook.com\/profile.php?id=100077377992379\" aria-label=\"1536 cu 1024 pixeli\"><img decoding=\"async\" loading=\"lazy\" src=\"https:\/\/stiridinsursebuzau.ro\/wp-content\/uploads\/2026\/02\/ChatGPT-Image-20-feb.-2026-14_05_15.png\" alt=\"1536 cu 1024 pixeli\" width=\"1536\" height=\"1024\"><\/a><\/div>\n<div id=\"stiri-1146139569\" class=\"stiri-dupa-continut_5 stiri-entity-placement\"><img decoding=\"async\" loading=\"lazy\" src=\"https:\/\/stiridinsursebuzau.ro\/wp-content\/uploads\/2026\/02\/ChatGPT-Image-10-feb.-2026-23_00_56.png\" alt=\"piese tractoare\" width=\"1536\" height=\"1024\"><\/div>\n<nav class=\"navigation post-navigation\" aria-label=\"Articole\">\n<h2 class=\"screen-reader-text\">Navigare \u00een articole<\/h2>\n<div class=\"nav-links\">\n<div class=\"nav-previous\"><a href=\"https:\/\/stiridinsursebuzau.ro\/133-de-animale-sterilizate-gratuit-la-scortoasa-campania-organizata-de-consilierul-pnl-socrate-tudor-un-succes\/\" rel=\"prev\">133 de animale, sterilizate gratuit la Scor\u021boasa. Campania organizat\u0103 de consilierul PNL Socrate Tudor, un succes <\/a><\/div>\n<\/div>\n<\/nav>\n<\/article>\n<p>[analyse_source url=&#8221;https:\/\/stiridinsursebuzau.ro\/noi-detalii-in-cazul-persoanei-vehiculate-pentru-functia-de-secretar-general-al-prefecturii-buzau-primaria-maracineni-confirma-existenta-unor-plangeri-penale\/&#8221;]<\/p>\n","protected":false},"excerpt":{"rendered":"<p>[analyse_image type=&#8221;featured&#8221; src=&#8221;https:\/\/stiridinsursebuzau.ro\/wp-content\/uploads\/2026\/07\/prefectura-buzau-sava-marilena.jpg&#8221;] Apar noi informa\u021bii \u00een cazul prezentat anterior de \u0218tiri din Surse Buz\u0103u, privind persoana vehiculat\u0103 pentru preluarea func\u021biei de secretar general al Institu\u021biei Prefectului \u2013 Jude\u021bul Buz\u0103u. Un r\u0103spuns oficial transmis de Prim\u0103ria Comunei M\u0103r\u0103cineni, \u00een urma unei solicit\u0103ri formulate de publica\u021bia noastr\u0103 \u00een baza Legii nr. 544\/2001 privind liberul acces la [&hellip;]<\/p>\n","protected":false},"author":1,"featured_media":0,"comment_status":"open","ping_status":"","sticky":false,"template":"","format":"standard","meta":{"footnotes":""},"categories":[2],"tags":[226,60],"class_list":["post-2052599","post","type-post","status-publish","format-standard","hentry","category-politics","tag-crawlmanager","tag-stiridinsursebuzau-ro"],"_links":{"self":[{"href":"https:\/\/analyse.optim.biz\/index.php?rest_route=\/wp\/v2\/posts\/2052599","targetHints":{"allow":["GET"]}}],"collection":[{"href":"https:\/\/analyse.optim.biz\/index.php?rest_route=\/wp\/v2\/posts"}],"about":[{"href":"https:\/\/analyse.optim.biz\/index.php?rest_route=\/wp\/v2\/types\/post"}],"author":[{"embeddable":true,"href":"https:\/\/analyse.optim.biz\/index.php?rest_route=\/wp\/v2\/users\/1"}],"replies":[{"embeddable":true,"href":"https:\/\/analyse.optim.biz\/index.php?rest_route=%2Fwp%2Fv2%2Fcomments&post=2052599"}],"version-history":[{"count":0,"href":"https:\/\/analyse.optim.biz\/index.php?rest_route=\/wp\/v2\/posts\/2052599\/revisions"}],"wp:attachment":[{"href":"https:\/\/analyse.optim.biz\/index.php?rest_route=%2Fwp%2Fv2%2Fmedia&parent=2052599"}],"wp:term":[{"taxonomy":"category","embeddable":true,"href":"https:\/\/analyse.optim.biz\/index.php?rest_route=%2Fwp%2Fv2%2Fcategories&post=2052599"},{"taxonomy":"post_tag","embeddable":true,"href":"https:\/\/analyse.optim.biz\/index.php?rest_route=%2Fwp%2Fv2%2Ftags&post=2052599"}],"curies":[{"name":"wp","href":"https:\/\/api.w.org\/{rel}","templated":true}]}}