{"id":2052429,"date":"2026-07-20T12:10:04","date_gmt":"2026-07-20T09:10:04","guid":{"rendered":"https:\/\/analyse.optim.biz\/?p=2052429"},"modified":"2026-07-20T12:10:04","modified_gmt":"2026-07-20T09:10:04","slug":"primaria-vrea-sa-cumpere-un-teren-doua-cladiri-si-o-anexa-de-la-arhiepiscopia-timisoarei-pentru-extinderea-serviciilor-destinate-persoanelor-varstnice-si-vulnerabile","status":"publish","type":"post","link":"https:\/\/analyse.optim.biz\/?p=2052429","title":{"rendered":"Prim\u0103ria vrea s\u0103 cumpere un teren, dou\u0103 cl\u0103diri \u0219i o anex\u0103 de la Arhiepiscopia Timi\u0219oarei pentru extinderea serviciilor destinate persoanelor v\u00e2rstnice \u0219i vulnerabile"},"content":{"rendered":"<p>[analyse_image type=&#8221;featured&#8221; src=&#8221;http:\/\/www.banatulmeu.ro\/wp-content\/uploads\/2025\/01\/servicii-sociale.jpeg&#8221;]<\/p>\n<div class=\"post-content-bd\">\n<p>Prim\u0103ria Timi\u0219oara preg\u0103te\u0219te extinderea serviciilor sociale destinate persoanelor v\u00e2rstnice \u0219i vulnerabile, prin dezvoltarea unor servicii de \u00eengrijire paliativ\u0103 \u0219i reziden\u021bial\u0103. Municipalitatea inten\u021bioneaz\u0103 s\u0103 achizi\u021bioneze, prin Direc\u021bia de Asisten\u021b\u0103 Social\u0103, un imobil situat \u00een apropierea C\u0103minului pentru Persoane V\u00e2rstnice \u201eInocen\u021biu M. Klein\u201d.<span class=\"Apple-converted-space\">\u00a0<\/span><\/p>\n<p>\u00cen noul spa\u021biu ar urma s\u0103 fie dezvoltate servicii de tip hospice, destinate \u00eengrijirii paliative, dar \u0219i un centru reziden\u021bial pentru persoanele adulte din Timi\u0219oara.<span class=\"Apple-converted-space\">\u00a0<\/span><\/p>\n<p>Proprietatea vizat\u0103 de municipalitate cuprinde un teren de 1.128 de metri p\u0103tra\u021bi, dou\u0103 cl\u0103diri \u0219i o anex\u0103 \u0219i apar\u021bine Arhiepiscopiei Timi\u0219oarei. Pre\u021bul stabilit \u00een urma negocierilor purtate de Comisia de Negociere cu Ter\u021bii este de 330.000 de euro.<span class=\"Apple-converted-space\">\u00a0<\/span><\/p>\n<p>Potrivit municipalit\u0103\u021bii, investi\u021bia ar urma s\u0103 creasc\u0103 capacitatea de \u00eengrijire \u0219i s\u0103 diversifice serviciile acordate persoanelor vulnerabile. Beneficiarii vor putea avea acces la cazare \u0219i hran\u0103, \u00eengrijire personal\u0103, asisten\u021b\u0103 medical\u0103 \u0219i activit\u0103\u021bi de socializare.<\/p>\n<p>Totodat\u0103, imobilul permite \u0219i amenajarea unei sec\u021bii de \u00eengrijiri paliative cu 20 de paturi, destinat\u0103 pacien\u021bilor afla\u021bi \u00een stadii avansate de boal\u0103. Serviciile vor pune accent at\u00e2t pe sprijinirea pacien\u021bilor, c\u00e2t \u0219i a familiilor acestora.<span class=\"Apple-converted-space\">\u00a0<\/span><\/p>\n<p>Proiectul de hot\u0103r\u00e2re urmeaz\u0103 s\u0103 fie supus aprob\u0103rii Consiliului Local Timi\u0219oara \u00een urm\u0103toarea \u0219edin\u021b\u0103 \u0219i poate fi consultat <a href=\"https:\/\/www.primariatm.ro\/proiecte-hcl\/2311e2b3-dc99-4522-9725-0e369cc35a94\">aici<\/a>.<\/p>\n<\/div>\n<p>[analyse_source url=&#8221;https:\/\/www.banatulmeu.ro\/primaria-vrea-sa-cumpere-un-teren-doua-cladiri-si-o-anexa-de-la-arhiepiscopia-timisoarei-pentru-extinderea-serviciilor-destinate-persoanelor-varstnice-si-vulnerabile\/&#8221;]<\/p>\n","protected":false},"excerpt":{"rendered":"<p>[analyse_image type=&#8221;featured&#8221; src=&#8221;http:\/\/www.banatulmeu.ro\/wp-content\/uploads\/2025\/01\/servicii-sociale.jpeg&#8221;] Prim\u0103ria Timi\u0219oara preg\u0103te\u0219te extinderea serviciilor sociale destinate persoanelor v\u00e2rstnice \u0219i vulnerabile, prin dezvoltarea unor servicii de \u00eengrijire paliativ\u0103 \u0219i reziden\u021bial\u0103. Municipalitatea inten\u021bioneaz\u0103 s\u0103 achizi\u021bioneze, prin Direc\u021bia de Asisten\u021b\u0103 Social\u0103, un imobil situat \u00een apropierea C\u0103minului pentru Persoane V\u00e2rstnice \u201eInocen\u021biu M. Klein\u201d.\u00a0 \u00cen noul spa\u021biu ar urma s\u0103 fie dezvoltate servicii de tip [&hellip;]<\/p>\n","protected":false},"author":1,"featured_media":0,"comment_status":"open","ping_status":"","sticky":false,"template":"","format":"standard","meta":{"footnotes":""},"categories":[89],"tags":[204,226],"class_list":["post-2052429","post","type-post","status-publish","format-standard","hentry","category-romania","tag-banatulmeu-ro","tag-crawlmanager"],"_links":{"self":[{"href":"https:\/\/analyse.optim.biz\/index.php?rest_route=\/wp\/v2\/posts\/2052429","targetHints":{"allow":["GET"]}}],"collection":[{"href":"https:\/\/analyse.optim.biz\/index.php?rest_route=\/wp\/v2\/posts"}],"about":[{"href":"https:\/\/analyse.optim.biz\/index.php?rest_route=\/wp\/v2\/types\/post"}],"author":[{"embeddable":true,"href":"https:\/\/analyse.optim.biz\/index.php?rest_route=\/wp\/v2\/users\/1"}],"replies":[{"embeddable":true,"href":"https:\/\/analyse.optim.biz\/index.php?rest_route=%2Fwp%2Fv2%2Fcomments&post=2052429"}],"version-history":[{"count":0,"href":"https:\/\/analyse.optim.biz\/index.php?rest_route=\/wp\/v2\/posts\/2052429\/revisions"}],"wp:attachment":[{"href":"https:\/\/analyse.optim.biz\/index.php?rest_route=%2Fwp%2Fv2%2Fmedia&parent=2052429"}],"wp:term":[{"taxonomy":"category","embeddable":true,"href":"https:\/\/analyse.optim.biz\/index.php?rest_route=%2Fwp%2Fv2%2Fcategories&post=2052429"},{"taxonomy":"post_tag","embeddable":true,"href":"https:\/\/analyse.optim.biz\/index.php?rest_route=%2Fwp%2Fv2%2Ftags&post=2052429"}],"curies":[{"name":"wp","href":"https:\/\/api.w.org\/{rel}","templated":true}]}}