{"id":2052427,"date":"2026-07-20T12:22:56","date_gmt":"2026-07-20T09:22:56","guid":{"rendered":"https:\/\/analyse.optim.biz\/?p=2052427"},"modified":"2026-07-20T12:22:56","modified_gmt":"2026-07-20T09:22:56","slug":"vreme-nebuna-in-banat-in-urmatoarele-doua-saptamani","status":"publish","type":"post","link":"https:\/\/analyse.optim.biz\/?p=2052427","title":{"rendered":"Vreme nebun\u0103 \u00een Banat, \u00een urm\u0103toarele dou\u0103 s\u0103pt\u0103m\u00e2ni"},"content":{"rendered":"<p>[analyse_image type=&#8221;featured&#8221; src=&#8221;http:\/\/www.banatulmeu.ro\/wp-content\/uploads\/2020\/07\/iulie.jpeg&#8221;]<\/p>\n<div class=\"post-content-bd\">\n<p>Vom avea parte de o vreme nebun\u0103 \u00een Banat, cu temperaturi oscilante \u015fi instabilitate atmosferic\u0103, \u00een urm\u0103toarele dou\u0103 s\u0103pt\u0103m\u00e2ni.<\/p>\n<p><em>\u201c\u00cen primele dou\u0103 zile vremea va fi c\u0103lduroas\u0103, cu o medie a temperaturilor maxime de 31\u202632 de grade, apoi se va r\u0103cori p\u00e2n\u0103 vineri (24 iulie), c\u00e2nd temperaturile maxime vor ajunge s\u0103 ating\u0103 \u00een medie 25\u202627 de grade. \u00centre 25 \u0219i 27 iulie vremea se va \u00eenc\u0103lzi cu aproximativ 7 grade, apoi media maximelor termice va avea varia\u021bii \u00eentre 31 \u0219i 36 de grade. Temperaturile minime vor urma aceea\u0219i tendin\u021b\u0103, vor fi \u00een sc\u0103dere de la o medie de 15 grade \u00een primele nop\u021bi, p\u00e2n\u0103 la 12\u202613 grade \u00een data de 25 iulie. Va urma o u\u0219oar\u0103 tendin\u021b\u0103 de cre\u0219tere, iar media minimelor termice se va situa \u00eentre 15 \u0219i 19 grade\u201d<\/em>, a informat Administra\u0163ia Na\u0163ional\u0103 de Meteorologie, care a f\u0103cut public\u0103 prognoza meteo p\u00e2n\u0103 \u00een data de 02 august, \u00een Banat.<\/p>\n<p>Conform meteorologilor, manifest\u0103ri de instabilitate atmosferic\u0103 vor fi \u00een prima s\u0103pt\u0103m\u00e2n\u0103, trec\u0103tor \u0219i pe arii restr\u00e2nse, apoi vor fi posibile pe spa\u021bii mai extinse.<\/p>\n<\/div>\n<p>[analyse_source url=&#8221;https:\/\/www.banatulmeu.ro\/vreme-nebuna-in-banat-in-urmatoarele-doua-saptamani-5\/&#8221;]<\/p>\n","protected":false},"excerpt":{"rendered":"<p>[analyse_image type=&#8221;featured&#8221; src=&#8221;http:\/\/www.banatulmeu.ro\/wp-content\/uploads\/2020\/07\/iulie.jpeg&#8221;] Vom avea parte de o vreme nebun\u0103 \u00een Banat, cu temperaturi oscilante \u015fi instabilitate atmosferic\u0103, \u00een urm\u0103toarele dou\u0103 s\u0103pt\u0103m\u00e2ni. \u201c\u00cen primele dou\u0103 zile vremea va fi c\u0103lduroas\u0103, cu o medie a temperaturilor maxime de 31\u202632 de grade, apoi se va r\u0103cori p\u00e2n\u0103 vineri (24 iulie), c\u00e2nd temperaturile maxime vor ajunge s\u0103 ating\u0103 [&hellip;]<\/p>\n","protected":false},"author":1,"featured_media":0,"comment_status":"open","ping_status":"","sticky":false,"template":"","format":"standard","meta":{"footnotes":""},"categories":[89],"tags":[204,226],"class_list":["post-2052427","post","type-post","status-publish","format-standard","hentry","category-romania","tag-banatulmeu-ro","tag-crawlmanager"],"_links":{"self":[{"href":"https:\/\/analyse.optim.biz\/index.php?rest_route=\/wp\/v2\/posts\/2052427","targetHints":{"allow":["GET"]}}],"collection":[{"href":"https:\/\/analyse.optim.biz\/index.php?rest_route=\/wp\/v2\/posts"}],"about":[{"href":"https:\/\/analyse.optim.biz\/index.php?rest_route=\/wp\/v2\/types\/post"}],"author":[{"embeddable":true,"href":"https:\/\/analyse.optim.biz\/index.php?rest_route=\/wp\/v2\/users\/1"}],"replies":[{"embeddable":true,"href":"https:\/\/analyse.optim.biz\/index.php?rest_route=%2Fwp%2Fv2%2Fcomments&post=2052427"}],"version-history":[{"count":0,"href":"https:\/\/analyse.optim.biz\/index.php?rest_route=\/wp\/v2\/posts\/2052427\/revisions"}],"wp:attachment":[{"href":"https:\/\/analyse.optim.biz\/index.php?rest_route=%2Fwp%2Fv2%2Fmedia&parent=2052427"}],"wp:term":[{"taxonomy":"category","embeddable":true,"href":"https:\/\/analyse.optim.biz\/index.php?rest_route=%2Fwp%2Fv2%2Fcategories&post=2052427"},{"taxonomy":"post_tag","embeddable":true,"href":"https:\/\/analyse.optim.biz\/index.php?rest_route=%2Fwp%2Fv2%2Ftags&post=2052427"}],"curies":[{"name":"wp","href":"https:\/\/api.w.org\/{rel}","templated":true}]}}