{"id":2052399,"date":"2026-07-20T09:49:36","date_gmt":"2026-07-20T06:49:36","guid":{"rendered":"https:\/\/analyse.optim.biz\/?p=2052399"},"modified":"2026-07-20T09:49:36","modified_gmt":"2026-07-20T06:49:36","slug":"video-un-militar-la-un-pas-sa-se-prabuseasca-langa-seful-armatei-la-ceremonia-de-ziua-aviatiei-generalul-gheorghita-vlad-si-a-continuat-discursul","status":"publish","type":"post","link":"https:\/\/analyse.optim.biz\/?p=2052399","title":{"rendered":"VIDEO | Un militar, la un pas s\u0103 se pr\u0103bu\u0219easc\u0103 l\u00e2ng\u0103 \u0219eful Armatei, la ceremonia de Ziua Avia\u021biei. Generalul Gheorghi\u021b\u0103 Vlad \u0219i-a continuat discursul"},"content":{"rendered":"<p>[analyse_image type=&#8221;featured&#8221; src=&#8221;https:\/\/r3media.ro\/wp-content\/uploads\/2026\/07\/militar-gheorghita-vlad-e1784540957545.jpghttps:\/\/r3media.ro\/wp-content\/uploads\/2026\/07\/militar-gheorghita-vlad-e1784540957545.jpg&#8221;]<\/p>\n<article id=\"template-id-109\" class=\"post-109 tdb_templates type-tdb_templates status-publish post\">\n<div id=\"tdi_2\" class=\"tdc-zone\">\n<div class=\"tdc_zone tdi_3  wpb_row td-pb-row\">\n<div id=\"tdi_4\" class=\"tdc-row\">\n<div class=\"vc_row tdi_5  wpb_row td-pb-row\">\n<div class=\"vc_column tdi_7  wpb_column vc_column_container tdc-column td-pb-span8\">\n<div class=\"wpb_wrapper\">\n<div class=\"td_block_wrap tdb_breadcrumbs tdi_8 td-pb-border-top td_block_template_1 tdb-breadcrumbs \" data-td-block-uid=\"tdi_8\">\n<div class=\"tdb-block-inner td-fix-index\"><span><a title=\"Vede\u021bi toate articolele \u00een PRIM PLAN\" class=\"tdb-entry-crumb\" href=\"https:\/\/r3media.ro\/category\/stiri-prim-plan\/\">PRIM PLAN<\/a><\/span><span class=\"tdb-bred-no-url-last\">VIDEO | Un militar, la un pas s\u0103 se pr\u0103bu\u0219easc\u0103 l\u00e2ng\u0103 \u0219eful&#8230;<\/span><\/div>\n<\/div>\n<div class=\"td_block_wrap tdb_single_categories tdi_9 td-pb-border-top td_block_template_1 \" data-td-block-uid=\"tdi_9\">\n<div class=\"tdb-category td-fix-index\"><a class=\"tdb-entry-category\" href=\"https:\/\/r3media.ro\/category\/stiri-prim-plan\/\">PRIM PLAN<\/a><a class=\"tdb-entry-category\" href=\"https:\/\/r3media.ro\/category\/stiri\/\">\u0218TIRI<\/a><a class=\"tdb-entry-category\" href=\"https:\/\/r3media.ro\/category\/video-news\/\">VIDEO<\/a><\/div>\n<\/div>\n<div class=\"td_block_wrap tdb_title tdi_10 tdb-single-title td-pb-border-top td_block_template_1\" data-td-block-uid=\"tdi_10\">\n<div class=\"tdb-block-inner td-fix-index\">\n<h1 class=\"tdb-title-text\">VIDEO | Un militar, la un pas s\u0103 se pr\u0103bu\u0219easc\u0103 l\u00e2ng\u0103 \u0219eful Armatei, la ceremonia de Ziua Avia\u021biei. Generalul Gheorghi\u021b\u0103 Vlad \u0219i-a continuat discursul<\/h1>\n<\/div>\n<\/div>\n<div class=\"vc_row_inner tdi_12  vc_row vc_inner wpb_row td-pb-row\">\n<div class=\"vc_column_inner tdi_14  wpb_column vc_column_container tdc-inner-column td-pb-span12\">\n<div class=\"vc_column-inner\">\n<div class=\"wpb_wrapper\">\n<div class=\"td_block_wrap tdb_single_author tdi_15 td-pb-border-top td_block_template_1 tdb-post-meta\" data-td-block-uid=\"tdi_15\">\n<div class=\"tdb-block-inner td-fix-index\">\n<div class=\"tdb-author-name-wrap\"><a class=\"tdb-author-name\" href=\"https:\/\/r3media.ro\/author\/redactia\/\">Redac\u021bia<\/a><\/div>\n<\/div>\n<\/div>\n<div class=\"td_block_wrap tdb_single_date tdi_16 td-pb-border-top td_block_template_1 tdb-post-meta\" data-td-block-uid=\"tdi_16\">\n<div class=\"tdb-block-inner td-fix-index\"><time class=\"entry-date updated td-module-date\" datetime=\"2026-07-20T12:49:36+03:00\">20\/07\/2026<\/time><\/div>\n<\/div>\n<\/div>\n<\/div>\n<\/div>\n<\/div>\n<div class=\"td_block_wrap tdb_single_featured_image tdi_17 tdb-content-horiz-left td-pb-border-top td_block_template_1\" data-td-block-uid=\"tdi_17\">\n<div class=\"tdb-block-inner td-fix-index\">\n<figure><figcaption class=\"tdb-caption-text\">Sursa foto: Captura Video<\/figcaption><\/figure>\n<\/div>\n<\/div>\n<div class=\"td_block_wrap tdb_single_content tdi_18 td-pb-border-top td_block_template_1 td-post-content tagdiv-type\" data-td-block-uid=\"tdi_18\">\n<div class=\"tdb-block-inner td-fix-index\">\n<p><strong>Un militar a fost la un pas s\u0103 se pr\u0103bu\u0219easc\u0103 l\u00e2ng\u0103 \u0219eful Armatei, dar generalul Gheorghi\u021b\u0103 Vlad \u0219i-a continuat discursul.<\/strong><\/p>\n<p>Incidentul s-a produs duminic\u0103, la Monumentul Eroilor Aerului din Bucure\u0219ti. \u00cen timp ce un soldat din Brigada 30 Gard\u0103 \u201eMihai Viteazul\u201d era sprijinit de colegi \u0219i de \u0219eful DSU, Raed Arafat, generalul Gheorghi\u021b\u0103 Vlad a r\u0103mas la pupitru \u0219i \u0219i-a continuat alocu\u021biunea.<\/p>\n<p>Imaginile au devenit rapid virale.<\/p>\n\n<p>Momentul a avut loc \u00een timpul ceremoniilor organizate \u00een Capital\u0103 cu prilejul Zilei Avia\u021biei Rom\u00e2ne \u0219i a For\u021belor Aeriene, la Monumentul Eroilor Aerului, cunoscut \u0219i ca Statuia Aviatorilor.<\/p>\n<p>\u00cen timp ce \u0219eful Statului Major al Ap\u0103r\u0103rii sus\u021binea discursul oficial, un militar aflat \u00een apropierea tribunei a \u00eenceput s\u0103 se clatine \u0219i a fost la un pas s\u0103 cad\u0103. Participan\u021bii din imediata apropiere s-au mobilizat pentru a-l sus\u021bine.<\/p>\n<p>Potrivit unor relat\u0103ri, generalul a sesizat mi\u0219carea din spatele s\u0103u \u0219i s-a oprit pentru c\u00e2teva secunde din discurs, \u00eens\u0103 a r\u0103mas la pupitru \u0219i \u0219i-a reluat interven\u021bia f\u0103r\u0103 s\u0103 se apropie de militar.<\/p>\n<p>Cel care a intervenit direct a fost Raed Arafat, \u0219eful Departamentului pentru Situa\u021bii de Urgen\u021b\u0103, prezent la eveniment. Acesta s-a deplasat c\u0103tre militar \u0219i a participat, al\u0103turi de alte persoane, la acordarea primului ajutor.<\/p>\n<h2>Coinciden\u021ba din discurs<\/h2>\n<p>Un detaliu remarcat de mai multe publica\u021bii a amplificat reac\u021biile: \u00een chiar momentul \u00een care colegii soldatului interveneau, generalul Gheorghi\u021b\u0103 Vlad rostea o fraz\u0103 despre spiritul de echip\u0103 din avia\u021bie.<\/p>\n<p>\u00cenregistr\u0103rile s-au r\u0103sp\u00e2ndit rapid \u00een mediul online, iar momentul a fost interpretat de o parte a publicului drept o lips\u0103 de reac\u021bie din partea \u0219efului Armatei.<\/p>\n<h2>O nuan\u021b\u0103 important\u0103<\/h2>\n<p>Din imaginile disponibile public nu se poate stabili \u00eens\u0103 cu certitudine dac\u0103 generalul a observat incidentul sau dac\u0103 a \u00een\u021beles gravitatea situa\u021biei. Militarul se afla \u00een lateralul s\u0103u \u0219i a fost sprijinit imediat de cei din apropiere, ceea ce ar fi putut face interven\u021bia direct\u0103 a vorbitorului inutil\u0103.<\/p>\n<p>De asemenea, de\u0219i unele titluri au vorbit despre un le\u0219in, majoritatea relat\u0103rilor precizeaz\u0103 c\u0103 soldatul a fost pe punctul de a se pr\u0103bu\u0219i \u0219i c\u0103 i s-a f\u0103cut r\u0103u, f\u0103r\u0103 s\u0103 \u00ee\u0219i piard\u0103 complet cuno\u0219tin\u021ba.<\/p>\n<p>Astfel de episoade nu sunt neobi\u0219nuite la ceremoniile militare desf\u0103\u0219urate \u00een aer liber, unde militarii stau perioade lungi \u00een pozi\u021bie de drep\u021bi, adesea \u00een uniforme groase \u0219i cu echipament complet, pe canicul\u0103.<\/p>\n<h2>Un precedent din 2019<\/h2>\n<p>O situa\u021bie asem\u0103n\u0103toare s-a produs pe 15 august 2019, la ceremoniile de Ziua Marinei de la Constan\u021ba. Atunci, un militar american aflat \u00een apropierea pre\u0219edintelui de la acea vreme, Klaus Iohannis, a le\u0219inat \u00een timpul discursului acestuia.<\/p>\n<p>Colegii l-au sprijinit \u0219i l-au scos din forma\u021bie, iar Klaus Iohannis \u0219i-a continuat discursul \u00een timp ce b\u0103rbatului i se acorda ajutor. Militarul a fost dus ini\u021bial la o ambulan\u021b\u0103, apoi transportat la Spitalul Militar din Constan\u021ba. Ministrul Ap\u0103r\u0103rii de atunci, Gabriel Le\u0219, a explicat ulterior c\u0103 incidentul fusese provocat de o sc\u0103dere a glicemiei.<\/p>\n<div class=\"crp_related     crp-masonry\">\n<h2>\u00ceN CONTEXT<\/h2>\n<ul>\n<li><a href=\"https:\/\/r3media.ro\/general-gheorghita-vlad-iulian-berdila-cerere-pensionare\/\" class=\"crp_link post-117679\"><span class=\"crp_title\">Generalul Gheorghi\u021b\u0103 Vlad a cerut s\u0103 ias\u0103 la pensie. La fel ar fi procedat \u0219i generalul\u2026<\/span><\/a><\/li>\n<li><a href=\"https:\/\/r3media.ro\/sef-statul-major-al-apararii-general-gheorghita-vlad-romania-populatie-pregatita-sustinere-efort-razboi\/\" class=\"crp_link post-114850\"><span class=\"crp_title\">VIDEO | \u0218eful Statului Major al Ap\u0103r\u0103rii, generalul Gheorghi\u021b\u0103 Vlad, spune c\u0103 Rom\u00e2nia\u2026<\/span><\/a><\/li>\n<li><a href=\"https:\/\/r3media.ro\/general-gheorghita-vlad-sef-statul-major-al-apararii-audiat-dna-urmarit-penal\/\" class=\"crp_link post-117532\"><span class=\"crp_title\">Generalul Gheorghi\u021b\u0103 Vlad, \u0219eful Statului Major al Ap\u0103r\u0103rii, urm\u0103rit PENAL pentru uzurparea func\u021biei<\/span><\/a><\/li>\n<li><a href=\"https:\/\/r3media.ro\/sunteti-pregatiti-mergeti-front-seful-armatei-general-gheorghita-vlad-anunta-inventariere-rezerva-mobilizare-razboi-barbati-romania\/\" class=\"crp_link post-113633\"><span class=\"crp_title\">Sunte\u021bi preg\u0103ti\u021bi s\u0103 merge\u021bi pe front? \u0218eful Armatei, generalul Gheorghi\u021b\u0103 Vlad, anun\u021b\u0103 c\u0103\u2026<\/span><\/a><\/li>\n<li><a href=\"https:\/\/r3media.ro\/ciclon-razboi-seful-armatei-romane-gheorghita-vlad-avertizeaza-direct-rusia-exclus-pregatiti-sprijin-militar-republica-moldova\/\" class=\"crp_link post-113573\"><span class=\"crp_title\">Dup\u0103 ciclon, r\u0103zboiul: \u0218eful Armatei Rom\u00e2ne ne avertizeaz\u0103 c\u0103 un atac direct al Rusiei nu\u2026<\/span><\/a><\/li>\n<li><a href=\"https:\/\/r3media.ro\/calendarul-zilei-8-august-1917-incepe-marea-batalie-de-la-oituz-din-primul-razboi-mondial\/\" class=\"crp_link post-25646\"><span class=\"crp_title\">Calendarul zilei | 8 august 1917: \u00cencepe marea b\u0103t\u0103lie de la Oituz, din Primul R\u0103zboi Mondial<\/span><\/a><\/li>\n<li><a href=\"https:\/\/r3media.ro\/diplomatie-uitata-radu-miruta-ministrul-apararii-tricou-summitul-nato-ankara\/\" class=\"crp_link post-119506\"><span class=\"crp_title\">Diploma\u021bia a fost uitat\u0103 acas\u0103 de Radu Miru\u021b\u0103: Ministrul Ap\u0103r\u0103rii a mers \u00een tricou la\u2026<\/span><\/a><\/li>\n<li><a href=\"https:\/\/r3media.ro\/calendarul-zilei-4-august-1919-cucerirea-budapestei-de-catre-armata-romana\/\" class=\"crp_link post-25422\"><span class=\"crp_title\">Calendarul zilei: 4 august 1919, cucerirea Budapestei de c\u0103tre Armata Rom\u00e2n\u0103<\/span><\/a><\/li>\n<\/ul>\n<\/div>\n<\/div>\n<\/div>\n<div class=\"td_block_wrap tdb_single_tags tdi_19 td-pb-border-top td_block_template_1\" data-td-block-uid=\"tdi_19\">\n<div class=\"tdb-block-inner td-fix-index\">\n<ul class=\"tdb-tags\">\n<li><span>SUBIECTE FIERBIN\u021aI<\/span><\/li>\n<li><a href=\"https:\/\/r3media.ro\/tag\/gheorghita-vlad\/\">gheorghita vlad<\/a><\/li>\n<li><a href=\"https:\/\/r3media.ro\/tag\/ministerul-apararii-nationale-mapn\/\">ministerul apararii nationale (mapn)<\/a><\/li>\n<\/ul>\n<\/div>\n<\/div>\n<div class=\"td_block_wrap td_block_9 tdi_20 td_with_ajax_pagination td-pb-border-top td_block_template_1 td-column-2 td_block_padding td_block_bot_line\" data-td-block-uid=\"tdi_20\">\n<div class=\"td-block-title-wrap\">\n<h4 class=\"block-title td-block-title\"><span class=\"td-pulldown-size\">CITE\u0218TE MAI MULT<\/span><\/h4>\n<\/div>\n<div id=\"tdi_20\" class=\"td_block_inner\">\n<div class=\"td-block-row\">\n<div class=\"td-block-span6\">\n<div class=\"td_module_8 td_module_wrap\">\n<div class=\"item-details\">\n<h3 class=\"entry-title td-module-title\"><a href=\"https:\/\/r3media.ro\/parinte-adrian-agachi-reactie-declaratii-ora-de-religie-corina-atanasiu-usr-totalitarism\/\" rel=\"bookmark\" title=\"P\u0103rintele Adrian Agachi a reac\u021bionat la afirma\u021biile despre ora de Religie f\u0103cute de Corina Atanasiu (USR): E inadmisibil s\u0103 ne \u00eentoarcem la discursuri totalitare. Scuzele ar fi absolut necesare\">P\u0103rintele Adrian Agachi a reac\u021bionat la afirma\u021biile despre ora de Religie f\u0103cute de Corina&#8230;<\/a><\/h3>\n<div class=\"td-module-meta-info\"><a href=\"https:\/\/r3media.ro\/category\/actualitate\/\" class=\"td-post-category\">ACTUALITATE<\/a><span class=\"td-post-author-name\"><a href=\"https:\/\/r3media.ro\/author\/oana\/\">Oana Ivan<\/a><span>&#8211;<\/span><\/span><span class=\"td-post-date\"><time class=\"entry-date updated td-module-date\" datetime=\"2026-07-19T02:45:37+03:00\">19\/07\/2026<\/time><\/span><\/div>\n<\/div>\n<\/div>\n<\/div>\n<div class=\"td-block-span6\">\n<div class=\"td_module_8 td_module_wrap\">\n<div class=\"item-details\">\n<h3 class=\"entry-title td-module-title\"><a href=\"https:\/\/r3media.ro\/candidat-barbat-partidul-democrat-sua-menstruatie-sangerare-rect\/\" rel=\"bookmark\" title=\"VIDEO | Un b\u0103rbat care candideaz\u0103 de la Partidul Democrat din SUA ar fi sus\u021binut c\u0103 are menstrua\u021bie \u0219i elimin\u0103 s\u00e2ngele prin rect\">VIDEO | Un b\u0103rbat care candideaz\u0103 de la Partidul Democrat din SUA ar fi&#8230;<\/a><\/h3>\n<div class=\"td-module-meta-info\"><a href=\"https:\/\/r3media.ro\/category\/actualitate\/\" class=\"td-post-category\">ACTUALITATE<\/a><span class=\"td-post-author-name\"><a href=\"https:\/\/r3media.ro\/author\/oana\/\">Oana Ivan<\/a><span>&#8211;<\/span><\/span><span class=\"td-post-date\"><time class=\"entry-date updated td-module-date\" datetime=\"2026-07-19T02:19:11+03:00\">19\/07\/2026<\/time><\/span><\/div>\n<\/div>\n<\/div>\n<\/div>\n<\/div>\n<div class=\"td-block-row\">\n<div class=\"td-block-span6\">\n<div class=\"td_module_8 td_module_wrap\">\n<div class=\"item-details\">\n<h3 class=\"entry-title td-module-title\"><a href=\"https:\/\/r3media.ro\/prapad-busteni-valea-prahovei-statiuni-ploi-viitura-oameni-raniti-masini-avariate-case-inundate\/\" rel=\"bookmark\" title=\"VIDEO | Pr\u0103p\u0103d la Bu\u0219teni! Ploile au cauzat o viitur\u0103 care a m\u0103turat tot \u00een cale \u00een sta\u021biunile de pe valea Prahovei: oameni r\u0103ni\u021bi, ma\u0219ini avariate \u0219i locuin\u021be inundate\">VIDEO | Pr\u0103p\u0103d la Bu\u0219teni! Ploile au cauzat o viitur\u0103 care a m\u0103turat tot&#8230;<\/a><\/h3>\n<div class=\"td-module-meta-info\"><a href=\"https:\/\/r3media.ro\/category\/featured\/\" class=\"td-post-category\">FEATURED<\/a><span class=\"td-post-author-name\"><a href=\"https:\/\/r3media.ro\/author\/oana\/\">Oana Ivan<\/a><span>&#8211;<\/span><\/span><span class=\"td-post-date\"><time class=\"entry-date updated td-module-date\" datetime=\"2026-07-19T19:07:45+03:00\">19\/07\/2026<\/time><\/span><\/div>\n<\/div>\n<\/div>\n<\/div>\n<div class=\"td-block-span6\">\n<div class=\"td_module_8 td_module_wrap\">\n<div class=\"item-details\">\n<h3 class=\"entry-title td-module-title\"><a href=\"https:\/\/r3media.ro\/spania-invinge-argentina-castiga-cupa-mondiala\/\" rel=\"bookmark\" title=\"Spania a \u00eenvins Argentina \u0219i a c\u00e2\u0219tigat Cupa Mondial\u0103 pentru a doua oar\u0103 \u00een istorie\">Spania a \u00eenvins Argentina \u0219i a c\u00e2\u0219tigat Cupa Mondial\u0103 pentru a doua oar\u0103 \u00een&#8230;<\/a><\/h3>\n<div class=\"td-module-meta-info\"><a href=\"https:\/\/r3media.ro\/category\/sport\/cupa-mondiala-2026\/\" class=\"td-post-category\">CUPA MONDIALA 2026 AMERICA<\/a><span class=\"td-post-author-name\"><a href=\"https:\/\/r3media.ro\/author\/oana\/\">Oana Ivan<\/a><span>&#8211;<\/span><\/span><span class=\"td-post-date\"><time class=\"entry-date updated td-module-date\" datetime=\"2026-07-20T01:04:07+03:00\">20\/07\/2026<\/time><\/span><\/div>\n<\/div>\n<\/div>\n<\/div>\n<\/div>\n<div class=\"td-block-row\">\n<div class=\"td-block-span6\">\n<div class=\"td_module_8 td_module_wrap\">\n<div class=\"item-details\">\n<h3 class=\"entry-title td-module-title\"><a href=\"https:\/\/r3media.ro\/criza-apei-grecia-sapte-insule-stare-de-urgenta-localnici-recolte\/\" rel=\"bookmark\" title=\"Criza apei pe \u0219apte insule din Grecia: A fost emis\u0103 stare de urgen\u021b\u0103. Localnicii nu mai au cu ce s\u0103-\u0219i ude recoltele\">Criza apei pe \u0219apte insule din Grecia: A fost emis\u0103 stare de urgen\u021b\u0103. Localnicii&#8230;<\/a><\/h3>\n<div class=\"td-module-meta-info\"><a href=\"https:\/\/r3media.ro\/category\/actualitate\/\" class=\"td-post-category\">ACTUALITATE<\/a><span class=\"td-post-author-name\"><a href=\"https:\/\/r3media.ro\/author\/oana\/\">Oana Ivan<\/a><span>&#8211;<\/span><\/span><span class=\"td-post-date\"><time class=\"entry-date updated td-module-date\" datetime=\"2026-07-16T17:55:42+03:00\">16\/07\/2026<\/time><\/span><\/div>\n<\/div>\n<\/div>\n<\/div>\n<div class=\"td-block-span6\">\n<div class=\"td_module_8 td_module_wrap\">\n<div class=\"item-details\">\n<h3 class=\"entry-title td-module-title\"><a href=\"https:\/\/r3media.ro\/prof-ioan-aurel-pop-ong-antisemitism-xenofobie\/\" rel=\"bookmark\" title=\"Prof. Ioan-Aurel Pop: Anumite ONG-uri vor s\u0103 \u00eent\u0103reasc\u0103 antisemitismul \u0219i xenofobia, pentru c\u0103 ele s-au \u00eenfiin\u021bat ca s\u0103 combat\u0103 asemenea lucruri\">Prof. Ioan-Aurel Pop: Anumite ONG-uri vor s\u0103 \u00eent\u0103reasc\u0103 antisemitismul \u0219i xenofobia, pentru c\u0103 ele&#8230;<\/a><\/h3>\n<div class=\"td-module-meta-info\"><a href=\"https:\/\/r3media.ro\/category\/actualitate\/\" class=\"td-post-category\">ACTUALITATE<\/a><span class=\"td-post-author-name\"><a href=\"https:\/\/r3media.ro\/author\/radu_ursan\/\">Radu Ursan<\/a><span>&#8211;<\/span><\/span><span class=\"td-post-date\"><time class=\"entry-date updated td-module-date\" datetime=\"2026-07-16T15:28:25+03:00\">16\/07\/2026<\/time><\/span><\/div>\n<\/div>\n<\/div>\n<\/div>\n<\/div>\n<div class=\"td-block-row\">\n<div class=\"td-block-span6\">\n<div class=\"td_module_8 td_module_wrap\">\n<div class=\"item-details\">\n<h3 class=\"entry-title td-module-title\"><a href=\"https:\/\/r3media.ro\/deznationala-frantei-a-invins-franta\/\" rel=\"bookmark\" title=\"Dezna\u021bionala Fran\u021bei a \u00eenvins Fran\u021ba \u00a0\u00a0\">Dezna\u021bionala Fran\u021bei a \u00eenvins Fran\u021ba \u00a0\u00a0<\/a><\/h3>\n<div class=\"td-module-meta-info\"><a href=\"https:\/\/r3media.ro\/category\/actualitate\/\" class=\"td-post-category\">ACTUALITATE<\/a><span class=\"td-post-author-name\"><a href=\"https:\/\/r3media.ro\/author\/tru\/\">TRU (Traian Ungureanu)<\/a><span>&#8211;<\/span><\/span><span class=\"td-post-date\"><time class=\"entry-date updated td-module-date\" datetime=\"2026-07-15T20:57:25+03:00\">15\/07\/2026<\/time><\/span><\/div>\n<\/div>\n<\/div>\n<\/div>\n<div class=\"td-block-span6\">\n<div class=\"td_module_8 td_module_wrap\">\n<div class=\"item-details\">\n<h3 class=\"entry-title td-module-title\"><a href=\"https:\/\/r3media.ro\/revolte-violente-franta-eliminare-cupa-mondiala-spania-video\/\" rel=\"bookmark\" title=\"VIDEO | Revolte violente \u00een Fran\u021ba dup\u0103 eliminarea de la Cupa Mondial\u0103\">VIDEO | Revolte violente \u00een Fran\u021ba dup\u0103 eliminarea de la Cupa Mondial\u0103<\/a><\/h3>\n<div class=\"td-module-meta-info\"><a href=\"https:\/\/r3media.ro\/category\/actualitate\/\" class=\"td-post-category\">ACTUALITATE<\/a><span class=\"td-post-author-name\"><a href=\"https:\/\/r3media.ro\/author\/oana\/\">Oana Ivan<\/a><span>&#8211;<\/span><\/span><span class=\"td-post-date\"><time class=\"entry-date updated td-module-date\" datetime=\"2026-07-15T15:35:05+03:00\">15\/07\/2026<\/time><\/span><\/div>\n<\/div>\n<\/div>\n<\/div>\n<\/div>\n<div class=\"td-block-row\">\n<div class=\"td-block-span6\">\n<div class=\"td_module_8 td_module_wrap\">\n<div class=\"item-details\">\n<h3 class=\"entry-title td-module-title\"><a href=\"https:\/\/r3media.ro\/cine-este-cu-adevarat-francez\/\" rel=\"bookmark\" title=\"Cine este cu adev\u0103rat francez?\">Cine este cu adev\u0103rat francez?<\/a><\/h3>\n<div class=\"td-module-meta-info\"><a href=\"https:\/\/r3media.ro\/category\/actualitate\/\" class=\"td-post-category\">ACTUALITATE<\/a><span class=\"td-post-author-name\"><a href=\"https:\/\/r3media.ro\/author\/gabipopa\/\">Gabriel Popa<\/a><span>&#8211;<\/span><\/span><span class=\"td-post-date\"><time class=\"entry-date updated td-module-date\" datetime=\"2026-07-15T09:52:34+03:00\">15\/07\/2026<\/time><\/span><\/div>\n<\/div>\n<\/div>\n<\/div>\n<div class=\"td-block-span6\">\n<div class=\"td_module_8 td_module_wrap\">\n<div class=\"item-details\">\n<h3 class=\"entry-title td-module-title\"><a href=\"https:\/\/r3media.ro\/ioan-aurel-pop-lege-vexler-razboi-istoria\/\" rel=\"bookmark\" title=\"Ioan-Aurel Pop critic\u0103 legea Vexler \u00eentr-un articol de neratat: Nu putem s\u0103 ducem un r\u0103zboi cu istoria\">Ioan-Aurel Pop critic\u0103 legea Vexler \u00eentr-un articol de neratat: Nu putem s\u0103 ducem un&#8230;<\/a><\/h3>\n<div class=\"td-module-meta-info\"><a href=\"https:\/\/r3media.ro\/category\/actualitate\/\" class=\"td-post-category\">ACTUALITATE<\/a><span class=\"td-post-author-name\"><a href=\"https:\/\/r3media.ro\/author\/radu_ursan\/\">Radu Ursan<\/a><span>&#8211;<\/span><\/span><span class=\"td-post-date\"><time class=\"entry-date updated td-module-date\" datetime=\"2026-07-12T21:42:54+03:00\">12\/07\/2026<\/time><\/span><\/div>\n<\/div>\n<\/div>\n<\/div>\n<\/div>\n<div class=\"td-block-row\">\n<div class=\"td-block-span6\">\n<div class=\"td_module_8 td_module_wrap\">\n<div class=\"item-details\">\n<h3 class=\"entry-title td-module-title\"><a href=\"https:\/\/r3media.ro\/scandalul-rachetelor-patriot-zguduie-polonia-varsovia-declasifica-tot-ajutorul-militar-acordat-ucrainei\/\" rel=\"bookmark\" title=\"Scandalul rachetelor Patriot zguduie Polonia: Var\u0219ovia declasific\u0103 tot ajutorul militar acordat Ucrainei\">Scandalul rachetelor Patriot zguduie Polonia: Var\u0219ovia declasific\u0103 tot ajutorul militar acordat Ucrainei<\/a><\/h3>\n<div class=\"td-module-meta-info\"><a href=\"https:\/\/r3media.ro\/category\/stiri\/\" class=\"td-post-category\">\u0218TIRI<\/a><span class=\"td-post-author-name\"><a href=\"https:\/\/r3media.ro\/author\/radu_ursan\/\">Radu Ursan<\/a><span>&#8211;<\/span><\/span><span class=\"td-post-date\"><time class=\"entry-date updated td-module-date\" datetime=\"2026-07-12T20:43:04+03:00\">12\/07\/2026<\/time><\/span><\/div>\n<\/div>\n<\/div>\n<\/div>\n<div class=\"td-block-span6\">\n<div class=\"td_module_8 td_module_wrap\">\n<div class=\"item-details\">\n<h3 class=\"entry-title td-module-title\"><a href=\"https:\/\/r3media.ro\/ce-ne-facem-cu-atatia-prosti\/\" rel=\"bookmark\" title=\"Ce ne facem cu at\u00e2\u021bia pro\u0219ti?\">Ce ne facem cu at\u00e2\u021bia pro\u0219ti?<\/a><\/h3>\n<div class=\"td-module-meta-info\"><a href=\"https:\/\/r3media.ro\/category\/opinii\/\" class=\"td-post-category\">OPINII<\/a><span class=\"td-post-author-name\"><a href=\"https:\/\/r3media.ro\/author\/alexandru_racu\/\">Alexandru Racu<\/a><span>&#8211;<\/span><\/span><span class=\"td-post-date\"><time class=\"entry-date updated td-module-date\" datetime=\"2026-07-12T14:11:45+03:00\">12\/07\/2026<\/time><\/span><\/div>\n<\/div>\n<\/div>\n<\/div>\n<\/div>\n<\/div>\n<div class=\"td-load-more-wrap td-load-more-infinite-wrap\" id=\"infinite-lm-tdi_20\"><a href=\"https:\/\/r3media.ro\/video-un-militar-la-un-pas-sa-se-prabuseasca-langa-seful-armatei-la-ceremonia-de-ziua-aviatiei-generalul-gheorghita-vlad-si-a-continuat-discursul\/\" class=\"td_ajax_load_more td_ajax_load_more_js\" aria-label=\"\u00cenc\u0103rca\u021bi mai multe\" id=\"next-page-tdi_20\" data-td_block_id=\"tdi_20\">\u00cenc\u0103rca\u021bi mai multe<\/a><\/div>\n<\/div>\n<div class=\"td_block_wrap tdb_single_comments tdi_21 tdb-comm-layout2 td-pb-border-top td_block_template_1\" data-td-block-uid=\"tdi_21\">\n<div class=\"tdb-block-inner td-fix-index\">\n<div class=\"comments\" id=\"comments\">\n<div id=\"respond\" class=\"comment-respond\">\n<h3 id=\"reply-title\" class=\"comment-reply-title\">AI CEVA DE SPUS? <small><a rel=\"nofollow\" id=\"cancel-comment-reply-link\" href=\"https:\/\/r3media.ro\/video-un-militar-la-un-pas-sa-se-prabuseasca-langa-seful-armatei-la-ceremonia-de-ziua-aviatiei-generalul-gheorghita-vlad-si-a-continuat-discursul\/#respond\">Renun\u021ba\u021bi la r\u0103spuns<\/a><\/small><\/h3>\n<div class=\"comment-form-input-wrap td-form-comment\">\n<div class=\"td-warning-comment\">V\u0103 rug\u0103m s\u0103 introduce\u021bi comentariul dvs.!<\/div>\n<\/div>\n<div class=\"comment-form-input-wrap td-form-author\">\n<div class=\"td-warning-author\">Introduce\u021bi aici numele dvs.<\/div>\n<\/div>\n<div class=\"comment-form-input-wrap td-form-email\">\n<div class=\"td-warning-email-error\">A\u021bi introdus o adres\u0103 de e-mail incorect\u0103!<\/div>\n<div class=\"td-warning-email\">V\u0103 rug\u0103m s\u0103 introduce\u021bi adresa dvs. de e-mail aici<\/div>\n<\/div>\n<\/div>\n<\/div>\n<\/div>\n<\/div>\n<\/div>\n<\/div>\n<div class=\"vc_column tdi_23  wpb_column vc_column_container tdc-column td-pb-span4 td-is-sticky\">\n<div class=\"wpb_wrapper\" data-sticky-enabled-on=\"W3RydWUsdHJ1ZSx0cnVlLHRydWVd\" data-sticky-offset=\"20\" data-sticky-is-width-auto=\"W2ZhbHNlLGZhbHNlLGZhbHNlLGZhbHNlXQ==\">\n<div class=\"wpb_wrapper td_block_wrap vc_widget_sidebar tdi_25 \">\n<div class=\"td_block_wrap td_block_7 td_block_widget tdi_26 td-pb-border-top td_block_template_1 td-column-1 td_block_padding\" data-td-block-uid=\"tdi_26\">\n<div class=\"td-block-title-wrap\">\n<h4 class=\"block-title td-block-title\"><span class=\"td-pulldown-size\">Articole RELA\u021aIONATE<\/span><\/h4>\n<\/div>\n<div id=\"tdi_26\" class=\"td_block_inner\">\n<div class=\"td-block-span12\">\n<div class=\"td_module_6 td_module_wrap td-animation-stack\">\n<div class=\"td-module-thumb\"><a href=\"https:\/\/r3media.ro\/andy-burnham-premier-marea-britanie-rol-aderare-romania-uniunea-europeana\/\" rel=\"bookmark\" class=\"td-image-wrap \" title=\"Andy Burnham a fost numit premier al Marii Britanii: Laburistul a jucat un rol hot\u0103r\u00e2tor \u00een aderarea Rom\u00e2niei la UE\"><img loading=\"lazy\" decoding=\"async\" class=\"entry-thumb\" src=\"https:\/\/r3media.ro\/wp-content\/uploads\/2026\/07\/andy-burnham-100x70.png\" alt title=\"Andy Burnham a fost numit premier al Marii Britanii: Laburistul a jucat un rol hot\u0103r\u00e2tor \u00een aderarea Rom\u00e2niei la UE\" width=\"100\" height=\"70\"><\/a><\/div>\n<div class=\"item-details\">\n<h3 class=\"entry-title td-module-title\"><a href=\"https:\/\/r3media.ro\/andy-burnham-premier-marea-britanie-rol-aderare-romania-uniunea-europeana\/\" rel=\"bookmark\" title=\"Andy Burnham a fost numit premier al Marii Britanii: Laburistul a jucat un rol hot\u0103r\u00e2tor \u00een aderarea Rom\u00e2niei la UE\">Andy Burnham a fost numit premier al Marii Britanii: Laburistul a&#8230;<\/a><\/h3>\n<div class=\"td-module-meta-info\"><span class=\"td-post-date\"><time class=\"entry-date updated td-module-date\" datetime=\"2026-07-20T16:01:59+03:00\">20\/07\/2026<\/time><\/span><\/div>\n<\/div>\n<\/div>\n<\/div>\n<div class=\"td-block-span12\">\n<div class=\"td_module_6 td_module_wrap td-animation-stack\">\n<div class=\"td-module-thumb\"><a href=\"https:\/\/r3media.ro\/grecia-ar-putea-bloca-pachetul-de-sanctiuni-impotriva-rusiei\/\" rel=\"bookmark\" class=\"td-image-wrap \" title=\"Grecia ar putea bloca pachetul de sanc\u021biuni \u00eempotriva Rusiei\"><img loading=\"lazy\" decoding=\"async\" class=\"entry-thumb\" src=\"https:\/\/r3media.ro\/wp-content\/uploads\/2026\/07\/grecia-steag-100x70.jpg\" alt title=\"Grecia ar putea bloca pachetul de sanc\u021biuni \u00eempotriva Rusiei\" width=\"100\" height=\"70\"><\/a><\/div>\n<div class=\"item-details\">\n<h3 class=\"entry-title td-module-title\"><a href=\"https:\/\/r3media.ro\/grecia-ar-putea-bloca-pachetul-de-sanctiuni-impotriva-rusiei\/\" rel=\"bookmark\" title=\"Grecia ar putea bloca pachetul de sanc\u021biuni \u00eempotriva Rusiei\">Grecia ar putea bloca pachetul de sanc\u021biuni \u00eempotriva Rusiei<\/a><\/h3>\n<div class=\"td-module-meta-info\"><span class=\"td-post-date\"><time class=\"entry-date updated td-module-date\" datetime=\"2026-07-20T13:26:52+03:00\">20\/07\/2026<\/time><\/span><\/div>\n<\/div>\n<\/div>\n<\/div>\n<div class=\"td-block-span12\">\n<div class=\"td_module_6 td_module_wrap td-animation-stack\">\n<div class=\"td-module-thumb\"><a href=\"https:\/\/r3media.ro\/fratii-tate-arestati-in-miami-marea-britanie-cere-extradarea-lor-dupa-noi-acuzatii-de-viol-si-trafic-de-persoane\/\" rel=\"bookmark\" class=\"td-image-wrap \" title=\"Fra\u021bii Tate au fost aresta\u0163i \u00een Miami. Marea Britanie cere extr\u0103darea lor, dup\u0103 noi acuza\u021bii de viol \u0219i trafic de persoane\"><img loading=\"lazy\" decoding=\"async\" class=\"entry-thumb\" src=\"https:\/\/r3media.ro\/wp-content\/uploads\/2025\/07\/andrew-tate-100x70.png\" alt title=\"Fra\u021bii Tate au fost aresta\u0163i \u00een Miami. Marea Britanie cere extr\u0103darea lor, dup\u0103 noi acuza\u021bii de viol \u0219i trafic de persoane\" width=\"100\" height=\"70\"><\/a><\/div>\n<div class=\"item-details\">\n<h3 class=\"entry-title td-module-title\"><a href=\"https:\/\/r3media.ro\/fratii-tate-arestati-in-miami-marea-britanie-cere-extradarea-lor-dupa-noi-acuzatii-de-viol-si-trafic-de-persoane\/\" rel=\"bookmark\" title=\"Fra\u021bii Tate au fost aresta\u0163i \u00een Miami. Marea Britanie cere extr\u0103darea lor, dup\u0103 noi acuza\u021bii de viol \u0219i trafic de persoane\">Fra\u021bii Tate au fost aresta\u0163i \u00een Miami. Marea Britanie cere extr\u0103darea&#8230;<\/a><\/h3>\n<div class=\"td-module-meta-info\"><span class=\"td-post-date\"><time class=\"entry-date updated td-module-date\" datetime=\"2026-07-20T11:54:53+03:00\">20\/07\/2026<\/time><\/span><\/div>\n<\/div>\n<\/div>\n<\/div>\n<div class=\"td-block-span12\">\n<div class=\"td_module_6 td_module_wrap td-animation-stack\">\n<div class=\"td-module-thumb\"><a href=\"https:\/\/r3media.ro\/rabla-2026-ghid-complet-persoane-fizice-masina-noua\/\" rel=\"bookmark\" class=\"td-image-wrap \" title=\"Rabla 2026: Ghidul complet pentru persoane fizice care vor s\u0103-\u0219i cumpere o ma\u0219in\u0103 nou\u0103\"><img loading=\"lazy\" decoding=\"async\" class=\"entry-thumb\" src=\"https:\/\/r3media.ro\/wp-content\/uploads\/2026\/05\/rabla-2026-100x70.jpg\" alt title=\"Rabla 2026: Ghidul complet pentru persoane fizice care vor s\u0103-\u0219i cumpere o ma\u0219in\u0103 nou\u0103\" width=\"100\" height=\"70\"><\/a><\/div>\n<div class=\"item-details\">\n<h3 class=\"entry-title td-module-title\"><a href=\"https:\/\/r3media.ro\/rabla-2026-ghid-complet-persoane-fizice-masina-noua\/\" rel=\"bookmark\" title=\"Rabla 2026: Ghidul complet pentru persoane fizice care vor s\u0103-\u0219i cumpere o ma\u0219in\u0103 nou\u0103\">Rabla 2026: Ghidul complet pentru persoane fizice care vor s\u0103-\u0219i cumpere&#8230;<\/a><\/h3>\n<div class=\"td-module-meta-info\"><span class=\"td-post-date\"><time class=\"entry-date updated td-module-date\" datetime=\"2026-07-20T10:09:16+03:00\">20\/07\/2026<\/time><\/span><\/div>\n<\/div>\n<\/div>\n<\/div>\n<div class=\"td-block-span12\">\n<div class=\"td_module_6 td_module_wrap td-animation-stack\">\n<div class=\"td-module-thumb\"><a href=\"https:\/\/r3media.ro\/romani-isi-pierd-locul-de-munca-in-fiecare-luna\/\" rel=\"bookmark\" class=\"td-image-wrap \" title=\"Peste 1.000 de rom\u00e2ni \u00ee\u0219i pierd locul de munc\u0103, \u00een fiecare lun\u0103\"><img loading=\"lazy\" decoding=\"async\" class=\"entry-thumb\" src=\"https:\/\/r3media.ro\/wp-content\/uploads\/2022\/10\/somaj-e1667219277728-100x70.jpg\" alt title=\"Peste 1.000 de rom\u00e2ni \u00ee\u0219i pierd locul de munc\u0103, \u00een fiecare lun\u0103\" width=\"100\" height=\"70\"><\/a><\/div>\n<div class=\"item-details\">\n<h3 class=\"entry-title td-module-title\"><a href=\"https:\/\/r3media.ro\/romani-isi-pierd-locul-de-munca-in-fiecare-luna\/\" rel=\"bookmark\" title=\"Peste 1.000 de rom\u00e2ni \u00ee\u0219i pierd locul de munc\u0103, \u00een fiecare lun\u0103\">Peste 1.000 de rom\u00e2ni \u00ee\u0219i pierd locul de munc\u0103, \u00een fiecare&#8230;<\/a><\/h3>\n<div class=\"td-module-meta-info\"><span class=\"td-post-date\"><time class=\"entry-date updated td-module-date\" datetime=\"2026-07-20T09:52:37+03:00\">20\/07\/2026<\/time><\/span><\/div>\n<\/div>\n<\/div>\n<\/div>\n<div class=\"td-block-span12\">\n<div class=\"td_module_6 td_module_wrap td-animation-stack\">\n<div class=\"td-module-thumb\"><a href=\"https:\/\/r3media.ro\/economia-germaniei-situatie-critica-nemti-munca-duminica\/\" rel=\"bookmark\" class=\"td-image-wrap \" title=\"Economia Germaniei, \u00eentr-o situa\u021bie critic\u0103: Nem\u021bii se g\u00e2ndesc s\u0103 munceasc\u0103 din nou duminica\"><img loading=\"lazy\" decoding=\"async\" class=\"entry-thumb\" src=\"https:\/\/r3media.ro\/wp-content\/uploads\/2026\/07\/steagul-germaniei-pe-bundestag-100x70.jpg\" alt title=\"Economia Germaniei, \u00eentr-o situa\u021bie critic\u0103: Nem\u021bii se g\u00e2ndesc s\u0103 munceasc\u0103 din nou duminica\" width=\"100\" height=\"70\"><\/a><\/div>\n<div class=\"item-details\">\n<h3 class=\"entry-title td-module-title\"><a href=\"https:\/\/r3media.ro\/economia-germaniei-situatie-critica-nemti-munca-duminica\/\" rel=\"bookmark\" title=\"Economia Germaniei, \u00eentr-o situa\u021bie critic\u0103: Nem\u021bii se g\u00e2ndesc s\u0103 munceasc\u0103 din nou duminica\">Economia Germaniei, \u00eentr-o situa\u021bie critic\u0103: Nem\u021bii se g\u00e2ndesc s\u0103 munceasc\u0103 din&#8230;<\/a><\/h3>\n<div class=\"td-module-meta-info\"><span class=\"td-post-date\"><time class=\"entry-date updated td-module-date\" datetime=\"2026-07-20T09:50:42+03:00\">20\/07\/2026<\/time><\/span><\/div>\n<\/div>\n<\/div>\n<\/div>\n<div class=\"td-block-span12\">\n<div class=\"td_module_6 td_module_wrap td-animation-stack\">\n<div class=\"td-module-thumb\"><a href=\"https:\/\/r3media.ro\/cupa-mondiala-2026-america-rezultate-program\/\" rel=\"bookmark\" class=\"td-image-wrap \" title=\"Cupa Mondial\u0103 2026 America: Rezultate complete \u0219i rogramul meciurilor\"><img loading=\"lazy\" decoding=\"async\" class=\"entry-thumb\" src=\"https:\/\/r3media.ro\/wp-content\/uploads\/2026\/05\/cupa-mondiala-2026-america-100x70.jpg\" alt title=\"Cupa Mondial\u0103 2026 America: Rezultate complete \u0219i rogramul meciurilor\" width=\"100\" height=\"70\"><\/a><\/div>\n<div class=\"item-details\">\n<h3 class=\"entry-title td-module-title\"><a href=\"https:\/\/r3media.ro\/cupa-mondiala-2026-america-rezultate-program\/\" rel=\"bookmark\" title=\"Cupa Mondial\u0103 2026 America: Rezultate complete \u0219i rogramul meciurilor\">Cupa Mondial\u0103 2026 America: Rezultate complete \u0219i rogramul meciurilor<\/a><\/h3>\n<div class=\"td-module-meta-info\"><span class=\"td-post-date\"><time class=\"entry-date updated td-module-date\" datetime=\"2026-07-20T08:28:07+03:00\">20\/07\/2026<\/time><\/span><\/div>\n<\/div>\n<\/div>\n<\/div>\n<\/div>\n<\/div>\n<aside class=\"td_block_template_1 widget widget_recent_comments\">\n<h4 class=\"block-title\"><span>INTR\u0102 \u00ceN DISCU\u021aIE!<\/span><\/h4>\n<ul id=\"recentcomments\">\n<li class=\"recentcomments\"><span class=\"comment-author-link\">Pop<\/span> la <a href=\"https:\/\/r3media.ro\/primar-cetateni-oradea-presiuni-lgbt\/#comment-40287\">Primarul \u0219i cet\u0103\u021benii din Oradea, presa\u021bi de lobby-ul interna\u021bional LGBT s\u0103 permit\u0103 mar\u0219ul homosexualit\u0103\u021bii pe str\u0103zile ora\u0219ului<\/a><\/li>\n<li class=\"recentcomments\"><span class=\"comment-author-link\">Isabel<\/span> la <a href=\"https:\/\/r3media.ro\/prapad-busteni-valea-prahovei-statiuni-ploi-viitura-oameni-raniti-masini-avariate-case-inundate\/#comment-40286\">VIDEO | Pr\u0103p\u0103d la Bu\u0219teni! Ploile au cauzat o viitur\u0103 care a m\u0103turat tot \u00een cale \u00een sta\u021biunile de pe valea Prahovei: oameni r\u0103ni\u021bi, ma\u0219ini avariate \u0219i locuin\u021be inundate<\/a><\/li>\n<li class=\"recentcomments\"><span class=\"comment-author-link\">Laris<\/span> la <a href=\"https:\/\/r3media.ro\/primar-cetateni-oradea-presiuni-lgbt\/#comment-40281\">Primarul \u0219i cet\u0103\u021benii din Oradea, presa\u021bi de lobby-ul interna\u021bional LGBT s\u0103 permit\u0103 mar\u0219ul homosexualit\u0103\u021bii pe str\u0103zile ora\u0219ului<\/a><\/li>\n<li class=\"recentcomments\"><span class=\"comment-author-link\">Laris<\/span> la <a href=\"https:\/\/r3media.ro\/aur-sustine-ca-dan-tanasa-este-urmarit-penal-pentru-instigare-la-ura\/#comment-40280\">AUR sus\u021bine c\u0103 Dan T\u0103nas\u0103 este urm\u0103rit penal pentru instigare la ur\u0103<\/a><\/li>\n<li class=\"recentcomments\"><span class=\"comment-author-link\">Laris<\/span> la <a href=\"https:\/\/r3media.ro\/dragos-tanase-demisie-conducere-gabriel-resources-18-ani\/#comment-40279\">Drago\u0219 T\u0103nase a demisionat de la conducerea Gabriel Resources dup\u0103 18 ani<\/a><\/li>\n<li class=\"recentcomments\"><span class=\"comment-author-link\">Doru<\/span> la <a href=\"https:\/\/r3media.ro\/prof-dan-dungaciu-federatia-rusa-ajutor-pentru-ucraina\/#comment-40277\">Prof. Dan Dungaciu: Tu vrei s\u0103 love\u0219ti ariciul, adic\u0103 Federa\u021bia Rus\u0103, cu s\u00e2ngele, carnea \u0219i oasele ucrainenilor. \u0102sta e un ajutor pentru Ucraina?<\/a><\/li>\n<li class=\"recentcomments\"><span class=\"comment-author-link\">Constantin<\/span> la <a href=\"https:\/\/r3media.ro\/primar-cetateni-oradea-presiuni-lgbt\/#comment-40276\">Primarul \u0219i cet\u0103\u021benii din Oradea, presa\u021bi de lobby-ul interna\u021bional LGBT s\u0103 permit\u0103 mar\u0219ul homosexualit\u0103\u021bii pe str\u0103zile ora\u0219ului<\/a><\/li>\n<\/ul>\n<\/aside>\n<aside class=\"td_block_template_1 widget widget_search\">\n<h4 class=\"block-title\"><span>CAUT\u0102 \u0218I VEI G\u0102SI<\/span><\/h4>\n<\/aside>\n<\/div>\n<\/div>\n<\/div>\n<\/div>\n<\/div>\n<\/div>\n<\/div>\n<p><span class=\"td-page-meta\"><\/span><span class=\"td-page-meta\"><span class=\"td-page-meta\"><\/span><\/span><span class=\"td-page-meta\"><\/span><\/article>\n<\/p>\n<div class=\"td_block_wrap tdb_single_content tdi_18 td-pb-border-top td_block_template_1 td-post-content tagdiv-type\" data-td-block-uid=\"tdi_18\">\n<div class=\"tdb-block-inner td-fix-index\">\n<p><strong>Un militar a fost la un pas s\u0103 se pr\u0103bu\u0219easc\u0103 l\u00e2ng\u0103 \u0219eful Armatei, dar generalul Gheorghi\u021b\u0103 Vlad \u0219i-a continuat discursul.<\/strong><\/p>\n<p>Incidentul s-a produs duminic\u0103, la Monumentul Eroilor Aerului din Bucure\u0219ti. \u00cen timp ce un soldat din Brigada 30 Gard\u0103 \u201eMihai Viteazul\u201d era sprijinit de colegi \u0219i de \u0219eful DSU, Raed Arafat, generalul Gheorghi\u021b\u0103 Vlad a r\u0103mas la pupitru \u0219i \u0219i-a continuat alocu\u021biunea.<\/p>\n<p>Imaginile au devenit rapid virale.<\/p>\n\n<p>Momentul a avut loc \u00een timpul ceremoniilor organizate \u00een Capital\u0103 cu prilejul Zilei Avia\u021biei Rom\u00e2ne \u0219i a For\u021belor Aeriene, la Monumentul Eroilor Aerului, cunoscut \u0219i ca Statuia Aviatorilor.<\/p>\n<p>\u00cen timp ce \u0219eful Statului Major al Ap\u0103r\u0103rii sus\u021binea discursul oficial, un militar aflat \u00een apropierea tribunei a \u00eenceput s\u0103 se clatine \u0219i a fost la un pas s\u0103 cad\u0103. Participan\u021bii din imediata apropiere s-au mobilizat pentru a-l sus\u021bine.<\/p>\n<p>Potrivit unor relat\u0103ri, generalul a sesizat mi\u0219carea din spatele s\u0103u \u0219i s-a oprit pentru c\u00e2teva secunde din discurs, \u00eens\u0103 a r\u0103mas la pupitru \u0219i \u0219i-a reluat interven\u021bia f\u0103r\u0103 s\u0103 se apropie de militar.<\/p>\n<p>Cel care a intervenit direct a fost Raed Arafat, \u0219eful Departamentului pentru Situa\u021bii de Urgen\u021b\u0103, prezent la eveniment. Acesta s-a deplasat c\u0103tre militar \u0219i a participat, al\u0103turi de alte persoane, la acordarea primului ajutor.<\/p>\n<h2>Coinciden\u021ba din discurs<\/h2>\n<p>Un detaliu remarcat de mai multe publica\u021bii a amplificat reac\u021biile: \u00een chiar momentul \u00een care colegii soldatului interveneau, generalul Gheorghi\u021b\u0103 Vlad rostea o fraz\u0103 despre spiritul de echip\u0103 din avia\u021bie.<\/p>\n<p>\u00cenregistr\u0103rile s-au r\u0103sp\u00e2ndit rapid \u00een mediul online, iar momentul a fost interpretat de o parte a publicului drept o lips\u0103 de reac\u021bie din partea \u0219efului Armatei.<\/p>\n<h2>O nuan\u021b\u0103 important\u0103<\/h2>\n<p>Din imaginile disponibile public nu se poate stabili \u00eens\u0103 cu certitudine dac\u0103 generalul a observat incidentul sau dac\u0103 a \u00een\u021beles gravitatea situa\u021biei. Militarul se afla \u00een lateralul s\u0103u \u0219i a fost sprijinit imediat de cei din apropiere, ceea ce ar fi putut face interven\u021bia direct\u0103 a vorbitorului inutil\u0103.<\/p>\n<p>De asemenea, de\u0219i unele titluri au vorbit despre un le\u0219in, majoritatea relat\u0103rilor precizeaz\u0103 c\u0103 soldatul a fost pe punctul de a se pr\u0103bu\u0219i \u0219i c\u0103 i s-a f\u0103cut r\u0103u, f\u0103r\u0103 s\u0103 \u00ee\u0219i piard\u0103 complet cuno\u0219tin\u021ba.<\/p>\n<p>Astfel de episoade nu sunt neobi\u0219nuite la ceremoniile militare desf\u0103\u0219urate \u00een aer liber, unde militarii stau perioade lungi \u00een pozi\u021bie de drep\u021bi, adesea \u00een uniforme groase \u0219i cu echipament complet, pe canicul\u0103.<\/p>\n<h2>Un precedent din 2019<\/h2>\n<p>O situa\u021bie asem\u0103n\u0103toare s-a produs pe 15 august 2019, la ceremoniile de Ziua Marinei de la Constan\u021ba. Atunci, un militar american aflat \u00een apropierea pre\u0219edintelui de la acea vreme, Klaus Iohannis, a le\u0219inat \u00een timpul discursului acestuia.<\/p>\n<p>Colegii l-au sprijinit \u0219i l-au scos din forma\u021bie, iar Klaus Iohannis \u0219i-a continuat discursul \u00een timp ce b\u0103rbatului i se acorda ajutor. Militarul a fost dus ini\u021bial la o ambulan\u021b\u0103, apoi transportat la Spitalul Militar din Constan\u021ba. Ministrul Ap\u0103r\u0103rii de atunci, Gabriel Le\u0219, a explicat ulterior c\u0103 incidentul fusese provocat de o sc\u0103dere a glicemiei.<\/p>\n<div class=\"crp_related     crp-masonry\">\n<h2>\u00ceN CONTEXT<\/h2>\n<ul>\n<li><a href=\"https:\/\/r3media.ro\/general-gheorghita-vlad-iulian-berdila-cerere-pensionare\/\" class=\"crp_link post-117679\"><span class=\"crp_title\">Generalul Gheorghi\u021b\u0103 Vlad a cerut s\u0103 ias\u0103 la pensie. La fel ar fi procedat \u0219i generalul\u2026<\/span><\/a><\/li>\n<li><a href=\"https:\/\/r3media.ro\/sef-statul-major-al-apararii-general-gheorghita-vlad-romania-populatie-pregatita-sustinere-efort-razboi\/\" class=\"crp_link post-114850\"><span class=\"crp_title\">VIDEO | \u0218eful Statului Major al Ap\u0103r\u0103rii, generalul Gheorghi\u021b\u0103 Vlad, spune c\u0103 Rom\u00e2nia\u2026<\/span><\/a><\/li>\n<li><a href=\"https:\/\/r3media.ro\/general-gheorghita-vlad-sef-statul-major-al-apararii-audiat-dna-urmarit-penal\/\" class=\"crp_link post-117532\"><span class=\"crp_title\">Generalul Gheorghi\u021b\u0103 Vlad, \u0219eful Statului Major al Ap\u0103r\u0103rii, urm\u0103rit PENAL pentru uzurparea func\u021biei<\/span><\/a><\/li>\n<li><a href=\"https:\/\/r3media.ro\/sunteti-pregatiti-mergeti-front-seful-armatei-general-gheorghita-vlad-anunta-inventariere-rezerva-mobilizare-razboi-barbati-romania\/\" class=\"crp_link post-113633\"><span class=\"crp_title\">Sunte\u021bi preg\u0103ti\u021bi s\u0103 merge\u021bi pe front? \u0218eful Armatei, generalul Gheorghi\u021b\u0103 Vlad, anun\u021b\u0103 c\u0103\u2026<\/span><\/a><\/li>\n<li><a href=\"https:\/\/r3media.ro\/ciclon-razboi-seful-armatei-romane-gheorghita-vlad-avertizeaza-direct-rusia-exclus-pregatiti-sprijin-militar-republica-moldova\/\" class=\"crp_link post-113573\"><span class=\"crp_title\">Dup\u0103 ciclon, r\u0103zboiul: \u0218eful Armatei Rom\u00e2ne ne avertizeaz\u0103 c\u0103 un atac direct al Rusiei nu\u2026<\/span><\/a><\/li>\n<li><a href=\"https:\/\/r3media.ro\/calendarul-zilei-8-august-1917-incepe-marea-batalie-de-la-oituz-din-primul-razboi-mondial\/\" class=\"crp_link post-25646\"><span class=\"crp_title\">Calendarul zilei | 8 august 1917: \u00cencepe marea b\u0103t\u0103lie de la Oituz, din Primul R\u0103zboi Mondial<\/span><\/a><\/li>\n<li><a href=\"https:\/\/r3media.ro\/diplomatie-uitata-radu-miruta-ministrul-apararii-tricou-summitul-nato-ankara\/\" class=\"crp_link post-119506\"><span class=\"crp_title\">Diploma\u021bia a fost uitat\u0103 acas\u0103 de Radu Miru\u021b\u0103: Ministrul Ap\u0103r\u0103rii a mers \u00een tricou la\u2026<\/span><\/a><\/li>\n<li><a href=\"https:\/\/r3media.ro\/calendarul-zilei-4-august-1919-cucerirea-budapestei-de-catre-armata-romana\/\" class=\"crp_link post-25422\"><span class=\"crp_title\">Calendarul zilei: 4 august 1919, cucerirea Budapestei de c\u0103tre Armata Rom\u00e2n\u0103<\/span><\/a><\/li>\n<\/ul>\n<\/div>\n<\/div>\n<\/div>\n<p>[analyse_source url=&#8221;https:\/\/r3media.ro\/video-un-militar-la-un-pas-sa-se-prabuseasca-langa-seful-armatei-la-ceremonia-de-ziua-aviatiei-generalul-gheorghita-vlad-si-a-continuat-discursul\/&#8221;]<\/p>\n","protected":false},"excerpt":{"rendered":"<p>[analyse_image type=&#8221;featured&#8221; src=&#8221;https:\/\/r3media.ro\/wp-content\/uploads\/2026\/07\/militar-gheorghita-vlad-e1784540957545.jpghttps:\/\/r3media.ro\/wp-content\/uploads\/2026\/07\/militar-gheorghita-vlad-e1784540957545.jpg&#8221;] PRIM PLANVIDEO | Un militar, la un pas s\u0103 se pr\u0103bu\u0219easc\u0103 l\u00e2ng\u0103 \u0219eful&#8230; PRIM PLAN\u0218TIRIVIDEO VIDEO | Un militar, la un pas s\u0103 se pr\u0103bu\u0219easc\u0103 l\u00e2ng\u0103 \u0219eful Armatei, la ceremonia de Ziua Avia\u021biei. Generalul Gheorghi\u021b\u0103 Vlad \u0219i-a continuat discursul Redac\u021bia 20\/07\/2026 Sursa foto: Captura Video Un militar a fost la un pas [&hellip;]<\/p>\n","protected":false},"author":1,"featured_media":0,"comment_status":"open","ping_status":"","sticky":false,"template":"","format":"standard","meta":{"footnotes":""},"categories":[89],"tags":[226,93],"class_list":["post-2052399","post","type-post","status-publish","format-standard","hentry","category-romania","tag-crawlmanager","tag-r3media-ro"],"_links":{"self":[{"href":"https:\/\/analyse.optim.biz\/index.php?rest_route=\/wp\/v2\/posts\/2052399","targetHints":{"allow":["GET"]}}],"collection":[{"href":"https:\/\/analyse.optim.biz\/index.php?rest_route=\/wp\/v2\/posts"}],"about":[{"href":"https:\/\/analyse.optim.biz\/index.php?rest_route=\/wp\/v2\/types\/post"}],"author":[{"embeddable":true,"href":"https:\/\/analyse.optim.biz\/index.php?rest_route=\/wp\/v2\/users\/1"}],"replies":[{"embeddable":true,"href":"https:\/\/analyse.optim.biz\/index.php?rest_route=%2Fwp%2Fv2%2Fcomments&post=2052399"}],"version-history":[{"count":0,"href":"https:\/\/analyse.optim.biz\/index.php?rest_route=\/wp\/v2\/posts\/2052399\/revisions"}],"wp:attachment":[{"href":"https:\/\/analyse.optim.biz\/index.php?rest_route=%2Fwp%2Fv2%2Fmedia&parent=2052399"}],"wp:term":[{"taxonomy":"category","embeddable":true,"href":"https:\/\/analyse.optim.biz\/index.php?rest_route=%2Fwp%2Fv2%2Fcategories&post=2052399"},{"taxonomy":"post_tag","embeddable":true,"href":"https:\/\/analyse.optim.biz\/index.php?rest_route=%2Fwp%2Fv2%2Ftags&post=2052399"}],"curies":[{"name":"wp","href":"https:\/\/api.w.org\/{rel}","templated":true}]}}