{"id":2052200,"date":"2026-07-20T12:33:32","date_gmt":"2026-07-20T09:33:32","guid":{"rendered":"https:\/\/analyse.optim.biz\/?p=2052200"},"modified":"2026-07-20T12:33:32","modified_gmt":"2026-07-20T09:33:32","slug":"primaria-timisoara-are-in-plan-sa-modernizeze-calea-urseni-licitatie-lansata-pentru-proiectare","status":"publish","type":"post","link":"https:\/\/analyse.optim.biz\/?p=2052200","title":{"rendered":"Prim\u0103ria Timi\u015foara are \u00een plan s\u0103 modernizeze Calea Urseni! Licita\u0163ie lansat\u0103 pentru proiectare"},"content":{"rendered":"<p>[analyse_image type=&#8221;featured&#8221; src=&#8221;http:\/\/www.banatulmeu.ro\/wp-content\/uploads\/2026\/07\/calea-urseni.jpg&#8221;]<\/p>\n<div class=\"post-content-bd\">\n<p>Prim\u0103ria Timi\u015foara anun\u0163\u0103 c\u0103 a lansat licita\u0163ia public\u0103 pentru serviciile de proiectare necesare moderniz\u0103rii C\u0103ii Urseni \u0219i completarea re\u021belei de str\u0103zi din cartierul Ciarda Ro\u0219ie, \u00een special \u00een zona infrastructurii nou create pentru un centru comercial. Printre altele, strada Mure\u0219 va fi prelungit\u0103 p\u00e2n\u0103 la Calea Urseni, iar strada Nicolae Cocea va fi conectat\u0103, prin strada Topora\u0219ilor, cu strada Rozmarinului. \u00cen plus, patru str\u0103zi vor fi asfaltate sau amenajate de la zero.<\/p>\n<p><em>\u201eModernizarea C\u0103ii Urseni \u0219i completarea re\u021belei de str\u0103zi din Ciarda Ro\u0219ie \u00eenseamn\u0103 acces mai bun pentru cei care locuiesc \u0219i traverseaz\u0103 zona. Este, totodat\u0103, o investi\u021bie care creeaz\u0103 condi\u021bii pentru dezvoltarea cartierului. Prin noi conexiuni rutiere, trotuare, solu\u021bii pentru transportul public \u0219i mobilitatea alternativ\u0103, complet\u0103m infrastructura de care zona are nevoie pentru a deveni un cartier tot mai atractiv\u201d,<\/em> a declarat viceprimarul Ruben La\u021bc\u0103u.<\/p>\n<p>Prim\u0103ria Timi\u015foara va contracta \u00een aceast\u0103 etap\u0103 serviciile pentru elaborarea documenta\u021biei de avizare a lucr\u0103rilor de interven\u021bie (DALI). Proiectantul care va realiza documenta\u021bia va include trotuare de aproximativ doi metri l\u0103\u021bime pe Calea Urseni, inclusiv \u00een zonele unde acestea lipsesc. Totodat\u0103, acesta va analiza posibilitatea introducerii unei piste pentru biciclete, pentru a crea op\u021biuni noi de deplasare \u00een cartier, precum \u0219i amplasarea optim\u0103 a sta\u021biilor de autobuz \u0219i a locurilor de parcare.<\/p>\n<p>\u201c<em>De asemenea, proiectul municipalit\u0103\u021bii include crearea unor str\u0103zi noi, respectiv amenajarea str\u0103zilor Narciselor \u0219i Jakob Ehrler, precum \u0219i modernizarea str\u0103zii Legumiculturii, care are \u00een acest moment o singur\u0103 band\u0103 auto \u0219i nu dispune de trotuare. Strada Petuniei este, de asemenea, vizat\u0103 pentru interven\u021bii, inclusiv asfaltarea segmentului care o va lega de strada Rozmarinului. Suplimentar, Prim\u0103ria Timi\u0219oara solicit\u0103 viitorului proiectant solu\u021bii pentru calmarea sau descurajarea traficului de tranzit de pe Centura Sud, astfel \u00eenc\u00e2t acesta s\u0103 nu \u00eengreuneze circula\u021bia \u00een cartierul Ciarda Ro\u0219ie. Printre interven\u021biile tehnice cerute de municipalitate se num\u0103r\u0103 realizarea unei re\u021bele moderne de colectare a apelor pluviale, identificarea unei solu\u021bii de desecare \u00een re\u021beaua ANIF, repararea sau decolmatarea pode\u021belor de acces, relocarea utilit\u0103\u021bilor, dac\u0103 este cazul, precum \u0219i variante pentru mutarea cablurilor \u00een subteran<\/em>\u201c, a informat Prim\u0103ria Timi\u015foara.<\/p>\n<p>Valoarea contractului de proiectare, faza DALI, este estimat\u0103 la 670.800 lei, f\u0103r\u0103 TVA, iar proiectantul care va c\u00e2\u0219tiga contractul va avea la dispozi\u021bie \u015fase luni pentru elaborarea documenta\u021biei.<br \/>\nFirmele interesate s\u0103 realizeze serviciile de proiectare se pot \u00eenscrie <a href=\"https:\/\/www.e-licitatie.ro\/pub\/notices\/simplified-notice\/v2\/view\/100242432\">AICI<\/a>!<\/p>\n<\/div>\n<p>[analyse_source url=&#8221;https:\/\/www.banatulmeu.ro\/primaria-timisoara-are-in-plan-sa-modernizeze-calea-urseni-licitatie-lansata-pentru-proiectare\/&#8221;]<\/p>\n","protected":false},"excerpt":{"rendered":"<p>[analyse_image type=&#8221;featured&#8221; src=&#8221;http:\/\/www.banatulmeu.ro\/wp-content\/uploads\/2026\/07\/calea-urseni.jpg&#8221;] Prim\u0103ria Timi\u015foara anun\u0163\u0103 c\u0103 a lansat licita\u0163ia public\u0103 pentru serviciile de proiectare necesare moderniz\u0103rii C\u0103ii Urseni \u0219i completarea re\u021belei de str\u0103zi din cartierul Ciarda Ro\u0219ie, \u00een special \u00een zona infrastructurii nou create pentru un centru comercial. Printre altele, strada Mure\u0219 va fi prelungit\u0103 p\u00e2n\u0103 la Calea Urseni, iar strada Nicolae Cocea va [&hellip;]<\/p>\n","protected":false},"author":1,"featured_media":0,"comment_status":"open","ping_status":"","sticky":false,"template":"","format":"standard","meta":{"footnotes":""},"categories":[89],"tags":[204,226],"class_list":["post-2052200","post","type-post","status-publish","format-standard","hentry","category-romania","tag-banatulmeu-ro","tag-crawlmanager"],"_links":{"self":[{"href":"https:\/\/analyse.optim.biz\/index.php?rest_route=\/wp\/v2\/posts\/2052200","targetHints":{"allow":["GET"]}}],"collection":[{"href":"https:\/\/analyse.optim.biz\/index.php?rest_route=\/wp\/v2\/posts"}],"about":[{"href":"https:\/\/analyse.optim.biz\/index.php?rest_route=\/wp\/v2\/types\/post"}],"author":[{"embeddable":true,"href":"https:\/\/analyse.optim.biz\/index.php?rest_route=\/wp\/v2\/users\/1"}],"replies":[{"embeddable":true,"href":"https:\/\/analyse.optim.biz\/index.php?rest_route=%2Fwp%2Fv2%2Fcomments&post=2052200"}],"version-history":[{"count":0,"href":"https:\/\/analyse.optim.biz\/index.php?rest_route=\/wp\/v2\/posts\/2052200\/revisions"}],"wp:attachment":[{"href":"https:\/\/analyse.optim.biz\/index.php?rest_route=%2Fwp%2Fv2%2Fmedia&parent=2052200"}],"wp:term":[{"taxonomy":"category","embeddable":true,"href":"https:\/\/analyse.optim.biz\/index.php?rest_route=%2Fwp%2Fv2%2Fcategories&post=2052200"},{"taxonomy":"post_tag","embeddable":true,"href":"https:\/\/analyse.optim.biz\/index.php?rest_route=%2Fwp%2Fv2%2Ftags&post=2052200"}],"curies":[{"name":"wp","href":"https:\/\/api.w.org\/{rel}","templated":true}]}}