{"id":2052003,"date":"2026-07-20T09:25:07","date_gmt":"2026-07-20T06:25:07","guid":{"rendered":"https:\/\/analyse.optim.biz\/?p=2052003"},"modified":"2026-07-20T09:25:07","modified_gmt":"2026-07-20T06:25:07","slug":"cj-timis-incepe-proiectul-de-reabilitare-a-vilei-international","status":"publish","type":"post","link":"https:\/\/analyse.optim.biz\/?p=2052003","title":{"rendered":"CJ Timi\u015f \u00eencepe proiectul de reabilitare a Vilei Interna\u0163ional"},"content":{"rendered":"<p>[analyse_image type=&#8221;featured&#8221; src=&#8221;http:\/\/www.banatulmeu.ro\/wp-content\/uploads\/2026\/07\/748986322_1588032992815226_2685863683945919287_n.jpg&#8221;]<\/p>\n<div class=\"post-content-bd\">\n<p>Avanseaz\u0103 proiectul Consiliului Jude\u0163ean Timi\u015f privind transformarea Vilei Interna\u0163ional \u00eentr-un spa\u0163iu cultural. Pre\u015fedintele Alfred Simonis anun\u0163\u0103 c\u0103 \u00eencepe proiectul de restaurare a fostei case de protocol a familiei Ceau\u015fescu.<\/p>\n<p><em>\u201cDa, demar\u0103m \u0219i proiectul de restaurare a Vilei Interna\u021bional. Arhitec\u021bii au finalizat documenta\u021bia necesar\u0103, iar urm\u0103torul pas este ob\u021binerea avizului Direc\u021biei Jude\u021bene pentru Cultur\u0103 Timi\u0219. P\u00e2n\u0103 la sf\u00e2r\u0219itul acestui an ne propunem s\u0103 finaliz\u0103m proiectul tehnic, dup\u0103 care vom lansa licita\u021bia pentru execu\u021bia lucr\u0103rilor. Dac\u0103 procedurile nu vor fi \u00eent\u00e2rziate de contesta\u021bii, \u00een 2027 vom \u00eencepe reabilitarea cl\u0103dirii. Vorbim despre unul dintre cele mai cunoscute imobile din Timi\u0219oara, fosta cas\u0103 de protocol a familiei Ceau\u0219escu. O cl\u0103dire care, timp de aproape dou\u0103 decenii, a fost abandonat\u0103 \u0219i l\u0103sat\u0103 s\u0103 se degradeze, asta \u0219i cu complicitatea unor institu\u021bii ale statului. \u00cen tot acest timp nu s-a f\u0103cut nicio investi\u021bie, iar pentru aceast\u0103 vil\u0103 \u0219i-au manifestat interesul inclusiv clanuri care de\u021bin propriet\u0103\u021bi \u00een zona central\u0103 a ora\u0219ului. Tocmai pentru a evita ca acest imobil valoros s\u0103 ajung\u0103 pe m\u00e2inile unor astfel de grup\u0103ri, Consiliul Jude\u021bean Timi\u0219 a decis exproprierea \u0219i readucerea lui \u00een patrimoniul jude\u021bului<\/em>\u201c, a declarat Alfred Simonis.<\/p>\n<p>Vila Interna\u021bional din centrul Timi\u0219oarei a fost construit\u0103 \u00een anul 1968 ca locuin\u021b\u0103 de protocol cu circuit \u00eenchis. Imobilul de pe Bulevardul C.D. Loga a servit drept cas\u0103 de oaspe\u021bi pentru Nicolae Ceau\u0219escu, familia sa \u0219i \u00eenal\u021bii nomenclaturi\u0219ti ai regimului \u00een timpul vizitelor oficiale \u00een Banat.<\/p>\n<div id=\"gallery-1\" class=\"gallery galleryid-188068 gallery-columns-3 gallery-size-thumbnail\">\n<figure class=\"gallery-item\">\n<div class=\"gallery-icon landscape\"><a href=\"https:\/\/www.banatulmeu.ro\/cj-timis-incepe-proiectul-de-reabilitare-a-vilei-international\/750582948_2363780757484800_4174865693815556390_n\/\"><img loading=\"lazy\" decoding=\"async\" width=\"150\" height=\"150\" src=\"https:\/\/www.banatulmeu.ro\/wp-content\/uploads\/2026\/07\/750582948_2363780757484800_4174865693815556390_n-150x150.jpg\" class=\"attachment-thumbnail size-thumbnail\" alt><img loading=\"lazy\" decoding=\"async\" width=\"150\" height=\"150\" src=\"https:\/\/www.banatulmeu.ro\/wp-content\/uploads\/2026\/07\/750582948_2363780757484800_4174865693815556390_n-150x150.jpg\" class=\"attachment-thumbnail size-thumbnail\" alt><\/a><\/div>\n<\/figure>\n<figure class=\"gallery-item\">\n<div class=\"gallery-icon landscape\"><a href=\"https:\/\/www.banatulmeu.ro\/cj-timis-incepe-proiectul-de-reabilitare-a-vilei-international\/740030143_1922466141761075_1097381627963431548_n\/\"><img loading=\"lazy\" decoding=\"async\" width=\"150\" height=\"150\" src=\"https:\/\/www.banatulmeu.ro\/wp-content\/uploads\/2026\/07\/740030143_1922466141761075_1097381627963431548_n-150x150.jpg\" class=\"attachment-thumbnail size-thumbnail\" alt><img loading=\"lazy\" decoding=\"async\" width=\"150\" height=\"150\" src=\"https:\/\/www.banatulmeu.ro\/wp-content\/uploads\/2026\/07\/740030143_1922466141761075_1097381627963431548_n-150x150.jpg\" class=\"attachment-thumbnail size-thumbnail\" alt><\/a><\/div>\n<\/figure>\n<figure class=\"gallery-item\">\n<div class=\"gallery-icon landscape\"><a href=\"https:\/\/www.banatulmeu.ro\/cj-timis-incepe-proiectul-de-reabilitare-a-vilei-international\/749286208_2862915277428135_8611739901489162295_n\/\"><img loading=\"lazy\" decoding=\"async\" width=\"150\" height=\"150\" src=\"https:\/\/www.banatulmeu.ro\/wp-content\/uploads\/2026\/07\/749286208_2862915277428135_8611739901489162295_n-150x150.jpg\" class=\"attachment-thumbnail size-thumbnail\" alt><img decoding=\"async\" loading=\"lazy\" width=\"150\" height=\"150\" src=\"https:\/\/www.banatulmeu.ro\/wp-content\/uploads\/2026\/07\/749286208_2862915277428135_8611739901489162295_n-150x150.jpg\" class=\"attachment-thumbnail size-thumbnail\" alt><\/a><\/div>\n<\/figure>\n<figure class=\"gallery-item\">\n<div class=\"gallery-icon landscape\"><a href=\"https:\/\/www.banatulmeu.ro\/cj-timis-incepe-proiectul-de-reabilitare-a-vilei-international\/748639830_2251399545680273_3213778513128993478_n\/\"><img loading=\"lazy\" decoding=\"async\" width=\"150\" height=\"150\" src=\"https:\/\/www.banatulmeu.ro\/wp-content\/uploads\/2026\/07\/748639830_2251399545680273_3213778513128993478_n-150x150.jpg\" class=\"attachment-thumbnail size-thumbnail\" alt><img decoding=\"async\" loading=\"lazy\" width=\"150\" height=\"150\" src=\"https:\/\/www.banatulmeu.ro\/wp-content\/uploads\/2026\/07\/748639830_2251399545680273_3213778513128993478_n-150x150.jpg\" class=\"attachment-thumbnail size-thumbnail\" alt><\/a><\/div>\n<\/figure>\n<\/div>\n<\/div>\n<p>[analyse_source url=&#8221;https:\/\/www.banatulmeu.ro\/cj-timis-incepe-proiectul-de-reabilitare-a-vilei-international\/&#8221;]<\/p>\n","protected":false},"excerpt":{"rendered":"<p>[analyse_image type=&#8221;featured&#8221; src=&#8221;http:\/\/www.banatulmeu.ro\/wp-content\/uploads\/2026\/07\/748986322_1588032992815226_2685863683945919287_n.jpg&#8221;] Avanseaz\u0103 proiectul Consiliului Jude\u0163ean Timi\u015f privind transformarea Vilei Interna\u0163ional \u00eentr-un spa\u0163iu cultural. Pre\u015fedintele Alfred Simonis anun\u0163\u0103 c\u0103 \u00eencepe proiectul de restaurare a fostei case de protocol a familiei Ceau\u015fescu. \u201cDa, demar\u0103m \u0219i proiectul de restaurare a Vilei Interna\u021bional. Arhitec\u021bii au finalizat documenta\u021bia necesar\u0103, iar urm\u0103torul pas este ob\u021binerea avizului Direc\u021biei Jude\u021bene pentru [&hellip;]<\/p>\n","protected":false},"author":1,"featured_media":0,"comment_status":"open","ping_status":"","sticky":false,"template":"","format":"standard","meta":{"footnotes":""},"categories":[89],"tags":[204,226],"class_list":["post-2052003","post","type-post","status-publish","format-standard","hentry","category-romania","tag-banatulmeu-ro","tag-crawlmanager"],"_links":{"self":[{"href":"https:\/\/analyse.optim.biz\/index.php?rest_route=\/wp\/v2\/posts\/2052003","targetHints":{"allow":["GET"]}}],"collection":[{"href":"https:\/\/analyse.optim.biz\/index.php?rest_route=\/wp\/v2\/posts"}],"about":[{"href":"https:\/\/analyse.optim.biz\/index.php?rest_route=\/wp\/v2\/types\/post"}],"author":[{"embeddable":true,"href":"https:\/\/analyse.optim.biz\/index.php?rest_route=\/wp\/v2\/users\/1"}],"replies":[{"embeddable":true,"href":"https:\/\/analyse.optim.biz\/index.php?rest_route=%2Fwp%2Fv2%2Fcomments&post=2052003"}],"version-history":[{"count":0,"href":"https:\/\/analyse.optim.biz\/index.php?rest_route=\/wp\/v2\/posts\/2052003\/revisions"}],"wp:attachment":[{"href":"https:\/\/analyse.optim.biz\/index.php?rest_route=%2Fwp%2Fv2%2Fmedia&parent=2052003"}],"wp:term":[{"taxonomy":"category","embeddable":true,"href":"https:\/\/analyse.optim.biz\/index.php?rest_route=%2Fwp%2Fv2%2Fcategories&post=2052003"},{"taxonomy":"post_tag","embeddable":true,"href":"https:\/\/analyse.optim.biz\/index.php?rest_route=%2Fwp%2Fv2%2Ftags&post=2052003"}],"curies":[{"name":"wp","href":"https:\/\/api.w.org\/{rel}","templated":true}]}}