{"id":2051984,"date":"2026-07-20T08:54:53","date_gmt":"2026-07-20T05:54:53","guid":{"rendered":"https:\/\/analyse.optim.biz\/?p=2051984"},"modified":"2026-07-20T08:54:53","modified_gmt":"2026-07-20T05:54:53","slug":"fratii-tate-au-fost-arestati-in-miami-marea-britanie-cere-extradarea-lor-dupa-noi-acuzatii-de-viol-si-trafic-de-persoane","status":"publish","type":"post","link":"https:\/\/analyse.optim.biz\/?p=2051984","title":{"rendered":"Fra\u021bii Tate au fost aresta\u0163i \u00een Miami. Marea Britanie cere extr\u0103darea lor, dup\u0103 noi acuza\u021bii de viol \u0219i trafic de persoane"},"content":{"rendered":"<p>[analyse_image type=&#8221;featured&#8221; src=&#8221;https:\/\/r3media.ro\/wp-content\/uploads\/2025\/07\/andrew-tate-e1752240810951.pnghttps:\/\/r3media.ro\/wp-content\/uploads\/2025\/07\/andrew-tate-e1752240810951.png&#8221;]<\/p>\n<article id=\"template-id-109\" class=\"post-109 tdb_templates type-tdb_templates status-publish post\">\n<div id=\"tdi_2\" class=\"tdc-zone\">\n<div class=\"tdc_zone tdi_3  wpb_row td-pb-row\">\n<div id=\"tdi_4\" class=\"tdc-row\">\n<div class=\"vc_row tdi_5  wpb_row td-pb-row\">\n<div class=\"vc_column tdi_7  wpb_column vc_column_container tdc-column td-pb-span8\">\n<div class=\"wpb_wrapper\">\n<div class=\"td_block_wrap tdb_breadcrumbs tdi_8 td-pb-border-top td_block_template_1 tdb-breadcrumbs \" data-td-block-uid=\"tdi_8\">\n<div class=\"tdb-block-inner td-fix-index\"><span><a title=\"Vede\u021bi toate articolele \u00een PRIM PLAN\" class=\"tdb-entry-crumb\" href=\"https:\/\/r3media.ro\/category\/stiri-prim-plan\/\">PRIM PLAN<\/a><\/span><span class=\"tdb-bred-no-url-last\">Fra\u021bii Tate au fost aresta\u0163i \u00een Miami. Marea Britanie cere extr\u0103darea lor,&#8230;<\/span><\/div>\n<\/div>\n<div class=\"td_block_wrap tdb_single_categories tdi_9 td-pb-border-top td_block_template_1 \" data-td-block-uid=\"tdi_9\">\n<div class=\"tdb-category td-fix-index\"><a class=\"tdb-entry-category\" href=\"https:\/\/r3media.ro\/category\/stiri-prim-plan\/\">PRIM PLAN<\/a><a class=\"tdb-entry-category\" href=\"https:\/\/r3media.ro\/category\/stiri\/\">\u0218TIRI<\/a><\/div>\n<\/div>\n<div class=\"td_block_wrap tdb_title tdi_10 tdb-single-title td-pb-border-top td_block_template_1\" data-td-block-uid=\"tdi_10\">\n<div class=\"tdb-block-inner td-fix-index\">\n<h1 class=\"tdb-title-text\">Fra\u021bii Tate au fost aresta\u0163i \u00een Miami. Marea Britanie cere extr\u0103darea lor, dup\u0103 noi acuza\u021bii de viol \u0219i trafic de persoane<\/h1>\n<\/div>\n<\/div>\n<div class=\"vc_row_inner tdi_12  vc_row vc_inner wpb_row td-pb-row\">\n<div class=\"vc_column_inner tdi_14  wpb_column vc_column_container tdc-inner-column td-pb-span12\">\n<div class=\"vc_column-inner\">\n<div class=\"wpb_wrapper\">\n<div class=\"td_block_wrap tdb_single_author tdi_15 td-pb-border-top td_block_template_1 tdb-post-meta\" data-td-block-uid=\"tdi_15\">\n<div class=\"tdb-block-inner td-fix-index\">\n<div class=\"tdb-author-name-wrap\"><a class=\"tdb-author-name\" href=\"https:\/\/r3media.ro\/author\/redactia\/\">Redac\u021bia<\/a><\/div>\n<\/div>\n<\/div>\n<div class=\"td_block_wrap tdb_single_date tdi_16 td-pb-border-top td_block_template_1 tdb-post-meta\" data-td-block-uid=\"tdi_16\">\n<div class=\"tdb-block-inner td-fix-index\"><time class=\"entry-date updated td-module-date\" datetime=\"2026-07-20T11:54:53+03:00\">20\/07\/2026<\/time><\/div>\n<\/div>\n<\/div>\n<\/div>\n<\/div>\n<\/div>\n<div class=\"td_block_wrap tdb_single_featured_image tdi_17 tdb-content-horiz-left td-pb-border-top td_block_template_1\" data-td-block-uid=\"tdi_17\">\n<div class=\"tdb-block-inner td-fix-index\">\n<figure><figcaption class=\"tdb-caption-text\">Sursa foto &#8211; Rob Moore<\/figcaption><\/figure>\n<\/div>\n<\/div>\n<div class=\"td_block_wrap tdb_single_content tdi_18 td-pb-border-top td_block_template_1 td-post-content tagdiv-type\" data-td-block-uid=\"tdi_18\">\n<div class=\"tdb-block-inner td-fix-index\">\n<p><strong>Andrew \u0219i Tristan Tate au fost re\u021binu\u021bi s\u00e2mb\u0103t\u0103 de autorit\u0103\u021bile federale americane, \u00een urma unei cereri de extr\u0103dare formulate de Regatul Unit.<\/strong><\/p>\n<p>Procuratura britanic\u0103 le-a ad\u0103ugat zeci de noi capete de acuzare, iar num\u0103rul presupuselor victime din dosar a ajuns la \u0219apte. Avocatul fra\u021bilor sus\u021bine c\u0103 cei doi sunt nevinova\u021bi \u0219i vorbe\u0219te despre o \u201elovitur\u0103 politic\u0103\u201d.<\/p>\n<p>Arestarea celor doi influenceri a fost anun\u021bat\u0103 de Serviciul \u0218erifilor Federali din SUA (US Marshals Service), potrivit <a href=\"https:\/\/www.news.ro\/externe\/update-andrew-tristan-tate-au-arestati-miami-arestarile-vin-urma-unei-cereri-extradare-partea-regatului-unit-avocatul-fratilor-tate-lumea-stie-andrew-tristan-nevinovati-1922401419002026070322521804\" target=\"_blank\" rel=\"noopener\">News.ro<\/a>, care citeaz\u0103 BBC \u0219i The Guardian.<\/p>\n<p>Acuza\u021biile nu au fost f\u0103cute publice imediat dup\u0103 re\u021binere. Brady McCarron, purt\u0103tor de cuv\u00e2nt al US Marshals, a precizat c\u0103 mandatul de arestare este secret.<\/p>\n<p>O surs\u0103 apropiat\u0103 cazului, care a vorbit sub condi\u021bia anonimatului pentru c\u0103 nu era autorizat\u0103 s\u0103 comenteze public, a confirmat c\u0103 arest\u0103rile au fost efectuate \u00een baza unei cereri de extr\u0103dare venite din partea Regatului Unit.<\/p>\n<h2>Zeci de noi capete de acuzare<\/h2>\n<p>\u00centr-un comunicat, Serviciul de Procuratur\u0103 al Coroanei (CPS) a detaliat noile acuza\u021bii.<\/p>\n<p>Andrew Tate, \u00een v\u00e2rst\u0103 de 39 de ani, este vizat de \u00eenc\u0103 \u0219apte capete de acuzare pentru viol, trei pentru organizarea sau facilitarea traficului de persoane \u00een scopul exploat\u0103rii sexuale, trei pentru agresiune soldat\u0103 cu v\u0103t\u0103m\u0103ri corporale \u0219i alte 19 pentru infrac\u021biuni legate de imagini indecente cu minori \u0219i pornografie extrem\u0103.<\/p>\n<p>Tristan Tate, de 38 de ani, este acuzat suplimentar de o fapt\u0103 de agresiune sexual\u0103, dou\u0103 de viol \u0219i trei de organizare sau facilitare a traficului de persoane \u00een scopul exploat\u0103rii sexuale.<\/p>\n<p>Faptele investigate ar fi fost comise \u00een intervalul iulie 2010 \u2013 august 2017.<\/p>\n<p>Malcolm McHaffie, \u0219eful diviziei de infrac\u021biuni speciale a CPS, a explicat c\u0103 decizia de punere sub acuzare a venit dup\u0103 primirea unui dosar suplimentar cu probe de la Poli\u021bia din Bedfordshire. Potrivit acestuia, num\u0103rul total al presupuselor victime din caz a urcat astfel la \u0219apte.<\/p>\n<h2>Un dosar britanic deja deschis<\/h2>\n<p>Noile acuza\u021bii se adaug\u0103 unui dosar separat, \u00een care CPS \u00eei pusese anterior sub acuzare pe cei doi fra\u021bi pentru 21 de capete de acuzare, \u00eentre care viol, v\u0103t\u0103mare corporal\u0103 grav\u0103 \u0219i trafic de persoane.<\/p>\n<p>\u00cen acel dosar, Andrew Tate se confrunt\u0103 cu zece capete de acuzare \u2014 viol, v\u0103t\u0103mare corporal\u0103 grav\u0103, trafic de persoane \u0219i controlarea prostitu\u021biei \u00een scopul ob\u021binerii de profit \u2014, acuza\u021biile fiind legate de trei presupuse victime.<\/p>\n<p>Tristan Tate are 11 capete de acuzare, printre care viol, v\u0103t\u0103mare corporal\u0103 grav\u0103 \u0219i trafic de persoane, \u00eentr-un caz care vizeaz\u0103 o singur\u0103 presupus\u0103 victim\u0103.<\/p>\n<p>Recent, un judec\u0103tor al \u00cenaltei Cur\u021bi a respins cererea celor doi de a li se comunica numele acuzatoarelor.<\/p>\n<h2>Reac\u021bia ap\u0103r\u0103rii<\/h2>\n<p>Joseph McBride, avocatul care \u00eei reprezint\u0103 pe fra\u021bii Tate, a transmis \u00eentr-un comunicat difuzat dup\u0103 arestare c\u0103 \u201elumea \u0219tie c\u0103 Andrew \u0219i Tristan sunt nevinova\u021bi\u201d. El a descris noile acuza\u021bii formulate \u00een Marea Britanie drept o lovitur\u0103 politic\u0103.<\/p>\n<p>Cei doi fra\u021bi au negat constant toate acuza\u021biile care li se aduc.<\/p>\n<h2>Dosarele din Rom\u00e2nia<\/h2>\n<p>Andrew \u0219i Tristan Tate au fost acuza\u021bi \u0219i \u00een Rom\u00e2nia de trafic de persoane, viol \u0219i constituire de grup infrac\u021bional organizat, dup\u0103 arestarea lor din decembrie 2022.<\/p>\n<p>Ei au respins acuza\u021biile, iar cazul nu a avansat din cauza unor nereguli juridice \u0219i procedurale.<\/p>\n<p>Fo\u0219ti kickboxeri profesioni\u0219ti, cei doi \u0219i-au construit o audien\u021b\u0103 de milioane de urm\u0103ritori pe re\u021belele sociale, \u00een special \u00een r\u00e2ndul tinerilor \u0219i al adolescen\u021bilor, promov\u00e2nd un stil de via\u021b\u0103 luxos \u0219i un discurs misogin asumat.<\/p>\n<\/div>\n<\/div>\n<div class=\"td_block_wrap tdb_single_tags tdi_19 td-pb-border-top td_block_template_1\" data-td-block-uid=\"tdi_19\">\n<div class=\"tdb-block-inner td-fix-index\">\n<ul class=\"tdb-tags\">\n<li><span>SUBIECTE FIERBIN\u021aI<\/span><\/li>\n<li><a href=\"https:\/\/r3media.ro\/tag\/andrew-tate\/\">andrew tate<\/a><\/li>\n<\/ul>\n<\/div>\n<\/div>\n<div class=\"td_block_wrap td_block_9 tdi_20 td_with_ajax_pagination td-pb-border-top td_block_template_1 td-column-2 td_block_padding td_block_bot_line\" data-td-block-uid=\"tdi_20\">\n<div class=\"td-block-title-wrap\">\n<h4 class=\"block-title td-block-title\"><span class=\"td-pulldown-size\">CITE\u0218TE MAI MULT<\/span><\/h4>\n<\/div>\n<div id=\"tdi_20\" class=\"td_block_inner\">\n<div class=\"td-block-row\">\n<div class=\"td-block-span6\">\n<div class=\"td_module_8 td_module_wrap\">\n<div class=\"item-details\">\n<h3 class=\"entry-title td-module-title\"><a href=\"https:\/\/r3media.ro\/candidat-barbat-partidul-democrat-sua-menstruatie-sangerare-rect\/\" rel=\"bookmark\" title=\"VIDEO | Un b\u0103rbat care candideaz\u0103 de la Partidul Democrat din SUA ar fi sus\u021binut c\u0103 are menstrua\u021bie \u0219i elimin\u0103 s\u00e2ngele prin rect\">VIDEO | Un b\u0103rbat care candideaz\u0103 de la Partidul Democrat din SUA ar fi&#8230;<\/a><\/h3>\n<div class=\"td-module-meta-info\"><a href=\"https:\/\/r3media.ro\/category\/stiri-prim-plan\/\" class=\"td-post-category\">PRIM PLAN<\/a><span class=\"td-post-author-name\"><a href=\"https:\/\/r3media.ro\/author\/oana\/\">Oana Ivan<\/a><span>&#8211;<\/span><\/span><span class=\"td-post-date\"><time class=\"entry-date updated td-module-date\" datetime=\"2026-07-19T02:19:11+03:00\">19\/07\/2026<\/time><\/span><\/div>\n<\/div>\n<\/div>\n<\/div>\n<div class=\"td-block-span6\">\n<div class=\"td_module_8 td_module_wrap\">\n<div class=\"item-details\">\n<h3 class=\"entry-title td-module-title\"><a href=\"https:\/\/r3media.ro\/parinte-adrian-agachi-reactie-declaratii-ora-de-religie-corina-atanasiu-usr-totalitarism\/\" rel=\"bookmark\" title=\"P\u0103rintele Adrian Agachi a reac\u021bionat la afirma\u021biile despre ora de Religie f\u0103cute de Corina Atanasiu (USR): E inadmisibil s\u0103 ne \u00eentoarcem la discursuri totalitare. Scuzele ar fi absolut necesare\">P\u0103rintele Adrian Agachi a reac\u021bionat la afirma\u021biile despre ora de Religie f\u0103cute de Corina&#8230;<\/a><\/h3>\n<div class=\"td-module-meta-info\"><a href=\"https:\/\/r3media.ro\/category\/opinii\/\" class=\"td-post-category\">OPINII<\/a><span class=\"td-post-author-name\"><a href=\"https:\/\/r3media.ro\/author\/oana\/\">Oana Ivan<\/a><span>&#8211;<\/span><\/span><span class=\"td-post-date\"><time class=\"entry-date updated td-module-date\" datetime=\"2026-07-19T02:45:37+03:00\">19\/07\/2026<\/time><\/span><\/div>\n<\/div>\n<\/div>\n<\/div>\n<\/div>\n<div class=\"td-block-row\">\n<div class=\"td-block-span6\">\n<div class=\"td_module_8 td_module_wrap\">\n<div class=\"item-details\">\n<h3 class=\"entry-title td-module-title\"><a href=\"https:\/\/r3media.ro\/prapad-busteni-valea-prahovei-statiuni-ploi-viitura-oameni-raniti-masini-avariate-case-inundate\/\" rel=\"bookmark\" title=\"VIDEO | Pr\u0103p\u0103d la Bu\u0219teni! Ploile au cauzat o viitur\u0103 care a m\u0103turat tot \u00een cale \u00een sta\u021biunile de pe valea Prahovei: oameni r\u0103ni\u021bi, ma\u0219ini avariate \u0219i locuin\u021be inundate\">VIDEO | Pr\u0103p\u0103d la Bu\u0219teni! Ploile au cauzat o viitur\u0103 care a m\u0103turat tot&#8230;<\/a><\/h3>\n<div class=\"td-module-meta-info\"><a href=\"https:\/\/r3media.ro\/category\/featured\/\" class=\"td-post-category\">FEATURED<\/a><span class=\"td-post-author-name\"><a href=\"https:\/\/r3media.ro\/author\/oana\/\">Oana Ivan<\/a><span>&#8211;<\/span><\/span><span class=\"td-post-date\"><time class=\"entry-date updated td-module-date\" datetime=\"2026-07-19T19:07:45+03:00\">19\/07\/2026<\/time><\/span><\/div>\n<\/div>\n<\/div>\n<\/div>\n<div class=\"td-block-span6\">\n<div class=\"td_module_8 td_module_wrap\">\n<div class=\"item-details\">\n<h3 class=\"entry-title td-module-title\"><a href=\"https:\/\/r3media.ro\/spania-invinge-argentina-castiga-cupa-mondiala\/\" rel=\"bookmark\" title=\"Spania a \u00eenvins Argentina \u0219i a c\u00e2\u0219tigat Cupa Mondial\u0103 pentru a doua oar\u0103 \u00een istorie\">Spania a \u00eenvins Argentina \u0219i a c\u00e2\u0219tigat Cupa Mondial\u0103 pentru a doua oar\u0103 \u00een&#8230;<\/a><\/h3>\n<div class=\"td-module-meta-info\"><a href=\"https:\/\/r3media.ro\/category\/sport\/cupa-mondiala-2026\/\" class=\"td-post-category\">CUPA MONDIALA 2026 AMERICA<\/a><span class=\"td-post-author-name\"><a href=\"https:\/\/r3media.ro\/author\/oana\/\">Oana Ivan<\/a><span>&#8211;<\/span><\/span><span class=\"td-post-date\"><time class=\"entry-date updated td-module-date\" datetime=\"2026-07-20T01:04:07+03:00\">20\/07\/2026<\/time><\/span><\/div>\n<\/div>\n<\/div>\n<\/div>\n<\/div>\n<div class=\"td-block-row\">\n<div class=\"td-block-span6\">\n<div class=\"td_module_8 td_module_wrap\">\n<div class=\"item-details\">\n<h3 class=\"entry-title td-module-title\"><a href=\"https:\/\/r3media.ro\/criza-apei-grecia-sapte-insule-stare-de-urgenta-localnici-recolte\/\" rel=\"bookmark\" title=\"Criza apei pe \u0219apte insule din Grecia: A fost emis\u0103 stare de urgen\u021b\u0103. Localnicii nu mai au cu ce s\u0103-\u0219i ude recoltele\">Criza apei pe \u0219apte insule din Grecia: A fost emis\u0103 stare de urgen\u021b\u0103. Localnicii&#8230;<\/a><\/h3>\n<div class=\"td-module-meta-info\"><a href=\"https:\/\/r3media.ro\/category\/actualitate\/\" class=\"td-post-category\">ACTUALITATE<\/a><span class=\"td-post-author-name\"><a href=\"https:\/\/r3media.ro\/author\/oana\/\">Oana Ivan<\/a><span>&#8211;<\/span><\/span><span class=\"td-post-date\"><time class=\"entry-date updated td-module-date\" datetime=\"2026-07-16T17:55:42+03:00\">16\/07\/2026<\/time><\/span><\/div>\n<\/div>\n<\/div>\n<\/div>\n<div class=\"td-block-span6\">\n<div class=\"td_module_8 td_module_wrap\">\n<div class=\"item-details\">\n<h3 class=\"entry-title td-module-title\"><a href=\"https:\/\/r3media.ro\/prof-ioan-aurel-pop-ong-antisemitism-xenofobie\/\" rel=\"bookmark\" title=\"Prof. Ioan-Aurel Pop: Anumite ONG-uri vor s\u0103 \u00eent\u0103reasc\u0103 antisemitismul \u0219i xenofobia, pentru c\u0103 ele s-au \u00eenfiin\u021bat ca s\u0103 combat\u0103 asemenea lucruri\">Prof. Ioan-Aurel Pop: Anumite ONG-uri vor s\u0103 \u00eent\u0103reasc\u0103 antisemitismul \u0219i xenofobia, pentru c\u0103 ele&#8230;<\/a><\/h3>\n<div class=\"td-module-meta-info\"><a href=\"https:\/\/r3media.ro\/category\/actualitate\/\" class=\"td-post-category\">ACTUALITATE<\/a><span class=\"td-post-author-name\"><a href=\"https:\/\/r3media.ro\/author\/radu_ursan\/\">Radu Ursan<\/a><span>&#8211;<\/span><\/span><span class=\"td-post-date\"><time class=\"entry-date updated td-module-date\" datetime=\"2026-07-16T15:28:25+03:00\">16\/07\/2026<\/time><\/span><\/div>\n<\/div>\n<\/div>\n<\/div>\n<\/div>\n<div class=\"td-block-row\">\n<div class=\"td-block-span6\">\n<div class=\"td_module_8 td_module_wrap\">\n<div class=\"item-details\">\n<h3 class=\"entry-title td-module-title\"><a href=\"https:\/\/r3media.ro\/deznationala-frantei-a-invins-franta\/\" rel=\"bookmark\" title=\"Dezna\u021bionala Fran\u021bei a \u00eenvins Fran\u021ba \u00a0\u00a0\">Dezna\u021bionala Fran\u021bei a \u00eenvins Fran\u021ba \u00a0\u00a0<\/a><\/h3>\n<div class=\"td-module-meta-info\"><a href=\"https:\/\/r3media.ro\/category\/actualitate\/\" class=\"td-post-category\">ACTUALITATE<\/a><span class=\"td-post-author-name\"><a href=\"https:\/\/r3media.ro\/author\/tru\/\">TRU (Traian Ungureanu)<\/a><span>&#8211;<\/span><\/span><span class=\"td-post-date\"><time class=\"entry-date updated td-module-date\" datetime=\"2026-07-15T20:57:25+03:00\">15\/07\/2026<\/time><\/span><\/div>\n<\/div>\n<\/div>\n<\/div>\n<div class=\"td-block-span6\">\n<div class=\"td_module_8 td_module_wrap\">\n<div class=\"item-details\">\n<h3 class=\"entry-title td-module-title\"><a href=\"https:\/\/r3media.ro\/revolte-violente-franta-eliminare-cupa-mondiala-spania-video\/\" rel=\"bookmark\" title=\"VIDEO | Revolte violente \u00een Fran\u021ba dup\u0103 eliminarea de la Cupa Mondial\u0103\">VIDEO | Revolte violente \u00een Fran\u021ba dup\u0103 eliminarea de la Cupa Mondial\u0103<\/a><\/h3>\n<div class=\"td-module-meta-info\"><a href=\"https:\/\/r3media.ro\/category\/actualitate\/\" class=\"td-post-category\">ACTUALITATE<\/a><span class=\"td-post-author-name\"><a href=\"https:\/\/r3media.ro\/author\/oana\/\">Oana Ivan<\/a><span>&#8211;<\/span><\/span><span class=\"td-post-date\"><time class=\"entry-date updated td-module-date\" datetime=\"2026-07-15T15:35:05+03:00\">15\/07\/2026<\/time><\/span><\/div>\n<\/div>\n<\/div>\n<\/div>\n<\/div>\n<div class=\"td-block-row\">\n<div class=\"td-block-span6\">\n<div class=\"td_module_8 td_module_wrap\">\n<div class=\"item-details\">\n<h3 class=\"entry-title td-module-title\"><a href=\"https:\/\/r3media.ro\/cine-este-cu-adevarat-francez\/\" rel=\"bookmark\" title=\"Cine este cu adev\u0103rat francez?\">Cine este cu adev\u0103rat francez?<\/a><\/h3>\n<div class=\"td-module-meta-info\"><a href=\"https:\/\/r3media.ro\/category\/actualitate\/\" class=\"td-post-category\">ACTUALITATE<\/a><span class=\"td-post-author-name\"><a href=\"https:\/\/r3media.ro\/author\/gabipopa\/\">Gabriel Popa<\/a><span>&#8211;<\/span><\/span><span class=\"td-post-date\"><time class=\"entry-date updated td-module-date\" datetime=\"2026-07-15T09:52:34+03:00\">15\/07\/2026<\/time><\/span><\/div>\n<\/div>\n<\/div>\n<\/div>\n<div class=\"td-block-span6\">\n<div class=\"td_module_8 td_module_wrap\">\n<div class=\"item-details\">\n<h3 class=\"entry-title td-module-title\"><a href=\"https:\/\/r3media.ro\/ioan-aurel-pop-lege-vexler-razboi-istoria\/\" rel=\"bookmark\" title=\"Ioan-Aurel Pop critic\u0103 legea Vexler \u00eentr-un articol de neratat: Nu putem s\u0103 ducem un r\u0103zboi cu istoria\">Ioan-Aurel Pop critic\u0103 legea Vexler \u00eentr-un articol de neratat: Nu putem s\u0103 ducem un&#8230;<\/a><\/h3>\n<div class=\"td-module-meta-info\"><a href=\"https:\/\/r3media.ro\/category\/actualitate\/\" class=\"td-post-category\">ACTUALITATE<\/a><span class=\"td-post-author-name\"><a href=\"https:\/\/r3media.ro\/author\/radu_ursan\/\">Radu Ursan<\/a><span>&#8211;<\/span><\/span><span class=\"td-post-date\"><time class=\"entry-date updated td-module-date\" datetime=\"2026-07-12T21:42:54+03:00\">12\/07\/2026<\/time><\/span><\/div>\n<\/div>\n<\/div>\n<\/div>\n<\/div>\n<div class=\"td-block-row\">\n<div class=\"td-block-span6\">\n<div class=\"td_module_8 td_module_wrap\">\n<div class=\"item-details\">\n<h3 class=\"entry-title td-module-title\"><a href=\"https:\/\/r3media.ro\/scandalul-rachetelor-patriot-zguduie-polonia-varsovia-declasifica-tot-ajutorul-militar-acordat-ucrainei\/\" rel=\"bookmark\" title=\"Scandalul rachetelor Patriot zguduie Polonia: Var\u0219ovia declasific\u0103 tot ajutorul militar acordat Ucrainei\">Scandalul rachetelor Patriot zguduie Polonia: Var\u0219ovia declasific\u0103 tot ajutorul militar acordat Ucrainei<\/a><\/h3>\n<div class=\"td-module-meta-info\"><a href=\"https:\/\/r3media.ro\/category\/stiri\/\" class=\"td-post-category\">\u0218TIRI<\/a><span class=\"td-post-author-name\"><a href=\"https:\/\/r3media.ro\/author\/radu_ursan\/\">Radu Ursan<\/a><span>&#8211;<\/span><\/span><span class=\"td-post-date\"><time class=\"entry-date updated td-module-date\" datetime=\"2026-07-12T20:43:04+03:00\">12\/07\/2026<\/time><\/span><\/div>\n<\/div>\n<\/div>\n<\/div>\n<div class=\"td-block-span6\">\n<div class=\"td_module_8 td_module_wrap\">\n<div class=\"item-details\">\n<h3 class=\"entry-title td-module-title\"><a href=\"https:\/\/r3media.ro\/ce-ne-facem-cu-atatia-prosti\/\" rel=\"bookmark\" title=\"Ce ne facem cu at\u00e2\u021bia pro\u0219ti?\">Ce ne facem cu at\u00e2\u021bia pro\u0219ti?<\/a><\/h3>\n<div class=\"td-module-meta-info\"><a href=\"https:\/\/r3media.ro\/category\/opinii\/\" class=\"td-post-category\">OPINII<\/a><span class=\"td-post-author-name\"><a href=\"https:\/\/r3media.ro\/author\/alexandru_racu\/\">Alexandru Racu<\/a><span>&#8211;<\/span><\/span><span class=\"td-post-date\"><time class=\"entry-date updated td-module-date\" datetime=\"2026-07-12T14:11:45+03:00\">12\/07\/2026<\/time><\/span><\/div>\n<\/div>\n<\/div>\n<\/div>\n<\/div>\n<\/div>\n<div class=\"td-load-more-wrap td-load-more-infinite-wrap\" id=\"infinite-lm-tdi_20\"><a href=\"https:\/\/r3media.ro\/fratii-tate-arestati-in-miami-marea-britanie-cere-extradarea-lor-dupa-noi-acuzatii-de-viol-si-trafic-de-persoane\/\" class=\"td_ajax_load_more td_ajax_load_more_js\" aria-label=\"\u00cenc\u0103rca\u021bi mai multe\" id=\"next-page-tdi_20\" data-td_block_id=\"tdi_20\">\u00cenc\u0103rca\u021bi mai multe<\/a><\/div>\n<\/div>\n<div class=\"td_block_wrap tdb_single_comments tdi_21 tdb-comm-layout2 td-pb-border-top td_block_template_1\" data-td-block-uid=\"tdi_21\">\n<div class=\"tdb-block-inner td-fix-index\">\n<div class=\"comments\" id=\"comments\">\n<div id=\"respond\" class=\"comment-respond\">\n<h3 id=\"reply-title\" class=\"comment-reply-title\">AI CEVA DE SPUS? <small><a rel=\"nofollow\" id=\"cancel-comment-reply-link\" href=\"https:\/\/r3media.ro\/fratii-tate-arestati-in-miami-marea-britanie-cere-extradarea-lor-dupa-noi-acuzatii-de-viol-si-trafic-de-persoane\/#respond\">Renun\u021ba\u021bi la r\u0103spuns<\/a><\/small><\/h3>\n<div class=\"comment-form-input-wrap td-form-comment\">\n<div class=\"td-warning-comment\">V\u0103 rug\u0103m s\u0103 introduce\u021bi comentariul dvs.!<\/div>\n<\/div>\n<div class=\"comment-form-input-wrap td-form-author\">\n<div class=\"td-warning-author\">Introduce\u021bi aici numele dvs.<\/div>\n<\/div>\n<div class=\"comment-form-input-wrap td-form-email\">\n<div class=\"td-warning-email-error\">A\u021bi introdus o adres\u0103 de e-mail incorect\u0103!<\/div>\n<div class=\"td-warning-email\">V\u0103 rug\u0103m s\u0103 introduce\u021bi adresa dvs. de e-mail aici<\/div>\n<\/div>\n<\/div>\n<\/div>\n<\/div>\n<\/div>\n<\/div>\n<\/div>\n<div class=\"vc_column tdi_23  wpb_column vc_column_container tdc-column td-pb-span4 td-is-sticky\">\n<div class=\"wpb_wrapper\" data-sticky-enabled-on=\"W3RydWUsdHJ1ZSx0cnVlLHRydWVd\" data-sticky-offset=\"20\" data-sticky-is-width-auto=\"W2ZhbHNlLGZhbHNlLGZhbHNlLGZhbHNlXQ==\">\n<div class=\"wpb_wrapper td_block_wrap vc_widget_sidebar tdi_25 \">\n<div class=\"td_block_wrap td_block_7 td_block_widget tdi_26 td-pb-border-top td_block_template_1 td-column-1 td_block_padding\" data-td-block-uid=\"tdi_26\">\n<div class=\"td-block-title-wrap\">\n<h4 class=\"block-title td-block-title\"><span class=\"td-pulldown-size\">Articole RELA\u021aIONATE<\/span><\/h4>\n<\/div>\n<div id=\"tdi_26\" class=\"td_block_inner\">\n<div class=\"td-block-span12\">\n<div class=\"td_module_6 td_module_wrap td-animation-stack\">\n<div class=\"td-module-thumb\"><a href=\"https:\/\/r3media.ro\/rabla-2026-ghid-complet-persoane-fizice-masina-noua\/\" rel=\"bookmark\" class=\"td-image-wrap \" title=\"Rabla 2026: Ghidul complet pentru persoane fizice care vor s\u0103-\u0219i cumpere o ma\u0219in\u0103 nou\u0103\"><img loading=\"lazy\" decoding=\"async\" class=\"entry-thumb\" src=\"https:\/\/r3media.ro\/wp-content\/uploads\/2026\/05\/rabla-2026-100x70.jpg\" alt title=\"Rabla 2026: Ghidul complet pentru persoane fizice care vor s\u0103-\u0219i cumpere o ma\u0219in\u0103 nou\u0103\" width=\"100\" height=\"70\"><\/a><\/div>\n<div class=\"item-details\">\n<h3 class=\"entry-title td-module-title\"><a href=\"https:\/\/r3media.ro\/rabla-2026-ghid-complet-persoane-fizice-masina-noua\/\" rel=\"bookmark\" title=\"Rabla 2026: Ghidul complet pentru persoane fizice care vor s\u0103-\u0219i cumpere o ma\u0219in\u0103 nou\u0103\">Rabla 2026: Ghidul complet pentru persoane fizice care vor s\u0103-\u0219i cumpere&#8230;<\/a><\/h3>\n<div class=\"td-module-meta-info\"><span class=\"td-post-date\"><time class=\"entry-date updated td-module-date\" datetime=\"2026-07-20T10:09:16+03:00\">20\/07\/2026<\/time><\/span><\/div>\n<\/div>\n<\/div>\n<\/div>\n<div class=\"td-block-span12\">\n<div class=\"td_module_6 td_module_wrap td-animation-stack\">\n<div class=\"td-module-thumb\"><a href=\"https:\/\/r3media.ro\/romani-isi-pierd-locul-de-munca-in-fiecare-luna\/\" rel=\"bookmark\" class=\"td-image-wrap \" title=\"Peste 1.000 de rom\u00e2ni \u00ee\u0219i pierd locul de munc\u0103, \u00een fiecare lun\u0103\"><img loading=\"lazy\" decoding=\"async\" class=\"entry-thumb\" src=\"https:\/\/r3media.ro\/wp-content\/uploads\/2022\/10\/somaj-e1667219277728-100x70.jpg\" alt title=\"Peste 1.000 de rom\u00e2ni \u00ee\u0219i pierd locul de munc\u0103, \u00een fiecare lun\u0103\" width=\"100\" height=\"70\"><\/a><\/div>\n<div class=\"item-details\">\n<h3 class=\"entry-title td-module-title\"><a href=\"https:\/\/r3media.ro\/romani-isi-pierd-locul-de-munca-in-fiecare-luna\/\" rel=\"bookmark\" title=\"Peste 1.000 de rom\u00e2ni \u00ee\u0219i pierd locul de munc\u0103, \u00een fiecare lun\u0103\">Peste 1.000 de rom\u00e2ni \u00ee\u0219i pierd locul de munc\u0103, \u00een fiecare&#8230;<\/a><\/h3>\n<div class=\"td-module-meta-info\"><span class=\"td-post-date\"><time class=\"entry-date updated td-module-date\" datetime=\"2026-07-20T09:52:37+03:00\">20\/07\/2026<\/time><\/span><\/div>\n<\/div>\n<\/div>\n<\/div>\n<div class=\"td-block-span12\">\n<div class=\"td_module_6 td_module_wrap td-animation-stack\">\n<div class=\"td-module-thumb\"><a href=\"https:\/\/r3media.ro\/economia-germaniei-situatie-critica-nemti-munca-duminica\/\" rel=\"bookmark\" class=\"td-image-wrap \" title=\"Economia Germaniei, \u00eentr-o situa\u021bie critic\u0103: Nem\u021bii se g\u00e2ndesc s\u0103 munceasc\u0103 din nou duminica\"><img loading=\"lazy\" decoding=\"async\" class=\"entry-thumb\" src=\"https:\/\/r3media.ro\/wp-content\/uploads\/2026\/07\/steagul-germaniei-pe-bundestag-100x70.jpg\" alt title=\"Economia Germaniei, \u00eentr-o situa\u021bie critic\u0103: Nem\u021bii se g\u00e2ndesc s\u0103 munceasc\u0103 din nou duminica\" width=\"100\" height=\"70\"><\/a><\/div>\n<div class=\"item-details\">\n<h3 class=\"entry-title td-module-title\"><a href=\"https:\/\/r3media.ro\/economia-germaniei-situatie-critica-nemti-munca-duminica\/\" rel=\"bookmark\" title=\"Economia Germaniei, \u00eentr-o situa\u021bie critic\u0103: Nem\u021bii se g\u00e2ndesc s\u0103 munceasc\u0103 din nou duminica\">Economia Germaniei, \u00eentr-o situa\u021bie critic\u0103: Nem\u021bii se g\u00e2ndesc s\u0103 munceasc\u0103 din&#8230;<\/a><\/h3>\n<div class=\"td-module-meta-info\"><span class=\"td-post-date\"><time class=\"entry-date updated td-module-date\" datetime=\"2026-07-20T09:50:42+03:00\">20\/07\/2026<\/time><\/span><\/div>\n<\/div>\n<\/div>\n<\/div>\n<div class=\"td-block-span12\">\n<div class=\"td_module_6 td_module_wrap td-animation-stack\">\n<div class=\"td-module-thumb\"><a href=\"https:\/\/r3media.ro\/cupa-mondiala-2026-america-rezultate-program\/\" rel=\"bookmark\" class=\"td-image-wrap \" title=\"Cupa Mondial\u0103 2026 America: Rezultate complete \u0219i rogramul meciurilor\"><img loading=\"lazy\" decoding=\"async\" class=\"entry-thumb\" src=\"https:\/\/r3media.ro\/wp-content\/uploads\/2026\/05\/cupa-mondiala-2026-america-100x70.jpg\" alt title=\"Cupa Mondial\u0103 2026 America: Rezultate complete \u0219i rogramul meciurilor\" width=\"100\" height=\"70\"><\/a><\/div>\n<div class=\"item-details\">\n<h3 class=\"entry-title td-module-title\"><a href=\"https:\/\/r3media.ro\/cupa-mondiala-2026-america-rezultate-program\/\" rel=\"bookmark\" title=\"Cupa Mondial\u0103 2026 America: Rezultate complete \u0219i rogramul meciurilor\">Cupa Mondial\u0103 2026 America: Rezultate complete \u0219i rogramul meciurilor<\/a><\/h3>\n<div class=\"td-module-meta-info\"><span class=\"td-post-date\"><time class=\"entry-date updated td-module-date\" datetime=\"2026-07-20T08:28:07+03:00\">20\/07\/2026<\/time><\/span><\/div>\n<\/div>\n<\/div>\n<\/div>\n<div class=\"td-block-span12\">\n<div class=\"td_module_6 td_module_wrap td-animation-stack\">\n<div class=\"td-module-thumb\"><a href=\"https:\/\/r3media.ro\/spania-invinge-argentina-castiga-cupa-mondiala\/\" rel=\"bookmark\" class=\"td-image-wrap \" title=\"Spania a \u00eenvins Argentina \u0219i a c\u00e2\u0219tigat Cupa Mondial\u0103 pentru a doua oar\u0103 \u00een istorie\"><img loading=\"lazy\" decoding=\"async\" class=\"entry-thumb\" src=\"https:\/\/r3media.ro\/wp-content\/uploads\/2026\/07\/echipa-de-fotbal-a-spaniei-2026-100x70.png\" alt title=\"Spania a \u00eenvins Argentina \u0219i a c\u00e2\u0219tigat Cupa Mondial\u0103 pentru a doua oar\u0103 \u00een istorie\" width=\"100\" height=\"70\"><\/a><\/div>\n<div class=\"item-details\">\n<h3 class=\"entry-title td-module-title\"><a href=\"https:\/\/r3media.ro\/spania-invinge-argentina-castiga-cupa-mondiala\/\" rel=\"bookmark\" title=\"Spania a \u00eenvins Argentina \u0219i a c\u00e2\u0219tigat Cupa Mondial\u0103 pentru a doua oar\u0103 \u00een istorie\">Spania a \u00eenvins Argentina \u0219i a c\u00e2\u0219tigat Cupa Mondial\u0103 pentru a&#8230;<\/a><\/h3>\n<div class=\"td-module-meta-info\"><span class=\"td-post-date\"><time class=\"entry-date updated td-module-date\" datetime=\"2026-07-20T01:04:07+03:00\">20\/07\/2026<\/time><\/span><\/div>\n<\/div>\n<\/div>\n<\/div>\n<div class=\"td-block-span12\">\n<div class=\"td_module_6 td_module_wrap td-animation-stack\">\n<div class=\"td-module-thumb\"><a href=\"https:\/\/r3media.ro\/20-iulie-sf-ilie-tesviteanul\/\" rel=\"bookmark\" class=\"td-image-wrap \" title=\"Calendarul zilei 20 iulie: Sf. Ilie Tesviteanul. Ziua Avia\u021biei Rom\u00e2ne\"><img loading=\"lazy\" decoding=\"async\" class=\"entry-thumb\" src=\"https:\/\/r3media.ro\/wp-content\/uploads\/2022\/07\/sf-ilie-100x70.jpg\" alt title=\"Calendarul zilei 20 iulie: Sf. Ilie Tesviteanul. Ziua Avia\u021biei Rom\u00e2ne\" width=\"100\" height=\"70\"><\/a><\/div>\n<div class=\"item-details\">\n<h3 class=\"entry-title td-module-title\"><a href=\"https:\/\/r3media.ro\/20-iulie-sf-ilie-tesviteanul\/\" rel=\"bookmark\" title=\"Calendarul zilei 20 iulie: Sf. Ilie Tesviteanul. Ziua Avia\u021biei Rom\u00e2ne\">Calendarul zilei 20 iulie: Sf. Ilie Tesviteanul. Ziua Avia\u021biei Rom\u00e2ne<\/a><\/h3>\n<div class=\"td-module-meta-info\"><span class=\"td-post-date\"><time class=\"entry-date updated td-module-date\" datetime=\"2026-07-19T22:30:13+03:00\">19\/07\/2026<\/time><\/span><\/div>\n<\/div>\n<\/div>\n<\/div>\n<div class=\"td-block-span12\">\n<div class=\"td_module_6 td_module_wrap td-animation-stack\">\n<div class=\"td-module-thumb\"><a href=\"https:\/\/r3media.ro\/prapad-busteni-valea-prahovei-statiuni-ploi-viitura-oameni-raniti-masini-avariate-case-inundate\/\" rel=\"bookmark\" class=\"td-image-wrap \" title=\"VIDEO | Pr\u0103p\u0103d la Bu\u0219teni! Ploile au cauzat o viitur\u0103 care a m\u0103turat tot \u00een cale \u00een sta\u021biunile de pe valea Prahovei: oameni r\u0103ni\u021bi, ma\u0219ini avariate \u0219i locuin\u021be inundate\"><img loading=\"lazy\" decoding=\"async\" class=\"entry-thumb\" src=\"https:\/\/r3media.ro\/wp-content\/uploads\/2026\/07\/viitura-busteni-100x70.jpg\" alt title=\"VIDEO | Pr\u0103p\u0103d la Bu\u0219teni! Ploile au cauzat o viitur\u0103 care a m\u0103turat tot \u00een cale \u00een sta\u021biunile de pe valea Prahovei: oameni r\u0103ni\u021bi, ma\u0219ini avariate \u0219i locuin\u021be inundate\" width=\"100\" height=\"70\"><\/a><\/div>\n<div class=\"item-details\">\n<h3 class=\"entry-title td-module-title\"><a href=\"https:\/\/r3media.ro\/prapad-busteni-valea-prahovei-statiuni-ploi-viitura-oameni-raniti-masini-avariate-case-inundate\/\" rel=\"bookmark\" title=\"VIDEO | Pr\u0103p\u0103d la Bu\u0219teni! Ploile au cauzat o viitur\u0103 care a m\u0103turat tot \u00een cale \u00een sta\u021biunile de pe valea Prahovei: oameni r\u0103ni\u021bi, ma\u0219ini avariate \u0219i locuin\u021be inundate\">VIDEO | Pr\u0103p\u0103d la Bu\u0219teni! Ploile au cauzat o viitur\u0103 care&#8230;<\/a><\/h3>\n<div class=\"td-module-meta-info\"><span class=\"td-post-date\"><time class=\"entry-date updated td-module-date\" datetime=\"2026-07-19T19:07:45+03:00\">19\/07\/2026<\/time><\/span><\/div>\n<\/div>\n<\/div>\n<\/div>\n<\/div>\n<\/div>\n<aside class=\"td_block_template_1 widget widget_recent_comments\">\n<h4 class=\"block-title\"><span>INTR\u0102 \u00ceN DISCU\u021aIE!<\/span><\/h4>\n<ul id=\"recentcomments\">\n<li class=\"recentcomments\"><span class=\"comment-author-link\">Isabel<\/span> la <a href=\"https:\/\/r3media.ro\/prapad-busteni-valea-prahovei-statiuni-ploi-viitura-oameni-raniti-masini-avariate-case-inundate\/#comment-40286\">VIDEO | Pr\u0103p\u0103d la Bu\u0219teni! Ploile au cauzat o viitur\u0103 care a m\u0103turat tot \u00een cale \u00een sta\u021biunile de pe valea Prahovei: oameni r\u0103ni\u021bi, ma\u0219ini avariate \u0219i locuin\u021be inundate<\/a><\/li>\n<li class=\"recentcomments\"><span class=\"comment-author-link\">Laris<\/span> la <a href=\"https:\/\/r3media.ro\/primar-cetateni-oradea-presiuni-lgbt\/#comment-40281\">Primarul \u0219i cet\u0103\u021benii din Oradea, presa\u021bi de lobby-ul interna\u021bional LGBT s\u0103 permit\u0103 mar\u0219ul homosexualit\u0103\u021bii pe str\u0103zile ora\u0219ului<\/a><\/li>\n<li class=\"recentcomments\"><span class=\"comment-author-link\">Laris<\/span> la <a href=\"https:\/\/r3media.ro\/aur-sustine-ca-dan-tanasa-este-urmarit-penal-pentru-instigare-la-ura\/#comment-40280\">AUR sus\u021bine c\u0103 Dan T\u0103nas\u0103 este urm\u0103rit penal pentru instigare la ur\u0103<\/a><\/li>\n<li class=\"recentcomments\"><span class=\"comment-author-link\">Laris<\/span> la <a href=\"https:\/\/r3media.ro\/dragos-tanase-demisie-conducere-gabriel-resources-18-ani\/#comment-40279\">Drago\u0219 T\u0103nase a demisionat de la conducerea Gabriel Resources dup\u0103 18 ani<\/a><\/li>\n<li class=\"recentcomments\"><span class=\"comment-author-link\">Doru<\/span> la <a href=\"https:\/\/r3media.ro\/prof-dan-dungaciu-federatia-rusa-ajutor-pentru-ucraina\/#comment-40277\">Prof. Dan Dungaciu: Tu vrei s\u0103 love\u0219ti ariciul, adic\u0103 Federa\u021bia Rus\u0103, cu s\u00e2ngele, carnea \u0219i oasele ucrainenilor. \u0102sta e un ajutor pentru Ucraina?<\/a><\/li>\n<li class=\"recentcomments\"><span class=\"comment-author-link\">Constantin<\/span> la <a href=\"https:\/\/r3media.ro\/primar-cetateni-oradea-presiuni-lgbt\/#comment-40276\">Primarul \u0219i cet\u0103\u021benii din Oradea, presa\u021bi de lobby-ul interna\u021bional LGBT s\u0103 permit\u0103 mar\u0219ul homosexualit\u0103\u021bii pe str\u0103zile ora\u0219ului<\/a><\/li>\n<li class=\"recentcomments\"><span class=\"comment-author-link\">Iulian<\/span> la <a href=\"https:\/\/r3media.ro\/nicusor-dan-romania-militar-ucraina-secret\/#comment-40275\">Nicu\u0219or Dan a spus c\u0103 Rom\u00e2nia a transferat din capabilit\u0103\u021bile sale militare defensive c\u0103tre Ucraina \u0219i c\u0103 e bine s\u0103 r\u0103m\u00e2n\u0103 secret<\/a><\/li>\n<\/ul>\n<\/aside>\n<aside class=\"td_block_template_1 widget widget_search\">\n<h4 class=\"block-title\"><span>CAUT\u0102 \u0218I VEI G\u0102SI<\/span><\/h4>\n<\/aside>\n<\/div>\n<\/div>\n<\/div>\n<\/div>\n<\/div>\n<\/div>\n<\/div>\n<p><span class=\"td-page-meta\"><\/span><span class=\"td-page-meta\"><span class=\"td-page-meta\"><\/span><\/span><span class=\"td-page-meta\"><\/span><\/article>\n<\/p>\n<div class=\"td_block_wrap tdb_single_content tdi_18 td-pb-border-top td_block_template_1 td-post-content tagdiv-type\" data-td-block-uid=\"tdi_18\">\n<div class=\"tdb-block-inner td-fix-index\">\n<p><strong>Andrew \u0219i Tristan Tate au fost re\u021binu\u021bi s\u00e2mb\u0103t\u0103 de autorit\u0103\u021bile federale americane, \u00een urma unei cereri de extr\u0103dare formulate de Regatul Unit.<\/strong><\/p>\n<p>Procuratura britanic\u0103 le-a ad\u0103ugat zeci de noi capete de acuzare, iar num\u0103rul presupuselor victime din dosar a ajuns la \u0219apte. Avocatul fra\u021bilor sus\u021bine c\u0103 cei doi sunt nevinova\u021bi \u0219i vorbe\u0219te despre o \u201elovitur\u0103 politic\u0103\u201d.<\/p>\n<p>Arestarea celor doi influenceri a fost anun\u021bat\u0103 de Serviciul \u0218erifilor Federali din SUA (US Marshals Service), potrivit <a href=\"https:\/\/www.news.ro\/externe\/update-andrew-tristan-tate-au-arestati-miami-arestarile-vin-urma-unei-cereri-extradare-partea-regatului-unit-avocatul-fratilor-tate-lumea-stie-andrew-tristan-nevinovati-1922401419002026070322521804\" target=\"_blank\" rel=\"noopener\">News.ro<\/a>, care citeaz\u0103 BBC \u0219i The Guardian.<\/p>\n<p>Acuza\u021biile nu au fost f\u0103cute publice imediat dup\u0103 re\u021binere. Brady McCarron, purt\u0103tor de cuv\u00e2nt al US Marshals, a precizat c\u0103 mandatul de arestare este secret.<\/p>\n<p>O surs\u0103 apropiat\u0103 cazului, care a vorbit sub condi\u021bia anonimatului pentru c\u0103 nu era autorizat\u0103 s\u0103 comenteze public, a confirmat c\u0103 arest\u0103rile au fost efectuate \u00een baza unei cereri de extr\u0103dare venite din partea Regatului Unit.<\/p>\n<h2>Zeci de noi capete de acuzare<\/h2>\n<p>\u00centr-un comunicat, Serviciul de Procuratur\u0103 al Coroanei (CPS) a detaliat noile acuza\u021bii.<\/p>\n<p>Andrew Tate, \u00een v\u00e2rst\u0103 de 39 de ani, este vizat de \u00eenc\u0103 \u0219apte capete de acuzare pentru viol, trei pentru organizarea sau facilitarea traficului de persoane \u00een scopul exploat\u0103rii sexuale, trei pentru agresiune soldat\u0103 cu v\u0103t\u0103m\u0103ri corporale \u0219i alte 19 pentru infrac\u021biuni legate de imagini indecente cu minori \u0219i pornografie extrem\u0103.<\/p>\n<p>Tristan Tate, de 38 de ani, este acuzat suplimentar de o fapt\u0103 de agresiune sexual\u0103, dou\u0103 de viol \u0219i trei de organizare sau facilitare a traficului de persoane \u00een scopul exploat\u0103rii sexuale.<\/p>\n<p>Faptele investigate ar fi fost comise \u00een intervalul iulie 2010 \u2013 august 2017.<\/p>\n<p>Malcolm McHaffie, \u0219eful diviziei de infrac\u021biuni speciale a CPS, a explicat c\u0103 decizia de punere sub acuzare a venit dup\u0103 primirea unui dosar suplimentar cu probe de la Poli\u021bia din Bedfordshire. Potrivit acestuia, num\u0103rul total al presupuselor victime din caz a urcat astfel la \u0219apte.<\/p>\n<h2>Un dosar britanic deja deschis<\/h2>\n<p>Noile acuza\u021bii se adaug\u0103 unui dosar separat, \u00een care CPS \u00eei pusese anterior sub acuzare pe cei doi fra\u021bi pentru 21 de capete de acuzare, \u00eentre care viol, v\u0103t\u0103mare corporal\u0103 grav\u0103 \u0219i trafic de persoane.<\/p>\n<p>\u00cen acel dosar, Andrew Tate se confrunt\u0103 cu zece capete de acuzare \u2014 viol, v\u0103t\u0103mare corporal\u0103 grav\u0103, trafic de persoane \u0219i controlarea prostitu\u021biei \u00een scopul ob\u021binerii de profit \u2014, acuza\u021biile fiind legate de trei presupuse victime.<\/p>\n<p>Tristan Tate are 11 capete de acuzare, printre care viol, v\u0103t\u0103mare corporal\u0103 grav\u0103 \u0219i trafic de persoane, \u00eentr-un caz care vizeaz\u0103 o singur\u0103 presupus\u0103 victim\u0103.<\/p>\n<p>Recent, un judec\u0103tor al \u00cenaltei Cur\u021bi a respins cererea celor doi de a li se comunica numele acuzatoarelor.<\/p>\n<h2>Reac\u021bia ap\u0103r\u0103rii<\/h2>\n<p>Joseph McBride, avocatul care \u00eei reprezint\u0103 pe fra\u021bii Tate, a transmis \u00eentr-un comunicat difuzat dup\u0103 arestare c\u0103 \u201elumea \u0219tie c\u0103 Andrew \u0219i Tristan sunt nevinova\u021bi\u201d. El a descris noile acuza\u021bii formulate \u00een Marea Britanie drept o lovitur\u0103 politic\u0103.<\/p>\n<p>Cei doi fra\u021bi au negat constant toate acuza\u021biile care li se aduc.<\/p>\n<h2>Dosarele din Rom\u00e2nia<\/h2>\n<p>Andrew \u0219i Tristan Tate au fost acuza\u021bi \u0219i \u00een Rom\u00e2nia de trafic de persoane, viol \u0219i constituire de grup infrac\u021bional organizat, dup\u0103 arestarea lor din decembrie 2022.<\/p>\n<p>Ei au respins acuza\u021biile, iar cazul nu a avansat din cauza unor nereguli juridice \u0219i procedurale.<\/p>\n<p>Fo\u0219ti kickboxeri profesioni\u0219ti, cei doi \u0219i-au construit o audien\u021b\u0103 de milioane de urm\u0103ritori pe re\u021belele sociale, \u00een special \u00een r\u00e2ndul tinerilor \u0219i al adolescen\u021bilor, promov\u00e2nd un stil de via\u021b\u0103 luxos \u0219i un discurs misogin asumat.<\/p>\n<\/div>\n<\/div>\n<p>[analyse_source url=&#8221;https:\/\/r3media.ro\/fratii-tate-arestati-in-miami-marea-britanie-cere-extradarea-lor-dupa-noi-acuzatii-de-viol-si-trafic-de-persoane\/&#8221;]<\/p>\n","protected":false},"excerpt":{"rendered":"<p>[analyse_image type=&#8221;featured&#8221; src=&#8221;https:\/\/r3media.ro\/wp-content\/uploads\/2025\/07\/andrew-tate-e1752240810951.pnghttps:\/\/r3media.ro\/wp-content\/uploads\/2025\/07\/andrew-tate-e1752240810951.png&#8221;] PRIM PLANFra\u021bii Tate au fost aresta\u0163i \u00een Miami. Marea Britanie cere extr\u0103darea lor,&#8230; PRIM PLAN\u0218TIRI Fra\u021bii Tate au fost aresta\u0163i \u00een Miami. Marea Britanie cere extr\u0103darea lor, dup\u0103 noi acuza\u021bii de viol \u0219i trafic de persoane Redac\u021bia 20\/07\/2026 Sursa foto &#8211; Rob Moore Andrew \u0219i Tristan Tate au fost re\u021binu\u021bi s\u00e2mb\u0103t\u0103 de [&hellip;]<\/p>\n","protected":false},"author":1,"featured_media":0,"comment_status":"open","ping_status":"","sticky":false,"template":"","format":"standard","meta":{"footnotes":""},"categories":[89],"tags":[226,93],"class_list":["post-2051984","post","type-post","status-publish","format-standard","hentry","category-romania","tag-crawlmanager","tag-r3media-ro"],"_links":{"self":[{"href":"https:\/\/analyse.optim.biz\/index.php?rest_route=\/wp\/v2\/posts\/2051984","targetHints":{"allow":["GET"]}}],"collection":[{"href":"https:\/\/analyse.optim.biz\/index.php?rest_route=\/wp\/v2\/posts"}],"about":[{"href":"https:\/\/analyse.optim.biz\/index.php?rest_route=\/wp\/v2\/types\/post"}],"author":[{"embeddable":true,"href":"https:\/\/analyse.optim.biz\/index.php?rest_route=\/wp\/v2\/users\/1"}],"replies":[{"embeddable":true,"href":"https:\/\/analyse.optim.biz\/index.php?rest_route=%2Fwp%2Fv2%2Fcomments&post=2051984"}],"version-history":[{"count":0,"href":"https:\/\/analyse.optim.biz\/index.php?rest_route=\/wp\/v2\/posts\/2051984\/revisions"}],"wp:attachment":[{"href":"https:\/\/analyse.optim.biz\/index.php?rest_route=%2Fwp%2Fv2%2Fmedia&parent=2051984"}],"wp:term":[{"taxonomy":"category","embeddable":true,"href":"https:\/\/analyse.optim.biz\/index.php?rest_route=%2Fwp%2Fv2%2Fcategories&post=2051984"},{"taxonomy":"post_tag","embeddable":true,"href":"https:\/\/analyse.optim.biz\/index.php?rest_route=%2Fwp%2Fv2%2Ftags&post=2051984"}],"curies":[{"name":"wp","href":"https:\/\/api.w.org\/{rel}","templated":true}]}}