{"id":2051982,"date":"2026-07-20T07:09:16","date_gmt":"2026-07-20T04:09:16","guid":{"rendered":"https:\/\/analyse.optim.biz\/?p=2051982"},"modified":"2026-07-20T07:09:16","modified_gmt":"2026-07-20T04:09:16","slug":"rabla-2026-ghidul-complet-pentru-persoane-fizice-care-vor-sa-si-cumpere-o-masina-noua","status":"publish","type":"post","link":"https:\/\/analyse.optim.biz\/?p=2051982","title":{"rendered":"Rabla 2026: Ghidul complet pentru persoane fizice care vor s\u0103-\u0219i cumpere o ma\u0219in\u0103 nou\u0103"},"content":{"rendered":"<p>[analyse_image type=&#8221;featured&#8221; src=&#8221;https:\/\/r3media.ro\/wp-content\/uploads\/2026\/05\/rabla-2026-e1779348721834.jpghttps:\/\/r3media.ro\/wp-content\/uploads\/2026\/05\/rabla-2026-e1779348721834.jpg&#8221;]<\/p>\n<article id=\"template-id-109\" class=\"post-109 tdb_templates type-tdb_templates status-publish post\">\n<div id=\"tdi_2\" class=\"tdc-zone\">\n<div class=\"tdc_zone tdi_3  wpb_row td-pb-row\">\n<div id=\"tdi_4\" class=\"tdc-row\">\n<div class=\"vc_row tdi_5  wpb_row td-pb-row\">\n<div class=\"vc_column tdi_7  wpb_column vc_column_container tdc-column td-pb-span8\">\n<div class=\"wpb_wrapper\">\n<div class=\"td_block_wrap tdb_breadcrumbs tdi_8 td-pb-border-top td_block_template_1 tdb-breadcrumbs \" data-td-block-uid=\"tdi_8\">\n<div class=\"tdb-block-inner td-fix-index\"><span><a title=\"Vede\u021bi toate articolele \u00een FEATURED\" class=\"tdb-entry-crumb\" href=\"https:\/\/r3media.ro\/category\/featured\/\">FEATURED<\/a><\/span><span class=\"tdb-bred-no-url-last\">Rabla 2026: Ghidul complet pentru persoane fizice care vor s\u0103-\u0219i cumpere o&#8230;<\/span><\/div>\n<\/div>\n<div class=\"td_block_wrap tdb_single_categories tdi_9 td-pb-border-top td_block_template_1 \" data-td-block-uid=\"tdi_9\">\n<div class=\"tdb-category td-fix-index\"><a class=\"tdb-entry-category\" href=\"https:\/\/r3media.ro\/category\/featured\/\">FEATURED<\/a><a class=\"tdb-entry-category\" href=\"https:\/\/r3media.ro\/category\/stiri\/\">\u0218TIRI<\/a><\/div>\n<\/div>\n<div class=\"td_block_wrap tdb_title tdi_10 tdb-single-title td-pb-border-top td_block_template_1\" data-td-block-uid=\"tdi_10\">\n<div class=\"tdb-block-inner td-fix-index\">\n<h1 class=\"tdb-title-text\">Rabla 2026: Ghidul complet pentru persoane fizice care vor s\u0103-\u0219i cumpere o ma\u0219in\u0103 nou\u0103<\/h1>\n<\/div>\n<\/div>\n<div class=\"vc_row_inner tdi_12  vc_row vc_inner wpb_row td-pb-row\">\n<div class=\"vc_column_inner tdi_14  wpb_column vc_column_container tdc-inner-column td-pb-span12\">\n<div class=\"vc_column-inner\">\n<div class=\"wpb_wrapper\">\n<div class=\"td_block_wrap tdb_single_author tdi_15 td-pb-border-top td_block_template_1 tdb-post-meta\" data-td-block-uid=\"tdi_15\">\n<div class=\"tdb-block-inner td-fix-index\">\n<div class=\"tdb-author-name-wrap\"><a class=\"tdb-author-name\" href=\"https:\/\/r3media.ro\/author\/oana\/\">Oana Ivan<\/a><\/div>\n<\/div>\n<\/div>\n<div class=\"td_block_wrap tdb_single_date tdi_16 td-pb-border-top td_block_template_1 tdb-post-meta\" data-td-block-uid=\"tdi_16\">\n<div class=\"tdb-block-inner td-fix-index\"><time class=\"entry-date updated td-module-date\" datetime=\"2026-07-20T10:09:16+03:00\">20\/07\/2026<\/time><\/div>\n<\/div>\n<\/div>\n<\/div>\n<\/div>\n<\/div>\n<div class=\"td_block_wrap tdb_single_featured_image tdi_17 tdb-content-horiz-left td-pb-border-top td_block_template_1\" data-td-block-uid=\"tdi_17\">\n<div class=\"tdb-block-inner td-fix-index\">\n<figure><figcaption class=\"tdb-caption-text\">Sursa foto: Alan Schein\/Profimedia<\/figcaption><\/figure>\n<\/div>\n<\/div>\n<div class=\"td_block_wrap tdb_single_content tdi_18 td-pb-border-top td_block_template_1 td-post-content tagdiv-type\" data-td-block-uid=\"tdi_18\">\n<div class=\"tdb-block-inner td-fix-index\">\n<p><strong>Luni, 20 iulie 2026, \u00eencepe Programul Rabla pentru persoane fizice. \u00censcrierile se fac online, prin aplica\u021bia gestionat\u0103 de Administra\u021bia Fondului pentru Mediu. Programul are un ghid dedicat persoanelor fizice, dup\u0103 cum a stabilit toamna trecut\u0103 Ministerul Mediului, Apelor \u0219i P\u0103durilor (MMAP), potrivit <a href=\"https:\/\/www.avocatnet.ro\/articol_69422\/Rabla-2026-Cum-se-pot-inscrie-persoanele-fizice-de-azi-in-programul-ce-permite-cump%C4%83rarea-de-ma%C8%99ini-noi-cu-bani-de-la-stat.html\" target=\"_blank\" rel=\"noopener\">Avocatnet<\/a>.<\/strong><\/p>\n<p>Solicitan\u021bii trebuie s\u0103 \u00eencarce \u00een aplica\u021bie cererea, actul de identitate \u0219i certificate fiscale, apoi s\u0103 selecteze un produc\u0103tor validat. Minorii pot fi \u00eenscri\u0219i indirect, prin reprezentantul legal, care \u00eencarc\u0103 CNP-ul \u0219i documentele aferente.<\/p>\n<h2><strong>Programul Rabla 2026: Valoarea ecotichetelor<\/strong><\/h2>\n<p>Ecotichetele valoreaz\u0103 \u00eentre 10.000 lei (ma\u0219ini termice) \u0219i 18.500 lei. O persoan\u0103 poate solicita cel mult dou\u0103, c\u00e2te unul pentru fiecare autovehicul nou care urmeaz\u0103 a fi achizi\u021bionat.<\/p>\n<p>Ordinul MMAP 2.369\/2025 este actul normativ ce con\u021bine ghidul de finan\u021bare a Programului privind reducerea emisiilor de gaze cu efect de ser\u0103 \u00een transporturi, prin promovarea vehiculelor de transport rutier nepoluante \u0219i eficiente din punct de vedere energetic, dedicat persoanelor fizice, a\u0219a cum este denumit, \u00een mod oficial, programul Rabla.<\/p>\n<p>C\u00e2nd vine vorba despre \u00eenscrierea persoanelor fizice \u00een program, noul ghid stabile\u0219te c\u0103 cei interesa\u021bi trebuie s\u0103 se \u00eenscrie chiar ei \u00een aplica\u021bia informatic\u0103 gestionat\u0103 de Administra\u021bia Fondului pentru Mediu (AFM), edi\u021bia din acest an demar\u00e2nd chiar azi.<\/p>\n<p>AFM a publicat recent un ghid video \u00een acest sens.<\/p>\n<div class=\"youtube-embed\" data-video_id=\"ZJP8xi74cpg\"><\/div>\n<h2><strong>Programul Rabla 2026: Etapele de \u00eenscriere pentru persoane fizice<\/strong><\/h2>\n<ul>\n<li>publicarea pe pagina de internet a AFM a informa\u021biilor necesare demar\u0103rii sesiunii de \u00eenscriere a solicitan\u021bilor;<\/li>\n<li>\u00eenc\u0103rcarea \u00een aplica\u021bie a documentelor \u00een vederea \u00eenscrierii;<\/li>\n<li>selectarea unui produc\u0103tor validat, prin intermediul aplica\u021biei;<\/li>\n<li>aprobarea\/ respingerea documentelor \u00eenc\u0103rcate \u00een aplica\u021bie, de c\u0103tre produc\u0103torii valida\u021bi selecta\u021bi;<\/li>\n<li>comunicarea rezultatelor procesului de analiz\u0103 solicitan\u021bilor;<\/li>\n<li>contestarea rezultatelor de c\u0103tre solicitan\u021bi, dup\u0103 caz.<\/li>\n<\/ul>\n<p>La modul concret, potrivit ghidului, persoanele fizice se pot \u00eenscrie \u00een programul Rabla prin \u00eenc\u0103rcarea \u00een aplica\u021bie a urm\u0103toarelor documente:<\/p>\n<ul>\n<li>cererea de finan\u021bare, desc\u0103rcat\u0103 din aplica\u021bie, completat\u0103 prin tehnoredactare \u0219i, ulterior, \u00eenc\u0103rcat\u0103 f\u0103r\u0103 a fi semnat\u0103;<br \/>\nactul de identitate care atest\u0103 identitatea \u0219i domiciliul\/ re\u0219edin\u021ba \u00een Rom\u00e2nia, eliberat de c\u0103tre autorit\u0103\u021bile rom\u00e2ne, \u00een termen de valabilitate la momentul \u00eenscrierii;<\/li>\n<li>document suplimentar care s\u0103 ateste domiciliul solicitantului, \u00een situa\u021bia \u00een care acesta are carte de identitate electronic\u0103. Acest document poate fi, dup\u0103 caz: un certificat de atestare a domiciliului, emis de direc\u021bia de eviden\u021b\u0103 a persoanelor, un act notarial sau contractual, cum ar fi un contract de utilit\u0103\u021bi, un extras de carte funciar\u0103 ori un contract de \u00eenchiriere;<\/li>\n<li>certificatul de atestare fiscal\u0103 privind obliga\u021biile de plat\u0103 c\u0103tre bugetul de stat, emis pe numele solicitantului de c\u0103tre organul teritorial de specialitate al Ministerului Finan\u021belor, nu mai vechi de 90 de zile la momentul \u00eenscrierii \u00een program;<\/li>\n<li>certificatul de atestare fiscal\u0103 privind impozitele \u0219i taxele locale \u0219i alte venituri ale bugetului local, emis pe numele solicitantului de c\u0103tre autoritatea public\u0103 local\u0103 \u00een a c\u0103rei raz\u0103 teritorial\u0103 \u00ee\u0219i are domiciliul\/ re\u0219edin\u021ba, nu mai vechi de 30 de zile la momentul \u00eenscrierii \u00een program.<\/li>\n<\/ul>\n<h2><strong>Programul Rabla 2026, deschis \u0219i minorilor<\/strong><\/h2>\n<p>\u00a0<\/p>\n<p>Interesant este faptul c\u0103, dup\u0103 cum scrie \u00een ghid, se pot \u00eenscrie \u00een programul Rabla \u0219i minorii, dar indirect. Ei pot fi \u00eenscri\u0219i de c\u0103tre reprezentantul legal al acestora. De fapt, \u00eenscrierea unui minor se face prin \u00eenc\u0103rcarea \u00een aplica\u021bie a CNP-ului acestuia \u0219i a urm\u0103toarelor documente:<\/p>\n<ul>\n<li>certificatul de na\u0219tere\/ cartea de identitate a minorului;<\/li>\n<li>cartea de identitate a reprezentantului legal;<\/li>\n<li>actul administrativ\/ sentin\u021ba judec\u0103toreasc\u0103 cu privire la reprezentarea minorului, dup\u0103 caz;<\/li>\n<li>documentele din anterioara list\u0103, emise pe numele minorului sau al reprezentantului s\u0103u legal.<\/li>\n<\/ul>\n<p>\u00censcrierea persoanelor fizice \u00een programul Rabla se va considera finalizat\u0103 \u00een momentul \u00een care documentele amintite mai sus, \u00een func\u021bie de fiecare situa\u021bie \u00een parte, au fost \u00eenc\u0103rcate \u00een aplica\u021bie, dup\u0103 parcurgerea tuturor pa\u0219ilor din aplica\u021bie \u0219i dup\u0103 exprimarea acordului privind acceptarea declara\u021biilor implicite \u0219i a termenilor \u0219i condi\u021biilor de utilizare a aplica\u021biei.<\/p>\n<h2><strong>60 de zile \u2013 timpul pentru a casa \u0219i radia din eviden\u021ba circula\u021biei autovehiculul uzat<\/strong><\/h2>\n<p>\u00a0<\/p>\n<p>La finalizarea procesului de \u00eenscriere \u00een program, aplica\u021bia genereaz\u0103 automat persoanei un num\u0103r de \u00eenregistrare. Totodat\u0103, rezerv\u0103 valoarea ecotichetelor solicitate p\u00e2n\u0103 c\u00e2nd se atinge limita bugetului alocat sesiunii de \u00eenscriere.<\/p>\n<p>\u00cen cel mult 10 zile de la ob\u021binerea num\u0103rului de \u00eenregistrare, cei interesa\u021bi de ob\u021binerea banilor pentru o ma\u0219in\u0103 nou\u0103 trebuie s\u0103 completeze seria de \u0219asiu a autovehiculului uzat, ce trebuie casat, \u0219i s\u0103 \u00eencarce \u00een aplica\u021bie mai multe documente, printre care \u0219i certificatul de \u00eenmatriculare\/ cartea de identitate a autovehiculului uzat, dar \u0219i certificatul de atestare fiscal\u0103 privind impozitele \u0219i taxele locale \u0219i alte venituri ale bugetului local.<\/p>\n<p>\u00cen acela\u0219i termen, \u0219i anume \u00een cel mult 10 zile de la ob\u021binerea num\u0103rului de \u00eenregistrare, solicitan\u021bii trebuie s\u0103 selecteze un produc\u0103tor validat, prin intermediul aplica\u021biei. Neselectarea unui produc\u0103tor validat \u00een termenul amintit \u00eenseamn\u0103 pentru autorit\u0103\u021bi c\u0103 solicitantul a renun\u021bat la finan\u021bare.<\/p>\n<p>\u00cen cazul \u00een care sunt probleme cu documentele \u00eenc\u0103rcate de solicitant \u00een aplica\u021bie, produc\u0103torul validat poate solicita clarific\u0103ri tot prin intermediul aplica\u021biei. Dup\u0103 ce face analiza necesar\u0103, produc\u0103torul validat eviden\u021biaz\u0103 solicitan\u021bii \u00een aplica\u021bie cu statusul \u201csolicitant propus spre aprobare\u201d sau \u201csolicitant propus spre respingere\u201d.<\/p>\n<p>Dac\u0103 ob\u021bin statusul de \u201cbeneficiar aprobat pentru finan\u021bare\u201d, persoanele fizice au la dispozi\u021bie 60 de zile pentru a casa \u0219i radia din eviden\u021ba circula\u021biei autovehiculul uzat.<\/p>\n<h2><strong>Valoarea ecotichetului, de la 10.000 de lei la 18.500 de lei<\/strong><\/h2>\n<p>Persoanele fizice pot solicita cel mult dou\u0103 ecotichete \u00een cadrul unei sesiuni de \u00eenscriere, c\u00e2te unul pentru fiecare autovehicul nou care urmeaz\u0103 a fi achizi\u021bionat. Valoarea ecotichetului ce poate fi solicitat, \u00eencep\u00e2nd de azi, este de:<\/p>\n<ul>\n<li>10.000 lei pentru achizi\u021bionarea unui autovehicul nou cu sistem de propulsie termic\u0103 (cu ardere intern\u0103, inclusiv motorizare GPL\/GNC) sau a unei motociclete;<\/li>\n<li>12.000 lei pentru achizi\u021bionarea unui autovehicul nou cu sistem de propulsie hibrid;<\/li>\n<li>15.000 lei pentru achizi\u021bionarea unui autovehicul nou plugin hibrid sau a unei motociclete electrice;<\/li>\n<li>18.500 lei pentru achizi\u021bionarea unui autovehicul nou pur electric sau cu pil\u0103 de combustie cu hidrogen.<\/li>\n<\/ul>\n<div class=\"crp_related     crp-masonry\">\n<h2>\u00ceN CONTEXT<\/h2>\n<ul>\n<li><a href=\"https:\/\/r3media.ro\/fara-tine-in-google-r3media-dispare-iata-ce-poti-face-in-10-secunde\/\" class=\"crp_link post-119031\"><span class=\"crp_title\">F\u0103r\u0103 tine \u00een Google, R3media dispare. Iat\u0103 ce po\u021bi face \u00een 10 secunde<\/span><\/a><\/li>\n<li><a href=\"https:\/\/r3media.ro\/lovitura-romani-masini-electrice-guvernul-bolojan-scade-valoare-ecotichetului-programul-rabla\/\" class=\"crp_link post-112582\"><span class=\"crp_title\">Lovitur\u0103 dup\u0103 lovitur\u0103 pentru rom\u00e2nii care vor ma\u0219ini electrice: Guvernul Bolojan scade\u2026<\/span><\/a><\/li>\n<li><a href=\"https:\/\/r3media.ro\/europa-vanzari-masini-electrice-china-america-de-nord\/\" class=\"crp_link post-116212\"><span class=\"crp_title\">Europa, singurul continent unde v\u00e2nz\u0103rile de ma\u0219ini electrice au crescut. China \u0219i America\u2026<\/span><\/a><\/li>\n<li><a href=\"https:\/\/r3media.ro\/propunere-bruxelles-industria-auto-romania-dacia-ford-otosan\/\" class=\"crp_link post-116333\"><span class=\"crp_title\">Propunere de la Bruxelles cu poten\u021bial impact masiv pentru industria auto din Rom\u00e2nia: Dacia\u2026<\/span><\/a><\/li>\n<\/ul>\n<\/div>\n<\/div>\n<\/div>\n<div class=\"td_block_wrap tdb_single_tags tdi_19 td-pb-border-top td_block_template_1\" data-td-block-uid=\"tdi_19\">\n<div class=\"tdb-block-inner td-fix-index\">\n<ul class=\"tdb-tags\">\n<li><span>SUBIECTE FIERBIN\u021aI<\/span><\/li>\n<li><a href=\"https:\/\/r3media.ro\/tag\/programul-rabla\/\">Programul Rabla<\/a><\/li>\n<\/ul>\n<\/div>\n<\/div>\n<div class=\"td_block_wrap td_block_9 tdi_20 td_with_ajax_pagination td-pb-border-top td_block_template_1 td-column-2 td_block_padding td_block_bot_line\" data-td-block-uid=\"tdi_20\">\n<div class=\"td-block-title-wrap\">\n<h4 class=\"block-title td-block-title\"><span class=\"td-pulldown-size\">CITE\u0218TE MAI MULT<\/span><\/h4>\n<\/div>\n<div id=\"tdi_20\" class=\"td_block_inner\">\n<div class=\"td-block-row\">\n<div class=\"td-block-span6\">\n<div class=\"td_module_8 td_module_wrap\">\n<div class=\"item-details\">\n<h3 class=\"entry-title td-module-title\"><a href=\"https:\/\/r3media.ro\/candidat-barbat-partidul-democrat-sua-menstruatie-sangerare-rect\/\" rel=\"bookmark\" title=\"VIDEO | Un b\u0103rbat care candideaz\u0103 de la Partidul Democrat din SUA ar fi sus\u021binut c\u0103 are menstrua\u021bie \u0219i elimin\u0103 s\u00e2ngele prin rect\">VIDEO | Un b\u0103rbat care candideaz\u0103 de la Partidul Democrat din SUA ar fi&#8230;<\/a><\/h3>\n<div class=\"td-module-meta-info\"><a href=\"https:\/\/r3media.ro\/category\/stiri-prim-plan\/\" class=\"td-post-category\">PRIM PLAN<\/a><span class=\"td-post-author-name\"><a href=\"https:\/\/r3media.ro\/author\/oana\/\">Oana Ivan<\/a><span>&#8211;<\/span><\/span><span class=\"td-post-date\"><time class=\"entry-date updated td-module-date\" datetime=\"2026-07-19T02:19:11+03:00\">19\/07\/2026<\/time><\/span><\/div>\n<\/div>\n<\/div>\n<\/div>\n<div class=\"td-block-span6\">\n<div class=\"td_module_8 td_module_wrap\">\n<div class=\"item-details\">\n<h3 class=\"entry-title td-module-title\"><a href=\"https:\/\/r3media.ro\/parinte-adrian-agachi-reactie-declaratii-ora-de-religie-corina-atanasiu-usr-totalitarism\/\" rel=\"bookmark\" title=\"P\u0103rintele Adrian Agachi a reac\u021bionat la afirma\u021biile despre ora de Religie f\u0103cute de Corina Atanasiu (USR): E inadmisibil s\u0103 ne \u00eentoarcem la discursuri totalitare. Scuzele ar fi absolut necesare\">P\u0103rintele Adrian Agachi a reac\u021bionat la afirma\u021biile despre ora de Religie f\u0103cute de Corina&#8230;<\/a><\/h3>\n<div class=\"td-module-meta-info\"><a href=\"https:\/\/r3media.ro\/category\/opinii\/\" class=\"td-post-category\">OPINII<\/a><span class=\"td-post-author-name\"><a href=\"https:\/\/r3media.ro\/author\/oana\/\">Oana Ivan<\/a><span>&#8211;<\/span><\/span><span class=\"td-post-date\"><time class=\"entry-date updated td-module-date\" datetime=\"2026-07-19T02:45:37+03:00\">19\/07\/2026<\/time><\/span><\/div>\n<\/div>\n<\/div>\n<\/div>\n<\/div>\n<div class=\"td-block-row\">\n<div class=\"td-block-span6\">\n<div class=\"td_module_8 td_module_wrap\">\n<div class=\"item-details\">\n<h3 class=\"entry-title td-module-title\"><a href=\"https:\/\/r3media.ro\/prapad-busteni-valea-prahovei-statiuni-ploi-viitura-oameni-raniti-masini-avariate-case-inundate\/\" rel=\"bookmark\" title=\"VIDEO | Pr\u0103p\u0103d la Bu\u0219teni! Ploile au cauzat o viitur\u0103 care a m\u0103turat tot \u00een cale \u00een sta\u021biunile de pe valea Prahovei: oameni r\u0103ni\u021bi, ma\u0219ini avariate \u0219i locuin\u021be inundate\">VIDEO | Pr\u0103p\u0103d la Bu\u0219teni! Ploile au cauzat o viitur\u0103 care a m\u0103turat tot&#8230;<\/a><\/h3>\n<div class=\"td-module-meta-info\"><a href=\"https:\/\/r3media.ro\/category\/featured\/\" class=\"td-post-category\">FEATURED<\/a><span class=\"td-post-author-name\"><a href=\"https:\/\/r3media.ro\/author\/oana\/\">Oana Ivan<\/a><span>&#8211;<\/span><\/span><span class=\"td-post-date\"><time class=\"entry-date updated td-module-date\" datetime=\"2026-07-19T19:07:45+03:00\">19\/07\/2026<\/time><\/span><\/div>\n<\/div>\n<\/div>\n<\/div>\n<div class=\"td-block-span6\">\n<div class=\"td_module_8 td_module_wrap\">\n<div class=\"item-details\">\n<h3 class=\"entry-title td-module-title\"><a href=\"https:\/\/r3media.ro\/spania-invinge-argentina-castiga-cupa-mondiala\/\" rel=\"bookmark\" title=\"Spania a \u00eenvins Argentina \u0219i a c\u00e2\u0219tigat Cupa Mondial\u0103 pentru a doua oar\u0103 \u00een istorie\">Spania a \u00eenvins Argentina \u0219i a c\u00e2\u0219tigat Cupa Mondial\u0103 pentru a doua oar\u0103 \u00een&#8230;<\/a><\/h3>\n<div class=\"td-module-meta-info\"><a href=\"https:\/\/r3media.ro\/category\/sport\/cupa-mondiala-2026\/\" class=\"td-post-category\">CUPA MONDIALA 2026 AMERICA<\/a><span class=\"td-post-author-name\"><a href=\"https:\/\/r3media.ro\/author\/oana\/\">Oana Ivan<\/a><span>&#8211;<\/span><\/span><span class=\"td-post-date\"><time class=\"entry-date updated td-module-date\" datetime=\"2026-07-20T01:04:07+03:00\">20\/07\/2026<\/time><\/span><\/div>\n<\/div>\n<\/div>\n<\/div>\n<\/div>\n<div class=\"td-block-row\">\n<div class=\"td-block-span6\">\n<div class=\"td_module_8 td_module_wrap\">\n<div class=\"item-details\">\n<h3 class=\"entry-title td-module-title\"><a href=\"https:\/\/r3media.ro\/criza-apei-grecia-sapte-insule-stare-de-urgenta-localnici-recolte\/\" rel=\"bookmark\" title=\"Criza apei pe \u0219apte insule din Grecia: A fost emis\u0103 stare de urgen\u021b\u0103. Localnicii nu mai au cu ce s\u0103-\u0219i ude recoltele\">Criza apei pe \u0219apte insule din Grecia: A fost emis\u0103 stare de urgen\u021b\u0103. Localnicii&#8230;<\/a><\/h3>\n<div class=\"td-module-meta-info\"><a href=\"https:\/\/r3media.ro\/category\/actualitate\/\" class=\"td-post-category\">ACTUALITATE<\/a><span class=\"td-post-author-name\"><a href=\"https:\/\/r3media.ro\/author\/oana\/\">Oana Ivan<\/a><span>&#8211;<\/span><\/span><span class=\"td-post-date\"><time class=\"entry-date updated td-module-date\" datetime=\"2026-07-16T17:55:42+03:00\">16\/07\/2026<\/time><\/span><\/div>\n<\/div>\n<\/div>\n<\/div>\n<div class=\"td-block-span6\">\n<div class=\"td_module_8 td_module_wrap\">\n<div class=\"item-details\">\n<h3 class=\"entry-title td-module-title\"><a href=\"https:\/\/r3media.ro\/prof-ioan-aurel-pop-ong-antisemitism-xenofobie\/\" rel=\"bookmark\" title=\"Prof. Ioan-Aurel Pop: Anumite ONG-uri vor s\u0103 \u00eent\u0103reasc\u0103 antisemitismul \u0219i xenofobia, pentru c\u0103 ele s-au \u00eenfiin\u021bat ca s\u0103 combat\u0103 asemenea lucruri\">Prof. Ioan-Aurel Pop: Anumite ONG-uri vor s\u0103 \u00eent\u0103reasc\u0103 antisemitismul \u0219i xenofobia, pentru c\u0103 ele&#8230;<\/a><\/h3>\n<div class=\"td-module-meta-info\"><a href=\"https:\/\/r3media.ro\/category\/actualitate\/\" class=\"td-post-category\">ACTUALITATE<\/a><span class=\"td-post-author-name\"><a href=\"https:\/\/r3media.ro\/author\/radu_ursan\/\">Radu Ursan<\/a><span>&#8211;<\/span><\/span><span class=\"td-post-date\"><time class=\"entry-date updated td-module-date\" datetime=\"2026-07-16T15:28:25+03:00\">16\/07\/2026<\/time><\/span><\/div>\n<\/div>\n<\/div>\n<\/div>\n<\/div>\n<div class=\"td-block-row\">\n<div class=\"td-block-span6\">\n<div class=\"td_module_8 td_module_wrap\">\n<div class=\"item-details\">\n<h3 class=\"entry-title td-module-title\"><a href=\"https:\/\/r3media.ro\/deznationala-frantei-a-invins-franta\/\" rel=\"bookmark\" title=\"Dezna\u021bionala Fran\u021bei a \u00eenvins Fran\u021ba \u00a0\u00a0\">Dezna\u021bionala Fran\u021bei a \u00eenvins Fran\u021ba \u00a0\u00a0<\/a><\/h3>\n<div class=\"td-module-meta-info\"><a href=\"https:\/\/r3media.ro\/category\/actualitate\/\" class=\"td-post-category\">ACTUALITATE<\/a><span class=\"td-post-author-name\"><a href=\"https:\/\/r3media.ro\/author\/tru\/\">TRU (Traian Ungureanu)<\/a><span>&#8211;<\/span><\/span><span class=\"td-post-date\"><time class=\"entry-date updated td-module-date\" datetime=\"2026-07-15T20:57:25+03:00\">15\/07\/2026<\/time><\/span><\/div>\n<\/div>\n<\/div>\n<\/div>\n<div class=\"td-block-span6\">\n<div class=\"td_module_8 td_module_wrap\">\n<div class=\"item-details\">\n<h3 class=\"entry-title td-module-title\"><a href=\"https:\/\/r3media.ro\/revolte-violente-franta-eliminare-cupa-mondiala-spania-video\/\" rel=\"bookmark\" title=\"VIDEO | Revolte violente \u00een Fran\u021ba dup\u0103 eliminarea de la Cupa Mondial\u0103\">VIDEO | Revolte violente \u00een Fran\u021ba dup\u0103 eliminarea de la Cupa Mondial\u0103<\/a><\/h3>\n<div class=\"td-module-meta-info\"><a href=\"https:\/\/r3media.ro\/category\/actualitate\/\" class=\"td-post-category\">ACTUALITATE<\/a><span class=\"td-post-author-name\"><a href=\"https:\/\/r3media.ro\/author\/oana\/\">Oana Ivan<\/a><span>&#8211;<\/span><\/span><span class=\"td-post-date\"><time class=\"entry-date updated td-module-date\" datetime=\"2026-07-15T15:35:05+03:00\">15\/07\/2026<\/time><\/span><\/div>\n<\/div>\n<\/div>\n<\/div>\n<\/div>\n<div class=\"td-block-row\">\n<div class=\"td-block-span6\">\n<div class=\"td_module_8 td_module_wrap\">\n<div class=\"item-details\">\n<h3 class=\"entry-title td-module-title\"><a href=\"https:\/\/r3media.ro\/cine-este-cu-adevarat-francez\/\" rel=\"bookmark\" title=\"Cine este cu adev\u0103rat francez?\">Cine este cu adev\u0103rat francez?<\/a><\/h3>\n<div class=\"td-module-meta-info\"><a href=\"https:\/\/r3media.ro\/category\/actualitate\/\" class=\"td-post-category\">ACTUALITATE<\/a><span class=\"td-post-author-name\"><a href=\"https:\/\/r3media.ro\/author\/gabipopa\/\">Gabriel Popa<\/a><span>&#8211;<\/span><\/span><span class=\"td-post-date\"><time class=\"entry-date updated td-module-date\" datetime=\"2026-07-15T09:52:34+03:00\">15\/07\/2026<\/time><\/span><\/div>\n<\/div>\n<\/div>\n<\/div>\n<div class=\"td-block-span6\">\n<div class=\"td_module_8 td_module_wrap\">\n<div class=\"item-details\">\n<h3 class=\"entry-title td-module-title\"><a href=\"https:\/\/r3media.ro\/ioan-aurel-pop-lege-vexler-razboi-istoria\/\" rel=\"bookmark\" title=\"Ioan-Aurel Pop critic\u0103 legea Vexler \u00eentr-un articol de neratat: Nu putem s\u0103 ducem un r\u0103zboi cu istoria\">Ioan-Aurel Pop critic\u0103 legea Vexler \u00eentr-un articol de neratat: Nu putem s\u0103 ducem un&#8230;<\/a><\/h3>\n<div class=\"td-module-meta-info\"><a href=\"https:\/\/r3media.ro\/category\/actualitate\/\" class=\"td-post-category\">ACTUALITATE<\/a><span class=\"td-post-author-name\"><a href=\"https:\/\/r3media.ro\/author\/radu_ursan\/\">Radu Ursan<\/a><span>&#8211;<\/span><\/span><span class=\"td-post-date\"><time class=\"entry-date updated td-module-date\" datetime=\"2026-07-12T21:42:54+03:00\">12\/07\/2026<\/time><\/span><\/div>\n<\/div>\n<\/div>\n<\/div>\n<\/div>\n<div class=\"td-block-row\">\n<div class=\"td-block-span6\">\n<div class=\"td_module_8 td_module_wrap\">\n<div class=\"item-details\">\n<h3 class=\"entry-title td-module-title\"><a href=\"https:\/\/r3media.ro\/scandalul-rachetelor-patriot-zguduie-polonia-varsovia-declasifica-tot-ajutorul-militar-acordat-ucrainei\/\" rel=\"bookmark\" title=\"Scandalul rachetelor Patriot zguduie Polonia: Var\u0219ovia declasific\u0103 tot ajutorul militar acordat Ucrainei\">Scandalul rachetelor Patriot zguduie Polonia: Var\u0219ovia declasific\u0103 tot ajutorul militar acordat Ucrainei<\/a><\/h3>\n<div class=\"td-module-meta-info\"><a href=\"https:\/\/r3media.ro\/category\/stiri\/\" class=\"td-post-category\">\u0218TIRI<\/a><span class=\"td-post-author-name\"><a href=\"https:\/\/r3media.ro\/author\/radu_ursan\/\">Radu Ursan<\/a><span>&#8211;<\/span><\/span><span class=\"td-post-date\"><time class=\"entry-date updated td-module-date\" datetime=\"2026-07-12T20:43:04+03:00\">12\/07\/2026<\/time><\/span><\/div>\n<\/div>\n<\/div>\n<\/div>\n<div class=\"td-block-span6\">\n<div class=\"td_module_8 td_module_wrap\">\n<div class=\"item-details\">\n<h3 class=\"entry-title td-module-title\"><a href=\"https:\/\/r3media.ro\/ce-ne-facem-cu-atatia-prosti\/\" rel=\"bookmark\" title=\"Ce ne facem cu at\u00e2\u021bia pro\u0219ti?\">Ce ne facem cu at\u00e2\u021bia pro\u0219ti?<\/a><\/h3>\n<div class=\"td-module-meta-info\"><a href=\"https:\/\/r3media.ro\/category\/opinii\/\" class=\"td-post-category\">OPINII<\/a><span class=\"td-post-author-name\"><a href=\"https:\/\/r3media.ro\/author\/alexandru_racu\/\">Alexandru Racu<\/a><span>&#8211;<\/span><\/span><span class=\"td-post-date\"><time class=\"entry-date updated td-module-date\" datetime=\"2026-07-12T14:11:45+03:00\">12\/07\/2026<\/time><\/span><\/div>\n<\/div>\n<\/div>\n<\/div>\n<\/div>\n<\/div>\n<div class=\"td-load-more-wrap td-load-more-infinite-wrap\" id=\"infinite-lm-tdi_20\"><a href=\"https:\/\/r3media.ro\/rabla-2026-ghid-complet-persoane-fizice-masina-noua\/\" class=\"td_ajax_load_more td_ajax_load_more_js\" aria-label=\"\u00cenc\u0103rca\u021bi mai multe\" id=\"next-page-tdi_20\" data-td_block_id=\"tdi_20\">\u00cenc\u0103rca\u021bi mai multe<\/a><\/div>\n<\/div>\n<div class=\"td_block_wrap tdb_single_comments tdi_21 tdb-comm-layout2 td-pb-border-top td_block_template_1\" data-td-block-uid=\"tdi_21\">\n<div class=\"tdb-block-inner td-fix-index\">\n<div class=\"comments\" id=\"comments\">\n<div id=\"respond\" class=\"comment-respond\">\n<h3 id=\"reply-title\" class=\"comment-reply-title\">AI CEVA DE SPUS? <small><a rel=\"nofollow\" id=\"cancel-comment-reply-link\" href=\"https:\/\/r3media.ro\/rabla-2026-ghid-complet-persoane-fizice-masina-noua\/#respond\">Renun\u021ba\u021bi la r\u0103spuns<\/a><\/small><\/h3>\n<div class=\"comment-form-input-wrap td-form-comment\">\n<div class=\"td-warning-comment\">V\u0103 rug\u0103m s\u0103 introduce\u021bi comentariul dvs.!<\/div>\n<\/div>\n<div class=\"comment-form-input-wrap td-form-author\">\n<div class=\"td-warning-author\">Introduce\u021bi aici numele dvs.<\/div>\n<\/div>\n<div class=\"comment-form-input-wrap td-form-email\">\n<div class=\"td-warning-email-error\">A\u021bi introdus o adres\u0103 de e-mail incorect\u0103!<\/div>\n<div class=\"td-warning-email\">V\u0103 rug\u0103m s\u0103 introduce\u021bi adresa dvs. de e-mail aici<\/div>\n<\/div>\n<\/div>\n<\/div>\n<\/div>\n<\/div>\n<\/div>\n<\/div>\n<div class=\"vc_column tdi_23  wpb_column vc_column_container tdc-column td-pb-span4 td-is-sticky\">\n<div class=\"wpb_wrapper\" data-sticky-enabled-on=\"W3RydWUsdHJ1ZSx0cnVlLHRydWVd\" data-sticky-offset=\"20\" data-sticky-is-width-auto=\"W2ZhbHNlLGZhbHNlLGZhbHNlLGZhbHNlXQ==\">\n<div class=\"wpb_wrapper td_block_wrap vc_widget_sidebar tdi_25 \">\n<div class=\"td_block_wrap td_block_7 td_block_widget tdi_26 td-pb-border-top td_block_template_1 td-column-1 td_block_padding\" data-td-block-uid=\"tdi_26\">\n<div class=\"td-block-title-wrap\">\n<h4 class=\"block-title td-block-title\"><span class=\"td-pulldown-size\">Articole RELA\u021aIONATE<\/span><\/h4>\n<\/div>\n<div id=\"tdi_26\" class=\"td_block_inner\">\n<div class=\"td-block-span12\">\n<div class=\"td_module_6 td_module_wrap td-animation-stack\">\n<div class=\"td-module-thumb\"><a href=\"https:\/\/r3media.ro\/fratii-tate-arestati-in-miami-marea-britanie-cere-extradarea-lor-dupa-noi-acuzatii-de-viol-si-trafic-de-persoane\/\" rel=\"bookmark\" class=\"td-image-wrap \" title=\"Fra\u021bii Tate au fost aresta\u0163i \u00een Miami. Marea Britanie cere extr\u0103darea lor, dup\u0103 noi acuza\u021bii de viol \u0219i trafic de persoane\"><img loading=\"lazy\" decoding=\"async\" class=\"entry-thumb\" src=\"https:\/\/r3media.ro\/wp-content\/uploads\/2025\/07\/andrew-tate-100x70.png\" alt title=\"Fra\u021bii Tate au fost aresta\u0163i \u00een Miami. Marea Britanie cere extr\u0103darea lor, dup\u0103 noi acuza\u021bii de viol \u0219i trafic de persoane\" width=\"100\" height=\"70\"><\/a><\/div>\n<div class=\"item-details\">\n<h3 class=\"entry-title td-module-title\"><a href=\"https:\/\/r3media.ro\/fratii-tate-arestati-in-miami-marea-britanie-cere-extradarea-lor-dupa-noi-acuzatii-de-viol-si-trafic-de-persoane\/\" rel=\"bookmark\" title=\"Fra\u021bii Tate au fost aresta\u0163i \u00een Miami. Marea Britanie cere extr\u0103darea lor, dup\u0103 noi acuza\u021bii de viol \u0219i trafic de persoane\">Fra\u021bii Tate au fost aresta\u0163i \u00een Miami. Marea Britanie cere extr\u0103darea&#8230;<\/a><\/h3>\n<div class=\"td-module-meta-info\"><span class=\"td-post-date\"><time class=\"entry-date updated td-module-date\" datetime=\"2026-07-20T11:54:53+03:00\">20\/07\/2026<\/time><\/span><\/div>\n<\/div>\n<\/div>\n<\/div>\n<div class=\"td-block-span12\">\n<div class=\"td_module_6 td_module_wrap td-animation-stack\">\n<div class=\"td-module-thumb\"><a href=\"https:\/\/r3media.ro\/romani-isi-pierd-locul-de-munca-in-fiecare-luna\/\" rel=\"bookmark\" class=\"td-image-wrap \" title=\"Peste 1.000 de rom\u00e2ni \u00ee\u0219i pierd locul de munc\u0103, \u00een fiecare lun\u0103\"><img loading=\"lazy\" decoding=\"async\" class=\"entry-thumb\" src=\"https:\/\/r3media.ro\/wp-content\/uploads\/2022\/10\/somaj-e1667219277728-100x70.jpg\" alt title=\"Peste 1.000 de rom\u00e2ni \u00ee\u0219i pierd locul de munc\u0103, \u00een fiecare lun\u0103\" width=\"100\" height=\"70\"><\/a><\/div>\n<div class=\"item-details\">\n<h3 class=\"entry-title td-module-title\"><a href=\"https:\/\/r3media.ro\/romani-isi-pierd-locul-de-munca-in-fiecare-luna\/\" rel=\"bookmark\" title=\"Peste 1.000 de rom\u00e2ni \u00ee\u0219i pierd locul de munc\u0103, \u00een fiecare lun\u0103\">Peste 1.000 de rom\u00e2ni \u00ee\u0219i pierd locul de munc\u0103, \u00een fiecare&#8230;<\/a><\/h3>\n<div class=\"td-module-meta-info\"><span class=\"td-post-date\"><time class=\"entry-date updated td-module-date\" datetime=\"2026-07-20T09:52:37+03:00\">20\/07\/2026<\/time><\/span><\/div>\n<\/div>\n<\/div>\n<\/div>\n<div class=\"td-block-span12\">\n<div class=\"td_module_6 td_module_wrap td-animation-stack\">\n<div class=\"td-module-thumb\"><a href=\"https:\/\/r3media.ro\/economia-germaniei-situatie-critica-nemti-munca-duminica\/\" rel=\"bookmark\" class=\"td-image-wrap \" title=\"Economia Germaniei, \u00eentr-o situa\u021bie critic\u0103: Nem\u021bii se g\u00e2ndesc s\u0103 munceasc\u0103 din nou duminica\"><img loading=\"lazy\" decoding=\"async\" class=\"entry-thumb\" src=\"https:\/\/r3media.ro\/wp-content\/uploads\/2026\/07\/steagul-germaniei-pe-bundestag-100x70.jpg\" alt title=\"Economia Germaniei, \u00eentr-o situa\u021bie critic\u0103: Nem\u021bii se g\u00e2ndesc s\u0103 munceasc\u0103 din nou duminica\" width=\"100\" height=\"70\"><\/a><\/div>\n<div class=\"item-details\">\n<h3 class=\"entry-title td-module-title\"><a href=\"https:\/\/r3media.ro\/economia-germaniei-situatie-critica-nemti-munca-duminica\/\" rel=\"bookmark\" title=\"Economia Germaniei, \u00eentr-o situa\u021bie critic\u0103: Nem\u021bii se g\u00e2ndesc s\u0103 munceasc\u0103 din nou duminica\">Economia Germaniei, \u00eentr-o situa\u021bie critic\u0103: Nem\u021bii se g\u00e2ndesc s\u0103 munceasc\u0103 din&#8230;<\/a><\/h3>\n<div class=\"td-module-meta-info\"><span class=\"td-post-date\"><time class=\"entry-date updated td-module-date\" datetime=\"2026-07-20T09:50:42+03:00\">20\/07\/2026<\/time><\/span><\/div>\n<\/div>\n<\/div>\n<\/div>\n<div class=\"td-block-span12\">\n<div class=\"td_module_6 td_module_wrap td-animation-stack\">\n<div class=\"td-module-thumb\"><a href=\"https:\/\/r3media.ro\/cupa-mondiala-2026-america-rezultate-program\/\" rel=\"bookmark\" class=\"td-image-wrap \" title=\"Cupa Mondial\u0103 2026 America: Rezultate complete \u0219i rogramul meciurilor\"><img loading=\"lazy\" decoding=\"async\" class=\"entry-thumb\" src=\"https:\/\/r3media.ro\/wp-content\/uploads\/2026\/05\/cupa-mondiala-2026-america-100x70.jpg\" alt title=\"Cupa Mondial\u0103 2026 America: Rezultate complete \u0219i rogramul meciurilor\" width=\"100\" height=\"70\"><\/a><\/div>\n<div class=\"item-details\">\n<h3 class=\"entry-title td-module-title\"><a href=\"https:\/\/r3media.ro\/cupa-mondiala-2026-america-rezultate-program\/\" rel=\"bookmark\" title=\"Cupa Mondial\u0103 2026 America: Rezultate complete \u0219i rogramul meciurilor\">Cupa Mondial\u0103 2026 America: Rezultate complete \u0219i rogramul meciurilor<\/a><\/h3>\n<div class=\"td-module-meta-info\"><span class=\"td-post-date\"><time class=\"entry-date updated td-module-date\" datetime=\"2026-07-20T08:28:07+03:00\">20\/07\/2026<\/time><\/span><\/div>\n<\/div>\n<\/div>\n<\/div>\n<div class=\"td-block-span12\">\n<div class=\"td_module_6 td_module_wrap td-animation-stack\">\n<div class=\"td-module-thumb\"><a href=\"https:\/\/r3media.ro\/spania-invinge-argentina-castiga-cupa-mondiala\/\" rel=\"bookmark\" class=\"td-image-wrap \" title=\"Spania a \u00eenvins Argentina \u0219i a c\u00e2\u0219tigat Cupa Mondial\u0103 pentru a doua oar\u0103 \u00een istorie\"><img loading=\"lazy\" decoding=\"async\" class=\"entry-thumb\" src=\"https:\/\/r3media.ro\/wp-content\/uploads\/2026\/07\/echipa-de-fotbal-a-spaniei-2026-100x70.png\" alt title=\"Spania a \u00eenvins Argentina \u0219i a c\u00e2\u0219tigat Cupa Mondial\u0103 pentru a doua oar\u0103 \u00een istorie\" width=\"100\" height=\"70\"><\/a><\/div>\n<div class=\"item-details\">\n<h3 class=\"entry-title td-module-title\"><a href=\"https:\/\/r3media.ro\/spania-invinge-argentina-castiga-cupa-mondiala\/\" rel=\"bookmark\" title=\"Spania a \u00eenvins Argentina \u0219i a c\u00e2\u0219tigat Cupa Mondial\u0103 pentru a doua oar\u0103 \u00een istorie\">Spania a \u00eenvins Argentina \u0219i a c\u00e2\u0219tigat Cupa Mondial\u0103 pentru a&#8230;<\/a><\/h3>\n<div class=\"td-module-meta-info\"><span class=\"td-post-date\"><time class=\"entry-date updated td-module-date\" datetime=\"2026-07-20T01:04:07+03:00\">20\/07\/2026<\/time><\/span><\/div>\n<\/div>\n<\/div>\n<\/div>\n<div class=\"td-block-span12\">\n<div class=\"td_module_6 td_module_wrap td-animation-stack\">\n<div class=\"td-module-thumb\"><a href=\"https:\/\/r3media.ro\/20-iulie-sf-ilie-tesviteanul\/\" rel=\"bookmark\" class=\"td-image-wrap \" title=\"Calendarul zilei 20 iulie: Sf. Ilie Tesviteanul. Ziua Avia\u021biei Rom\u00e2ne\"><img loading=\"lazy\" decoding=\"async\" class=\"entry-thumb\" src=\"https:\/\/r3media.ro\/wp-content\/uploads\/2022\/07\/sf-ilie-100x70.jpg\" alt title=\"Calendarul zilei 20 iulie: Sf. Ilie Tesviteanul. Ziua Avia\u021biei Rom\u00e2ne\" width=\"100\" height=\"70\"><\/a><\/div>\n<div class=\"item-details\">\n<h3 class=\"entry-title td-module-title\"><a href=\"https:\/\/r3media.ro\/20-iulie-sf-ilie-tesviteanul\/\" rel=\"bookmark\" title=\"Calendarul zilei 20 iulie: Sf. Ilie Tesviteanul. Ziua Avia\u021biei Rom\u00e2ne\">Calendarul zilei 20 iulie: Sf. Ilie Tesviteanul. Ziua Avia\u021biei Rom\u00e2ne<\/a><\/h3>\n<div class=\"td-module-meta-info\"><span class=\"td-post-date\"><time class=\"entry-date updated td-module-date\" datetime=\"2026-07-19T22:30:13+03:00\">19\/07\/2026<\/time><\/span><\/div>\n<\/div>\n<\/div>\n<\/div>\n<div class=\"td-block-span12\">\n<div class=\"td_module_6 td_module_wrap td-animation-stack\">\n<div class=\"td-module-thumb\"><a href=\"https:\/\/r3media.ro\/prapad-busteni-valea-prahovei-statiuni-ploi-viitura-oameni-raniti-masini-avariate-case-inundate\/\" rel=\"bookmark\" class=\"td-image-wrap \" title=\"VIDEO | Pr\u0103p\u0103d la Bu\u0219teni! Ploile au cauzat o viitur\u0103 care a m\u0103turat tot \u00een cale \u00een sta\u021biunile de pe valea Prahovei: oameni r\u0103ni\u021bi, ma\u0219ini avariate \u0219i locuin\u021be inundate\"><img loading=\"lazy\" decoding=\"async\" class=\"entry-thumb\" src=\"https:\/\/r3media.ro\/wp-content\/uploads\/2026\/07\/viitura-busteni-100x70.jpg\" alt title=\"VIDEO | Pr\u0103p\u0103d la Bu\u0219teni! Ploile au cauzat o viitur\u0103 care a m\u0103turat tot \u00een cale \u00een sta\u021biunile de pe valea Prahovei: oameni r\u0103ni\u021bi, ma\u0219ini avariate \u0219i locuin\u021be inundate\" width=\"100\" height=\"70\"><\/a><\/div>\n<div class=\"item-details\">\n<h3 class=\"entry-title td-module-title\"><a href=\"https:\/\/r3media.ro\/prapad-busteni-valea-prahovei-statiuni-ploi-viitura-oameni-raniti-masini-avariate-case-inundate\/\" rel=\"bookmark\" title=\"VIDEO | Pr\u0103p\u0103d la Bu\u0219teni! Ploile au cauzat o viitur\u0103 care a m\u0103turat tot \u00een cale \u00een sta\u021biunile de pe valea Prahovei: oameni r\u0103ni\u021bi, ma\u0219ini avariate \u0219i locuin\u021be inundate\">VIDEO | Pr\u0103p\u0103d la Bu\u0219teni! Ploile au cauzat o viitur\u0103 care&#8230;<\/a><\/h3>\n<div class=\"td-module-meta-info\"><span class=\"td-post-date\"><time class=\"entry-date updated td-module-date\" datetime=\"2026-07-19T19:07:45+03:00\">19\/07\/2026<\/time><\/span><\/div>\n<\/div>\n<\/div>\n<\/div>\n<\/div>\n<\/div>\n<aside class=\"td_block_template_1 widget widget_recent_comments\">\n<h4 class=\"block-title\"><span>INTR\u0102 \u00ceN DISCU\u021aIE!<\/span><\/h4>\n<ul id=\"recentcomments\">\n<li class=\"recentcomments\"><span class=\"comment-author-link\">Isabel<\/span> la <a href=\"https:\/\/r3media.ro\/prapad-busteni-valea-prahovei-statiuni-ploi-viitura-oameni-raniti-masini-avariate-case-inundate\/#comment-40286\">VIDEO | Pr\u0103p\u0103d la Bu\u0219teni! Ploile au cauzat o viitur\u0103 care a m\u0103turat tot \u00een cale \u00een sta\u021biunile de pe valea Prahovei: oameni r\u0103ni\u021bi, ma\u0219ini avariate \u0219i locuin\u021be inundate<\/a><\/li>\n<li class=\"recentcomments\"><span class=\"comment-author-link\">Laris<\/span> la <a href=\"https:\/\/r3media.ro\/primar-cetateni-oradea-presiuni-lgbt\/#comment-40281\">Primarul \u0219i cet\u0103\u021benii din Oradea, presa\u021bi de lobby-ul interna\u021bional LGBT s\u0103 permit\u0103 mar\u0219ul homosexualit\u0103\u021bii pe str\u0103zile ora\u0219ului<\/a><\/li>\n<li class=\"recentcomments\"><span class=\"comment-author-link\">Laris<\/span> la <a href=\"https:\/\/r3media.ro\/aur-sustine-ca-dan-tanasa-este-urmarit-penal-pentru-instigare-la-ura\/#comment-40280\">AUR sus\u021bine c\u0103 Dan T\u0103nas\u0103 este urm\u0103rit penal pentru instigare la ur\u0103<\/a><\/li>\n<li class=\"recentcomments\"><span class=\"comment-author-link\">Laris<\/span> la <a href=\"https:\/\/r3media.ro\/dragos-tanase-demisie-conducere-gabriel-resources-18-ani\/#comment-40279\">Drago\u0219 T\u0103nase a demisionat de la conducerea Gabriel Resources dup\u0103 18 ani<\/a><\/li>\n<li class=\"recentcomments\"><span class=\"comment-author-link\">Doru<\/span> la <a href=\"https:\/\/r3media.ro\/prof-dan-dungaciu-federatia-rusa-ajutor-pentru-ucraina\/#comment-40277\">Prof. Dan Dungaciu: Tu vrei s\u0103 love\u0219ti ariciul, adic\u0103 Federa\u021bia Rus\u0103, cu s\u00e2ngele, carnea \u0219i oasele ucrainenilor. \u0102sta e un ajutor pentru Ucraina?<\/a><\/li>\n<li class=\"recentcomments\"><span class=\"comment-author-link\">Constantin<\/span> la <a href=\"https:\/\/r3media.ro\/primar-cetateni-oradea-presiuni-lgbt\/#comment-40276\">Primarul \u0219i cet\u0103\u021benii din Oradea, presa\u021bi de lobby-ul interna\u021bional LGBT s\u0103 permit\u0103 mar\u0219ul homosexualit\u0103\u021bii pe str\u0103zile ora\u0219ului<\/a><\/li>\n<li class=\"recentcomments\"><span class=\"comment-author-link\">Iulian<\/span> la <a href=\"https:\/\/r3media.ro\/nicusor-dan-romania-militar-ucraina-secret\/#comment-40275\">Nicu\u0219or Dan a spus c\u0103 Rom\u00e2nia a transferat din capabilit\u0103\u021bile sale militare defensive c\u0103tre Ucraina \u0219i c\u0103 e bine s\u0103 r\u0103m\u00e2n\u0103 secret<\/a><\/li>\n<\/ul>\n<\/aside>\n<aside class=\"td_block_template_1 widget widget_search\">\n<h4 class=\"block-title\"><span>CAUT\u0102 \u0218I VEI G\u0102SI<\/span><\/h4>\n<\/aside>\n<\/div>\n<\/div>\n<\/div>\n<\/div>\n<\/div>\n<\/div>\n<\/div>\n<p><span class=\"td-page-meta\"><\/span><span class=\"td-page-meta\"><span class=\"td-page-meta\"><\/span><\/span><span class=\"td-page-meta\"><\/span><\/article>\n<\/p>\n<div class=\"td_block_wrap tdb_single_content tdi_18 td-pb-border-top td_block_template_1 td-post-content tagdiv-type\" data-td-block-uid=\"tdi_18\">\n<div class=\"tdb-block-inner td-fix-index\">\n<p><strong>Luni, 20 iulie 2026, \u00eencepe Programul Rabla pentru persoane fizice. \u00censcrierile se fac online, prin aplica\u021bia gestionat\u0103 de Administra\u021bia Fondului pentru Mediu. Programul are un ghid dedicat persoanelor fizice, dup\u0103 cum a stabilit toamna trecut\u0103 Ministerul Mediului, Apelor \u0219i P\u0103durilor (MMAP), potrivit <a href=\"https:\/\/www.avocatnet.ro\/articol_69422\/Rabla-2026-Cum-se-pot-inscrie-persoanele-fizice-de-azi-in-programul-ce-permite-cump%C4%83rarea-de-ma%C8%99ini-noi-cu-bani-de-la-stat.html\" target=\"_blank\" rel=\"noopener\">Avocatnet<\/a>.<\/strong><\/p>\n<p>Solicitan\u021bii trebuie s\u0103 \u00eencarce \u00een aplica\u021bie cererea, actul de identitate \u0219i certificate fiscale, apoi s\u0103 selecteze un produc\u0103tor validat. Minorii pot fi \u00eenscri\u0219i indirect, prin reprezentantul legal, care \u00eencarc\u0103 CNP-ul \u0219i documentele aferente.<\/p>\n<h2><strong>Programul Rabla 2026: Valoarea ecotichetelor<\/strong><\/h2>\n<p>Ecotichetele valoreaz\u0103 \u00eentre 10.000 lei (ma\u0219ini termice) \u0219i 18.500 lei. O persoan\u0103 poate solicita cel mult dou\u0103, c\u00e2te unul pentru fiecare autovehicul nou care urmeaz\u0103 a fi achizi\u021bionat.<\/p>\n<p>Ordinul MMAP 2.369\/2025 este actul normativ ce con\u021bine ghidul de finan\u021bare a Programului privind reducerea emisiilor de gaze cu efect de ser\u0103 \u00een transporturi, prin promovarea vehiculelor de transport rutier nepoluante \u0219i eficiente din punct de vedere energetic, dedicat persoanelor fizice, a\u0219a cum este denumit, \u00een mod oficial, programul Rabla.<\/p>\n<p>C\u00e2nd vine vorba despre \u00eenscrierea persoanelor fizice \u00een program, noul ghid stabile\u0219te c\u0103 cei interesa\u021bi trebuie s\u0103 se \u00eenscrie chiar ei \u00een aplica\u021bia informatic\u0103 gestionat\u0103 de Administra\u021bia Fondului pentru Mediu (AFM), edi\u021bia din acest an demar\u00e2nd chiar azi.<\/p>\n<p>AFM a publicat recent un ghid video \u00een acest sens.<\/p>\n<div class=\"youtube-embed\" data-video_id=\"ZJP8xi74cpg\"><\/div>\n<h2><strong>Programul Rabla 2026: Etapele de \u00eenscriere pentru persoane fizice<\/strong><\/h2>\n<ul>\n<li>publicarea pe pagina de internet a AFM a informa\u021biilor necesare demar\u0103rii sesiunii de \u00eenscriere a solicitan\u021bilor;<\/li>\n<li>\u00eenc\u0103rcarea \u00een aplica\u021bie a documentelor \u00een vederea \u00eenscrierii;<\/li>\n<li>selectarea unui produc\u0103tor validat, prin intermediul aplica\u021biei;<\/li>\n<li>aprobarea\/ respingerea documentelor \u00eenc\u0103rcate \u00een aplica\u021bie, de c\u0103tre produc\u0103torii valida\u021bi selecta\u021bi;<\/li>\n<li>comunicarea rezultatelor procesului de analiz\u0103 solicitan\u021bilor;<\/li>\n<li>contestarea rezultatelor de c\u0103tre solicitan\u021bi, dup\u0103 caz.<\/li>\n<\/ul>\n<p>La modul concret, potrivit ghidului, persoanele fizice se pot \u00eenscrie \u00een programul Rabla prin \u00eenc\u0103rcarea \u00een aplica\u021bie a urm\u0103toarelor documente:<\/p>\n<ul>\n<li>cererea de finan\u021bare, desc\u0103rcat\u0103 din aplica\u021bie, completat\u0103 prin tehnoredactare \u0219i, ulterior, \u00eenc\u0103rcat\u0103 f\u0103r\u0103 a fi semnat\u0103;<br \/>\nactul de identitate care atest\u0103 identitatea \u0219i domiciliul\/ re\u0219edin\u021ba \u00een Rom\u00e2nia, eliberat de c\u0103tre autorit\u0103\u021bile rom\u00e2ne, \u00een termen de valabilitate la momentul \u00eenscrierii;<\/li>\n<li>document suplimentar care s\u0103 ateste domiciliul solicitantului, \u00een situa\u021bia \u00een care acesta are carte de identitate electronic\u0103. Acest document poate fi, dup\u0103 caz: un certificat de atestare a domiciliului, emis de direc\u021bia de eviden\u021b\u0103 a persoanelor, un act notarial sau contractual, cum ar fi un contract de utilit\u0103\u021bi, un extras de carte funciar\u0103 ori un contract de \u00eenchiriere;<\/li>\n<li>certificatul de atestare fiscal\u0103 privind obliga\u021biile de plat\u0103 c\u0103tre bugetul de stat, emis pe numele solicitantului de c\u0103tre organul teritorial de specialitate al Ministerului Finan\u021belor, nu mai vechi de 90 de zile la momentul \u00eenscrierii \u00een program;<\/li>\n<li>certificatul de atestare fiscal\u0103 privind impozitele \u0219i taxele locale \u0219i alte venituri ale bugetului local, emis pe numele solicitantului de c\u0103tre autoritatea public\u0103 local\u0103 \u00een a c\u0103rei raz\u0103 teritorial\u0103 \u00ee\u0219i are domiciliul\/ re\u0219edin\u021ba, nu mai vechi de 30 de zile la momentul \u00eenscrierii \u00een program.<\/li>\n<\/ul>\n<h2><strong>Programul Rabla 2026, deschis \u0219i minorilor<\/strong><\/h2>\n<p>\u00a0<\/p>\n<p>Interesant este faptul c\u0103, dup\u0103 cum scrie \u00een ghid, se pot \u00eenscrie \u00een programul Rabla \u0219i minorii, dar indirect. Ei pot fi \u00eenscri\u0219i de c\u0103tre reprezentantul legal al acestora. De fapt, \u00eenscrierea unui minor se face prin \u00eenc\u0103rcarea \u00een aplica\u021bie a CNP-ului acestuia \u0219i a urm\u0103toarelor documente:<\/p>\n<ul>\n<li>certificatul de na\u0219tere\/ cartea de identitate a minorului;<\/li>\n<li>cartea de identitate a reprezentantului legal;<\/li>\n<li>actul administrativ\/ sentin\u021ba judec\u0103toreasc\u0103 cu privire la reprezentarea minorului, dup\u0103 caz;<\/li>\n<li>documentele din anterioara list\u0103, emise pe numele minorului sau al reprezentantului s\u0103u legal.<\/li>\n<\/ul>\n<p>\u00censcrierea persoanelor fizice \u00een programul Rabla se va considera finalizat\u0103 \u00een momentul \u00een care documentele amintite mai sus, \u00een func\u021bie de fiecare situa\u021bie \u00een parte, au fost \u00eenc\u0103rcate \u00een aplica\u021bie, dup\u0103 parcurgerea tuturor pa\u0219ilor din aplica\u021bie \u0219i dup\u0103 exprimarea acordului privind acceptarea declara\u021biilor implicite \u0219i a termenilor \u0219i condi\u021biilor de utilizare a aplica\u021biei.<\/p>\n<h2><strong>60 de zile \u2013 timpul pentru a casa \u0219i radia din eviden\u021ba circula\u021biei autovehiculul uzat<\/strong><\/h2>\n<p>\u00a0<\/p>\n<p>La finalizarea procesului de \u00eenscriere \u00een program, aplica\u021bia genereaz\u0103 automat persoanei un num\u0103r de \u00eenregistrare. Totodat\u0103, rezerv\u0103 valoarea ecotichetelor solicitate p\u00e2n\u0103 c\u00e2nd se atinge limita bugetului alocat sesiunii de \u00eenscriere.<\/p>\n<p>\u00cen cel mult 10 zile de la ob\u021binerea num\u0103rului de \u00eenregistrare, cei interesa\u021bi de ob\u021binerea banilor pentru o ma\u0219in\u0103 nou\u0103 trebuie s\u0103 completeze seria de \u0219asiu a autovehiculului uzat, ce trebuie casat, \u0219i s\u0103 \u00eencarce \u00een aplica\u021bie mai multe documente, printre care \u0219i certificatul de \u00eenmatriculare\/ cartea de identitate a autovehiculului uzat, dar \u0219i certificatul de atestare fiscal\u0103 privind impozitele \u0219i taxele locale \u0219i alte venituri ale bugetului local.<\/p>\n<p>\u00cen acela\u0219i termen, \u0219i anume \u00een cel mult 10 zile de la ob\u021binerea num\u0103rului de \u00eenregistrare, solicitan\u021bii trebuie s\u0103 selecteze un produc\u0103tor validat, prin intermediul aplica\u021biei. Neselectarea unui produc\u0103tor validat \u00een termenul amintit \u00eenseamn\u0103 pentru autorit\u0103\u021bi c\u0103 solicitantul a renun\u021bat la finan\u021bare.<\/p>\n<p>\u00cen cazul \u00een care sunt probleme cu documentele \u00eenc\u0103rcate de solicitant \u00een aplica\u021bie, produc\u0103torul validat poate solicita clarific\u0103ri tot prin intermediul aplica\u021biei. Dup\u0103 ce face analiza necesar\u0103, produc\u0103torul validat eviden\u021biaz\u0103 solicitan\u021bii \u00een aplica\u021bie cu statusul \u201csolicitant propus spre aprobare\u201d sau \u201csolicitant propus spre respingere\u201d.<\/p>\n<p>Dac\u0103 ob\u021bin statusul de \u201cbeneficiar aprobat pentru finan\u021bare\u201d, persoanele fizice au la dispozi\u021bie 60 de zile pentru a casa \u0219i radia din eviden\u021ba circula\u021biei autovehiculul uzat.<\/p>\n<h2><strong>Valoarea ecotichetului, de la 10.000 de lei la 18.500 de lei<\/strong><\/h2>\n<p>Persoanele fizice pot solicita cel mult dou\u0103 ecotichete \u00een cadrul unei sesiuni de \u00eenscriere, c\u00e2te unul pentru fiecare autovehicul nou care urmeaz\u0103 a fi achizi\u021bionat. Valoarea ecotichetului ce poate fi solicitat, \u00eencep\u00e2nd de azi, este de:<\/p>\n<ul>\n<li>10.000 lei pentru achizi\u021bionarea unui autovehicul nou cu sistem de propulsie termic\u0103 (cu ardere intern\u0103, inclusiv motorizare GPL\/GNC) sau a unei motociclete;<\/li>\n<li>12.000 lei pentru achizi\u021bionarea unui autovehicul nou cu sistem de propulsie hibrid;<\/li>\n<li>15.000 lei pentru achizi\u021bionarea unui autovehicul nou plugin hibrid sau a unei motociclete electrice;<\/li>\n<li>18.500 lei pentru achizi\u021bionarea unui autovehicul nou pur electric sau cu pil\u0103 de combustie cu hidrogen.<\/li>\n<\/ul>\n<div class=\"crp_related     crp-masonry\">\n<h2>\u00ceN CONTEXT<\/h2>\n<ul>\n<li><a href=\"https:\/\/r3media.ro\/fara-tine-in-google-r3media-dispare-iata-ce-poti-face-in-10-secunde\/\" class=\"crp_link post-119031\"><span class=\"crp_title\">F\u0103r\u0103 tine \u00een Google, R3media dispare. Iat\u0103 ce po\u021bi face \u00een 10 secunde<\/span><\/a><\/li>\n<li><a href=\"https:\/\/r3media.ro\/lovitura-romani-masini-electrice-guvernul-bolojan-scade-valoare-ecotichetului-programul-rabla\/\" class=\"crp_link post-112582\"><span class=\"crp_title\">Lovitur\u0103 dup\u0103 lovitur\u0103 pentru rom\u00e2nii care vor ma\u0219ini electrice: Guvernul Bolojan scade\u2026<\/span><\/a><\/li>\n<li><a href=\"https:\/\/r3media.ro\/europa-vanzari-masini-electrice-china-america-de-nord\/\" class=\"crp_link post-116212\"><span class=\"crp_title\">Europa, singurul continent unde v\u00e2nz\u0103rile de ma\u0219ini electrice au crescut. China \u0219i America\u2026<\/span><\/a><\/li>\n<li><a href=\"https:\/\/r3media.ro\/propunere-bruxelles-industria-auto-romania-dacia-ford-otosan\/\" class=\"crp_link post-116333\"><span class=\"crp_title\">Propunere de la Bruxelles cu poten\u021bial impact masiv pentru industria auto din Rom\u00e2nia: Dacia\u2026<\/span><\/a><\/li>\n<\/ul>\n<\/div>\n<\/div>\n<\/div>\n<p>[analyse_source url=&#8221;https:\/\/r3media.ro\/rabla-2026-ghid-complet-persoane-fizice-masina-noua\/&#8221;]<\/p>\n","protected":false},"excerpt":{"rendered":"<p>[analyse_image type=&#8221;featured&#8221; src=&#8221;https:\/\/r3media.ro\/wp-content\/uploads\/2026\/05\/rabla-2026-e1779348721834.jpghttps:\/\/r3media.ro\/wp-content\/uploads\/2026\/05\/rabla-2026-e1779348721834.jpg&#8221;] FEATUREDRabla 2026: Ghidul complet pentru persoane fizice care vor s\u0103-\u0219i cumpere o&#8230; FEATURED\u0218TIRI Rabla 2026: Ghidul complet pentru persoane fizice care vor s\u0103-\u0219i cumpere o ma\u0219in\u0103 nou\u0103 Oana Ivan 20\/07\/2026 Sursa foto: Alan Schein\/Profimedia Luni, 20 iulie 2026, \u00eencepe Programul Rabla pentru persoane fizice. \u00censcrierile se fac online, prin aplica\u021bia gestionat\u0103 de [&hellip;]<\/p>\n","protected":false},"author":1,"featured_media":0,"comment_status":"open","ping_status":"","sticky":false,"template":"","format":"standard","meta":{"footnotes":""},"categories":[89],"tags":[226,93],"class_list":["post-2051982","post","type-post","status-publish","format-standard","hentry","category-romania","tag-crawlmanager","tag-r3media-ro"],"_links":{"self":[{"href":"https:\/\/analyse.optim.biz\/index.php?rest_route=\/wp\/v2\/posts\/2051982","targetHints":{"allow":["GET"]}}],"collection":[{"href":"https:\/\/analyse.optim.biz\/index.php?rest_route=\/wp\/v2\/posts"}],"about":[{"href":"https:\/\/analyse.optim.biz\/index.php?rest_route=\/wp\/v2\/types\/post"}],"author":[{"embeddable":true,"href":"https:\/\/analyse.optim.biz\/index.php?rest_route=\/wp\/v2\/users\/1"}],"replies":[{"embeddable":true,"href":"https:\/\/analyse.optim.biz\/index.php?rest_route=%2Fwp%2Fv2%2Fcomments&post=2051982"}],"version-history":[{"count":0,"href":"https:\/\/analyse.optim.biz\/index.php?rest_route=\/wp\/v2\/posts\/2051982\/revisions"}],"wp:attachment":[{"href":"https:\/\/analyse.optim.biz\/index.php?rest_route=%2Fwp%2Fv2%2Fmedia&parent=2051982"}],"wp:term":[{"taxonomy":"category","embeddable":true,"href":"https:\/\/analyse.optim.biz\/index.php?rest_route=%2Fwp%2Fv2%2Fcategories&post=2051982"},{"taxonomy":"post_tag","embeddable":true,"href":"https:\/\/analyse.optim.biz\/index.php?rest_route=%2Fwp%2Fv2%2Ftags&post=2051982"}],"curies":[{"name":"wp","href":"https:\/\/api.w.org\/{rel}","templated":true}]}}