{"id":2051973,"date":"2026-07-19T19:30:13","date_gmt":"2026-07-19T16:30:13","guid":{"rendered":"https:\/\/analyse.optim.biz\/?p=2051973"},"modified":"2026-07-19T19:30:13","modified_gmt":"2026-07-19T16:30:13","slug":"calendarul-zilei-20-iulie-sf-ilie-tesviteanul-ziua-aviatiei-romane","status":"publish","type":"post","link":"https:\/\/analyse.optim.biz\/?p=2051973","title":{"rendered":"Calendarul zilei 20 iulie: Sf. Ilie Tesviteanul. Ziua Avia\u021biei Rom\u00e2ne"},"content":{"rendered":"<p>[analyse_image type=&#8221;featured&#8221; src=&#8221;https:\/\/r3media.ro\/wp-content\/uploads\/2022\/07\/sf-ilie.jpghttps:\/\/r3media.ro\/wp-content\/uploads\/2022\/07\/sf-ilie.jpg&#8221;]<\/p>\n<article id=\"template-id-10782\" class=\"post-10782 tdb_templates type-tdb_templates status-publish post\">\n<div id=\"tdi_2\" class=\"tdc-zone\">\n<div class=\"tdc_zone tdi_3  wpb_row td-pb-row\">\n<div id=\"tdi_4\" class=\"tdc-row\">\n<div class=\"vc_row tdi_5  wpb_row td-pb-row\">\n<div class=\"vc_column tdi_7  wpb_column vc_column_container tdc-column td-pb-span8\">\n<div class=\"wpb_wrapper\">\n<div class=\"td_block_wrap tdb_breadcrumbs tdi_8 td-pb-border-top td_block_template_1 tdb-breadcrumbs \" data-td-block-uid=\"tdi_8\">\n<div class=\"tdb-block-inner td-fix-index\"><span><a title=\"Vede\u021bi toate articolele \u00een PRIM PLAN\" class=\"tdb-entry-crumb\" href=\"https:\/\/r3media.ro\/category\/stiri-prim-plan\/\">PRIM PLAN<\/a><\/span><span class=\"tdb-bred-no-url-last\">Calendarul zilei 20 iulie: Sf. Ilie Tesviteanul. Ziua Avia\u021biei Rom\u00e2ne<\/span><\/div>\n<\/div>\n<div class=\"td_block_wrap tdb_single_categories tdi_9 td-pb-border-top td_block_template_1 \" data-td-block-uid=\"tdi_9\">\n<div class=\"tdb-category td-fix-index\"><a class=\"tdb-entry-category\" href=\"https:\/\/r3media.ro\/category\/stiri-prim-plan\/\">PRIM PLAN<\/a><a class=\"tdb-entry-category\" href=\"https:\/\/r3media.ro\/category\/stiri\/\">\u0218TIRI<\/a><\/div>\n<\/div>\n<div class=\"td_block_wrap tdb_title tdi_10 tdb-single-title td-pb-border-top td_block_template_1\" data-td-block-uid=\"tdi_10\">\n<div class=\"tdb-block-inner td-fix-index\">\n<h1 class=\"tdb-title-text\">Calendarul zilei 20 iulie: Sf. Ilie Tesviteanul. Ziua Avia\u021biei Rom\u00e2ne<\/h1>\n<\/div>\n<\/div>\n<div class=\"vc_row_inner tdi_12  vc_row vc_inner wpb_row td-pb-row\">\n<div class=\"vc_column_inner tdi_14  wpb_column vc_column_container tdc-inner-column td-pb-span12\">\n<div class=\"vc_column-inner\">\n<div class=\"wpb_wrapper\">\n<div class=\"td_block_wrap tdb_single_author tdi_15 td-pb-border-top td_block_template_1 tdb-post-meta\" data-td-block-uid=\"tdi_15\">\n<div class=\"tdb-block-inner td-fix-index\">\n<div class=\"tdb-author-name-wrap\"><a class=\"tdb-author-name\" href=\"https:\/\/r3media.ro\/author\/redactia\/\">Redac\u021bia<\/a><\/div>\n<\/div>\n<\/div>\n<div class=\"td_block_wrap tdb_single_date tdi_16 td-pb-border-top td_block_template_1 tdb-post-meta\" data-td-block-uid=\"tdi_16\">\n<div class=\"tdb-block-inner td-fix-index\"><time class=\"entry-date updated td-module-date\" datetime=\"2026-07-19T22:30:13+03:00\">19\/07\/2026<\/time><\/div>\n<\/div>\n<\/div>\n<\/div>\n<\/div>\n<\/div>\n<div class=\"td_block_wrap tdb_single_content tdi_18 td-pb-border-top r3-post-content-v td_block_template_1 td-post-content tagdiv-type\" data-td-block-uid=\"tdi_18\">\n<div class=\"tdb-block-inner td-fix-index\">\n<p><strong>Pe 20 iulie, Biserica Ortodox\u0103 \u00eel s\u0103rb\u0103tore\u0219te pe Sf. Ilie Tesviteanul, scrie <\/strong><a href=\"https:\/\/basilica.ro\/sfantul-si-slavitul-proroc-ilie-tesviteanul\/?__cf_chl_tk=xUTR31snNYOjVyP32gyV8Alp38ZQzOyMHW_yDxg.gdQ-1658263001-0-gaNycGzNCOU\" target=\"_blank\" rel=\"noopener\"><strong>Basilica.<\/strong><\/a><\/p>\n<p>Sf\u00e2ntul Proroc Ilie a fost fiul lui Sovah, din cetatea Tesva, din Galaad, dincolo de Iordan, de unde \u015fi numele Prorocului: Ilie Tesviteanul. A tr\u0103it cu peste opt sute de ani \u00eenainte de \u00eentruparea M\u00e2ntuitorului, pe vremea lui Ahab, regele iudeilor (c. 874-853 \u00ee.Hr.).<\/p>\n<p>Acest rege \u00ee\u015fi luase de so\u0163ie o fenician\u0103, Izabela din Sidon, femeie \u00eenchin\u0103toare la Baal, unul din zeii principali ai fenicienilor. Ea \u00eendemna pe rege s\u0103 p\u0103r\u0103seasc\u0103 vechea credin\u0163\u0103 a iudeilor, \u00een Dumnezeul cel adev\u0103rat, \u015fi s\u0103 se \u00eenchine lui Baal, \u0219i regele \u0219i tot poporul s\u0103-l urmeze, \u00eentorc\u00e2ndu-se de la Dumnezeu.<\/p>\n<p>Regele, pre\u0163uind mai mult de\u015fert\u0103ciunea lumii acesteia, dec\u00e2t m\u00e2ntuirea sufletului s\u0103u, a p\u0103r\u0103sit credin\u0163a cea adev\u0103rat\u0103 \u015fi, \u00eembr\u0103\u0163i\u015f\u00e2nd el \u00eensu\u015fi legea idoleasc\u0103, a dat porunc\u0103 \u015fi mult ajutor spre aducerea poporului credincios la \u00eenchinarea idolilor, prigonind pe ap\u0103r\u0103torii dreptei credin\u0163e, ridic\u00e2nd temple p\u0103g\u00e2ne, pretutindeni pe p\u0103m\u00e2ntul lui Israel, \u015fi \u0163in\u00e2nd \u00een mare cinste pe slujitorii lui Baal.<\/p>\n<p>S-a ridicat atunci, la chemarea Domnului, Sf\u00e2ntul Ilie Prorocul care, venind la curtea regelui, \u00eel mustra, prin cuvinte aspre, pentru r\u0103t\u0103cirea lui. Dar v\u0103z\u00e2nd c\u0103 nu poate aduce pe rege la calea cea dreapt\u0103 a credin\u0163ei str\u0103mo\u015fe\u015fti, l-a vestit c\u0103 se va abate asupra \u0163\u0103rii o foamete mare, care va \u0163ine trei ani \u015fi jum\u0103tate, ca pedeaps\u0103 pentru lep\u0103darea lui de credin\u0163\u0103. Pentru aceasta, regele c\u0103uta s\u0103-l omoare. Prorocul Domnului s-a ascuns \u00een Valea p\u00e2r\u00e2ului Chedron, unde m\u00e2nia regelui nu-l mai putea ajunge.<\/p>\n<h2><strong>\u201eDumnezeul lui Ilie este Dumnezeul cel adev\u0103rat!\u201d<\/strong><\/h2>\n<p>Dup\u0103 trei ani \u015fi jum\u0103tate \u00eens\u0103, Sf\u00e2ntul Proroc s-a \u00eentors la curtea regelui Ahab. Cu jertfa adus\u0103 pe muntele Carmel, jertf\u0103 asupra c\u0103reia Dumnezeu a trimis foc din cer, Sf\u00e2ntul Ilie a dovedit c\u0103 str\u0103vechea credin\u0163\u0103, pe care o m\u0103rturisea \u0219i o ap\u0103ra el, era credin\u0163a cea adev\u0103rat\u0103!<\/p>\n<p>Poporul, v\u0103z\u00e2nd minunea Prorocului, a strigat: \u201e<em>Dumnezeul lui Ilie este Dumnezeul cel adev\u0103rat!\u201d<\/em> (<em>3 Regi<\/em> 18, 39) \u015fi, prinz\u00e2nd pe slujitorii cei mincino\u015fi ai lui Baal, i-a ucis, ca s\u0103 nu mai \u00een\u015fele poporul. Foametea a \u00eencetat printr-o ploaie binecuv\u00e2ntat\u0103 trimis\u0103 de Dumnezeu la rug\u0103ciunea Sf\u00e2ntului.<\/p>\n<p>Prorocul Ilie a s\u0103v\u00e2r\u015fit \u015fi alte fapte minunate: a \u00eenviat pe fiul v\u0103duvei din Sarepta Sidonului, a desp\u0103r\u0163it apa Iordanului \u015fi a vorbit cu Dumnezeu pe muntele Horeb, Dumnezeu ar\u0103t\u00e2ndu-i-se <em>\u201e\u00een v\u00e2nt sub\u0163ire\u201d <\/em>(<em>3 Regi<\/em> 19, 12). Prin vrerea lui Dumnezeu, Prorocul Ilie a fost ridicat la ceruri \u00eentr-un car de foc, netrec\u00e2nd prin moarte.<\/p>\n<p>El s-a ar\u0103tat, \u00eempreun\u0103 cu Prorocul Moise, la Schimbarea la Fa\u0163\u0103 a Domnului nostru Iisus Hristos, pe muntele Tabor. Sf\u00e2nta Scriptur\u0103 \u015fi Tradi\u0163ia Bisericii ne spun c\u0103 Sf\u00e2ntul Ilie va reveni pe p\u0103m\u00e2nt, la sf\u00e2r\u015fitul veacurilor, ca \u00eenainte-merg\u0103tor al celei de a doua veniri a lui Hristos, mustr\u00e2nd pe Antihrist \u015fi fiind omor\u00e2t de c\u0103tre el, dup\u0103 care va fi \u00eenviat de M\u00e2ntuitorul, Mielul cel biruitor.<\/p>\n<h2><strong>Pe 20 iulie, cu ocazia Sf. Ilie, este Ziua Avia\u021biei Rom\u00e2ne<\/strong><\/h2>\n<p>Avia\u0163ia militar\u0103 rom\u00e2n\u0103 a luat na\u015ftere \u00een anul 1910, primul avion militar, proiectat de Aurel Vlaicu \u015fi realizat de Arsenalul Armatei zbur\u00e2nd la 17 iunie 1910, se arat\u0103 \u00een volumul \u201dCalendarul Tradi\u0163iilor Militare\u201d (2010). Un an mai t\u00e2rziu, \u00een 1911, au fost breveta\u0163i primii ofi\u0163eri ca pilo\u0163i, iar \u00een 1912 s-a creat prima \u015fcoal\u0103 de zbor, urm\u00e2nd ca prima lege de organizare a aeronauticii s\u0103 apar\u0103 \u00een 1913, potrivit <a href=\"http:\/\/www.roaf.ro\" target=\"_blank\" rel=\"noopener\">www.roaf.ro<\/a>.<\/p>\n<p>\u00cen 1915, a luat fiin\u0163\u0103 Corpul de Avia\u0163ie, avia\u0163ia devenind astfel arm\u0103 de sine st\u0103t\u0103toare, iar \u00een 1917, a fost \u00eenfiin\u0163at\u0103 Direc\u0163ia Aeronauticii din Marele Cartier General rom\u00e2n. Tot \u00een 1915, a ap\u0103rut insigna de aviator rom\u00e2n. Pentru ofi\u0163eri, insigna era din metal de culoare argintie \u015fi se purta pe piept \u00een partea st\u00e2ng\u0103, iar pentru subofi\u0163eri se confec\u0163iona din m\u0103tase de aceea\u015fi culoare \u015fi se purta pe m\u00e2neca st\u00e2ng\u0103. Un an mai t\u00e2rziu, \u00een 1916, s-a \u00eenfiin\u0163at artileria antiaerian\u0103 rom\u00e2n\u0103. Corpul de artilerie antiaerian\u0103 se afla \u00een subordinea Cet\u0103\u0163ii Bucure\u015fti \u015fi consta \u00een special din cadre \u015fi trup\u0103 de artilerie de fortifica\u0163ii, av\u00e2nd tunuri adaptate pentru trageri antiaeriene de c\u0103tre coloneii Burileanu \u015fi Negrei.<\/p>\n<p>\u00cen 1917, aeronautica rom\u00e2n\u0103 a participat la marile b\u0103t\u0103lii purtate de armata rom\u00e2n\u0103 \u00een sudul Moldovei (M\u0103r\u0103\u015fti, M\u0103r\u0103\u015fe\u015fti \u015fi Oituz) \u00eendeplinind misiuni de informa\u0163ii, atac asupra pozi\u0163iilor inamice, v\u00e2n\u0103toare \u015fi ap\u0103rare antiaerian\u0103, scrie site-ul <a href=\"http:\/\/www.roaf.ro\" target=\"_blank\" rel=\"noopener\">www.roaf.ro<\/a>.<\/p>\n<p>Anii \u201920 au fost cei ai celei de-a doua genera\u0163ii de aviatori \u015fi artileri\u015fti antiaerieni rom\u00e2ni. Au ap\u0103rut flotilele aeriene \u015fi regimentele AA.<\/p>\n<p>\u00cen anul 1923, s-a \u00eenfiin\u0163at Inspectoratul General al Aeronauticii din Statul Major General, la 1 ianuarie 1924 aeronautica s-a transformat \u00een categorie de for\u0163e, fiind pus\u0103 sub autoritatea Inspectoratului general al aeronauticii, iar \u00een 1932 a luat fiin\u0163\u0103 Subsecretariatul de Stat al Aerului din Ministerul de R\u0103zboi. \u00cen 1936 s-a \u00eenfiin\u0163at Ministerul Aerului \u015fi Marinei, cea mai \u00eenalt\u0103 form\u0103 de autonomie pe care au avut-o avia\u0163ia \u015fi marina. Prima personalitate care a ocupat func\u0163ia de ministru a fost comandorul (r) ing. Radu Irimescu, veteran al Primului R\u0103zboi Mondial. Ministerul a fost desfiin\u0163at \u00een septembrie 1940.<\/p>\n<p>\u00cen perioada 1941-1945, avia\u0163ia \u015fi artileria antiaerian\u0103 rom\u00e2ne au participat la toate campaniile purtate de armata rom\u00e2n\u0103 \u00een cel de-al Doilea R\u0103zboi Mondial. \u00cen 1950, avia\u0163ia militar\u0103 a primit denumirea de For\u0163ele Aeriene Militare.<\/p>\n<p>\u00centre 1951 \u015fi 1960, For\u0163ele Aeriene Rom\u00e2ne au trecut la \u00eenzestrarea modern\u0103, specific\u0103 etapei postbelice. \u00cen acest deceniu, \u00een cadrul unit\u0103\u0163ilor sale au ap\u0103rut avioanele cu reac\u0163ie, elicopterele, sta\u0163iile de radioloca\u0163ie \u015fi rachetele sol-aer, noteaz\u0103 site-ul <a href=\"http:\/\/www.roaf.ro\" target=\"_blank\" rel=\"noopener\">www.roaf.ro<\/a>.<\/p>\n<p>Continuarea, <a href=\"https:\/\/www.agerpres.ro\/documentare\/2022\/07\/20\/20-iulie-ziua-aviatiei-romane-si-a-fortelor-aeriene--951808\" target=\"_blank\" rel=\"noopener\">aici<\/a>.<\/p>\n<div class=\"crp_related     crp-masonry\">\n<h2>\u00ceN CONTEXT<\/h2>\n<ul>\n<li><a href=\"https:\/\/r3media.ro\/10-mai-ziua-independentei-romaniei-ziua-aromanilor-ziua-regalitatii\/\" class=\"crp_link post-20081\"><span class=\"crp_title\">Calendarul zilei: 10 mai, Ziua Independen\u021bei Romaniei, Ziua Rom\u00e2nilor din Balcani sau Ziua\u2026<\/span><\/a><\/li>\n<li><a href=\"https:\/\/r3media.ro\/calendarul-zilei-7-ianuarie-sfantul-ioan-botezatorul-craciunul-pe-calendarul-vechi\/\" class=\"crp_link post-10400\"><span class=\"crp_title\">Calendarul zilei 7 ianuarie: Sf\u00e2ntul Ioan Botez\u0103torul. Cr\u0103ciunul pe calendarul vechi<\/span><\/a><\/li>\n<li><a href=\"https:\/\/r3media.ro\/1-iulie-sf-leontie-de-la-radauti-sf-doctori-fara-de-arginti-cosma-si-damian-cei-din-roma\/\" class=\"crp_link post-49753\"><span class=\"crp_title\">Calendarul zilei 1 iulie: Sf. Leontie de la R\u0103d\u0103u\u021bi. Sf. Doctori f\u0103r\u0103 de argin\u021bi Cosma \u0219i\u2026<\/span><\/a><\/li>\n<li><a href=\"https:\/\/r3media.ro\/calendarul-zilei-22-iulie-sfanta-mironosita-si-intocmai-cu-apostolii-maria-magdalena-si-sfantul-preot-marturisitor-ilie-lacatusu\/\" class=\"crp_link post-111886\"><span class=\"crp_title\">Calendarul zilei 22 iulie: Sf\u00e2nta Mironosi\u021b\u0103 \u0219i \u00centocmai cu Apostolii Maria Magdalena \u0219i\u2026<\/span><\/a><\/li>\n<li><a href=\"https:\/\/r3media.ro\/calendarul-zilei-4-aprilie-1944-cea-mai-neagra-zi-a-capitalei-2942-de-bucuresteni-ucisi-de-bombardamentele-americane-aviatorii-care-au-adus-moartea-au-monumente-romanii\/\" class=\"crp_link post-17571\"><span class=\"crp_title\">Calendarul zilei | 4 aprilie 1944, cea mai neagr\u0103 zi a Capitalei: 2942 de bucure\u0219teni uci\u0219i\u2026<\/span><\/a><\/li>\n<li><a href=\"https:\/\/r3media.ro\/calendarul-zilei-4-august-1919-cucerirea-budapestei-de-catre-armata-romana\/\" class=\"crp_link post-25422\"><span class=\"crp_title\">Calendarul zilei: 4 august 1919, cucerirea Budapestei de c\u0103tre Armata Rom\u00e2n\u0103<\/span><\/a><\/li>\n<li><a href=\"https:\/\/r3media.ro\/calendarul-zilei-15-august-adormirea-maicii-domnului-sf-maria-mare-ziua-marinei-romane\/\" class=\"crp_link post-26098\"><span class=\"crp_title\">Calendarul zilei 15 august: Adormirea Maicii Domnului (Sf. Maria Mare) \/ Ziua Marinei Rom\u00e2ne<\/span><\/a><\/li>\n<li><a href=\"https:\/\/r3media.ro\/calendarul-zilei-25-iulie-81-de-la-finalizarea-campaniei-militare-de-eliberare-a-basarabiei-si-a-nordului-bucovinei-de-sub-ocupatie-sovietica\/\" class=\"crp_link post-51149\"><span class=\"crp_title\">Calendarul zilei 25 iulie: 84 de la finalizarea campaniei militare de eliberare a Basarabiei\u2026<\/span><\/a><\/li>\n<\/ul>\n<\/div>\n<\/div>\n<\/div>\n<div class=\"td_block_wrap tdb_single_tags tdi_19 td-pb-border-top td_block_template_1\" data-td-block-uid=\"tdi_19\">\n<div class=\"tdb-block-inner td-fix-index\">\n<ul class=\"tdb-tags\">\n<li><span>SUBIECTE FIERBIN\u021aI<\/span><\/li>\n<li><a href=\"https:\/\/r3media.ro\/tag\/calendar-ortodox\/\">calendar ortodox<\/a><\/li>\n<li><a href=\"https:\/\/r3media.ro\/tag\/calendarul-zilei\/\">calendarul zilei<\/a><\/li>\n<li><a href=\"https:\/\/r3media.ro\/tag\/calendarul-zilei-20-iulie\/\">calendarul zilei 20 iulie<\/a><\/li>\n<li><a href=\"https:\/\/r3media.ro\/tag\/ziua-aviatiei-romane\/\">ziua aviatiei romane<\/a><\/li>\n<\/ul>\n<\/div>\n<\/div>\n<div class=\"td_block_wrap td_block_text_with_title tdi_20 tagdiv-type td-pb-border-top td_block_template_1\" data-td-block-uid=\"tdi_20\">\n<div class=\"td_mod_wrap td-fix-index\">\n<p>Dragi prieteni,<\/p>\n<p>dac\u0103 dori\u021bi o pres\u0103 independent\u0103, trebuie s-o sus\u021bine\u021bi. \u00cen Rom\u00e2nia, mediul economic este conectat la sistemul globalist \u0219i nu exist\u0103, precum \u00een Statele Unite sau alte \u021b\u0103ri, companii care s\u0103-\u0219i asume cauze conservatoare \u0219i\/sau na\u021bionale.<\/p>\n<p>Recenta criz\u0103 a ar\u0103tat c\u00e2t\u0103 nevoie exist\u0103 pentru o pres\u0103 independent\u0103, care s\u0103 nu depind\u0103 de subven\u021biile guvernamentale \u0219i de banii multina\u021bionalelor.<\/p>\n<p>Nimeni nu-mi \u201eediteaz\u0103\u201d ideile \u0219i materialele publicate. Sunt un <strong><span>om liber<\/span>.<\/strong> Dac\u0103 dore\u0219ti s\u0103 ai ce citi \u00een continuare, contribuie \u0219i tu printr-o <strong><a href=\"https:\/\/r3media.ro\/sustine-r3media\/\" target=\"_blank\" rel=\"noopener noreferrer\">dona\u021bie<\/a>, <\/strong>oric\u00e2t de mic\u0103<strong>.<\/strong>\u00a0<strong><span>\u00cempreun\u0103<\/span>,<\/strong> putem reu\u0219i multe.<\/p>\n<p>Mul\u021bumesc.<\/p>\n<p>Mihai \u0218om\u0103nescu<br \/>Publisher <span><strong><span>R<\/span><span>3<span>m<\/span><\/span><span>edia<\/span><\/strong><\/span><\/p>\n<\/div>\n<\/div>\n<div class=\"td_block_wrap td_block_9 tdi_22 td-pb-border-top td_block_template_1 td-column-2 td_block_padding td_block_bot_line\" data-td-block-uid=\"tdi_22\">\n<div class=\"td-block-title-wrap\">\n<h4 class=\"block-title td-block-title\"><span class=\"td-pulldown-size\">MAI MULTE DE LA ACELA\u0218I AUTOR<\/span><\/h4>\n<\/div>\n<div id=\"tdi_22\" class=\"td_block_inner\">\n<div class=\"td-block-row\">\n<div class=\"td-block-span6\">\n<div class=\"td_module_8 td_module_wrap\">\n<div class=\"item-details\">\n<h3 class=\"entry-title td-module-title\"><a href=\"https:\/\/r3media.ro\/fratii-tate-arestati-in-miami-marea-britanie-cere-extradarea-lor-dupa-noi-acuzatii-de-viol-si-trafic-de-persoane\/\" rel=\"bookmark\" title=\"Fra\u021bii Tate au fost aresta\u0163i \u00een Miami. Marea Britanie cere extr\u0103darea lor, dup\u0103 noi acuza\u021bii de viol \u0219i trafic de persoane\">Fra\u021bii Tate au fost aresta\u0163i \u00een Miami. Marea Britanie cere extr\u0103darea lor, dup\u0103 noi&#8230;<\/a><\/h3>\n<div class=\"td-module-meta-info\"><a href=\"https:\/\/r3media.ro\/category\/stiri-prim-plan\/\" class=\"td-post-category\">PRIM PLAN<\/a><span class=\"td-post-author-name\"><a href=\"https:\/\/r3media.ro\/author\/redactia\/\">Redac\u021bia<\/a><span>&#8211;<\/span><\/span><span class=\"td-post-date\"><time class=\"entry-date updated td-module-date\" datetime=\"2026-07-20T11:54:53+03:00\">20\/07\/2026<\/time><\/span><\/div>\n<\/div>\n<\/div>\n<\/div>\n<div class=\"td-block-span6\">\n<div class=\"td_module_8 td_module_wrap\">\n<div class=\"item-details\">\n<h3 class=\"entry-title td-module-title\"><a href=\"https:\/\/r3media.ro\/aur-sustine-ca-dan-tanasa-este-urmarit-penal-pentru-instigare-la-ura\/\" rel=\"bookmark\" title=\"AUR sus\u021bine c\u0103 Dan T\u0103nas\u0103 este urm\u0103rit penal pentru instigare la ur\u0103\">AUR sus\u021bine c\u0103 Dan T\u0103nas\u0103 este urm\u0103rit penal pentru instigare la ur\u0103<\/a><\/h3>\n<div class=\"td-module-meta-info\"><a href=\"https:\/\/r3media.ro\/category\/actualitate\/\" class=\"td-post-category\">ACTUALITATE<\/a><span class=\"td-post-author-name\"><a href=\"https:\/\/r3media.ro\/author\/redactia\/\">Redac\u021bia<\/a><span>&#8211;<\/span><\/span><span class=\"td-post-date\"><time class=\"entry-date updated td-module-date\" datetime=\"2026-07-18T00:21:51+03:00\">18\/07\/2026<\/time><\/span><\/div>\n<\/div>\n<\/div>\n<\/div>\n<\/div>\n<div class=\"td-block-row\">\n<div class=\"td-block-span6\">\n<div class=\"td_module_8 td_module_wrap\">\n<div class=\"item-details\">\n<h3 class=\"entry-title td-module-title\"><a href=\"https:\/\/r3media.ro\/18-iulie-sf-emilian-de-la-durostor\/\" rel=\"bookmark\" title=\"Calendarul zilei 18 iulie: Sf. Emilian de la Durostor\">Calendarul zilei 18 iulie: Sf. Emilian de la Durostor<\/a><\/h3>\n<div class=\"td-module-meta-info\"><a href=\"https:\/\/r3media.ro\/category\/actualitate\/\" class=\"td-post-category\">ACTUALITATE<\/a><span class=\"td-post-author-name\"><a href=\"https:\/\/r3media.ro\/author\/redactia\/\">Redac\u021bia<\/a><span>&#8211;<\/span><\/span><span class=\"td-post-date\"><time class=\"entry-date updated td-module-date\" datetime=\"2026-07-17T23:00:32+03:00\">17\/07\/2026<\/time><\/span><\/div>\n<\/div>\n<\/div>\n<\/div>\n<div class=\"td-block-span6\">\n<div class=\"td_module_8 td_module_wrap\">\n<div class=\"item-details\">\n<h3 class=\"entry-title td-module-title\"><a href=\"https:\/\/r3media.ro\/18-iulie-primul-10-din-istoria-gimnasticii-mondiale-obtinut-de-nadia-comaneci\/\" rel=\"bookmark\" title=\"Calendarul zilei 18 iulie: 50 de ani la primul 10 din istoria gimnasticii mondiale, ob\u021binut de Nadia Com\u0103neci | VIDEO\">Calendarul zilei 18 iulie: 50 de ani la primul 10 din istoria gimnasticii mondiale,&#8230;<\/a><\/h3>\n<div class=\"td-module-meta-info\"><a href=\"https:\/\/r3media.ro\/category\/actualitate\/\" class=\"td-post-category\">ACTUALITATE<\/a><span class=\"td-post-author-name\"><a href=\"https:\/\/r3media.ro\/author\/redactia\/\">Redac\u021bia<\/a><span>&#8211;<\/span><\/span><span class=\"td-post-date\"><time class=\"entry-date updated td-module-date\" datetime=\"2026-07-17T22:58:24+03:00\">17\/07\/2026<\/time><\/span><\/div>\n<\/div>\n<\/div>\n<\/div>\n<\/div>\n<div class=\"td-block-row\">\n<div class=\"td-block-span6\">\n<div class=\"td_module_8 td_module_wrap\">\n<div class=\"item-details\">\n<h3 class=\"entry-title td-module-title\"><a href=\"https:\/\/r3media.ro\/sorin-grindeanu-aur-primul-loc\/\" rel=\"bookmark\" title=\"Sorin Grindeanu: AUR e pe primul loc. Lucru pe care nu cred c\u0103 \u00eel contest\u0103 nici m\u0103car ace\u015fti hashtagi\">Sorin Grindeanu: AUR e pe primul loc. Lucru pe care nu cred c\u0103 \u00eel&#8230;<\/a><\/h3>\n<div class=\"td-module-meta-info\"><a href=\"https:\/\/r3media.ro\/category\/actualitate\/\" class=\"td-post-category\">ACTUALITATE<\/a><span class=\"td-post-author-name\"><a href=\"https:\/\/r3media.ro\/author\/redactia\/\">Redac\u021bia<\/a><span>&#8211;<\/span><\/span><span class=\"td-post-date\"><time class=\"entry-date updated td-module-date\" datetime=\"2026-07-17T07:09:03+03:00\">17\/07\/2026<\/time><\/span><\/div>\n<\/div>\n<\/div>\n<\/div>\n<div class=\"td-block-span6\">\n<div class=\"td_module_8 td_module_wrap\">\n<div class=\"item-details\">\n<h3 class=\"entry-title td-module-title\"><a href=\"https:\/\/r3media.ro\/17-iulie-sf-mucenita-marina\/\" rel=\"bookmark\" title=\"Calendarul zilei 17 iulie: Sf. Muceni\u021b\u0103 Marina\">Calendarul zilei 17 iulie: Sf. Muceni\u021b\u0103 Marina<\/a><\/h3>\n<div class=\"td-module-meta-info\"><a href=\"https:\/\/r3media.ro\/category\/actualitate\/\" class=\"td-post-category\">ACTUALITATE<\/a><span class=\"td-post-author-name\"><a href=\"https:\/\/r3media.ro\/author\/redactia\/\">Redac\u021bia<\/a><span>&#8211;<\/span><\/span><span class=\"td-post-date\"><time class=\"entry-date updated td-module-date\" datetime=\"2026-07-16T23:13:05+03:00\">16\/07\/2026<\/time><\/span><\/div>\n<\/div>\n<\/div>\n<\/div>\n<\/div>\n<\/div>\n<\/div>\n<div class=\"td_block_wrap tdb_single_comments tdi_23 tdb-comm-layout2 td-pb-border-top td_block_template_1\" data-td-block-uid=\"tdi_23\">\n<div class=\"tdb-block-inner td-fix-index\">\n<div class=\"comments\" id=\"comments\">\n<div class=\"td-comments-title-wrap td_block_template_1\">\n<h4 class=\"td-comments-title block-title\"><span>2 COMENTARII<\/span><\/h4>\n<\/div>\n<ol class=\"comment-list\">\n<li class=\"comment \" id=\"comment-24477\">\n<article>\n<footer><cite>anonim<\/cite><a class=\"comment-link\" href=\"https:\/\/r3media.ro\/20-iulie-sf-ilie-tesviteanul\/#comment-24477\"><time><br \/>\n20\/07\/2023\t\t\t\t\t\t    La\t\t\t\t\t\t    20:11<\/time><\/a><\/footer>\n<div class=\"comment-content\">\n<p>Vorba Dragai Olteanu:Care aviatie?<\/p>\n<\/div>\n<div class=\"comment-meta\" id=\"comment-24477\"><a rel=\"nofollow\" class=\"comment-reply-link\" href=\"https:\/\/r3media.ro\/20-iulie-sf-ilie-tesviteanul\/#comment-24477\" data-commentid=\"24477\" data-postid=\"50904\" data-belowelement=\"comment-24477\" data-respondelement=\"respond\" data-replyto=\"R\u0103spunde-i lui anonim\" aria-label=\"R\u0103spunde-i lui anonim\">R\u0103spund<\/a><\/div>\n<\/article>\n<ul class=\"children\">\n<li class=\"comment \" id=\"comment-33824\">\n<article>\n<footer><cite>Radu<\/cite><a class=\"comment-link\" href=\"https:\/\/r3media.ro\/20-iulie-sf-ilie-tesviteanul\/#comment-33824\"><time><br \/>\n20\/07\/2024\t\t\t\t\t\t    La\t\t\t\t\t\t    09:38<\/time><\/a><\/footer>\n<div class=\"comment-content\">\n<p>Aia p\u0103 care am avut-o \u0219i nu mai e\u2026<\/p>\n<\/div>\n<div class=\"comment-meta\" id=\"comment-33824\"><a rel=\"nofollow\" class=\"comment-reply-link\" href=\"https:\/\/r3media.ro\/20-iulie-sf-ilie-tesviteanul\/#comment-33824\" data-commentid=\"33824\" data-postid=\"50904\" data-belowelement=\"comment-33824\" data-respondelement=\"respond\" data-replyto=\"R\u0103spunde-i lui Radu\" aria-label=\"R\u0103spunde-i lui Radu\">R\u0103spund<\/a><\/div>\n<\/article>\n<\/li>\n<\/ul>\n<\/li>\n<\/ol>\n<div id=\"respond\" class=\"comment-respond\">\n<h3 id=\"reply-title\" class=\"comment-reply-title\">AI CEVA DE SPUS? <small><a rel=\"nofollow\" id=\"cancel-comment-reply-link\" href=\"https:\/\/r3media.ro\/20-iulie-sf-ilie-tesviteanul\/#respond\">Renun\u021ba\u021bi la r\u0103spuns<\/a><\/small><\/h3>\n<div class=\"comment-form-input-wrap td-form-comment\">\n<div class=\"td-warning-comment\">V\u0103 rug\u0103m s\u0103 introduce\u021bi comentariul dvs.!<\/div>\n<\/div>\n<div class=\"comment-form-input-wrap td-form-author\">\n<div class=\"td-warning-author\">Introduce\u021bi aici numele dvs.<\/div>\n<\/div>\n<div class=\"comment-form-input-wrap td-form-email\">\n<div class=\"td-warning-email-error\">A\u021bi introdus o adres\u0103 de e-mail incorect\u0103!<\/div>\n<div class=\"td-warning-email\">V\u0103 rug\u0103m s\u0103 introduce\u021bi adresa dvs. de e-mail aici<\/div>\n<\/div>\n<\/div>\n<\/div>\n<\/div>\n<\/div>\n<\/div>\n<\/div>\n<div class=\"vc_column tdi_25  wpb_column vc_column_container tdc-column td-pb-span4 td-is-sticky\">\n<div class=\"wpb_wrapper\" data-sticky-enabled-on=\"W3RydWUsdHJ1ZSx0cnVlLHRydWVd\" data-sticky-offset=\"20\" data-sticky-is-width-auto=\"W2ZhbHNlLGZhbHNlLGZhbHNlLGZhbHNlXQ==\">\n<div class=\"wpb_wrapper td_block_wrap vc_widget_sidebar tdi_27 \">\n<div class=\"td_block_wrap td_block_7 td_block_widget tdi_28 td-pb-border-top td_block_template_1 td-column-1 td_block_padding\" data-td-block-uid=\"tdi_28\">\n<div class=\"td-block-title-wrap\">\n<h4 class=\"block-title td-block-title\"><span class=\"td-pulldown-size\">Articole RELA\u021aIONATE<\/span><\/h4>\n<\/div>\n<div id=\"tdi_28\" class=\"td_block_inner\">\n<div class=\"td-block-span12\">\n<div class=\"td_module_6 td_module_wrap td-animation-stack\">\n<div class=\"td-module-thumb\"><a href=\"https:\/\/r3media.ro\/fratii-tate-arestati-in-miami-marea-britanie-cere-extradarea-lor-dupa-noi-acuzatii-de-viol-si-trafic-de-persoane\/\" rel=\"bookmark\" class=\"td-image-wrap \" title=\"Fra\u021bii Tate au fost aresta\u0163i \u00een Miami. Marea Britanie cere extr\u0103darea lor, dup\u0103 noi acuza\u021bii de viol \u0219i trafic de persoane\"><img loading=\"lazy\" decoding=\"async\" class=\"entry-thumb\" src=\"https:\/\/r3media.ro\/wp-content\/uploads\/2025\/07\/andrew-tate-100x70.png\" alt title=\"Fra\u021bii Tate au fost aresta\u0163i \u00een Miami. Marea Britanie cere extr\u0103darea lor, dup\u0103 noi acuza\u021bii de viol \u0219i trafic de persoane\" width=\"100\" height=\"70\"><\/a><\/div>\n<div class=\"item-details\">\n<h3 class=\"entry-title td-module-title\"><a href=\"https:\/\/r3media.ro\/fratii-tate-arestati-in-miami-marea-britanie-cere-extradarea-lor-dupa-noi-acuzatii-de-viol-si-trafic-de-persoane\/\" rel=\"bookmark\" title=\"Fra\u021bii Tate au fost aresta\u0163i \u00een Miami. Marea Britanie cere extr\u0103darea lor, dup\u0103 noi acuza\u021bii de viol \u0219i trafic de persoane\">Fra\u021bii Tate au fost aresta\u0163i \u00een Miami. Marea Britanie cere extr\u0103darea&#8230;<\/a><\/h3>\n<div class=\"td-module-meta-info\"><span class=\"td-post-date\"><time class=\"entry-date updated td-module-date\" datetime=\"2026-07-20T11:54:53+03:00\">20\/07\/2026<\/time><\/span><\/div>\n<\/div>\n<\/div>\n<\/div>\n<div class=\"td-block-span12\">\n<div class=\"td_module_6 td_module_wrap td-animation-stack\">\n<div class=\"td-module-thumb\"><a href=\"https:\/\/r3media.ro\/rabla-2026-ghid-complet-persoane-fizice-masina-noua\/\" rel=\"bookmark\" class=\"td-image-wrap \" title=\"Rabla 2026: Ghidul complet pentru persoane fizice care vor s\u0103-\u0219i cumpere o ma\u0219in\u0103 nou\u0103\"><img loading=\"lazy\" decoding=\"async\" class=\"entry-thumb\" src=\"https:\/\/r3media.ro\/wp-content\/uploads\/2026\/05\/rabla-2026-100x70.jpg\" alt title=\"Rabla 2026: Ghidul complet pentru persoane fizice care vor s\u0103-\u0219i cumpere o ma\u0219in\u0103 nou\u0103\" width=\"100\" height=\"70\"><\/a><\/div>\n<div class=\"item-details\">\n<h3 class=\"entry-title td-module-title\"><a href=\"https:\/\/r3media.ro\/rabla-2026-ghid-complet-persoane-fizice-masina-noua\/\" rel=\"bookmark\" title=\"Rabla 2026: Ghidul complet pentru persoane fizice care vor s\u0103-\u0219i cumpere o ma\u0219in\u0103 nou\u0103\">Rabla 2026: Ghidul complet pentru persoane fizice care vor s\u0103-\u0219i cumpere&#8230;<\/a><\/h3>\n<div class=\"td-module-meta-info\"><span class=\"td-post-date\"><time class=\"entry-date updated td-module-date\" datetime=\"2026-07-20T10:09:16+03:00\">20\/07\/2026<\/time><\/span><\/div>\n<\/div>\n<\/div>\n<\/div>\n<div class=\"td-block-span12\">\n<div class=\"td_module_6 td_module_wrap td-animation-stack\">\n<div class=\"td-module-thumb\"><a href=\"https:\/\/r3media.ro\/romani-isi-pierd-locul-de-munca-in-fiecare-luna\/\" rel=\"bookmark\" class=\"td-image-wrap \" title=\"Peste 1.000 de rom\u00e2ni \u00ee\u0219i pierd locul de munc\u0103, \u00een fiecare lun\u0103\"><img loading=\"lazy\" decoding=\"async\" class=\"entry-thumb\" src=\"https:\/\/r3media.ro\/wp-content\/uploads\/2022\/10\/somaj-e1667219277728-100x70.jpg\" alt title=\"Peste 1.000 de rom\u00e2ni \u00ee\u0219i pierd locul de munc\u0103, \u00een fiecare lun\u0103\" width=\"100\" height=\"70\"><\/a><\/div>\n<div class=\"item-details\">\n<h3 class=\"entry-title td-module-title\"><a href=\"https:\/\/r3media.ro\/romani-isi-pierd-locul-de-munca-in-fiecare-luna\/\" rel=\"bookmark\" title=\"Peste 1.000 de rom\u00e2ni \u00ee\u0219i pierd locul de munc\u0103, \u00een fiecare lun\u0103\">Peste 1.000 de rom\u00e2ni \u00ee\u0219i pierd locul de munc\u0103, \u00een fiecare&#8230;<\/a><\/h3>\n<div class=\"td-module-meta-info\"><span class=\"td-post-date\"><time class=\"entry-date updated td-module-date\" datetime=\"2026-07-20T09:52:37+03:00\">20\/07\/2026<\/time><\/span><\/div>\n<\/div>\n<\/div>\n<\/div>\n<div class=\"td-block-span12\">\n<div class=\"td_module_6 td_module_wrap td-animation-stack\">\n<div class=\"td-module-thumb\"><a href=\"https:\/\/r3media.ro\/economia-germaniei-situatie-critica-nemti-munca-duminica\/\" rel=\"bookmark\" class=\"td-image-wrap \" title=\"Economia Germaniei, \u00eentr-o situa\u021bie critic\u0103: Nem\u021bii se g\u00e2ndesc s\u0103 munceasc\u0103 din nou duminica\"><img loading=\"lazy\" decoding=\"async\" class=\"entry-thumb\" src=\"https:\/\/r3media.ro\/wp-content\/uploads\/2026\/07\/steagul-germaniei-pe-bundestag-100x70.jpg\" alt title=\"Economia Germaniei, \u00eentr-o situa\u021bie critic\u0103: Nem\u021bii se g\u00e2ndesc s\u0103 munceasc\u0103 din nou duminica\" width=\"100\" height=\"70\"><\/a><\/div>\n<div class=\"item-details\">\n<h3 class=\"entry-title td-module-title\"><a href=\"https:\/\/r3media.ro\/economia-germaniei-situatie-critica-nemti-munca-duminica\/\" rel=\"bookmark\" title=\"Economia Germaniei, \u00eentr-o situa\u021bie critic\u0103: Nem\u021bii se g\u00e2ndesc s\u0103 munceasc\u0103 din nou duminica\">Economia Germaniei, \u00eentr-o situa\u021bie critic\u0103: Nem\u021bii se g\u00e2ndesc s\u0103 munceasc\u0103 din&#8230;<\/a><\/h3>\n<div class=\"td-module-meta-info\"><span class=\"td-post-date\"><time class=\"entry-date updated td-module-date\" datetime=\"2026-07-20T09:50:42+03:00\">20\/07\/2026<\/time><\/span><\/div>\n<\/div>\n<\/div>\n<\/div>\n<div class=\"td-block-span12\">\n<div class=\"td_module_6 td_module_wrap td-animation-stack\">\n<div class=\"td-module-thumb\"><a href=\"https:\/\/r3media.ro\/cupa-mondiala-2026-america-rezultate-program\/\" rel=\"bookmark\" class=\"td-image-wrap \" title=\"Cupa Mondial\u0103 2026 America: Rezultate complete \u0219i rogramul meciurilor\"><img loading=\"lazy\" decoding=\"async\" class=\"entry-thumb\" src=\"https:\/\/r3media.ro\/wp-content\/uploads\/2026\/05\/cupa-mondiala-2026-america-100x70.jpg\" alt title=\"Cupa Mondial\u0103 2026 America: Rezultate complete \u0219i rogramul meciurilor\" width=\"100\" height=\"70\"><\/a><\/div>\n<div class=\"item-details\">\n<h3 class=\"entry-title td-module-title\"><a href=\"https:\/\/r3media.ro\/cupa-mondiala-2026-america-rezultate-program\/\" rel=\"bookmark\" title=\"Cupa Mondial\u0103 2026 America: Rezultate complete \u0219i rogramul meciurilor\">Cupa Mondial\u0103 2026 America: Rezultate complete \u0219i rogramul meciurilor<\/a><\/h3>\n<div class=\"td-module-meta-info\"><span class=\"td-post-date\"><time class=\"entry-date updated td-module-date\" datetime=\"2026-07-20T08:28:07+03:00\">20\/07\/2026<\/time><\/span><\/div>\n<\/div>\n<\/div>\n<\/div>\n<div class=\"td-block-span12\">\n<div class=\"td_module_6 td_module_wrap td-animation-stack\">\n<div class=\"td-module-thumb\"><a href=\"https:\/\/r3media.ro\/spania-invinge-argentina-castiga-cupa-mondiala\/\" rel=\"bookmark\" class=\"td-image-wrap \" title=\"Spania a \u00eenvins Argentina \u0219i a c\u00e2\u0219tigat Cupa Mondial\u0103 pentru a doua oar\u0103 \u00een istorie\"><img loading=\"lazy\" decoding=\"async\" class=\"entry-thumb\" src=\"https:\/\/r3media.ro\/wp-content\/uploads\/2026\/07\/echipa-de-fotbal-a-spaniei-2026-100x70.png\" alt title=\"Spania a \u00eenvins Argentina \u0219i a c\u00e2\u0219tigat Cupa Mondial\u0103 pentru a doua oar\u0103 \u00een istorie\" width=\"100\" height=\"70\"><\/a><\/div>\n<div class=\"item-details\">\n<h3 class=\"entry-title td-module-title\"><a href=\"https:\/\/r3media.ro\/spania-invinge-argentina-castiga-cupa-mondiala\/\" rel=\"bookmark\" title=\"Spania a \u00eenvins Argentina \u0219i a c\u00e2\u0219tigat Cupa Mondial\u0103 pentru a doua oar\u0103 \u00een istorie\">Spania a \u00eenvins Argentina \u0219i a c\u00e2\u0219tigat Cupa Mondial\u0103 pentru a&#8230;<\/a><\/h3>\n<div class=\"td-module-meta-info\"><span class=\"td-post-date\"><time class=\"entry-date updated td-module-date\" datetime=\"2026-07-20T01:04:07+03:00\">20\/07\/2026<\/time><\/span><\/div>\n<\/div>\n<\/div>\n<\/div>\n<div class=\"td-block-span12\">\n<div class=\"td_module_6 td_module_wrap td-animation-stack\">\n<div class=\"td-module-thumb\"><a href=\"https:\/\/r3media.ro\/prapad-busteni-valea-prahovei-statiuni-ploi-viitura-oameni-raniti-masini-avariate-case-inundate\/\" rel=\"bookmark\" class=\"td-image-wrap \" title=\"VIDEO | Pr\u0103p\u0103d la Bu\u0219teni! Ploile au cauzat o viitur\u0103 care a m\u0103turat tot \u00een cale \u00een sta\u021biunile de pe valea Prahovei: oameni r\u0103ni\u021bi, ma\u0219ini avariate \u0219i locuin\u021be inundate\"><img loading=\"lazy\" decoding=\"async\" class=\"entry-thumb\" src=\"https:\/\/r3media.ro\/wp-content\/uploads\/2026\/07\/viitura-busteni-100x70.jpg\" alt title=\"VIDEO | Pr\u0103p\u0103d la Bu\u0219teni! Ploile au cauzat o viitur\u0103 care a m\u0103turat tot \u00een cale \u00een sta\u021biunile de pe valea Prahovei: oameni r\u0103ni\u021bi, ma\u0219ini avariate \u0219i locuin\u021be inundate\" width=\"100\" height=\"70\"><\/a><\/div>\n<div class=\"item-details\">\n<h3 class=\"entry-title td-module-title\"><a href=\"https:\/\/r3media.ro\/prapad-busteni-valea-prahovei-statiuni-ploi-viitura-oameni-raniti-masini-avariate-case-inundate\/\" rel=\"bookmark\" title=\"VIDEO | Pr\u0103p\u0103d la Bu\u0219teni! Ploile au cauzat o viitur\u0103 care a m\u0103turat tot \u00een cale \u00een sta\u021biunile de pe valea Prahovei: oameni r\u0103ni\u021bi, ma\u0219ini avariate \u0219i locuin\u021be inundate\">VIDEO | Pr\u0103p\u0103d la Bu\u0219teni! Ploile au cauzat o viitur\u0103 care&#8230;<\/a><\/h3>\n<div class=\"td-module-meta-info\"><span class=\"td-post-date\"><time class=\"entry-date updated td-module-date\" datetime=\"2026-07-19T19:07:45+03:00\">19\/07\/2026<\/time><\/span><\/div>\n<\/div>\n<\/div>\n<\/div>\n<\/div>\n<\/div>\n<aside class=\"td_block_template_1 widget widget_recent_comments\">\n<h4 class=\"block-title\"><span>INTR\u0102 \u00ceN DISCU\u021aIE!<\/span><\/h4>\n<ul id=\"recentcomments\">\n<li class=\"recentcomments\"><span class=\"comment-author-link\">Isabel<\/span> la <a href=\"https:\/\/r3media.ro\/prapad-busteni-valea-prahovei-statiuni-ploi-viitura-oameni-raniti-masini-avariate-case-inundate\/#comment-40286\">VIDEO | Pr\u0103p\u0103d la Bu\u0219teni! Ploile au cauzat o viitur\u0103 care a m\u0103turat tot \u00een cale \u00een sta\u021biunile de pe valea Prahovei: oameni r\u0103ni\u021bi, ma\u0219ini avariate \u0219i locuin\u021be inundate<\/a><\/li>\n<li class=\"recentcomments\"><span class=\"comment-author-link\">Laris<\/span> la <a href=\"https:\/\/r3media.ro\/primar-cetateni-oradea-presiuni-lgbt\/#comment-40281\">Primarul \u0219i cet\u0103\u021benii din Oradea, presa\u021bi de lobby-ul interna\u021bional LGBT s\u0103 permit\u0103 mar\u0219ul homosexualit\u0103\u021bii pe str\u0103zile ora\u0219ului<\/a><\/li>\n<li class=\"recentcomments\"><span class=\"comment-author-link\">Laris<\/span> la <a href=\"https:\/\/r3media.ro\/aur-sustine-ca-dan-tanasa-este-urmarit-penal-pentru-instigare-la-ura\/#comment-40280\">AUR sus\u021bine c\u0103 Dan T\u0103nas\u0103 este urm\u0103rit penal pentru instigare la ur\u0103<\/a><\/li>\n<li class=\"recentcomments\"><span class=\"comment-author-link\">Laris<\/span> la <a href=\"https:\/\/r3media.ro\/dragos-tanase-demisie-conducere-gabriel-resources-18-ani\/#comment-40279\">Drago\u0219 T\u0103nase a demisionat de la conducerea Gabriel Resources dup\u0103 18 ani<\/a><\/li>\n<li class=\"recentcomments\"><span class=\"comment-author-link\">Doru<\/span> la <a href=\"https:\/\/r3media.ro\/prof-dan-dungaciu-federatia-rusa-ajutor-pentru-ucraina\/#comment-40277\">Prof. Dan Dungaciu: Tu vrei s\u0103 love\u0219ti ariciul, adic\u0103 Federa\u021bia Rus\u0103, cu s\u00e2ngele, carnea \u0219i oasele ucrainenilor. \u0102sta e un ajutor pentru Ucraina?<\/a><\/li>\n<li class=\"recentcomments\"><span class=\"comment-author-link\">Constantin<\/span> la <a href=\"https:\/\/r3media.ro\/primar-cetateni-oradea-presiuni-lgbt\/#comment-40276\">Primarul \u0219i cet\u0103\u021benii din Oradea, presa\u021bi de lobby-ul interna\u021bional LGBT s\u0103 permit\u0103 mar\u0219ul homosexualit\u0103\u021bii pe str\u0103zile ora\u0219ului<\/a><\/li>\n<li class=\"recentcomments\"><span class=\"comment-author-link\">Iulian<\/span> la <a href=\"https:\/\/r3media.ro\/nicusor-dan-romania-militar-ucraina-secret\/#comment-40275\">Nicu\u0219or Dan a spus c\u0103 Rom\u00e2nia a transferat din capabilit\u0103\u021bile sale militare defensive c\u0103tre Ucraina \u0219i c\u0103 e bine s\u0103 r\u0103m\u00e2n\u0103 secret<\/a><\/li>\n<\/ul>\n<\/aside>\n<aside class=\"td_block_template_1 widget widget_search\">\n<h4 class=\"block-title\"><span>CAUT\u0102 \u0218I VEI G\u0102SI<\/span><\/h4>\n<\/aside>\n<\/div>\n<\/div>\n<\/div>\n<\/div>\n<\/div>\n<\/div>\n<\/div>\n<p><span class=\"td-page-meta\"><\/span><span class=\"td-page-meta\"><span class=\"td-page-meta\"><\/span><\/span><span class=\"td-page-meta\"><\/span><\/article>\n<\/p>\n<div class=\"td_block_wrap tdb_single_content tdi_18 td-pb-border-top r3-post-content-v td_block_template_1 td-post-content tagdiv-type\" data-td-block-uid=\"tdi_18\">\n<div class=\"tdb-block-inner td-fix-index\">\n<p><strong>Pe 20 iulie, Biserica Ortodox\u0103 \u00eel s\u0103rb\u0103tore\u0219te pe Sf. Ilie Tesviteanul, scrie <\/strong><a href=\"https:\/\/basilica.ro\/sfantul-si-slavitul-proroc-ilie-tesviteanul\/?__cf_chl_tk=xUTR31snNYOjVyP32gyV8Alp38ZQzOyMHW_yDxg.gdQ-1658263001-0-gaNycGzNCOU\" target=\"_blank\" rel=\"noopener\"><strong>Basilica.<\/strong><\/a><\/p>\n<p>Sf\u00e2ntul Proroc Ilie a fost fiul lui Sovah, din cetatea Tesva, din Galaad, dincolo de Iordan, de unde \u015fi numele Prorocului: Ilie Tesviteanul. A tr\u0103it cu peste opt sute de ani \u00eenainte de \u00eentruparea M\u00e2ntuitorului, pe vremea lui Ahab, regele iudeilor (c. 874-853 \u00ee.Hr.).<\/p>\n<p>Acest rege \u00ee\u015fi luase de so\u0163ie o fenician\u0103, Izabela din Sidon, femeie \u00eenchin\u0103toare la Baal, unul din zeii principali ai fenicienilor. Ea \u00eendemna pe rege s\u0103 p\u0103r\u0103seasc\u0103 vechea credin\u0163\u0103 a iudeilor, \u00een Dumnezeul cel adev\u0103rat, \u015fi s\u0103 se \u00eenchine lui Baal, \u0219i regele \u0219i tot poporul s\u0103-l urmeze, \u00eentorc\u00e2ndu-se de la Dumnezeu.<\/p>\n<p>Regele, pre\u0163uind mai mult de\u015fert\u0103ciunea lumii acesteia, dec\u00e2t m\u00e2ntuirea sufletului s\u0103u, a p\u0103r\u0103sit credin\u0163a cea adev\u0103rat\u0103 \u015fi, \u00eembr\u0103\u0163i\u015f\u00e2nd el \u00eensu\u015fi legea idoleasc\u0103, a dat porunc\u0103 \u015fi mult ajutor spre aducerea poporului credincios la \u00eenchinarea idolilor, prigonind pe ap\u0103r\u0103torii dreptei credin\u0163e, ridic\u00e2nd temple p\u0103g\u00e2ne, pretutindeni pe p\u0103m\u00e2ntul lui Israel, \u015fi \u0163in\u00e2nd \u00een mare cinste pe slujitorii lui Baal.<\/p>\n<p>S-a ridicat atunci, la chemarea Domnului, Sf\u00e2ntul Ilie Prorocul care, venind la curtea regelui, \u00eel mustra, prin cuvinte aspre, pentru r\u0103t\u0103cirea lui. Dar v\u0103z\u00e2nd c\u0103 nu poate aduce pe rege la calea cea dreapt\u0103 a credin\u0163ei str\u0103mo\u015fe\u015fti, l-a vestit c\u0103 se va abate asupra \u0163\u0103rii o foamete mare, care va \u0163ine trei ani \u015fi jum\u0103tate, ca pedeaps\u0103 pentru lep\u0103darea lui de credin\u0163\u0103. Pentru aceasta, regele c\u0103uta s\u0103-l omoare. Prorocul Domnului s-a ascuns \u00een Valea p\u00e2r\u00e2ului Chedron, unde m\u00e2nia regelui nu-l mai putea ajunge.<\/p>\n<h2><strong>\u201eDumnezeul lui Ilie este Dumnezeul cel adev\u0103rat!\u201d<\/strong><\/h2>\n<p>Dup\u0103 trei ani \u015fi jum\u0103tate \u00eens\u0103, Sf\u00e2ntul Proroc s-a \u00eentors la curtea regelui Ahab. Cu jertfa adus\u0103 pe muntele Carmel, jertf\u0103 asupra c\u0103reia Dumnezeu a trimis foc din cer, Sf\u00e2ntul Ilie a dovedit c\u0103 str\u0103vechea credin\u0163\u0103, pe care o m\u0103rturisea \u0219i o ap\u0103ra el, era credin\u0163a cea adev\u0103rat\u0103!<\/p>\n<p>Poporul, v\u0103z\u00e2nd minunea Prorocului, a strigat: \u201e<em>Dumnezeul lui Ilie este Dumnezeul cel adev\u0103rat!\u201d<\/em> (<em>3 Regi<\/em> 18, 39) \u015fi, prinz\u00e2nd pe slujitorii cei mincino\u015fi ai lui Baal, i-a ucis, ca s\u0103 nu mai \u00een\u015fele poporul. Foametea a \u00eencetat printr-o ploaie binecuv\u00e2ntat\u0103 trimis\u0103 de Dumnezeu la rug\u0103ciunea Sf\u00e2ntului.<\/p>\n<p>Prorocul Ilie a s\u0103v\u00e2r\u015fit \u015fi alte fapte minunate: a \u00eenviat pe fiul v\u0103duvei din Sarepta Sidonului, a desp\u0103r\u0163it apa Iordanului \u015fi a vorbit cu Dumnezeu pe muntele Horeb, Dumnezeu ar\u0103t\u00e2ndu-i-se <em>\u201e\u00een v\u00e2nt sub\u0163ire\u201d <\/em>(<em>3 Regi<\/em> 19, 12). Prin vrerea lui Dumnezeu, Prorocul Ilie a fost ridicat la ceruri \u00eentr-un car de foc, netrec\u00e2nd prin moarte.<\/p>\n<p>El s-a ar\u0103tat, \u00eempreun\u0103 cu Prorocul Moise, la Schimbarea la Fa\u0163\u0103 a Domnului nostru Iisus Hristos, pe muntele Tabor. Sf\u00e2nta Scriptur\u0103 \u015fi Tradi\u0163ia Bisericii ne spun c\u0103 Sf\u00e2ntul Ilie va reveni pe p\u0103m\u00e2nt, la sf\u00e2r\u015fitul veacurilor, ca \u00eenainte-merg\u0103tor al celei de a doua veniri a lui Hristos, mustr\u00e2nd pe Antihrist \u015fi fiind omor\u00e2t de c\u0103tre el, dup\u0103 care va fi \u00eenviat de M\u00e2ntuitorul, Mielul cel biruitor.<\/p>\n<h2><strong>Pe 20 iulie, cu ocazia Sf. Ilie, este Ziua Avia\u021biei Rom\u00e2ne<\/strong><\/h2>\n<p>Avia\u0163ia militar\u0103 rom\u00e2n\u0103 a luat na\u015ftere \u00een anul 1910, primul avion militar, proiectat de Aurel Vlaicu \u015fi realizat de Arsenalul Armatei zbur\u00e2nd la 17 iunie 1910, se arat\u0103 \u00een volumul \u201dCalendarul Tradi\u0163iilor Militare\u201d (2010). Un an mai t\u00e2rziu, \u00een 1911, au fost breveta\u0163i primii ofi\u0163eri ca pilo\u0163i, iar \u00een 1912 s-a creat prima \u015fcoal\u0103 de zbor, urm\u00e2nd ca prima lege de organizare a aeronauticii s\u0103 apar\u0103 \u00een 1913, potrivit <a href=\"http:\/\/www.roaf.ro\" target=\"_blank\" rel=\"noopener\">www.roaf.ro<\/a>.<\/p>\n<p>\u00cen 1915, a luat fiin\u0163\u0103 Corpul de Avia\u0163ie, avia\u0163ia devenind astfel arm\u0103 de sine st\u0103t\u0103toare, iar \u00een 1917, a fost \u00eenfiin\u0163at\u0103 Direc\u0163ia Aeronauticii din Marele Cartier General rom\u00e2n. Tot \u00een 1915, a ap\u0103rut insigna de aviator rom\u00e2n. Pentru ofi\u0163eri, insigna era din metal de culoare argintie \u015fi se purta pe piept \u00een partea st\u00e2ng\u0103, iar pentru subofi\u0163eri se confec\u0163iona din m\u0103tase de aceea\u015fi culoare \u015fi se purta pe m\u00e2neca st\u00e2ng\u0103. Un an mai t\u00e2rziu, \u00een 1916, s-a \u00eenfiin\u0163at artileria antiaerian\u0103 rom\u00e2n\u0103. Corpul de artilerie antiaerian\u0103 se afla \u00een subordinea Cet\u0103\u0163ii Bucure\u015fti \u015fi consta \u00een special din cadre \u015fi trup\u0103 de artilerie de fortifica\u0163ii, av\u00e2nd tunuri adaptate pentru trageri antiaeriene de c\u0103tre coloneii Burileanu \u015fi Negrei.<\/p>\n<p>\u00cen 1917, aeronautica rom\u00e2n\u0103 a participat la marile b\u0103t\u0103lii purtate de armata rom\u00e2n\u0103 \u00een sudul Moldovei (M\u0103r\u0103\u015fti, M\u0103r\u0103\u015fe\u015fti \u015fi Oituz) \u00eendeplinind misiuni de informa\u0163ii, atac asupra pozi\u0163iilor inamice, v\u00e2n\u0103toare \u015fi ap\u0103rare antiaerian\u0103, scrie site-ul <a href=\"http:\/\/www.roaf.ro\" target=\"_blank\" rel=\"noopener\">www.roaf.ro<\/a>.<\/p>\n<p>Anii \u201920 au fost cei ai celei de-a doua genera\u0163ii de aviatori \u015fi artileri\u015fti antiaerieni rom\u00e2ni. Au ap\u0103rut flotilele aeriene \u015fi regimentele AA.<\/p>\n<p>\u00cen anul 1923, s-a \u00eenfiin\u0163at Inspectoratul General al Aeronauticii din Statul Major General, la 1 ianuarie 1924 aeronautica s-a transformat \u00een categorie de for\u0163e, fiind pus\u0103 sub autoritatea Inspectoratului general al aeronauticii, iar \u00een 1932 a luat fiin\u0163\u0103 Subsecretariatul de Stat al Aerului din Ministerul de R\u0103zboi. \u00cen 1936 s-a \u00eenfiin\u0163at Ministerul Aerului \u015fi Marinei, cea mai \u00eenalt\u0103 form\u0103 de autonomie pe care au avut-o avia\u0163ia \u015fi marina. Prima personalitate care a ocupat func\u0163ia de ministru a fost comandorul (r) ing. Radu Irimescu, veteran al Primului R\u0103zboi Mondial. Ministerul a fost desfiin\u0163at \u00een septembrie 1940.<\/p>\n<p>\u00cen perioada 1941-1945, avia\u0163ia \u015fi artileria antiaerian\u0103 rom\u00e2ne au participat la toate campaniile purtate de armata rom\u00e2n\u0103 \u00een cel de-al Doilea R\u0103zboi Mondial. \u00cen 1950, avia\u0163ia militar\u0103 a primit denumirea de For\u0163ele Aeriene Militare.<\/p>\n<p>\u00centre 1951 \u015fi 1960, For\u0163ele Aeriene Rom\u00e2ne au trecut la \u00eenzestrarea modern\u0103, specific\u0103 etapei postbelice. \u00cen acest deceniu, \u00een cadrul unit\u0103\u0163ilor sale au ap\u0103rut avioanele cu reac\u0163ie, elicopterele, sta\u0163iile de radioloca\u0163ie \u015fi rachetele sol-aer, noteaz\u0103 site-ul <a href=\"http:\/\/www.roaf.ro\" target=\"_blank\" rel=\"noopener\">www.roaf.ro<\/a>.<\/p>\n<p>Continuarea, <a href=\"https:\/\/www.agerpres.ro\/documentare\/2022\/07\/20\/20-iulie-ziua-aviatiei-romane-si-a-fortelor-aeriene--951808\" target=\"_blank\" rel=\"noopener\">aici<\/a>.<\/p>\n<div class=\"crp_related     crp-masonry\">\n<h2>\u00ceN CONTEXT<\/h2>\n<ul>\n<li><a href=\"https:\/\/r3media.ro\/10-mai-ziua-independentei-romaniei-ziua-aromanilor-ziua-regalitatii\/\" class=\"crp_link post-20081\"><span class=\"crp_title\">Calendarul zilei: 10 mai, Ziua Independen\u021bei Romaniei, Ziua Rom\u00e2nilor din Balcani sau Ziua\u2026<\/span><\/a><\/li>\n<li><a href=\"https:\/\/r3media.ro\/calendarul-zilei-7-ianuarie-sfantul-ioan-botezatorul-craciunul-pe-calendarul-vechi\/\" class=\"crp_link post-10400\"><span class=\"crp_title\">Calendarul zilei 7 ianuarie: Sf\u00e2ntul Ioan Botez\u0103torul. Cr\u0103ciunul pe calendarul vechi<\/span><\/a><\/li>\n<li><a href=\"https:\/\/r3media.ro\/1-iulie-sf-leontie-de-la-radauti-sf-doctori-fara-de-arginti-cosma-si-damian-cei-din-roma\/\" class=\"crp_link post-49753\"><span class=\"crp_title\">Calendarul zilei 1 iulie: Sf. Leontie de la R\u0103d\u0103u\u021bi. Sf. Doctori f\u0103r\u0103 de argin\u021bi Cosma \u0219i\u2026<\/span><\/a><\/li>\n<li><a href=\"https:\/\/r3media.ro\/calendarul-zilei-22-iulie-sfanta-mironosita-si-intocmai-cu-apostolii-maria-magdalena-si-sfantul-preot-marturisitor-ilie-lacatusu\/\" class=\"crp_link post-111886\"><span class=\"crp_title\">Calendarul zilei 22 iulie: Sf\u00e2nta Mironosi\u021b\u0103 \u0219i \u00centocmai cu Apostolii Maria Magdalena \u0219i\u2026<\/span><\/a><\/li>\n<li><a href=\"https:\/\/r3media.ro\/calendarul-zilei-4-aprilie-1944-cea-mai-neagra-zi-a-capitalei-2942-de-bucuresteni-ucisi-de-bombardamentele-americane-aviatorii-care-au-adus-moartea-au-monumente-romanii\/\" class=\"crp_link post-17571\"><span class=\"crp_title\">Calendarul zilei | 4 aprilie 1944, cea mai neagr\u0103 zi a Capitalei: 2942 de bucure\u0219teni uci\u0219i\u2026<\/span><\/a><\/li>\n<li><a href=\"https:\/\/r3media.ro\/calendarul-zilei-4-august-1919-cucerirea-budapestei-de-catre-armata-romana\/\" class=\"crp_link post-25422\"><span class=\"crp_title\">Calendarul zilei: 4 august 1919, cucerirea Budapestei de c\u0103tre Armata Rom\u00e2n\u0103<\/span><\/a><\/li>\n<li><a href=\"https:\/\/r3media.ro\/calendarul-zilei-15-august-adormirea-maicii-domnului-sf-maria-mare-ziua-marinei-romane\/\" class=\"crp_link post-26098\"><span class=\"crp_title\">Calendarul zilei 15 august: Adormirea Maicii Domnului (Sf. Maria Mare) \/ Ziua Marinei Rom\u00e2ne<\/span><\/a><\/li>\n<li><a href=\"https:\/\/r3media.ro\/calendarul-zilei-25-iulie-81-de-la-finalizarea-campaniei-militare-de-eliberare-a-basarabiei-si-a-nordului-bucovinei-de-sub-ocupatie-sovietica\/\" class=\"crp_link post-51149\"><span class=\"crp_title\">Calendarul zilei 25 iulie: 84 de la finalizarea campaniei militare de eliberare a Basarabiei\u2026<\/span><\/a><\/li>\n<\/ul>\n<\/div>\n<\/div>\n<\/div>\n<p>[analyse_source url=&#8221;https:\/\/r3media.ro\/20-iulie-sf-ilie-tesviteanul\/&#8221;]<\/p>\n","protected":false},"excerpt":{"rendered":"<p>[analyse_image type=&#8221;featured&#8221; src=&#8221;https:\/\/r3media.ro\/wp-content\/uploads\/2022\/07\/sf-ilie.jpghttps:\/\/r3media.ro\/wp-content\/uploads\/2022\/07\/sf-ilie.jpg&#8221;] PRIM PLANCalendarul zilei 20 iulie: Sf. Ilie Tesviteanul. Ziua Avia\u021biei Rom\u00e2ne PRIM PLAN\u0218TIRI Calendarul zilei 20 iulie: Sf. Ilie Tesviteanul. Ziua Avia\u021biei Rom\u00e2ne Redac\u021bia 19\/07\/2026 Pe 20 iulie, Biserica Ortodox\u0103 \u00eel s\u0103rb\u0103tore\u0219te pe Sf. Ilie Tesviteanul, scrie Basilica. Sf\u00e2ntul Proroc Ilie a fost fiul lui Sovah, din cetatea Tesva, din Galaad, dincolo [&hellip;]<\/p>\n","protected":false},"author":1,"featured_media":0,"comment_status":"open","ping_status":"","sticky":false,"template":"","format":"standard","meta":{"footnotes":""},"categories":[89],"tags":[226,93],"class_list":["post-2051973","post","type-post","status-publish","format-standard","hentry","category-romania","tag-crawlmanager","tag-r3media-ro"],"_links":{"self":[{"href":"https:\/\/analyse.optim.biz\/index.php?rest_route=\/wp\/v2\/posts\/2051973","targetHints":{"allow":["GET"]}}],"collection":[{"href":"https:\/\/analyse.optim.biz\/index.php?rest_route=\/wp\/v2\/posts"}],"about":[{"href":"https:\/\/analyse.optim.biz\/index.php?rest_route=\/wp\/v2\/types\/post"}],"author":[{"embeddable":true,"href":"https:\/\/analyse.optim.biz\/index.php?rest_route=\/wp\/v2\/users\/1"}],"replies":[{"embeddable":true,"href":"https:\/\/analyse.optim.biz\/index.php?rest_route=%2Fwp%2Fv2%2Fcomments&post=2051973"}],"version-history":[{"count":0,"href":"https:\/\/analyse.optim.biz\/index.php?rest_route=\/wp\/v2\/posts\/2051973\/revisions"}],"wp:attachment":[{"href":"https:\/\/analyse.optim.biz\/index.php?rest_route=%2Fwp%2Fv2%2Fmedia&parent=2051973"}],"wp:term":[{"taxonomy":"category","embeddable":true,"href":"https:\/\/analyse.optim.biz\/index.php?rest_route=%2Fwp%2Fv2%2Fcategories&post=2051973"},{"taxonomy":"post_tag","embeddable":true,"href":"https:\/\/analyse.optim.biz\/index.php?rest_route=%2Fwp%2Fv2%2Ftags&post=2051973"}],"curies":[{"name":"wp","href":"https:\/\/api.w.org\/{rel}","templated":true}]}}