{"id":2051972,"date":"2026-07-20T06:52:37","date_gmt":"2026-07-20T03:52:37","guid":{"rendered":"https:\/\/analyse.optim.biz\/?p=2051972"},"modified":"2026-07-20T06:52:37","modified_gmt":"2026-07-20T03:52:37","slug":"peste-1-000-de-romani-isi-pierd-locul-de-munca-in-fiecare-luna","status":"publish","type":"post","link":"https:\/\/analyse.optim.biz\/?p=2051972","title":{"rendered":"Peste 1.000 de rom\u00e2ni \u00ee\u0219i pierd locul de munc\u0103, \u00een fiecare lun\u0103"},"content":{"rendered":"<p>[analyse_image type=&#8221;featured&#8221; src=&#8221;https:\/\/r3media.ro\/wp-content\/uploads\/2022\/10\/somaj-e1667219277728.jpghttps:\/\/r3media.ro\/wp-content\/uploads\/2022\/10\/somaj-e1667219277728.jpg&#8221;]<\/p>\n<article id=\"template-id-109\" class=\"post-109 tdb_templates type-tdb_templates status-publish post\">\n<div id=\"tdi_2\" class=\"tdc-zone\">\n<div class=\"tdc_zone tdi_3  wpb_row td-pb-row\">\n<div id=\"tdi_4\" class=\"tdc-row\">\n<div class=\"vc_row tdi_5  wpb_row td-pb-row\">\n<div class=\"vc_column tdi_7  wpb_column vc_column_container tdc-column td-pb-span8\">\n<div class=\"wpb_wrapper\">\n<div class=\"td_block_wrap tdb_breadcrumbs tdi_8 td-pb-border-top td_block_template_1 tdb-breadcrumbs \" data-td-block-uid=\"tdi_8\">\n<div class=\"tdb-block-inner td-fix-index\"><span><a title=\"Vede\u021bi toate articolele \u00een ECONOMIE\" class=\"tdb-entry-crumb\" href=\"https:\/\/r3media.ro\/category\/economie\/\">ECONOMIE<\/a><\/span><span class=\"tdb-bred-no-url-last\">Peste 1.000 de rom\u00e2ni \u00ee\u0219i pierd locul de munc\u0103, \u00een fiecare lun\u0103<\/span><\/div>\n<\/div>\n<div class=\"td_block_wrap tdb_single_categories tdi_9 td-pb-border-top td_block_template_1 \" data-td-block-uid=\"tdi_9\">\n<div class=\"tdb-category td-fix-index\"><a class=\"tdb-entry-category\" href=\"https:\/\/r3media.ro\/category\/economie\/\">ECONOMIE<\/a><a class=\"tdb-entry-category\" href=\"https:\/\/r3media.ro\/category\/featured\/\">FEATURED<\/a><a class=\"tdb-entry-category\" href=\"https:\/\/r3media.ro\/category\/stiri\/\">\u0218TIRI<\/a><\/div>\n<\/div>\n<div class=\"td_block_wrap tdb_title tdi_10 tdb-single-title td-pb-border-top td_block_template_1\" data-td-block-uid=\"tdi_10\">\n<div class=\"tdb-block-inner td-fix-index\">\n<h1 class=\"tdb-title-text\">Peste 1.000 de rom\u00e2ni \u00ee\u0219i pierd locul de munc\u0103, \u00een fiecare lun\u0103<\/h1>\n<\/div>\n<\/div>\n<div class=\"vc_row_inner tdi_12  vc_row vc_inner wpb_row td-pb-row\">\n<div class=\"vc_column_inner tdi_14  wpb_column vc_column_container tdc-inner-column td-pb-span12\">\n<div class=\"vc_column-inner\">\n<div class=\"wpb_wrapper\">\n<div class=\"td_block_wrap tdb_single_author tdi_15 td-pb-border-top td_block_template_1 tdb-post-meta\" data-td-block-uid=\"tdi_15\">\n<div class=\"tdb-block-inner td-fix-index\">\n<div class=\"tdb-author-name-wrap\"><a class=\"tdb-author-name\" href=\"https:\/\/r3media.ro\/author\/radu_ursan\/\">Radu Ursan<\/a><\/div>\n<\/div>\n<\/div>\n<div class=\"td_block_wrap tdb_single_date tdi_16 td-pb-border-top td_block_template_1 tdb-post-meta\" data-td-block-uid=\"tdi_16\">\n<div class=\"tdb-block-inner td-fix-index\"><time class=\"entry-date updated td-module-date\" datetime=\"2026-07-20T09:52:37+03:00\">20\/07\/2026<\/time><\/div>\n<\/div>\n<\/div>\n<\/div>\n<\/div>\n<\/div>\n<div class=\"td_block_wrap tdb_single_content tdi_18 td-pb-border-top td_block_template_1 td-post-content tagdiv-type\" data-td-block-uid=\"tdi_18\">\n<div class=\"tdb-block-inner td-fix-index\">\n<p><strong>Peste 1.000 de rom\u00e2ni \u00ee\u0219i pierd locul de munc\u0103 \u00een fiecare lun\u0103, relev\u0103 o analiz\u0103 a <a href=\"https:\/\/www.cotidianul.ro\/ploua-cu-someri-1-200-de-romani-sunt-dati-afara-luna-de-luna-doar-din-industria-auto\/\" target=\"_blank\" rel=\"noopener\">Cotidianul.<\/a><\/strong><\/p>\n<p>Acest dezastru are loc \u00een <a href=\"https:\/\/r3media.ro\/tag\/industria-auto\/\" target=\"_blank\" rel=\"noopener\">industria auto<\/a>, care alt\u0103dat\u0103 era un motor al economiei rom\u00e2ne\u0219ti.<\/p>\n<p>Sectorul fabric\u0103rii autovehiculelor \u0219i componentelor auto a cobor\u00e2t \u00een aprilie 2026 la circa 132.800 de salaria\u021bi, cel mai redus nivel de dup\u0103 2012. Fa\u021b\u0103 de v\u00e2rful din 2018, industria a pierdut aproximativ 73.000 de locuri de munc\u0103.<\/p>\n<p>Datele, publicate de Termene.ro pe baza statisticilor INS, confirm\u0103 o sc\u0103dere continu\u0103 a for\u021bei de munc\u0103 din CAEN 29.<\/p>\n<p>\u00cen 2018, sectorul num\u0103ra aproximativ 206.300 de angaja\u021bi \u2014 un record atins dup\u0103 ce, \u00een 2010, lucrau aici doar circa 113.000 de persoane. \u00cen opt ani, industria a pierdut peste o treime din efectivul maxim.<\/p>\n<h2>Declinul s-a accelerat \u00een ultimele 16 luni<\/h2>\n<p>Reducerea nu s-a produs brusc. Dup\u0103 sc\u0103derea din intervalul 2018\u20132021 a urmat o perioad\u0103 de relativ\u0103 stabilitate, cu 160.000\u2013165.000 de angaja\u021bi. Din a doua parte a anului 2023, restructur\u0103rile au devenit \u00eens\u0103 mai vizibile.<\/p>\n<p>Din ianuarie 2025, c\u00e2nd sectorul avea aproximativ 150.900 de salaria\u021bi, p\u00e2n\u0103 \u00een aprilie 2026 s-au pierdut circa 18.100 de locuri de munc\u0103 \u2014 aproximativ 12% din for\u021ba de munc\u0103 \u00een doar 16 luni, cu o medie de 1.200 de persoane lunar \u0219i f\u0103r\u0103 nicio lun\u0103 de cre\u0219tere.<\/p>\n<p>Cea mai sever\u0103 lun\u0103 a fost ianuarie 2026, cu circa 3.100 de angaja\u021bi mai pu\u021bin, urmat\u0103 de aprilie 2026, cu \u00eenc\u0103 1.300.<\/p>\n<p>Produc\u021bia a cobor\u00e2t sub media industriei prelucr\u0103toare<\/p>\n<p>Evolu\u021bia ocup\u0103rii urmeaz\u0103 \u00eendeaproape produc\u021bia. \u00cen 2022 \u0219i 2023, produc\u021bia auto rom\u00e2neasc\u0103 se situa peste nivelul mediu din 2021, sus\u021binut\u0103 de modele noi \u0219i de revenirea cererii post-pandemie.<\/p>\n<p>La \u00eenceputul anului 2026, indicele a cobor\u00e2t \u00eens\u0103 la 91,2 raportat la media lui 2021, \u00een timp ce industria prelucr\u0103toare \u00een ansamblu se afla la 97,5.<\/p>\n<p>Sectorul care ani la r\u00e2nd a compensat sl\u0103biciunile altor ramuri economice a ajuns astfel s\u0103 evolueze sub media industriei.<\/p>\n<h2>Furnizorii de componente, cei mai expu\u0219i<\/h2>\n<p>Rom\u00e2nia este afectat\u0103 \u00een special pentru c\u0103 o mare parte din activitatea local\u0103 este concentrat\u0103 \u00een produc\u021bia de componente \u2014 cablaje, scaune auto, sisteme electronice.<\/p>\n<p>Aceste fabrici depind de comenzile marilor constructori europeni, iar reducerile de la uzinele din Germania sau din alte state se transmit rapid c\u0103tre furnizorii rom\u00e2ni.<\/p>\n<p>Un exemplu \u00eel ofer\u0103 SE Bordnetze SRL, unul dintre cei mai mari angajatori din jude\u021bul Cara\u0219-Severin \u0219i produc\u0103tor important de cablaje auto: potrivit datelor Termene.ro, compania a sc\u0103zut de la aproape 4.000 de salaria\u021bi la finalul lui 2024 la 1.483 de persoane \u00een 2025.<\/p>\n<p>Avantajul competitiv care a atras investi\u021biile \u2014 costuri reduse \u0219i for\u021b\u0103 de munc\u0103 disponibil\u0103 \u2014 este acum erodat de cre\u0219terea costurilor, de concuren\u021ba unor state precum Maroc sau Turcia \u0219i de transform\u0103rile din industria auto european\u0103.<\/p>\n<h2>Ce se \u00eent\u00e2mpl\u0103 cu oamenii disponibiliza\u021bi<\/h2>\n<p>Nu exist\u0103 \u00een acest moment date complete despre c\u00e2\u021bi dintre cei pleca\u021bi din sector s-au recalificat, c\u00e2\u021bi au g\u0103sit alte locuri de munc\u0103 \u0219i c\u00e2\u021bi au ales s\u0103 emigreze.<\/p>\n<p>Efectele se resimt mai ales \u00een ora\u0219ele unde fabricile auto sunt printre principalii angajatori.<\/p>\n<p>Industria continu\u0103 s\u0103 genereze oportunit\u0103\u021bi, dar de alt tip: automatizare, componente pentru vehicule electrice, tehnologii digitale.<\/p>\n<p>Provocarea pentru Rom\u00e2nia r\u0103m\u00e2ne compensarea pierderilor din zonele tradi\u021bionale prin investi\u021bii noi \u0219i prin recalificarea angaja\u021bilor.<\/p>\n<div class=\"crp_related     crp-masonry\">\n<h2>\u00ceN CONTEXT<\/h2>\n<ul>\n<li><a href=\"https:\/\/r3media.ro\/bine-ca-n-au-iesit-suveranistii-1-000-de-oameni-sunt-dati-afara-in-fiecare-luna-intr-un-val-de-disponibilizari-fara-precedent\/\" class=\"crp_link post-113229\"><span class=\"crp_title\">Bine c\u0103 n-au ie\u0219it suverani\u0219tii! 1.000 de oameni sunt da\u021bi afar\u0103 \u00een fiecare lun\u0103, \u00eentr-un\u2026<\/span><\/a><\/li>\n<li><a href=\"https:\/\/r3media.ro\/industria-auto-europeana-software-romania\/\" class=\"crp_link post-119884\"><span class=\"crp_title\">Industria auto european\u0103 \u00ee\u0219i pune software-ul \u00een comun. Impactul asupra Rom\u00e2niei<\/span><\/a><\/li>\n<li><a href=\"https:\/\/r3media.ro\/concedieri-masive-volkswagen-companie-da-afara-angajati-companie-istorie\/\" class=\"crp_link post-119196\"><span class=\"crp_title\">Concedieri masive la Volkswagen: Compania auto vrea s\u0103 dea afar\u0103 100.000 de angaja\u021bi, \u00een cea\u2026<\/span><\/a><\/li>\n<li><a href=\"https:\/\/r3media.ro\/volkswagen-concedieri-19-000-angajati-germania-final-an-2026\/\" class=\"crp_link post-118163\"><span class=\"crp_title\">Volkswagen vrea s\u0103 dea afar\u0103 19.000 de angaja\u021bi din Germania p\u00e2n\u0103 la finalul anului 2026<\/span><\/a><\/li>\n<li><a href=\"https:\/\/r3media.ro\/guvernul-bolojan-vrea-sa-impuna-un-capital-social-de-8-000-de-lei-pentru-srl-uri-o-crestere-de-40-ori-majoritatea-srl-urilor-sunt-autohtone\/\" class=\"crp_link post-112364\"><span class=\"crp_title\">Guvernul Bolojan vrea s\u0103 impun\u0103 un capital social de 8.000 de lei pentru SRL-uri, o cre\u0219tere\u2026<\/span><\/a><\/li>\n<li><a href=\"https:\/\/r3media.ro\/propunere-bruxelles-industria-auto-romania-dacia-ford-otosan\/\" class=\"crp_link post-116333\"><span class=\"crp_title\">Propunere de la Bruxelles cu poten\u021bial impact masiv pentru industria auto din Rom\u00e2nia: Dacia\u2026<\/span><\/a><\/li>\n<li><a href=\"https:\/\/r3media.ro\/radu-georgescu-maxim-capitalism-anii-2000-garsoniera-salarii\/\" class=\"crp_link post-119741\"><span class=\"crp_title\">Radu Georgescu: Maximul capitalismului \u00een Rom\u00e2nia, cred eu, a fost \u00een perioada 2000\u20132008.\u2026<\/span><\/a><\/li>\n<li><a href=\"https:\/\/r3media.ro\/cristian-hostiuc-lideri-romani-produse-romania\/\" class=\"crp_link post-116495\"><span class=\"crp_title\">Cristian Hostiuc: De ce liderii politici rom\u00e2ni nu fac lobby pentru produsele realizate \u00een\u2026<\/span><\/a><\/li>\n<\/ul>\n<\/div>\n<\/div>\n<\/div>\n<div class=\"td_block_wrap tdb_single_tags tdi_19 td-pb-border-top td_block_template_1\" data-td-block-uid=\"tdi_19\">\n<div class=\"tdb-block-inner td-fix-index\">\n<ul class=\"tdb-tags\">\n<li><span>SUBIECTE FIERBIN\u021aI<\/span><\/li>\n<li><a href=\"https:\/\/r3media.ro\/tag\/economia-romaniei\/\">economia romaniei<\/a><\/li>\n<li><a href=\"https:\/\/r3media.ro\/tag\/industria-auto\/\">industria auto<\/a><\/li>\n<\/ul>\n<\/div>\n<\/div>\n<div class=\"td_block_wrap td_block_9 tdi_20 td_with_ajax_pagination td-pb-border-top td_block_template_1 td-column-2 td_block_padding td_block_bot_line\" data-td-block-uid=\"tdi_20\">\n<div class=\"td-block-title-wrap\">\n<h4 class=\"block-title td-block-title\"><span class=\"td-pulldown-size\">CITE\u0218TE MAI MULT<\/span><\/h4>\n<\/div>\n<div id=\"tdi_20\" class=\"td_block_inner\">\n<div class=\"td-block-row\">\n<div class=\"td-block-span6\">\n<div class=\"td_module_8 td_module_wrap\">\n<div class=\"item-details\">\n<h3 class=\"entry-title td-module-title\"><a href=\"https:\/\/r3media.ro\/criza-apei-grecia-sapte-insule-stare-de-urgenta-localnici-recolte\/\" rel=\"bookmark\" title=\"Criza apei pe \u0219apte insule din Grecia: A fost emis\u0103 stare de urgen\u021b\u0103. Localnicii nu mai au cu ce s\u0103-\u0219i ude recoltele\">Criza apei pe \u0219apte insule din Grecia: A fost emis\u0103 stare de urgen\u021b\u0103. Localnicii&#8230;<\/a><\/h3>\n<div class=\"td-module-meta-info\"><a href=\"https:\/\/r3media.ro\/category\/actualitate\/\" class=\"td-post-category\">ACTUALITATE<\/a><span class=\"td-post-author-name\"><a href=\"https:\/\/r3media.ro\/author\/oana\/\">Oana Ivan<\/a><span>&#8211;<\/span><\/span><span class=\"td-post-date\"><time class=\"entry-date updated td-module-date\" datetime=\"2026-07-16T17:55:42+03:00\">16\/07\/2026<\/time><\/span><\/div>\n<\/div>\n<\/div>\n<\/div>\n<div class=\"td-block-span6\">\n<div class=\"td_module_8 td_module_wrap\">\n<div class=\"item-details\">\n<h3 class=\"entry-title td-module-title\"><a href=\"https:\/\/r3media.ro\/prof-ioan-aurel-pop-ong-antisemitism-xenofobie\/\" rel=\"bookmark\" title=\"Prof. Ioan-Aurel Pop: Anumite ONG-uri vor s\u0103 \u00eent\u0103reasc\u0103 antisemitismul \u0219i xenofobia, pentru c\u0103 ele s-au \u00eenfiin\u021bat ca s\u0103 combat\u0103 asemenea lucruri\">Prof. Ioan-Aurel Pop: Anumite ONG-uri vor s\u0103 \u00eent\u0103reasc\u0103 antisemitismul \u0219i xenofobia, pentru c\u0103 ele&#8230;<\/a><\/h3>\n<div class=\"td-module-meta-info\"><a href=\"https:\/\/r3media.ro\/category\/actualitate\/\" class=\"td-post-category\">ACTUALITATE<\/a><span class=\"td-post-author-name\"><a href=\"https:\/\/r3media.ro\/author\/radu_ursan\/\">Radu Ursan<\/a><span>&#8211;<\/span><\/span><span class=\"td-post-date\"><time class=\"entry-date updated td-module-date\" datetime=\"2026-07-16T15:28:25+03:00\">16\/07\/2026<\/time><\/span><\/div>\n<\/div>\n<\/div>\n<\/div>\n<\/div>\n<div class=\"td-block-row\">\n<div class=\"td-block-span6\">\n<div class=\"td_module_8 td_module_wrap\">\n<div class=\"item-details\">\n<h3 class=\"entry-title td-module-title\"><a href=\"https:\/\/r3media.ro\/deznationala-frantei-a-invins-franta\/\" rel=\"bookmark\" title=\"Dezna\u021bionala Fran\u021bei a \u00eenvins Fran\u021ba \u00a0\u00a0\">Dezna\u021bionala Fran\u021bei a \u00eenvins Fran\u021ba \u00a0\u00a0<\/a><\/h3>\n<div class=\"td-module-meta-info\"><a href=\"https:\/\/r3media.ro\/category\/actualitate\/\" class=\"td-post-category\">ACTUALITATE<\/a><span class=\"td-post-author-name\"><a href=\"https:\/\/r3media.ro\/author\/tru\/\">TRU (Traian Ungureanu)<\/a><span>&#8211;<\/span><\/span><span class=\"td-post-date\"><time class=\"entry-date updated td-module-date\" datetime=\"2026-07-15T20:57:25+03:00\">15\/07\/2026<\/time><\/span><\/div>\n<\/div>\n<\/div>\n<\/div>\n<div class=\"td-block-span6\">\n<div class=\"td_module_8 td_module_wrap\">\n<div class=\"item-details\">\n<h3 class=\"entry-title td-module-title\"><a href=\"https:\/\/r3media.ro\/revolte-violente-franta-eliminare-cupa-mondiala-spania-video\/\" rel=\"bookmark\" title=\"VIDEO | Revolte violente \u00een Fran\u021ba dup\u0103 eliminarea de la Cupa Mondial\u0103\">VIDEO | Revolte violente \u00een Fran\u021ba dup\u0103 eliminarea de la Cupa Mondial\u0103<\/a><\/h3>\n<div class=\"td-module-meta-info\"><a href=\"https:\/\/r3media.ro\/category\/actualitate\/\" class=\"td-post-category\">ACTUALITATE<\/a><span class=\"td-post-author-name\"><a href=\"https:\/\/r3media.ro\/author\/oana\/\">Oana Ivan<\/a><span>&#8211;<\/span><\/span><span class=\"td-post-date\"><time class=\"entry-date updated td-module-date\" datetime=\"2026-07-15T15:35:05+03:00\">15\/07\/2026<\/time><\/span><\/div>\n<\/div>\n<\/div>\n<\/div>\n<\/div>\n<div class=\"td-block-row\">\n<div class=\"td-block-span6\">\n<div class=\"td_module_8 td_module_wrap\">\n<div class=\"item-details\">\n<h3 class=\"entry-title td-module-title\"><a href=\"https:\/\/r3media.ro\/cine-este-cu-adevarat-francez\/\" rel=\"bookmark\" title=\"Cine este cu adev\u0103rat francez?\">Cine este cu adev\u0103rat francez?<\/a><\/h3>\n<div class=\"td-module-meta-info\"><a href=\"https:\/\/r3media.ro\/category\/actualitate\/\" class=\"td-post-category\">ACTUALITATE<\/a><span class=\"td-post-author-name\"><a href=\"https:\/\/r3media.ro\/author\/gabipopa\/\">Gabriel Popa<\/a><span>&#8211;<\/span><\/span><span class=\"td-post-date\"><time class=\"entry-date updated td-module-date\" datetime=\"2026-07-15T09:52:34+03:00\">15\/07\/2026<\/time><\/span><\/div>\n<\/div>\n<\/div>\n<\/div>\n<div class=\"td-block-span6\">\n<div class=\"td_module_8 td_module_wrap\">\n<div class=\"item-details\">\n<h3 class=\"entry-title td-module-title\"><a href=\"https:\/\/r3media.ro\/ioan-aurel-pop-lege-vexler-razboi-istoria\/\" rel=\"bookmark\" title=\"Ioan-Aurel Pop critic\u0103 legea Vexler \u00eentr-un articol de neratat: Nu putem s\u0103 ducem un r\u0103zboi cu istoria\">Ioan-Aurel Pop critic\u0103 legea Vexler \u00eentr-un articol de neratat: Nu putem s\u0103 ducem un&#8230;<\/a><\/h3>\n<div class=\"td-module-meta-info\"><a href=\"https:\/\/r3media.ro\/category\/actualitate\/\" class=\"td-post-category\">ACTUALITATE<\/a><span class=\"td-post-author-name\"><a href=\"https:\/\/r3media.ro\/author\/radu_ursan\/\">Radu Ursan<\/a><span>&#8211;<\/span><\/span><span class=\"td-post-date\"><time class=\"entry-date updated td-module-date\" datetime=\"2026-07-12T21:42:54+03:00\">12\/07\/2026<\/time><\/span><\/div>\n<\/div>\n<\/div>\n<\/div>\n<\/div>\n<div class=\"td-block-row\">\n<div class=\"td-block-span6\">\n<div class=\"td_module_8 td_module_wrap\">\n<div class=\"item-details\">\n<h3 class=\"entry-title td-module-title\"><a href=\"https:\/\/r3media.ro\/scandalul-rachetelor-patriot-zguduie-polonia-varsovia-declasifica-tot-ajutorul-militar-acordat-ucrainei\/\" rel=\"bookmark\" title=\"Scandalul rachetelor Patriot zguduie Polonia: Var\u0219ovia declasific\u0103 tot ajutorul militar acordat Ucrainei\">Scandalul rachetelor Patriot zguduie Polonia: Var\u0219ovia declasific\u0103 tot ajutorul militar acordat Ucrainei<\/a><\/h3>\n<div class=\"td-module-meta-info\"><a href=\"https:\/\/r3media.ro\/category\/stiri\/\" class=\"td-post-category\">\u0218TIRI<\/a><span class=\"td-post-author-name\"><a href=\"https:\/\/r3media.ro\/author\/radu_ursan\/\">Radu Ursan<\/a><span>&#8211;<\/span><\/span><span class=\"td-post-date\"><time class=\"entry-date updated td-module-date\" datetime=\"2026-07-12T20:43:04+03:00\">12\/07\/2026<\/time><\/span><\/div>\n<\/div>\n<\/div>\n<\/div>\n<div class=\"td-block-span6\">\n<div class=\"td_module_8 td_module_wrap\">\n<div class=\"item-details\">\n<h3 class=\"entry-title td-module-title\"><a href=\"https:\/\/r3media.ro\/ce-ne-facem-cu-atatia-prosti\/\" rel=\"bookmark\" title=\"Ce ne facem cu at\u00e2\u021bia pro\u0219ti?\">Ce ne facem cu at\u00e2\u021bia pro\u0219ti?<\/a><\/h3>\n<div class=\"td-module-meta-info\"><a href=\"https:\/\/r3media.ro\/category\/opinii\/\" class=\"td-post-category\">OPINII<\/a><span class=\"td-post-author-name\"><a href=\"https:\/\/r3media.ro\/author\/alexandru_racu\/\">Alexandru Racu<\/a><span>&#8211;<\/span><\/span><span class=\"td-post-date\"><time class=\"entry-date updated td-module-date\" datetime=\"2026-07-12T14:11:45+03:00\">12\/07\/2026<\/time><\/span><\/div>\n<\/div>\n<\/div>\n<\/div>\n<\/div>\n<div class=\"td-block-row\">\n<div class=\"td-block-span6\">\n<div class=\"td_module_8 td_module_wrap\">\n<div class=\"item-details\">\n<h3 class=\"entry-title td-module-title\"><a href=\"https:\/\/r3media.ro\/guvernul-sanchez-demoleaza-monumentul-de-la-majadahonda-ion-mota-vasile-marin-lupta-rzaboiul-civil-spaniol-comunisti\/\" rel=\"bookmark\" title=\"Guvernul Sanchez demoleaz\u0103 Monumentul de la Majadahonda, dedicat lui Ion Mo\u021ba \u0219i Vasile Marin, rom\u00e2nii care au luptat \u00eempotriva comuni\u0219tilor \u00een R\u0103zboiul Civil Spaniol\">Guvernul Sanchez demoleaz\u0103 Monumentul de la Majadahonda, dedicat lui Ion Mo\u021ba \u0219i Vasile Marin,&#8230;<\/a><\/h3>\n<div class=\"td-module-meta-info\"><a href=\"https:\/\/r3media.ro\/category\/actualitate\/\" class=\"td-post-category\">ACTUALITATE<\/a><span class=\"td-post-author-name\"><a href=\"https:\/\/r3media.ro\/author\/oana\/\">Oana Ivan<\/a><span>&#8211;<\/span><\/span><span class=\"td-post-date\"><time class=\"entry-date updated td-module-date\" datetime=\"2026-07-12T01:11:49+03:00\">12\/07\/2026<\/time><\/span><\/div>\n<\/div>\n<\/div>\n<\/div>\n<div class=\"td-block-span6\">\n<div class=\"td_module_8 td_module_wrap\">\n<div class=\"item-details\">\n<h3 class=\"entry-title td-module-title\"><a href=\"https:\/\/r3media.ro\/sofer-surpriza-neplacuta-benzinarie-austria-oprit-apa-portbagaj\/\" rel=\"bookmark\" title=\"Un \u0219ofer a avut parte de o surpriz\u0103 nepl\u0103cut\u0103 la benzin\u0103rie dup\u0103 ce a oprit un minut \u0219i 28 de secunde pentru a scoate o sticl\u0103 de ap\u0103 din portbagaj\">Un \u0219ofer a avut parte de o surpriz\u0103 nepl\u0103cut\u0103 la benzin\u0103rie dup\u0103 ce a&#8230;<\/a><\/h3>\n<div class=\"td-module-meta-info\"><a href=\"https:\/\/r3media.ro\/category\/actualitate\/\" class=\"td-post-category\">ACTUALITATE<\/a><span class=\"td-post-author-name\"><a href=\"https:\/\/r3media.ro\/author\/oana\/\">Oana Ivan<\/a><span>&#8211;<\/span><\/span><span class=\"td-post-date\"><time class=\"entry-date updated td-module-date\" datetime=\"2026-07-11T13:00:01+03:00\">11\/07\/2026<\/time><\/span><\/div>\n<\/div>\n<\/div>\n<\/div>\n<\/div>\n<div class=\"td-block-row\">\n<div class=\"td-block-span6\">\n<div class=\"td_module_8 td_module_wrap\">\n<div class=\"item-details\">\n<h3 class=\"entry-title td-module-title\"><a href=\"https:\/\/r3media.ro\/o-femeie-mentalitate-femei-moderne-printese-disney\/\" rel=\"bookmark\" title=\"VIDEO | O femeie critic\u0103 mentalitatea femeii moderne care distruge rela\u021bia cu b\u0103rbatul s\u0103u: Suntem crescute \u00een ideea de prin\u021bese, dar nu suntem la Disney\">VIDEO | O femeie critic\u0103 mentalitatea femeii moderne care distruge rela\u021bia cu b\u0103rbatul s\u0103u:&#8230;<\/a><\/h3>\n<div class=\"td-module-meta-info\"><a href=\"https:\/\/r3media.ro\/category\/actualitate\/\" class=\"td-post-category\">ACTUALITATE<\/a><span class=\"td-post-author-name\"><a href=\"https:\/\/r3media.ro\/author\/teodor_stan\/\">Teodor Stan<\/a><span>&#8211;<\/span><\/span><span class=\"td-post-date\"><time class=\"entry-date updated td-module-date\" datetime=\"2026-07-10T12:47:58+03:00\">10\/07\/2026<\/time><\/span><\/div>\n<\/div>\n<\/div>\n<\/div>\n<div class=\"td-block-span6\">\n<div class=\"td_module_8 td_module_wrap\">\n<div class=\"item-details\">\n<h3 class=\"entry-title td-module-title\"><a href=\"https:\/\/r3media.ro\/cutremur-5-5-grade-scara-richter-resimtit-cehia-slovacia\/\" rel=\"bookmark\" title=\"Cutremur de 5.5 grade pe scara Richter. S-a resim\u021bit \u00een Cehia \u0219i Slovacia\">Cutremur de 5.5 grade pe scara Richter. S-a resim\u021bit \u00een Cehia \u0219i Slovacia<\/a><\/h3>\n<div class=\"td-module-meta-info\"><a href=\"https:\/\/r3media.ro\/category\/actualitate\/\" class=\"td-post-category\">ACTUALITATE<\/a><span class=\"td-post-author-name\"><a href=\"https:\/\/r3media.ro\/author\/oana\/\">Oana Ivan<\/a><span>&#8211;<\/span><\/span><span class=\"td-post-date\"><time class=\"entry-date updated td-module-date\" datetime=\"2026-07-09T20:48:24+03:00\">09\/07\/2026<\/time><\/span><\/div>\n<\/div>\n<\/div>\n<\/div>\n<\/div>\n<\/div>\n<div class=\"td-load-more-wrap td-load-more-infinite-wrap\" id=\"infinite-lm-tdi_20\"><a href=\"https:\/\/r3media.ro\/romani-isi-pierd-locul-de-munca-in-fiecare-luna\/\" class=\"td_ajax_load_more td_ajax_load_more_js\" aria-label=\"\u00cenc\u0103rca\u021bi mai multe\" id=\"next-page-tdi_20\" data-td_block_id=\"tdi_20\">\u00cenc\u0103rca\u021bi mai multe<\/a><\/div>\n<\/div>\n<div class=\"td_block_wrap tdb_single_comments tdi_21 tdb-comm-layout2 td-pb-border-top td_block_template_1\" data-td-block-uid=\"tdi_21\">\n<div class=\"tdb-block-inner td-fix-index\">\n<div class=\"comments\" id=\"comments\">\n<div id=\"respond\" class=\"comment-respond\">\n<h3 id=\"reply-title\" class=\"comment-reply-title\">AI CEVA DE SPUS? <small><a rel=\"nofollow\" id=\"cancel-comment-reply-link\" href=\"https:\/\/r3media.ro\/romani-isi-pierd-locul-de-munca-in-fiecare-luna\/#respond\">Renun\u021ba\u021bi la r\u0103spuns<\/a><\/small><\/h3>\n<div class=\"comment-form-input-wrap td-form-comment\">\n<div class=\"td-warning-comment\">V\u0103 rug\u0103m s\u0103 introduce\u021bi comentariul dvs.!<\/div>\n<\/div>\n<div class=\"comment-form-input-wrap td-form-author\">\n<div class=\"td-warning-author\">Introduce\u021bi aici numele dvs.<\/div>\n<\/div>\n<div class=\"comment-form-input-wrap td-form-email\">\n<div class=\"td-warning-email-error\">A\u021bi introdus o adres\u0103 de e-mail incorect\u0103!<\/div>\n<div class=\"td-warning-email\">V\u0103 rug\u0103m s\u0103 introduce\u021bi adresa dvs. de e-mail aici<\/div>\n<\/div>\n<\/div>\n<\/div>\n<\/div>\n<\/div>\n<\/div>\n<\/div>\n<div class=\"vc_column tdi_23  wpb_column vc_column_container tdc-column td-pb-span4 td-is-sticky\">\n<div class=\"wpb_wrapper\" data-sticky-enabled-on=\"W3RydWUsdHJ1ZSx0cnVlLHRydWVd\" data-sticky-offset=\"20\" data-sticky-is-width-auto=\"W2ZhbHNlLGZhbHNlLGZhbHNlLGZhbHNlXQ==\">\n<div class=\"wpb_wrapper td_block_wrap vc_widget_sidebar tdi_25 \">\n<div class=\"td_block_wrap td_block_7 td_block_widget tdi_26 td-pb-border-top td_block_template_1 td-column-1 td_block_padding\" data-td-block-uid=\"tdi_26\">\n<div class=\"td-block-title-wrap\">\n<h4 class=\"block-title td-block-title\"><span class=\"td-pulldown-size\">Articole RELA\u021aIONATE<\/span><\/h4>\n<\/div>\n<div id=\"tdi_26\" class=\"td_block_inner\">\n<div class=\"td-block-span12\">\n<div class=\"td_module_6 td_module_wrap td-animation-stack\">\n<div class=\"td-module-thumb\"><a href=\"https:\/\/r3media.ro\/fratii-tate-arestati-in-miami-marea-britanie-cere-extradarea-lor-dupa-noi-acuzatii-de-viol-si-trafic-de-persoane\/\" rel=\"bookmark\" class=\"td-image-wrap \" title=\"Fra\u021bii Tate au fost aresta\u0163i \u00een Miami. Marea Britanie cere extr\u0103darea lor, dup\u0103 noi acuza\u021bii de viol \u0219i trafic de persoane\"><img loading=\"lazy\" decoding=\"async\" class=\"entry-thumb\" src=\"https:\/\/r3media.ro\/wp-content\/uploads\/2025\/07\/andrew-tate-100x70.png\" alt title=\"Fra\u021bii Tate au fost aresta\u0163i \u00een Miami. Marea Britanie cere extr\u0103darea lor, dup\u0103 noi acuza\u021bii de viol \u0219i trafic de persoane\" width=\"100\" height=\"70\"><\/a><\/div>\n<div class=\"item-details\">\n<h3 class=\"entry-title td-module-title\"><a href=\"https:\/\/r3media.ro\/fratii-tate-arestati-in-miami-marea-britanie-cere-extradarea-lor-dupa-noi-acuzatii-de-viol-si-trafic-de-persoane\/\" rel=\"bookmark\" title=\"Fra\u021bii Tate au fost aresta\u0163i \u00een Miami. Marea Britanie cere extr\u0103darea lor, dup\u0103 noi acuza\u021bii de viol \u0219i trafic de persoane\">Fra\u021bii Tate au fost aresta\u0163i \u00een Miami. Marea Britanie cere extr\u0103darea&#8230;<\/a><\/h3>\n<div class=\"td-module-meta-info\"><span class=\"td-post-date\"><time class=\"entry-date updated td-module-date\" datetime=\"2026-07-20T11:54:53+03:00\">20\/07\/2026<\/time><\/span><\/div>\n<\/div>\n<\/div>\n<\/div>\n<div class=\"td-block-span12\">\n<div class=\"td_module_6 td_module_wrap td-animation-stack\">\n<div class=\"td-module-thumb\"><a href=\"https:\/\/r3media.ro\/rabla-2026-ghid-complet-persoane-fizice-masina-noua\/\" rel=\"bookmark\" class=\"td-image-wrap \" title=\"Rabla 2026: Ghidul complet pentru persoane fizice care vor s\u0103-\u0219i cumpere o ma\u0219in\u0103 nou\u0103\"><img loading=\"lazy\" decoding=\"async\" class=\"entry-thumb\" src=\"https:\/\/r3media.ro\/wp-content\/uploads\/2026\/05\/rabla-2026-100x70.jpg\" alt title=\"Rabla 2026: Ghidul complet pentru persoane fizice care vor s\u0103-\u0219i cumpere o ma\u0219in\u0103 nou\u0103\" width=\"100\" height=\"70\"><\/a><\/div>\n<div class=\"item-details\">\n<h3 class=\"entry-title td-module-title\"><a href=\"https:\/\/r3media.ro\/rabla-2026-ghid-complet-persoane-fizice-masina-noua\/\" rel=\"bookmark\" title=\"Rabla 2026: Ghidul complet pentru persoane fizice care vor s\u0103-\u0219i cumpere o ma\u0219in\u0103 nou\u0103\">Rabla 2026: Ghidul complet pentru persoane fizice care vor s\u0103-\u0219i cumpere&#8230;<\/a><\/h3>\n<div class=\"td-module-meta-info\"><span class=\"td-post-date\"><time class=\"entry-date updated td-module-date\" datetime=\"2026-07-20T10:09:16+03:00\">20\/07\/2026<\/time><\/span><\/div>\n<\/div>\n<\/div>\n<\/div>\n<div class=\"td-block-span12\">\n<div class=\"td_module_6 td_module_wrap td-animation-stack\">\n<div class=\"td-module-thumb\"><a href=\"https:\/\/r3media.ro\/economia-germaniei-situatie-critica-nemti-munca-duminica\/\" rel=\"bookmark\" class=\"td-image-wrap \" title=\"Economia Germaniei, \u00eentr-o situa\u021bie critic\u0103: Nem\u021bii se g\u00e2ndesc s\u0103 munceasc\u0103 din nou duminica\"><img loading=\"lazy\" decoding=\"async\" class=\"entry-thumb\" src=\"https:\/\/r3media.ro\/wp-content\/uploads\/2026\/07\/steagul-germaniei-pe-bundestag-100x70.jpg\" alt title=\"Economia Germaniei, \u00eentr-o situa\u021bie critic\u0103: Nem\u021bii se g\u00e2ndesc s\u0103 munceasc\u0103 din nou duminica\" width=\"100\" height=\"70\"><\/a><\/div>\n<div class=\"item-details\">\n<h3 class=\"entry-title td-module-title\"><a href=\"https:\/\/r3media.ro\/economia-germaniei-situatie-critica-nemti-munca-duminica\/\" rel=\"bookmark\" title=\"Economia Germaniei, \u00eentr-o situa\u021bie critic\u0103: Nem\u021bii se g\u00e2ndesc s\u0103 munceasc\u0103 din nou duminica\">Economia Germaniei, \u00eentr-o situa\u021bie critic\u0103: Nem\u021bii se g\u00e2ndesc s\u0103 munceasc\u0103 din&#8230;<\/a><\/h3>\n<div class=\"td-module-meta-info\"><span class=\"td-post-date\"><time class=\"entry-date updated td-module-date\" datetime=\"2026-07-20T09:50:42+03:00\">20\/07\/2026<\/time><\/span><\/div>\n<\/div>\n<\/div>\n<\/div>\n<div class=\"td-block-span12\">\n<div class=\"td_module_6 td_module_wrap td-animation-stack\">\n<div class=\"td-module-thumb\"><a href=\"https:\/\/r3media.ro\/cupa-mondiala-2026-america-rezultate-program\/\" rel=\"bookmark\" class=\"td-image-wrap \" title=\"Cupa Mondial\u0103 2026 America: Rezultate complete \u0219i rogramul meciurilor\"><img loading=\"lazy\" decoding=\"async\" class=\"entry-thumb\" src=\"https:\/\/r3media.ro\/wp-content\/uploads\/2026\/05\/cupa-mondiala-2026-america-100x70.jpg\" alt title=\"Cupa Mondial\u0103 2026 America: Rezultate complete \u0219i rogramul meciurilor\" width=\"100\" height=\"70\"><\/a><\/div>\n<div class=\"item-details\">\n<h3 class=\"entry-title td-module-title\"><a href=\"https:\/\/r3media.ro\/cupa-mondiala-2026-america-rezultate-program\/\" rel=\"bookmark\" title=\"Cupa Mondial\u0103 2026 America: Rezultate complete \u0219i rogramul meciurilor\">Cupa Mondial\u0103 2026 America: Rezultate complete \u0219i rogramul meciurilor<\/a><\/h3>\n<div class=\"td-module-meta-info\"><span class=\"td-post-date\"><time class=\"entry-date updated td-module-date\" datetime=\"2026-07-20T08:28:07+03:00\">20\/07\/2026<\/time><\/span><\/div>\n<\/div>\n<\/div>\n<\/div>\n<div class=\"td-block-span12\">\n<div class=\"td_module_6 td_module_wrap td-animation-stack\">\n<div class=\"td-module-thumb\"><a href=\"https:\/\/r3media.ro\/spania-invinge-argentina-castiga-cupa-mondiala\/\" rel=\"bookmark\" class=\"td-image-wrap \" title=\"Spania a \u00eenvins Argentina \u0219i a c\u00e2\u0219tigat Cupa Mondial\u0103 pentru a doua oar\u0103 \u00een istorie\"><img loading=\"lazy\" decoding=\"async\" class=\"entry-thumb\" src=\"https:\/\/r3media.ro\/wp-content\/uploads\/2026\/07\/echipa-de-fotbal-a-spaniei-2026-100x70.png\" alt title=\"Spania a \u00eenvins Argentina \u0219i a c\u00e2\u0219tigat Cupa Mondial\u0103 pentru a doua oar\u0103 \u00een istorie\" width=\"100\" height=\"70\"><\/a><\/div>\n<div class=\"item-details\">\n<h3 class=\"entry-title td-module-title\"><a href=\"https:\/\/r3media.ro\/spania-invinge-argentina-castiga-cupa-mondiala\/\" rel=\"bookmark\" title=\"Spania a \u00eenvins Argentina \u0219i a c\u00e2\u0219tigat Cupa Mondial\u0103 pentru a doua oar\u0103 \u00een istorie\">Spania a \u00eenvins Argentina \u0219i a c\u00e2\u0219tigat Cupa Mondial\u0103 pentru a&#8230;<\/a><\/h3>\n<div class=\"td-module-meta-info\"><span class=\"td-post-date\"><time class=\"entry-date updated td-module-date\" datetime=\"2026-07-20T01:04:07+03:00\">20\/07\/2026<\/time><\/span><\/div>\n<\/div>\n<\/div>\n<\/div>\n<div class=\"td-block-span12\">\n<div class=\"td_module_6 td_module_wrap td-animation-stack\">\n<div class=\"td-module-thumb\"><a href=\"https:\/\/r3media.ro\/20-iulie-sf-ilie-tesviteanul\/\" rel=\"bookmark\" class=\"td-image-wrap \" title=\"Calendarul zilei 20 iulie: Sf. Ilie Tesviteanul. Ziua Avia\u021biei Rom\u00e2ne\"><img loading=\"lazy\" decoding=\"async\" class=\"entry-thumb\" src=\"https:\/\/r3media.ro\/wp-content\/uploads\/2022\/07\/sf-ilie-100x70.jpg\" alt title=\"Calendarul zilei 20 iulie: Sf. Ilie Tesviteanul. Ziua Avia\u021biei Rom\u00e2ne\" width=\"100\" height=\"70\"><\/a><\/div>\n<div class=\"item-details\">\n<h3 class=\"entry-title td-module-title\"><a href=\"https:\/\/r3media.ro\/20-iulie-sf-ilie-tesviteanul\/\" rel=\"bookmark\" title=\"Calendarul zilei 20 iulie: Sf. Ilie Tesviteanul. Ziua Avia\u021biei Rom\u00e2ne\">Calendarul zilei 20 iulie: Sf. Ilie Tesviteanul. Ziua Avia\u021biei Rom\u00e2ne<\/a><\/h3>\n<div class=\"td-module-meta-info\"><span class=\"td-post-date\"><time class=\"entry-date updated td-module-date\" datetime=\"2026-07-19T22:30:13+03:00\">19\/07\/2026<\/time><\/span><\/div>\n<\/div>\n<\/div>\n<\/div>\n<div class=\"td-block-span12\">\n<div class=\"td_module_6 td_module_wrap td-animation-stack\">\n<div class=\"td-module-thumb\"><a href=\"https:\/\/r3media.ro\/prapad-busteni-valea-prahovei-statiuni-ploi-viitura-oameni-raniti-masini-avariate-case-inundate\/\" rel=\"bookmark\" class=\"td-image-wrap \" title=\"VIDEO | Pr\u0103p\u0103d la Bu\u0219teni! Ploile au cauzat o viitur\u0103 care a m\u0103turat tot \u00een cale \u00een sta\u021biunile de pe valea Prahovei: oameni r\u0103ni\u021bi, ma\u0219ini avariate \u0219i locuin\u021be inundate\"><img loading=\"lazy\" decoding=\"async\" class=\"entry-thumb\" src=\"https:\/\/r3media.ro\/wp-content\/uploads\/2026\/07\/viitura-busteni-100x70.jpg\" alt title=\"VIDEO | Pr\u0103p\u0103d la Bu\u0219teni! Ploile au cauzat o viitur\u0103 care a m\u0103turat tot \u00een cale \u00een sta\u021biunile de pe valea Prahovei: oameni r\u0103ni\u021bi, ma\u0219ini avariate \u0219i locuin\u021be inundate\" width=\"100\" height=\"70\"><\/a><\/div>\n<div class=\"item-details\">\n<h3 class=\"entry-title td-module-title\"><a href=\"https:\/\/r3media.ro\/prapad-busteni-valea-prahovei-statiuni-ploi-viitura-oameni-raniti-masini-avariate-case-inundate\/\" rel=\"bookmark\" title=\"VIDEO | Pr\u0103p\u0103d la Bu\u0219teni! Ploile au cauzat o viitur\u0103 care a m\u0103turat tot \u00een cale \u00een sta\u021biunile de pe valea Prahovei: oameni r\u0103ni\u021bi, ma\u0219ini avariate \u0219i locuin\u021be inundate\">VIDEO | Pr\u0103p\u0103d la Bu\u0219teni! Ploile au cauzat o viitur\u0103 care&#8230;<\/a><\/h3>\n<div class=\"td-module-meta-info\"><span class=\"td-post-date\"><time class=\"entry-date updated td-module-date\" datetime=\"2026-07-19T19:07:45+03:00\">19\/07\/2026<\/time><\/span><\/div>\n<\/div>\n<\/div>\n<\/div>\n<\/div>\n<\/div>\n<aside class=\"td_block_template_1 widget widget_recent_comments\">\n<h4 class=\"block-title\"><span>INTR\u0102 \u00ceN DISCU\u021aIE!<\/span><\/h4>\n<ul id=\"recentcomments\">\n<li class=\"recentcomments\"><span class=\"comment-author-link\">Isabel<\/span> la <a href=\"https:\/\/r3media.ro\/prapad-busteni-valea-prahovei-statiuni-ploi-viitura-oameni-raniti-masini-avariate-case-inundate\/#comment-40286\">VIDEO | Pr\u0103p\u0103d la Bu\u0219teni! Ploile au cauzat o viitur\u0103 care a m\u0103turat tot \u00een cale \u00een sta\u021biunile de pe valea Prahovei: oameni r\u0103ni\u021bi, ma\u0219ini avariate \u0219i locuin\u021be inundate<\/a><\/li>\n<li class=\"recentcomments\"><span class=\"comment-author-link\">Laris<\/span> la <a href=\"https:\/\/r3media.ro\/primar-cetateni-oradea-presiuni-lgbt\/#comment-40281\">Primarul \u0219i cet\u0103\u021benii din Oradea, presa\u021bi de lobby-ul interna\u021bional LGBT s\u0103 permit\u0103 mar\u0219ul homosexualit\u0103\u021bii pe str\u0103zile ora\u0219ului<\/a><\/li>\n<li class=\"recentcomments\"><span class=\"comment-author-link\">Laris<\/span> la <a href=\"https:\/\/r3media.ro\/aur-sustine-ca-dan-tanasa-este-urmarit-penal-pentru-instigare-la-ura\/#comment-40280\">AUR sus\u021bine c\u0103 Dan T\u0103nas\u0103 este urm\u0103rit penal pentru instigare la ur\u0103<\/a><\/li>\n<li class=\"recentcomments\"><span class=\"comment-author-link\">Laris<\/span> la <a href=\"https:\/\/r3media.ro\/dragos-tanase-demisie-conducere-gabriel-resources-18-ani\/#comment-40279\">Drago\u0219 T\u0103nase a demisionat de la conducerea Gabriel Resources dup\u0103 18 ani<\/a><\/li>\n<li class=\"recentcomments\"><span class=\"comment-author-link\">Doru<\/span> la <a href=\"https:\/\/r3media.ro\/prof-dan-dungaciu-federatia-rusa-ajutor-pentru-ucraina\/#comment-40277\">Prof. Dan Dungaciu: Tu vrei s\u0103 love\u0219ti ariciul, adic\u0103 Federa\u021bia Rus\u0103, cu s\u00e2ngele, carnea \u0219i oasele ucrainenilor. \u0102sta e un ajutor pentru Ucraina?<\/a><\/li>\n<li class=\"recentcomments\"><span class=\"comment-author-link\">Constantin<\/span> la <a href=\"https:\/\/r3media.ro\/primar-cetateni-oradea-presiuni-lgbt\/#comment-40276\">Primarul \u0219i cet\u0103\u021benii din Oradea, presa\u021bi de lobby-ul interna\u021bional LGBT s\u0103 permit\u0103 mar\u0219ul homosexualit\u0103\u021bii pe str\u0103zile ora\u0219ului<\/a><\/li>\n<li class=\"recentcomments\"><span class=\"comment-author-link\">Iulian<\/span> la <a href=\"https:\/\/r3media.ro\/nicusor-dan-romania-militar-ucraina-secret\/#comment-40275\">Nicu\u0219or Dan a spus c\u0103 Rom\u00e2nia a transferat din capabilit\u0103\u021bile sale militare defensive c\u0103tre Ucraina \u0219i c\u0103 e bine s\u0103 r\u0103m\u00e2n\u0103 secret<\/a><\/li>\n<\/ul>\n<\/aside>\n<aside class=\"td_block_template_1 widget widget_search\">\n<h4 class=\"block-title\"><span>CAUT\u0102 \u0218I VEI G\u0102SI<\/span><\/h4>\n<\/aside>\n<\/div>\n<\/div>\n<\/div>\n<\/div>\n<\/div>\n<\/div>\n<\/div>\n<p><span class=\"td-page-meta\"><\/span><span class=\"td-page-meta\"><span class=\"td-page-meta\"><\/span><\/span><span class=\"td-page-meta\"><\/span><\/article>\n<\/p>\n<div class=\"td_block_wrap tdb_single_content tdi_18 td-pb-border-top td_block_template_1 td-post-content tagdiv-type\" data-td-block-uid=\"tdi_18\">\n<div class=\"tdb-block-inner td-fix-index\">\n<p><strong>Peste 1.000 de rom\u00e2ni \u00ee\u0219i pierd locul de munc\u0103 \u00een fiecare lun\u0103, relev\u0103 o analiz\u0103 a <a href=\"https:\/\/www.cotidianul.ro\/ploua-cu-someri-1-200-de-romani-sunt-dati-afara-luna-de-luna-doar-din-industria-auto\/\" target=\"_blank\" rel=\"noopener\">Cotidianul.<\/a><\/strong><\/p>\n<p>Acest dezastru are loc \u00een <a href=\"https:\/\/r3media.ro\/tag\/industria-auto\/\" target=\"_blank\" rel=\"noopener\">industria auto<\/a>, care alt\u0103dat\u0103 era un motor al economiei rom\u00e2ne\u0219ti.<\/p>\n<p>Sectorul fabric\u0103rii autovehiculelor \u0219i componentelor auto a cobor\u00e2t \u00een aprilie 2026 la circa 132.800 de salaria\u021bi, cel mai redus nivel de dup\u0103 2012. Fa\u021b\u0103 de v\u00e2rful din 2018, industria a pierdut aproximativ 73.000 de locuri de munc\u0103.<\/p>\n<p>Datele, publicate de Termene.ro pe baza statisticilor INS, confirm\u0103 o sc\u0103dere continu\u0103 a for\u021bei de munc\u0103 din CAEN 29.<\/p>\n<p>\u00cen 2018, sectorul num\u0103ra aproximativ 206.300 de angaja\u021bi \u2014 un record atins dup\u0103 ce, \u00een 2010, lucrau aici doar circa 113.000 de persoane. \u00cen opt ani, industria a pierdut peste o treime din efectivul maxim.<\/p>\n<h2>Declinul s-a accelerat \u00een ultimele 16 luni<\/h2>\n<p>Reducerea nu s-a produs brusc. Dup\u0103 sc\u0103derea din intervalul 2018\u20132021 a urmat o perioad\u0103 de relativ\u0103 stabilitate, cu 160.000\u2013165.000 de angaja\u021bi. Din a doua parte a anului 2023, restructur\u0103rile au devenit \u00eens\u0103 mai vizibile.<\/p>\n<p>Din ianuarie 2025, c\u00e2nd sectorul avea aproximativ 150.900 de salaria\u021bi, p\u00e2n\u0103 \u00een aprilie 2026 s-au pierdut circa 18.100 de locuri de munc\u0103 \u2014 aproximativ 12% din for\u021ba de munc\u0103 \u00een doar 16 luni, cu o medie de 1.200 de persoane lunar \u0219i f\u0103r\u0103 nicio lun\u0103 de cre\u0219tere.<\/p>\n<p>Cea mai sever\u0103 lun\u0103 a fost ianuarie 2026, cu circa 3.100 de angaja\u021bi mai pu\u021bin, urmat\u0103 de aprilie 2026, cu \u00eenc\u0103 1.300.<\/p>\n<p>Produc\u021bia a cobor\u00e2t sub media industriei prelucr\u0103toare<\/p>\n<p>Evolu\u021bia ocup\u0103rii urmeaz\u0103 \u00eendeaproape produc\u021bia. \u00cen 2022 \u0219i 2023, produc\u021bia auto rom\u00e2neasc\u0103 se situa peste nivelul mediu din 2021, sus\u021binut\u0103 de modele noi \u0219i de revenirea cererii post-pandemie.<\/p>\n<p>La \u00eenceputul anului 2026, indicele a cobor\u00e2t \u00eens\u0103 la 91,2 raportat la media lui 2021, \u00een timp ce industria prelucr\u0103toare \u00een ansamblu se afla la 97,5.<\/p>\n<p>Sectorul care ani la r\u00e2nd a compensat sl\u0103biciunile altor ramuri economice a ajuns astfel s\u0103 evolueze sub media industriei.<\/p>\n<h2>Furnizorii de componente, cei mai expu\u0219i<\/h2>\n<p>Rom\u00e2nia este afectat\u0103 \u00een special pentru c\u0103 o mare parte din activitatea local\u0103 este concentrat\u0103 \u00een produc\u021bia de componente \u2014 cablaje, scaune auto, sisteme electronice.<\/p>\n<p>Aceste fabrici depind de comenzile marilor constructori europeni, iar reducerile de la uzinele din Germania sau din alte state se transmit rapid c\u0103tre furnizorii rom\u00e2ni.<\/p>\n<p>Un exemplu \u00eel ofer\u0103 SE Bordnetze SRL, unul dintre cei mai mari angajatori din jude\u021bul Cara\u0219-Severin \u0219i produc\u0103tor important de cablaje auto: potrivit datelor Termene.ro, compania a sc\u0103zut de la aproape 4.000 de salaria\u021bi la finalul lui 2024 la 1.483 de persoane \u00een 2025.<\/p>\n<p>Avantajul competitiv care a atras investi\u021biile \u2014 costuri reduse \u0219i for\u021b\u0103 de munc\u0103 disponibil\u0103 \u2014 este acum erodat de cre\u0219terea costurilor, de concuren\u021ba unor state precum Maroc sau Turcia \u0219i de transform\u0103rile din industria auto european\u0103.<\/p>\n<h2>Ce se \u00eent\u00e2mpl\u0103 cu oamenii disponibiliza\u021bi<\/h2>\n<p>Nu exist\u0103 \u00een acest moment date complete despre c\u00e2\u021bi dintre cei pleca\u021bi din sector s-au recalificat, c\u00e2\u021bi au g\u0103sit alte locuri de munc\u0103 \u0219i c\u00e2\u021bi au ales s\u0103 emigreze.<\/p>\n<p>Efectele se resimt mai ales \u00een ora\u0219ele unde fabricile auto sunt printre principalii angajatori.<\/p>\n<p>Industria continu\u0103 s\u0103 genereze oportunit\u0103\u021bi, dar de alt tip: automatizare, componente pentru vehicule electrice, tehnologii digitale.<\/p>\n<p>Provocarea pentru Rom\u00e2nia r\u0103m\u00e2ne compensarea pierderilor din zonele tradi\u021bionale prin investi\u021bii noi \u0219i prin recalificarea angaja\u021bilor.<\/p>\n<div class=\"crp_related     crp-masonry\">\n<h2>\u00ceN CONTEXT<\/h2>\n<ul>\n<li><a href=\"https:\/\/r3media.ro\/bine-ca-n-au-iesit-suveranistii-1-000-de-oameni-sunt-dati-afara-in-fiecare-luna-intr-un-val-de-disponibilizari-fara-precedent\/\" class=\"crp_link post-113229\"><span class=\"crp_title\">Bine c\u0103 n-au ie\u0219it suverani\u0219tii! 1.000 de oameni sunt da\u021bi afar\u0103 \u00een fiecare lun\u0103, \u00eentr-un\u2026<\/span><\/a><\/li>\n<li><a href=\"https:\/\/r3media.ro\/industria-auto-europeana-software-romania\/\" class=\"crp_link post-119884\"><span class=\"crp_title\">Industria auto european\u0103 \u00ee\u0219i pune software-ul \u00een comun. Impactul asupra Rom\u00e2niei<\/span><\/a><\/li>\n<li><a href=\"https:\/\/r3media.ro\/concedieri-masive-volkswagen-companie-da-afara-angajati-companie-istorie\/\" class=\"crp_link post-119196\"><span class=\"crp_title\">Concedieri masive la Volkswagen: Compania auto vrea s\u0103 dea afar\u0103 100.000 de angaja\u021bi, \u00een cea\u2026<\/span><\/a><\/li>\n<li><a href=\"https:\/\/r3media.ro\/volkswagen-concedieri-19-000-angajati-germania-final-an-2026\/\" class=\"crp_link post-118163\"><span class=\"crp_title\">Volkswagen vrea s\u0103 dea afar\u0103 19.000 de angaja\u021bi din Germania p\u00e2n\u0103 la finalul anului 2026<\/span><\/a><\/li>\n<li><a href=\"https:\/\/r3media.ro\/guvernul-bolojan-vrea-sa-impuna-un-capital-social-de-8-000-de-lei-pentru-srl-uri-o-crestere-de-40-ori-majoritatea-srl-urilor-sunt-autohtone\/\" class=\"crp_link post-112364\"><span class=\"crp_title\">Guvernul Bolojan vrea s\u0103 impun\u0103 un capital social de 8.000 de lei pentru SRL-uri, o cre\u0219tere\u2026<\/span><\/a><\/li>\n<li><a href=\"https:\/\/r3media.ro\/propunere-bruxelles-industria-auto-romania-dacia-ford-otosan\/\" class=\"crp_link post-116333\"><span class=\"crp_title\">Propunere de la Bruxelles cu poten\u021bial impact masiv pentru industria auto din Rom\u00e2nia: Dacia\u2026<\/span><\/a><\/li>\n<li><a href=\"https:\/\/r3media.ro\/radu-georgescu-maxim-capitalism-anii-2000-garsoniera-salarii\/\" class=\"crp_link post-119741\"><span class=\"crp_title\">Radu Georgescu: Maximul capitalismului \u00een Rom\u00e2nia, cred eu, a fost \u00een perioada 2000\u20132008.\u2026<\/span><\/a><\/li>\n<li><a href=\"https:\/\/r3media.ro\/cristian-hostiuc-lideri-romani-produse-romania\/\" class=\"crp_link post-116495\"><span class=\"crp_title\">Cristian Hostiuc: De ce liderii politici rom\u00e2ni nu fac lobby pentru produsele realizate \u00een\u2026<\/span><\/a><\/li>\n<\/ul>\n<\/div>\n<\/div>\n<\/div>\n<p>[analyse_source url=&#8221;https:\/\/r3media.ro\/romani-isi-pierd-locul-de-munca-in-fiecare-luna\/&#8221;]<\/p>\n","protected":false},"excerpt":{"rendered":"<p>[analyse_image type=&#8221;featured&#8221; src=&#8221;https:\/\/r3media.ro\/wp-content\/uploads\/2022\/10\/somaj-e1667219277728.jpghttps:\/\/r3media.ro\/wp-content\/uploads\/2022\/10\/somaj-e1667219277728.jpg&#8221;] ECONOMIEPeste 1.000 de rom\u00e2ni \u00ee\u0219i pierd locul de munc\u0103, \u00een fiecare lun\u0103 ECONOMIEFEATURED\u0218TIRI Peste 1.000 de rom\u00e2ni \u00ee\u0219i pierd locul de munc\u0103, \u00een fiecare lun\u0103 Radu Ursan 20\/07\/2026 Peste 1.000 de rom\u00e2ni \u00ee\u0219i pierd locul de munc\u0103 \u00een fiecare lun\u0103, relev\u0103 o analiz\u0103 a Cotidianul. Acest dezastru are loc \u00een industria auto, [&hellip;]<\/p>\n","protected":false},"author":1,"featured_media":0,"comment_status":"open","ping_status":"","sticky":false,"template":"","format":"standard","meta":{"footnotes":""},"categories":[89],"tags":[226,93],"class_list":["post-2051972","post","type-post","status-publish","format-standard","hentry","category-romania","tag-crawlmanager","tag-r3media-ro"],"_links":{"self":[{"href":"https:\/\/analyse.optim.biz\/index.php?rest_route=\/wp\/v2\/posts\/2051972","targetHints":{"allow":["GET"]}}],"collection":[{"href":"https:\/\/analyse.optim.biz\/index.php?rest_route=\/wp\/v2\/posts"}],"about":[{"href":"https:\/\/analyse.optim.biz\/index.php?rest_route=\/wp\/v2\/types\/post"}],"author":[{"embeddable":true,"href":"https:\/\/analyse.optim.biz\/index.php?rest_route=\/wp\/v2\/users\/1"}],"replies":[{"embeddable":true,"href":"https:\/\/analyse.optim.biz\/index.php?rest_route=%2Fwp%2Fv2%2Fcomments&post=2051972"}],"version-history":[{"count":0,"href":"https:\/\/analyse.optim.biz\/index.php?rest_route=\/wp\/v2\/posts\/2051972\/revisions"}],"wp:attachment":[{"href":"https:\/\/analyse.optim.biz\/index.php?rest_route=%2Fwp%2Fv2%2Fmedia&parent=2051972"}],"wp:term":[{"taxonomy":"category","embeddable":true,"href":"https:\/\/analyse.optim.biz\/index.php?rest_route=%2Fwp%2Fv2%2Fcategories&post=2051972"},{"taxonomy":"post_tag","embeddable":true,"href":"https:\/\/analyse.optim.biz\/index.php?rest_route=%2Fwp%2Fv2%2Ftags&post=2051972"}],"curies":[{"name":"wp","href":"https:\/\/api.w.org\/{rel}","templated":true}]}}