{"id":2051575,"date":"2026-07-19T16:05:50","date_gmt":"2026-07-19T13:05:50","guid":{"rendered":"https:\/\/analyse.optim.biz\/?p=2051575"},"modified":"2026-07-19T16:05:50","modified_gmt":"2026-07-19T13:05:50","slug":"pentru-ce-mai-este-tinut-din-bani-publici-centrul-cultural-teleorman-ziarul-liber-in-teleorman","status":"publish","type":"post","link":"https:\/\/analyse.optim.biz\/?p=2051575","title":{"rendered":"Pentru ce mai este \u021binut, din bani publici, Centrul Cultural Teleorman? &#8211; Ziarul Liber in Teleorman"},"content":{"rendered":"<p>[analyse_image type=&#8221;featured&#8221; src=&#8221;https:\/\/liberinteleorman.ro\/wp-content\/uploads\/2026\/07\/burnasul.jpg&#8221;]<\/p>\n<div class=\"entry-content single56__content single56__post_content single56__body_area\">\n<p>\u00cen urm\u0103 cu o lun\u0103, v\u0103 semnalam faptul c\u0103 Centrul Cultural Teleorman \u0219i-a externalizat organizarea unor evenimente c\u0103tre o firm\u0103 privat\u0103, contra sumei de 25.000 de euro. Acest lucru na\u0219te, firesc, \u00eentrebarea: dac\u0103 Centrul Cultural Teleorman nu este capabil s\u0103 organizeze evenimente cultural-artistice, pentru ce mai este bugetat cu zeci de miliarde de lei vechi anual din bugetul de stat?<\/p>\n<p>Aceast\u0103 \u00eentrebare este sus\u021binut\u0103 \u0219i de ultima reprezenta\u021bie a Ansamblului \u201eBurnasul\u201d din componen\u021ba Centrului Cultural Teleorman. Pe data de 18 iulie 2026, ansamblul a sus\u021binut un spectacol \u00een comuna Peretu, jude\u021bul Teleorman. \u00cen cadrul spectacolului, grupul vocal b\u0103rb\u0103tesc al Ansamblului \u201eBurnasul\u201d a c\u00e2ntat pe negative, de\u0219i orchestra se afla pe scen\u0103. De aici se poate deduce c\u0103 orchestra ansamblului este incapabil\u0103 s\u0103 acompanieze, deci membrii acestei orchestre sunt salaria\u021bi, din bani publici, cu rol de figuran\u021bi, nu de executan\u021bi.<\/p>\n<p>\u0218i asta nu este tot. Adev\u0103rata problem\u0103 a acestui ansamblu este c\u0103 grupul vocal nu are un repertoriu propriu \u0219i c\u00e2nt\u0103, f\u0103r\u0103 drept, piese din repertoriul lui Liviu Vasilic\u0103. Dar culmea impertinen\u021bei abia acum este atins\u0103: grupul vocal al Ansamblului \u201eBurnasul\u201d a c\u00e2ntat, ilegal, pe negative care se afl\u0103 \u00een proprietatea lui Florin Vasilic\u0103. Pentru toate acestea, avem actele care atest\u0103 acest fapt \u0219i filmare din timpul spectacolului.<\/p>\n<p>Este normal \u0219i firesc s\u0103 ne \u00eentreb\u0103m: pentru ce mai este \u021binut, din bani publici, acest grup vocal care nu are repertoriu propriu, c\u00e2nt\u0103, f\u0103r\u0103 drept, piese de la arti\u0219ti consacra\u021bi \u0219i c\u00e2nt\u0103 ilegal pe negativele de\u021binute de Florin Vasilic\u0103? Pentru ce mai este \u021binut\u0103, din bani publici, orchestra Ansamblului \u201eBurnasul\u201d, care are rolul de a face playback pe negativele altcuiva, nefiind capabil\u0103 s\u0103 asigure un acompaniament? \u0218i, nu \u00een ultimul r\u00e2nd, pentru ce mai este \u021binut acest centru cultural, at\u00e2ta timp c\u00e2t se ocup\u0103 cu astfel de lucruri \u0219i at\u00e2ta timp c\u00e2t alte centre culturale \u0219i ansambluri din \u021bar\u0103 au fost desfiin\u021bate \u2013 institu\u021bii care chiar desf\u0103\u0219urau o activitate cultural-artistic\u0103 impresionant\u0103?<\/p>\n<p><a href=\"https:\/\/liberinteleorman.ro\/centrul-cultural-teleorman-plateste-o-firma-privata-cu-25-000-euro-sa-i-organizeze-propriile-festivaluri\/\">Centrul Cultural Teleorman pl\u0103te\u0219te o firm\u0103 privat\u0103 cu 25.000 euro s\u0103-i organizeze propriile festivaluri<\/a><\/p>\n<\/div>\n<p>[analyse_source url=&#8221;https:\/\/liberinteleorman.ro\/pentru-ce-mai-este-tinut-din-bani-publici-centrul-cultural-teleorman\/&#8221;]<\/p>\n","protected":false},"excerpt":{"rendered":"<p>[analyse_image type=&#8221;featured&#8221; src=&#8221;https:\/\/liberinteleorman.ro\/wp-content\/uploads\/2026\/07\/burnasul.jpg&#8221;] \u00cen urm\u0103 cu o lun\u0103, v\u0103 semnalam faptul c\u0103 Centrul Cultural Teleorman \u0219i-a externalizat organizarea unor evenimente c\u0103tre o firm\u0103 privat\u0103, contra sumei de 25.000 de euro. Acest lucru na\u0219te, firesc, \u00eentrebarea: dac\u0103 Centrul Cultural Teleorman nu este capabil s\u0103 organizeze evenimente cultural-artistice, pentru ce mai este bugetat cu zeci de miliarde [&hellip;]<\/p>\n","protected":false},"author":1,"featured_media":0,"comment_status":"open","ping_status":"","sticky":false,"template":"","format":"standard","meta":{"footnotes":""},"categories":[89],"tags":[226,181],"class_list":["post-2051575","post","type-post","status-publish","format-standard","hentry","category-romania","tag-crawlmanager","tag-liberinteleorman-ro"],"_links":{"self":[{"href":"https:\/\/analyse.optim.biz\/index.php?rest_route=\/wp\/v2\/posts\/2051575","targetHints":{"allow":["GET"]}}],"collection":[{"href":"https:\/\/analyse.optim.biz\/index.php?rest_route=\/wp\/v2\/posts"}],"about":[{"href":"https:\/\/analyse.optim.biz\/index.php?rest_route=\/wp\/v2\/types\/post"}],"author":[{"embeddable":true,"href":"https:\/\/analyse.optim.biz\/index.php?rest_route=\/wp\/v2\/users\/1"}],"replies":[{"embeddable":true,"href":"https:\/\/analyse.optim.biz\/index.php?rest_route=%2Fwp%2Fv2%2Fcomments&post=2051575"}],"version-history":[{"count":0,"href":"https:\/\/analyse.optim.biz\/index.php?rest_route=\/wp\/v2\/posts\/2051575\/revisions"}],"wp:attachment":[{"href":"https:\/\/analyse.optim.biz\/index.php?rest_route=%2Fwp%2Fv2%2Fmedia&parent=2051575"}],"wp:term":[{"taxonomy":"category","embeddable":true,"href":"https:\/\/analyse.optim.biz\/index.php?rest_route=%2Fwp%2Fv2%2Fcategories&post=2051575"},{"taxonomy":"post_tag","embeddable":true,"href":"https:\/\/analyse.optim.biz\/index.php?rest_route=%2Fwp%2Fv2%2Ftags&post=2051575"}],"curies":[{"name":"wp","href":"https:\/\/api.w.org\/{rel}","templated":true}]}}