{"id":2051574,"date":"2026-07-19T17:17:50","date_gmt":"2026-07-19T14:17:50","guid":{"rendered":"https:\/\/analyse.optim.biz\/?p=2051574"},"modified":"2026-07-19T17:17:50","modified_gmt":"2026-07-19T14:17:50","slug":"zilele-falticenilor-115-elevi-cu-rezultate-deosebite-premiati-de-primar-catalin-coman-falticeniul-isi-premiaza-valorile-si-valorile-sinteti-voi-copiii-municipiului-falticeni","status":"publish","type":"post","link":"https:\/\/analyse.optim.biz\/?p=2051574","title":{"rendered":"Zilele F\u0103lticenilor. 115 elevi cu rezultate deosebite, premia\u021bi de primar. C\u0103t\u0103lin Coman: F\u0103lticeniul \u00ee\u0219i premiaz\u0103 valorile \u0219i valorile s\u00eente\u021bi voi, copiii municipiului F\u0103lticeni"},"content":{"rendered":"<p>[analyse_image type=&#8221;featured&#8221; src=&#8221;https:\/\/www.radiotop.ro\/img\/media\/2026\/07\/falticeni-coman-copii-1.jpg&#8221;]<\/p>\n<div class=\"entry-content no-share\">\n<div class=\"content-inner \">\n<div class=\"jeg_preview_slider gallery_1\" data-selector=\"gallery_1\">\n<div class=\"jeg_preview_holder\">\n<div class=\"jeg_preview_media\">\n<div class=\"jeg_preview_media_holder\">\n<h3>\u00a0<\/h3>\n<div class=\"jeg_preview_control\">\n<div class=\"left_control\">\n<div class=\"counter\"><span class=\"current\">1<\/span> of  10<\/div>\n<\/div>\n<div class=\"zoom\"><span class=\"reduce\">&#8211;<\/span><span class=\"increase\">+<\/span><\/div>\n<\/div>\n<\/div>\n<\/div>\n<div class=\"jeg_preview_bottom_slider\"><a data-id=\"0\" data-title data-image=\"https:\/\/www.radiotop.ro\/img\/media\/2026\/07\/falticeni-elevi.jpg\" href=\"https:\/\/www.radiotop.ro\/img\/media\/2026\/07\/falticeni-elevi.jpg\" class=\"jeg_preview_item active\"><\/p>\n<div class=\"jeg_preview_item_thumbnail\"><img loading=\"lazy\" decoding=\"async\" width=\"120\" height=\"86\" src=\"https:\/\/www.radiotop.ro\/img\/media\/2026\/07\/falticeni-elevi-120x86.jpg\" class=\"attachment-jnews-120x86 size-jnews-120x86\" alt><\/div>\n<p><\/a><a data-id=\"1\" data-title data-image=\"https:\/\/www.radiotop.ro\/img\/media\/2026\/07\/falticeni-coman-copii-2.jpg\" href=\"https:\/\/www.radiotop.ro\/img\/media\/2026\/07\/falticeni-coman-copii-2.jpg\" class=\"jeg_preview_item \"><\/p>\n<div class=\"jeg_preview_item_thumbnail\"><img loading=\"lazy\" decoding=\"async\" width=\"120\" height=\"86\" src=\"https:\/\/www.radiotop.ro\/img\/media\/2026\/07\/falticeni-coman-copii-2-120x86.jpg\" class=\"attachment-jnews-120x86 size-jnews-120x86\" alt><\/div>\n<p><\/a><a data-id=\"2\" data-title data-image=\"https:\/\/www.radiotop.ro\/img\/media\/2026\/07\/falticeni-coman-copii.jpg\" href=\"https:\/\/www.radiotop.ro\/img\/media\/2026\/07\/falticeni-coman-copii.jpg\" class=\"jeg_preview_item \"><\/p>\n<div class=\"jeg_preview_item_thumbnail\"><img loading=\"lazy\" decoding=\"async\" width=\"120\" height=\"86\" src=\"https:\/\/www.radiotop.ro\/img\/media\/2026\/07\/falticeni-coman-copii-120x86.jpg\" class=\"attachment-jnews-120x86 size-jnews-120x86\" alt><\/div>\n<p><\/a><a data-id=\"3\" data-title data-image=\"https:\/\/www.radiotop.ro\/img\/media\/2026\/07\/falticeni-coman-soldan-robu.jpg\" href=\"https:\/\/www.radiotop.ro\/img\/media\/2026\/07\/falticeni-coman-soldan-robu.jpg\" class=\"jeg_preview_item \"><\/p>\n<div class=\"jeg_preview_item_thumbnail\"><img loading=\"lazy\" decoding=\"async\" width=\"120\" height=\"86\" src=\"https:\/\/www.radiotop.ro\/img\/media\/2026\/07\/falticeni-coman-soldan-robu-120x86.jpg\" class=\"attachment-jnews-120x86 size-jnews-120x86\" alt><\/div>\n<p><\/a><a data-id=\"4\" data-title data-image=\"https:\/\/www.radiotop.ro\/img\/media\/2026\/07\/falticeni-elevi-1.jpg\" href=\"https:\/\/www.radiotop.ro\/img\/media\/2026\/07\/falticeni-elevi-1.jpg\" class=\"jeg_preview_item \"><\/p>\n<div class=\"jeg_preview_item_thumbnail\"><img loading=\"lazy\" decoding=\"async\" width=\"120\" height=\"86\" src=\"https:\/\/www.radiotop.ro\/img\/media\/2026\/07\/falticeni-elevi-1-120x86.jpg\" class=\"attachment-jnews-120x86 size-jnews-120x86\" alt><\/div>\n<p><\/a><a data-id=\"5\" data-title data-image=\"https:\/\/www.radiotop.ro\/img\/media\/2026\/07\/falticeni-elevi-2.jpg\" href=\"https:\/\/www.radiotop.ro\/img\/media\/2026\/07\/falticeni-elevi-2.jpg\" class=\"jeg_preview_item \"><\/p>\n<div class=\"jeg_preview_item_thumbnail\"><img loading=\"lazy\" decoding=\"async\" width=\"120\" height=\"86\" src=\"https:\/\/www.radiotop.ro\/img\/media\/2026\/07\/falticeni-elevi-2-120x86.jpg\" class=\"attachment-jnews-120x86 size-jnews-120x86\" alt><\/div>\n<p><\/a><a data-id=\"6\" data-title data-image=\"https:\/\/www.radiotop.ro\/img\/media\/2026\/07\/falticeni-elevi-3.jpg\" href=\"https:\/\/www.radiotop.ro\/img\/media\/2026\/07\/falticeni-elevi-3.jpg\" class=\"jeg_preview_item \"><\/p>\n<div class=\"jeg_preview_item_thumbnail\"><img loading=\"lazy\" decoding=\"async\" width=\"120\" height=\"86\" src=\"https:\/\/www.radiotop.ro\/img\/media\/2026\/07\/falticeni-elevi-3-120x86.jpg\" class=\"attachment-jnews-120x86 size-jnews-120x86\" alt><\/div>\n<p><\/a><a data-id=\"7\" data-title data-image=\"https:\/\/www.radiotop.ro\/img\/media\/2026\/07\/falticeni-elevi-4.jpg\" href=\"https:\/\/www.radiotop.ro\/img\/media\/2026\/07\/falticeni-elevi-4.jpg\" class=\"jeg_preview_item \"><\/p>\n<div class=\"jeg_preview_item_thumbnail\"><img loading=\"lazy\" decoding=\"async\" width=\"120\" height=\"86\" src=\"https:\/\/www.radiotop.ro\/img\/media\/2026\/07\/falticeni-elevi-4-120x86.jpg\" class=\"attachment-jnews-120x86 size-jnews-120x86\" alt><\/div>\n<p><\/a><a data-id=\"8\" data-title data-image=\"https:\/\/www.radiotop.ro\/img\/media\/2026\/07\/falticeni-elevi-tribuna.jpg\" href=\"https:\/\/www.radiotop.ro\/img\/media\/2026\/07\/falticeni-elevi-tribuna.jpg\" class=\"jeg_preview_item \"><\/p>\n<div class=\"jeg_preview_item_thumbnail\"><img loading=\"lazy\" decoding=\"async\" width=\"120\" height=\"86\" src=\"https:\/\/www.radiotop.ro\/img\/media\/2026\/07\/falticeni-elevi-tribuna-120x86.jpg\" class=\"attachment-jnews-120x86 size-jnews-120x86\" alt><\/div>\n<p><\/a><a data-id=\"9\" data-title data-image=\"https:\/\/www.radiotop.ro\/img\/media\/2026\/07\/falticeni-elevi-umbrele.jpg\" href=\"https:\/\/www.radiotop.ro\/img\/media\/2026\/07\/falticeni-elevi-umbrele.jpg\" class=\"jeg_preview_item \"><\/p>\n<div class=\"jeg_preview_item_thumbnail\"><img loading=\"lazy\" decoding=\"async\" width=\"120\" height=\"86\" src=\"https:\/\/www.radiotop.ro\/img\/media\/2026\/07\/falticeni-elevi-umbrele-120x86.jpg\" class=\"attachment-jnews-120x86 size-jnews-120x86\" alt><\/div>\n<p><\/a><\/div>\n<\/div>\n<\/div>\n<p>Cu ocazia Zilelor F\u0103lticenilor, primarul C\u0103t\u0103lin Coman a premiat 115 elevi cu rezultate deosebite. Evenimentul a avut loc la zona de agrement situat\u0103 \u00een imediata apropiere a Bazei Nautice \u201dNada Florilor\u201d, de la iazul \u0218omuz.<\/p>\n<p>Primarul a spus: \u201dS\u00eentem, deja, \u00een al 15-lea an \u00een care ducem aceast\u0103 tradi\u021bie frumoas\u0103. De Zilele Ora\u0219ului premiem cei mai valoro\u0219i copii, de la genera\u021bie la genera\u021bie. F\u0103lticeniul este \u00een s\u0103rb\u0103toare, dar \u00een aceast\u0103 zi F\u0103lticeniul \u00ee\u0219i premiaz\u0103 valorile \u0219i valorile s\u00eente\u021bi voi, copiii municipiului F\u0103lticeni, copii de la unit\u0103\u021bile de \u00eenv\u0103\u021b\u0103m\u00eent din municipiu, care \u0219i anul acesta au ob\u021binut rezultate bune \u0219i foarte bune la Evaluarea Na\u021bional\u0103 \u0219i la examenul de bacalaureat. Al\u0103turi de noi este un partener \u0219i un prieten al F\u0103lticeniului \u0219i al f\u0103lticenenilor, domnul pre\u0219edinte al Consiliului Jude\u021bean, Gheorghe \u0218oldan, care a \u021binut foarte mult s\u0103 vin\u0103 s\u0103 v\u0103 cunoasc\u0103 \u0219i s\u0103 v\u0103 str\u00e2ng\u0103 m\u00eena. Este aici \u0219i domnul vicepre\u0219edinte Nicolae Robu, care are o experien\u021b\u0103 mare pe partea educa\u021bional\u0103,\u00a0 profesor, director al unui liceu important. Vreau s\u0103 v\u0103 felicit, s\u0103 v\u0103 mul\u021bumesc \u0219i s\u0103 v\u0103 spun c\u0103 ceea ce facem acum v\u0103 va da un imbold suplimentar pentru a continua activitatea cei de la clasa a VIII-a la liceele la care a\u021bi optat, iar cei care a\u021bi terminat clasa a XII-a s\u0103 merge\u021bi \u00een continuare\u00a0 pe drumul vie\u021bii s\u0103 ne face\u021bi m\u00eendri la facult\u0103\u021bile \u0219i universit\u0103\u021bile la care ve\u021bi studia \u0219i s\u0103 v\u0103 aminti\u021bi de F\u0103lticeni, de f\u0103lticeneni, \u0219i de oamenii care au fost \u0219i v\u0103 s\u00eent al\u0103turi. Felicit\u0103ri tuturor!\u201d.<\/p>\n<p>La eveniment, unii dintre elevi au fost \u00eenso\u021bi\u021bi de rude, iar invita\u021bii primarului au fost pre\u0219edintele Consiliului Jude\u021bean Suceava, Gheorghe \u0218oldan, \u0219i vicepre\u0219edintele Nicolae Robu.<\/p>\n<p>Manifest\u0103rile dedicate Zilelor Municipiului F\u0103lticeni vor avea punctul culminant pe 20 iulie, de Sf\u00eentul Ilie, cu un spectacol de artificii, moment ce va marca \u00eencheierea festivit\u0103\u021bilor principale. Zilele F\u0103lticenilor se desf\u0103\u0219oar\u0103 p\u00een\u0103 pe 26 iulie.<\/p>\n<p>\u00a0<\/p>\n<\/div>\n<\/div>\n<div class=\"content-inner \">\n<div class=\"jeg_preview_slider gallery_1\" data-selector=\"gallery_1\">\n<div class=\"jeg_preview_holder\">\n<div class=\"jeg_preview_media\">\n<div class=\"jeg_preview_media_holder\">\n<h3>\u00a0<\/h3>\n<div class=\"jeg_preview_control\">\n<div class=\"left_control\">\n<div class=\"counter\"><span class=\"current\">1<\/span> of  10<\/div>\n<\/div>\n<div class=\"zoom\"><span class=\"reduce\">&#8211;<\/span><span class=\"increase\">+<\/span><\/div>\n<\/div>\n<\/div>\n<\/div>\n<div class=\"jeg_preview_bottom_slider\"><a data-id=\"0\" data-title data-image=\"https:\/\/www.radiotop.ro\/img\/media\/2026\/07\/falticeni-elevi.jpg\" href=\"https:\/\/www.radiotop.ro\/img\/media\/2026\/07\/falticeni-elevi.jpg\" class=\"jeg_preview_item active\"><\/p>\n<div class=\"jeg_preview_item_thumbnail\"><img loading=\"lazy\" decoding=\"async\" width=\"120\" height=\"86\" src=\"https:\/\/www.radiotop.ro\/img\/media\/2026\/07\/falticeni-elevi-120x86.jpg\" class=\"attachment-jnews-120x86 size-jnews-120x86\" alt><\/div>\n<p><\/a><a data-id=\"1\" data-title data-image=\"https:\/\/www.radiotop.ro\/img\/media\/2026\/07\/falticeni-coman-copii-2.jpg\" href=\"https:\/\/www.radiotop.ro\/img\/media\/2026\/07\/falticeni-coman-copii-2.jpg\" class=\"jeg_preview_item \"><\/p>\n<div class=\"jeg_preview_item_thumbnail\"><img loading=\"lazy\" decoding=\"async\" width=\"120\" height=\"86\" src=\"https:\/\/www.radiotop.ro\/img\/media\/2026\/07\/falticeni-coman-copii-2-120x86.jpg\" class=\"attachment-jnews-120x86 size-jnews-120x86\" alt><\/div>\n<p><\/a><a data-id=\"2\" data-title data-image=\"https:\/\/www.radiotop.ro\/img\/media\/2026\/07\/falticeni-coman-copii.jpg\" href=\"https:\/\/www.radiotop.ro\/img\/media\/2026\/07\/falticeni-coman-copii.jpg\" class=\"jeg_preview_item \"><\/p>\n<div class=\"jeg_preview_item_thumbnail\"><img loading=\"lazy\" decoding=\"async\" width=\"120\" height=\"86\" src=\"https:\/\/www.radiotop.ro\/img\/media\/2026\/07\/falticeni-coman-copii-120x86.jpg\" class=\"attachment-jnews-120x86 size-jnews-120x86\" alt><\/div>\n<p><\/a><a data-id=\"3\" data-title data-image=\"https:\/\/www.radiotop.ro\/img\/media\/2026\/07\/falticeni-coman-soldan-robu.jpg\" href=\"https:\/\/www.radiotop.ro\/img\/media\/2026\/07\/falticeni-coman-soldan-robu.jpg\" class=\"jeg_preview_item \"><\/p>\n<div class=\"jeg_preview_item_thumbnail\"><img loading=\"lazy\" decoding=\"async\" width=\"120\" height=\"86\" src=\"https:\/\/www.radiotop.ro\/img\/media\/2026\/07\/falticeni-coman-soldan-robu-120x86.jpg\" class=\"attachment-jnews-120x86 size-jnews-120x86\" alt><\/div>\n<p><\/a><a data-id=\"4\" data-title data-image=\"https:\/\/www.radiotop.ro\/img\/media\/2026\/07\/falticeni-elevi-1.jpg\" href=\"https:\/\/www.radiotop.ro\/img\/media\/2026\/07\/falticeni-elevi-1.jpg\" class=\"jeg_preview_item \"><\/p>\n<div class=\"jeg_preview_item_thumbnail\"><img loading=\"lazy\" decoding=\"async\" width=\"120\" height=\"86\" src=\"https:\/\/www.radiotop.ro\/img\/media\/2026\/07\/falticeni-elevi-1-120x86.jpg\" class=\"attachment-jnews-120x86 size-jnews-120x86\" alt><\/div>\n<p><\/a><a data-id=\"5\" data-title data-image=\"https:\/\/www.radiotop.ro\/img\/media\/2026\/07\/falticeni-elevi-2.jpg\" href=\"https:\/\/www.radiotop.ro\/img\/media\/2026\/07\/falticeni-elevi-2.jpg\" class=\"jeg_preview_item \"><\/p>\n<div class=\"jeg_preview_item_thumbnail\"><img loading=\"lazy\" decoding=\"async\" width=\"120\" height=\"86\" src=\"https:\/\/www.radiotop.ro\/img\/media\/2026\/07\/falticeni-elevi-2-120x86.jpg\" class=\"attachment-jnews-120x86 size-jnews-120x86\" alt><\/div>\n<p><\/a><a data-id=\"6\" data-title data-image=\"https:\/\/www.radiotop.ro\/img\/media\/2026\/07\/falticeni-elevi-3.jpg\" href=\"https:\/\/www.radiotop.ro\/img\/media\/2026\/07\/falticeni-elevi-3.jpg\" class=\"jeg_preview_item \"><\/p>\n<div class=\"jeg_preview_item_thumbnail\"><img loading=\"lazy\" decoding=\"async\" width=\"120\" height=\"86\" src=\"https:\/\/www.radiotop.ro\/img\/media\/2026\/07\/falticeni-elevi-3-120x86.jpg\" class=\"attachment-jnews-120x86 size-jnews-120x86\" alt><\/div>\n<p><\/a><a data-id=\"7\" data-title data-image=\"https:\/\/www.radiotop.ro\/img\/media\/2026\/07\/falticeni-elevi-4.jpg\" href=\"https:\/\/www.radiotop.ro\/img\/media\/2026\/07\/falticeni-elevi-4.jpg\" class=\"jeg_preview_item \"><\/p>\n<div class=\"jeg_preview_item_thumbnail\"><img loading=\"lazy\" decoding=\"async\" width=\"120\" height=\"86\" src=\"https:\/\/www.radiotop.ro\/img\/media\/2026\/07\/falticeni-elevi-4-120x86.jpg\" class=\"attachment-jnews-120x86 size-jnews-120x86\" alt><\/div>\n<p><\/a><a data-id=\"8\" data-title data-image=\"https:\/\/www.radiotop.ro\/img\/media\/2026\/07\/falticeni-elevi-tribuna.jpg\" href=\"https:\/\/www.radiotop.ro\/img\/media\/2026\/07\/falticeni-elevi-tribuna.jpg\" class=\"jeg_preview_item \"><\/p>\n<div class=\"jeg_preview_item_thumbnail\"><img loading=\"lazy\" decoding=\"async\" width=\"120\" height=\"86\" src=\"https:\/\/www.radiotop.ro\/img\/media\/2026\/07\/falticeni-elevi-tribuna-120x86.jpg\" class=\"attachment-jnews-120x86 size-jnews-120x86\" alt><\/div>\n<p><\/a><a data-id=\"9\" data-title data-image=\"https:\/\/www.radiotop.ro\/img\/media\/2026\/07\/falticeni-elevi-umbrele.jpg\" href=\"https:\/\/www.radiotop.ro\/img\/media\/2026\/07\/falticeni-elevi-umbrele.jpg\" class=\"jeg_preview_item \"><\/p>\n<div class=\"jeg_preview_item_thumbnail\"><img loading=\"lazy\" decoding=\"async\" width=\"120\" height=\"86\" src=\"https:\/\/www.radiotop.ro\/img\/media\/2026\/07\/falticeni-elevi-umbrele-120x86.jpg\" class=\"attachment-jnews-120x86 size-jnews-120x86\" alt><\/div>\n<p><\/a><\/div>\n<\/div>\n<\/div>\n<p>Cu ocazia Zilelor F\u0103lticenilor, primarul C\u0103t\u0103lin Coman a premiat 115 elevi cu rezultate deosebite. Evenimentul a avut loc la zona de agrement situat\u0103 \u00een imediata apropiere a Bazei Nautice \u201dNada Florilor\u201d, de la iazul \u0218omuz.<\/p>\n<p>Primarul a spus: \u201dS\u00eentem, deja, \u00een al 15-lea an \u00een care ducem aceast\u0103 tradi\u021bie frumoas\u0103. De Zilele Ora\u0219ului premiem cei mai valoro\u0219i copii, de la genera\u021bie la genera\u021bie. F\u0103lticeniul este \u00een s\u0103rb\u0103toare, dar \u00een aceast\u0103 zi F\u0103lticeniul \u00ee\u0219i premiaz\u0103 valorile \u0219i valorile s\u00eente\u021bi voi, copiii municipiului F\u0103lticeni, copii de la unit\u0103\u021bile de \u00eenv\u0103\u021b\u0103m\u00eent din municipiu, care \u0219i anul acesta au ob\u021binut rezultate bune \u0219i foarte bune la Evaluarea Na\u021bional\u0103 \u0219i la examenul de bacalaureat. Al\u0103turi de noi este un partener \u0219i un prieten al F\u0103lticeniului \u0219i al f\u0103lticenenilor, domnul pre\u0219edinte al Consiliului Jude\u021bean, Gheorghe \u0218oldan, care a \u021binut foarte mult s\u0103 vin\u0103 s\u0103 v\u0103 cunoasc\u0103 \u0219i s\u0103 v\u0103 str\u00e2ng\u0103 m\u00eena. Este aici \u0219i domnul vicepre\u0219edinte Nicolae Robu, care are o experien\u021b\u0103 mare pe partea educa\u021bional\u0103,\u00a0 profesor, director al unui liceu important. Vreau s\u0103 v\u0103 felicit, s\u0103 v\u0103 mul\u021bumesc \u0219i s\u0103 v\u0103 spun c\u0103 ceea ce facem acum v\u0103 va da un imbold suplimentar pentru a continua activitatea cei de la clasa a VIII-a la liceele la care a\u021bi optat, iar cei care a\u021bi terminat clasa a XII-a s\u0103 merge\u021bi \u00een continuare\u00a0 pe drumul vie\u021bii s\u0103 ne face\u021bi m\u00eendri la facult\u0103\u021bile \u0219i universit\u0103\u021bile la care ve\u021bi studia \u0219i s\u0103 v\u0103 aminti\u021bi de F\u0103lticeni, de f\u0103lticeneni, \u0219i de oamenii care au fost \u0219i v\u0103 s\u00eent al\u0103turi. Felicit\u0103ri tuturor!\u201d.<\/p>\n<p>La eveniment, unii dintre elevi au fost \u00eenso\u021bi\u021bi de rude, iar invita\u021bii primarului au fost pre\u0219edintele Consiliului Jude\u021bean Suceava, Gheorghe \u0218oldan, \u0219i vicepre\u0219edintele Nicolae Robu.<\/p>\n<p>Manifest\u0103rile dedicate Zilelor Municipiului F\u0103lticeni vor avea punctul culminant pe 20 iulie, de Sf\u00eentul Ilie, cu un spectacol de artificii, moment ce va marca \u00eencheierea festivit\u0103\u021bilor principale. Zilele F\u0103lticenilor se desf\u0103\u0219oar\u0103 p\u00een\u0103 pe 26 iulie.<\/p>\n<p>\u00a0<\/p>\n<\/div>\n<p>[analyse_source url=&#8221;https:\/\/www.radiotop.ro\/actualitate\/zilele-falticenilor-115-elevi-cu-rezultate-deosebite-premiati-de-primar-catalin-coman-falticeniul-isi-premiaza-valorile-si-valorile-sinteti-voi-copiii-municipiului-falticeni.html&#8221;]<\/p>\n","protected":false},"excerpt":{"rendered":"<p>[analyse_image type=&#8221;featured&#8221; src=&#8221;https:\/\/www.radiotop.ro\/img\/media\/2026\/07\/falticeni-coman-copii-1.jpg&#8221;] \u00a0 1 of 10 &#8211;+ Cu ocazia Zilelor F\u0103lticenilor, primarul C\u0103t\u0103lin Coman a premiat 115 elevi cu rezultate deosebite. Evenimentul a avut loc la zona de agrement situat\u0103 \u00een imediata apropiere a Bazei Nautice \u201dNada Florilor\u201d, de la iazul \u0218omuz. Primarul a spus: \u201dS\u00eentem, deja, \u00een al 15-lea an \u00een care ducem [&hellip;]<\/p>\n","protected":false},"author":1,"featured_media":0,"comment_status":"open","ping_status":"","sticky":false,"template":"","format":"standard","meta":{"footnotes":""},"categories":[89],"tags":[226,163],"class_list":["post-2051574","post","type-post","status-publish","format-standard","hentry","category-romania","tag-crawlmanager","tag-radiotop-ro"],"_links":{"self":[{"href":"https:\/\/analyse.optim.biz\/index.php?rest_route=\/wp\/v2\/posts\/2051574","targetHints":{"allow":["GET"]}}],"collection":[{"href":"https:\/\/analyse.optim.biz\/index.php?rest_route=\/wp\/v2\/posts"}],"about":[{"href":"https:\/\/analyse.optim.biz\/index.php?rest_route=\/wp\/v2\/types\/post"}],"author":[{"embeddable":true,"href":"https:\/\/analyse.optim.biz\/index.php?rest_route=\/wp\/v2\/users\/1"}],"replies":[{"embeddable":true,"href":"https:\/\/analyse.optim.biz\/index.php?rest_route=%2Fwp%2Fv2%2Fcomments&post=2051574"}],"version-history":[{"count":0,"href":"https:\/\/analyse.optim.biz\/index.php?rest_route=\/wp\/v2\/posts\/2051574\/revisions"}],"wp:attachment":[{"href":"https:\/\/analyse.optim.biz\/index.php?rest_route=%2Fwp%2Fv2%2Fmedia&parent=2051574"}],"wp:term":[{"taxonomy":"category","embeddable":true,"href":"https:\/\/analyse.optim.biz\/index.php?rest_route=%2Fwp%2Fv2%2Fcategories&post=2051574"},{"taxonomy":"post_tag","embeddable":true,"href":"https:\/\/analyse.optim.biz\/index.php?rest_route=%2Fwp%2Fv2%2Ftags&post=2051574"}],"curies":[{"name":"wp","href":"https:\/\/api.w.org\/{rel}","templated":true}]}}