{"id":2051414,"date":"2026-07-20T00:00:00","date_gmt":"2026-07-19T21:00:00","guid":{"rendered":"https:\/\/analyse.optim.biz\/?p=2051414"},"modified":"2026-07-20T00:00:00","modified_gmt":"2026-07-19T21:00:00","slug":"calendarul-zilei-20-iulie-zi-cu-rezonanta-in-istoria-romaniei-si-a-lumii-regele-mihai-apollo-11-si-marile-personalitati-comemorate-momente-istorice-care-au-schimbat-lumea-si-romania","status":"publish","type":"post","link":"https:\/\/analyse.optim.biz\/?p=2051414","title":{"rendered":"Calendarul zilei \u2013 20 iulie | Zi cu rezonan\u021b\u0103 \u00een istoria Rom\u00e2niei \u0219i a lumii: Regele Mihai, Apollo 11 \u0219i marile personalit\u0103\u021bi comemorate. Momente istorice care au schimbat lumea \u0219i Rom\u00e2nia"},"content":{"rendered":"<p>[analyse_image type=&#8221;featured&#8221; src=&#8221;https:\/\/zdvi.cname.ro\/_\/calendarul-zilei&#8212;20-iulie-zi-cu-rezonanta-in-istoria-romaniei-si-a-lumii-regele-mihai-apollo-11-si-marile-personalitati-comemorate.-momente-istorice-care-au-schimbat-lumea-si-romania\/mediaPool\/ux6KJwp.png&#8221;]<\/p>\n<div class=\"main-content detaliu-articol\"><a class=\"titlu-cat-list\" href=\"https:\/\/www.ziaruldevrancea.ro\/timp-liber\">Timp Liber<\/a><\/p>\n<h1>Calendarul zilei \u2013 20 iulie | Zi cu rezonan\u021b\u0103 \u00een istoria Rom\u00e2niei \u0219i a lumii: Regele Mihai, Apollo 11 \u0219i marile personalit\u0103\u021bi comemorate. Momente istorice care au schimbat lumea \u0219i Rom\u00e2nia<\/h1>\n<div class=\"date-articol clearfix\">\n<div class=\"distribuie-articol dropdown\">\n    Distribuie: \u00a0<br \/>\n    <em>|<\/em><\/div>\n<div class=\"autor-articol\"><a href=\"https:\/\/www.ziaruldevrancea.ro\/autor\/rodica-condurache\/\"><img decoding=\"async\" class=\"img-circle\" src=\"https:\/\/zdvi.cname.ro\/50_50\/articleAuthor\/rodica-condurache\/articleAuthor\/uy6Kz5r.jpg\" alt><\/a><\/p>\n<h5><a href=\"https:\/\/www.ziaruldevrancea.ro\/autor\/rodica-condurache\/\">Rodica Condurache<\/a><\/h5>\n<div class=\"grup-spatiere\"><span class=\"cu-spatiere\">20 iul 2026<\/span><span class=\"cu-spatiere\">60 vizualiz\u0103ri<\/span><\/div>\n<\/div>\n<\/div>\n<div class=\"poza-mare\"><a href class=\"openGallery\"><img decoding=\"async\" class=\"img-responsive\" src=\"https:\/\/zdvi.cname.ro\/850_530\/calendarul-zilei---20-iulie-zi-cu-rezonanta-in-istoria-romaniei-si-a-lumii-regele-mihai-apollo-11-si-marile-personalitati-comemorate.-momente-istorice-care-au-schimbat-lumea-si-romania\/article\/mediaPool\/ux6KJwp.png\" alt><\/a><\/div>\n<p><strong>20 iulie r\u0103m\u00e2ne una dintre cele mai importante date din calendarul istoric. Pentru vr\u00e2nceni \u0219i cititorii Ziarului de Vrancea, aceast\u0103 zi aduce \u00een prim-plan momente decisive din istoria Rom\u00e2niei \u0219i a lumii, de la urcarea pe tron a Regelui Mihai p\u00e2n\u0103 la prima aselenizare a omenirii.<\/strong><\/p>\n<p>20 iulie este a 201-a zi a anului (202-a \u00een anii bisec\u021bi), iar p\u00e2n\u0103 la sf\u00e2r\u0219itul lui 2026 mai sunt 164 de zile. De-a lungul timpului, aceast\u0103 dat\u0103 a fost martora unor evenimente care au influen\u021bat profund istoria, \u0219tiin\u021ba, politica \u0219i cultura mondial\u0103.<\/p>\n<p>Pentru Rom\u00e2nia, 20 iulie 1927 reprezint\u0103 un moment de cotitur\u0103. Dup\u0103 moartea Regelui Ferdinand I, Prin\u021bul Mihai, \u00een v\u00e2rst\u0103 de numai cinci ani, a devenit Regele Mihai I al Rom\u00e2niei, inaugur\u00e2nd una dintre cele mai importante pagini din istoria monarhiei rom\u00e2ne.<\/p>\n<p><strong>Rom\u00e2nia, \u00een centrul istoriei<\/strong><\/p>\n<p>Tot pe 20 iulie, \u00een urm\u0103 cu aproape un secol, Rom\u00e2nia \u00ee\u0219i \u00eencepea o nou\u0103 etap\u0103 constitu\u021bional\u0103, odat\u0103 cu instituirea Regen\u021bei care urma s\u0103 exercite atribu\u021biile regale p\u00e2n\u0103 la majoratul suveranului.<\/p>\n<p>Data este legat\u0103 \u0219i de dispari\u021bia unuia dintre cei mai respecta\u021bi conduc\u0103tori ai statului rom\u00e2n. \u00cen 1927, \u00eenceta din via\u021b\u0103 Regele Ferdinand I, monarhul sub conducerea c\u0103ruia Rom\u00e2nia a realizat Marea Unire din 1918.<\/p>\n<p><strong>Ziua \u00een care omul a ajuns pe Lun\u0103<\/strong><\/p>\n<p>Unul dintre cele mai spectaculoase momente din istoria omenirii s-a produs la 20 iulie 1969, c\u00e2nd modulul lunar al misiunii Apollo 11 a aselenizat \u00een Marea Lini\u0219tii.<\/p>\n<p>La c\u00e2teva ore dup\u0103 aterizare, Neil Armstrong \u0219i Buzz Aldrin au devenit primii oameni care au p\u0103\u0219it pe suprafa\u021ba Lunii, eveniment urm\u0103rit \u00een direct de sute de milioane de oameni \u0219i considerat una dintre cele mai mari realiz\u0103ri ale explor\u0103rii spa\u021biale.<\/p>\n<p><strong>Alte evenimente importante ale zilei<\/strong><\/p>\n<p>Printre cele mai semnificative momente consemnate de istorie la data de 20 iulie se num\u0103r\u0103:<\/p>\n<p>1514 \u2013 Gheorghe Doja, conduc\u0103torul r\u0103scoalei \u021b\u0103r\u0103ne\u0219ti din Transilvania, este executat dup\u0103 \u00eenfr\u00e2ngerea revoltei.<\/p>\n<p>1552 \u2013 Dup\u0103 cucerirea Timi\u0219oarei, Banatul intr\u0103 sub administra\u021bia Imperiului Otoman.<\/p>\n<p>1848 \u2013 Protest al revolu\u021bionarilor rom\u00e2ni pe C\u00e2mpia Filaretului \u00eempotriva interven\u021biei otomane.<\/p>\n<p>1906 \u2013 Finlanda devine primul stat european care acord\u0103 femeilor drept de vot \u0219i dreptul de a fi alese.<\/p>\n<p>1944 \u2013 E\u0219ueaz\u0103 atentatul organizat \u00eempotriva lui Adolf Hitler de colonelul Claus von Stauffenberg.<\/p>\n<p>1976 \u2013 Sonda american\u0103 Viking 1 ajunge cu succes pe suprafa\u021ba planetei Marte.<\/p>\n<p>2021 \u2013 Omul de afaceri Jeff Bezos efectueaz\u0103 primul s\u0103u zbor \u00een spa\u021biu la bordul capsulei New Shepard.<\/p>\n<p><strong>Personalit\u0103\u021bi n\u0103scute pe 20 iulie<\/strong><\/p>\n<p>Aceast\u0103 zi marcheaz\u0103 aniversarea unor personalit\u0103\u021bi care au influen\u021bat istoria, cultura \u0219i \u0219tiin\u021ba:<\/p>\n<p>Alexandru cel Mare, unul dintre cei mai mari strategi militari ai Antichit\u0103\u021bii;<\/p>\n<p>Francesco Petrarca, poet italian \u0219i precursor al Rena\u0219terii;<\/p>\n<p>Miron Cristea, primul Patriarh al Bisericii Ortodoxe Rom\u00e2ne;<\/p>\n<p>Edmund Hillary, primul om care a cucerit Everestul;<\/p>\n<p>Adrian P\u0103unescu, poet, jurnalist \u0219i publicist rom\u00e2n;<\/p>\n<p>Carlos Santana, legendarul chitarist mexican-american;<\/p>\n<p>Ilie \u0218erb\u0103nescu, economist rom\u00e2n;<\/p>\n<p>Gisele B\u00fcndchen, unul dintre cele mai cunoscute fotomodele din lume;<\/p>\n<p>Alisia Boiciuc, handbalist\u0103 rom\u00e2n\u0103 din noua genera\u021bie.<\/p>\n<p>Personalit\u0103\u021bi comemorate la 20 iulie<\/p>\n<p><strong>Istoria consemneaz\u0103 \u0219i dispari\u021bia unor nume importante:<\/strong><\/p>\n<p>Regele Ferdinand I al Rom\u00e2niei (1927);<\/p>\n<p>Guglielmo Marconi, pionier al radioului \u0219i laureat Nobel;<\/p>\n<p>Paul Val\u00e9ry, poet francez;<\/p>\n<p>Radu Beligan, unul dintre cei mai mari actori ai teatrului rom\u00e2nesc;<\/p>\n<p>Constantin Lucaci, sculptor rom\u00e2n;<\/p>\n<p>Chester Bennington, solistul forma\u021biei Linkin Park;<\/p>\n<p>Dan Matei Agathon, fost ministru \u0219i om politic rom\u00e2n.<\/p>\n<p>20 iulie \u2013 o zi cu semnifica\u021bii istorice \u0219i spirituale<\/p>\n<p>\u00cen calendarul ortodox, 20 iulie este \u0219i ziua de pr\u0103znuire a Sf\u00e2ntului Proroc Ilie Tesviteanul, una dintre cele mai iubite s\u0103rb\u0103tori religioase din Rom\u00e2nia, celebrat\u0103 \u00een numeroase comunit\u0103\u021bi din jude\u021bul Vrancea prin slujbe religioase, tradi\u021bii \u0219i obiceiuri p\u0103strate din genera\u021bie \u00een genera\u021bie.<\/p>\n<p>De la momente fundamentale din istoria Rom\u00e2niei p\u00e2n\u0103 la cele mai spectaculoase realiz\u0103ri ale omenirii, 20 iulie r\u0103m\u00e2ne o dat\u0103 simbolic\u0103, \u00een care trecutul \u0219i prezentul se \u00eent\u00e2lnesc \u00eentr-o lec\u021bie despre curaj, progres \u0219i memorie.<\/p>\n<p>\u00a0<\/p>\n<p>\u00a0<\/p>\n<hr>\n<div class=\"bloc-widget widget-rosu\">\n<p>\u00cen lipsa unui acord scris din partea Ziarului de Vrancea, pute\u0163i prelua maxim 500 de caractere din acest articol dac\u0103 preciza\u0163i sursa \u015fi insera\u0163i vizibil link-ul articolului:\u00a0<span>#insertcurrentlinkhere<\/span><\/p>\n<\/div>\n<div class=\"extra-articol listing-anunturi\">\n<h6>Anun\u021buri <span class=\"text-primary\">ZdV<\/span> Premium<\/h6>\n<div class=\"row\">\n<div class=\"col-lg-4 col-md-6 bloc-egal\"><a class=\"card-anunt\" href=\"https:\/\/www.ziaruldevrancea.ro\/anunturi\/altele\/matrimoniale\/Imi-caut-sufletul-pereche-anunt-72809\"><strong class=\"titlu\">Matrimoniale<\/strong><span class=\"text-anunt\">Domn de la \u021bar\u0103, 55 de ani, cu locuin\u021b\u0103, teren&#8230;<\/span><span class=\"data-anunt\">16.07.2026  <\/span><\/a><\/div>\n<div class=\"col-lg-4 col-md-6 bloc-egal\"><a class=\"card-anunt\" href=\"https:\/\/www.ziaruldevrancea.ro\/anunturi\/servicii\/familie-cauta-doamna-pentru-a-lucra-2-zile-pe-saptamana\"><strong class=\"titlu\">SERVICII<\/strong><span class=\"text-anunt\">Solicit\u0103m servicii de buc\u0103t\u0103rie acordate unei&#8230;<\/span><span class=\"data-anunt\">16.07.2026  <\/span><\/a><\/div>\n<div class=\"col-lg-4 col-md-6 bloc-egal\"><a class=\"card-anunt\" href=\"https:\/\/www.ziaruldevrancea.ro\/anunturi\/imobiliare\/vanzari-case\/vand-casa-si-teren-in-marasesti-vrancea\"><strong class=\"titlu\">V\u00e2nz\u0103ri case<\/strong><span class=\"text-anunt\">Cas\u0103 de v\u00e2nzare cu anexe \u0219i teren,&#8230;<\/span><span class=\"data-anunt\">14.07.2026  <\/span><\/a><\/div>\n<\/div>\n<\/div>\n<div class=\"extra-articol alte-articole\">\n<div class=\"row\">\n<div class=\"col-lg-6 bloc-egal\">\n<div class=\"card articol-listing\">\n<h6>\u00cen categoria <a href=\"https:\/\/www.ziaruldevrancea.ro\/timp-liber\">Timp Liber<\/a><\/h6>\n<div class=\"grup-articol-listing\">\n<div class=\"cont-pils\"><a href=\"https:\/\/www.ziaruldevrancea.ro\/timp-liber\/horoscop-20-iulie-2026\"><img decoding=\"async\" src=\"https:\/\/zdvi.cname.ro\/180_135\/timp-liber\/horoscop-20-iulie-2026\/mediaPool\/uA8enxT.jpg\" class=\"img-responsive img-180\" alt><\/a><\/div>\n<h2><a class=\"link-titlu\" href=\"https:\/\/www.ziaruldevrancea.ro\/timp-liber\/horoscop-20-iulie-2026\">Horoscop 20 iulie 2026 <\/a><\/h2>\n<div class=\"date-post\"><a href=\"https:\/\/www.ziaruldevrancea.ro\/#comentarii\" class=\"pull-right\"> 4<\/a><a href=\"https:\/\/www.ziaruldevrancea.ro\/autor\/rodica-condurache\">Rodica Condurache<\/a>, 20 iul 2026  <\/div>\n<\/div>\n<div class=\"grup-articol-listing\">\n<div class=\"cont-pils\"><a href=\"https:\/\/www.ziaruldevrancea.ro\/timp-liber\/horoscop-20-26-iulie-2026\"><img decoding=\"async\" src=\"https:\/\/zdvi.cname.ro\/180_135\/timp-liber\/horoscop-20-26-iulie-2026\/mediaPool\/ucW7BQP.jpg\" class=\"img-responsive img-180\" alt><\/a><\/div>\n<h2><a class=\"link-titlu\" href=\"https:\/\/www.ziaruldevrancea.ro\/timp-liber\/horoscop-20-26-iulie-2026\">Horoscop 20-26 iulie 2026<\/a><\/h2>\n<div class=\"date-post\"><a href=\"https:\/\/www.ziaruldevrancea.ro\/#comentarii\" class=\"pull-right\"> 8<\/a><a href=\"https:\/\/www.ziaruldevrancea.ro\/autor\/ziarul-de-vrancea\">Ziarul de Vrancea<\/a>, 20 iul 2026  <\/div>\n<\/div>\n<div class=\"grup-articol-listing\">\n<div class=\"cont-pils\"><a href=\"https:\/\/www.ziaruldevrancea.ro\/timp-liber\/astazi-despre-savantul-roman-care-a-descoperit-insulina-nicolae-paulescu---victima-a-unei-mari-nedreptati---meritele-i-au-fost-recunoscute-dupa-40-de-ani\"><img decoding=\"async\" src=\"https:\/\/zdvi.cname.ro\/180_135\/timp-liber\/astazi-despre-savantul-roman-care-a-descoperit-insulina-nicolae-paulescu---victima-a-unei-mari-nedreptati---meritele-i-au-fost-recunoscute-dupa-40-de-ani\/mediaPool\/uzAo2mR.jpg\" class=\"img-responsive img-180\" alt><\/a><\/div>\n<h2><a class=\"link-titlu\" href=\"https:\/\/www.ziaruldevrancea.ro\/timp-liber\/astazi-despre-savantul-roman-care-a-descoperit-insulina-nicolae-paulescu---victima-a-unei-mari-nedreptati---meritele-i-au-fost-recunoscute-dupa-40-de-ani\">Ast\u0103zi despre: Savantul rom\u00e2n care a descoperit insulina: Nicolae Paulescu &#8211; victim\u0103 a unei mari nedrept\u0103\u021bi &#8211; meritele i-au fost recunoscute dup\u0103 40 de ani <\/a><\/h2>\n<div class=\"date-post\"><a href=\"https:\/\/www.ziaruldevrancea.ro\/autor\/ziarul-de-vrancea\">Ziarul de Vrancea<\/a>, 19 iul 2026  <\/div>\n<\/div>\n<\/div>\n<\/div>\n<div class=\"col-lg-6 bloc-egal\">\n<div class=\"card articol-listing\">\n<h6>De acela\u0219i <a href=\"https:\/\/www.ziaruldevrancea.ro\/autor\/rodica-condurache\/\">autor<\/a><\/h6>\n<div class=\"grup-articol-listing\">\n<div class=\"cont-pils\"><a href=\"https:\/\/www.ziaruldevrancea.ro\/timp-liber\/horoscop-19-iulie-2026\"><img decoding=\"async\" src=\"https:\/\/zdvi.cname.ro\/180_135\/timp-liber\/horoscop-19-iulie-2026\/mediaPool\/uA8enxT.jpg\" class=\"img-responsive img-180\" alt><\/a><\/div>\n<h2><a class=\"link-titlu\" href=\"https:\/\/www.ziaruldevrancea.ro\/timp-liber\/horoscop-19-iulie-2026\">Horoscop 19 iulie 2026 <\/a><\/h2>\n<div class=\"date-post\"><a href=\"https:\/\/www.ziaruldevrancea.ro\/autor\/rodica-condurache\">Rodica Condurache<\/a>, 19 iul 2026  <\/div>\n<\/div>\n<div class=\"grup-articol-listing\">\n<div class=\"cont-pils\"><a href=\"https:\/\/www.ziaruldevrancea.ro\/timp-liber\/calendarul-zilei---19-iulie-momente-care-au-schimbat-lumea-si-personalitati-care-au-marcat-istoria.-de-la-inceputul-razboiului-franco-prusac-si-inaugurarea-metroului-din-paris-pana-la-aniversarea-lui-ilie-nastase-si-comemorarea-lui-nicolae-paulescu\"><img decoding=\"async\" src=\"https:\/\/zdvi.cname.ro\/180_135\/timp-liber\/calendarul-zilei---19-iulie-momente-care-au-schimbat-lumea-si-personalitati-care-au-marcat-istoria.-de-la-inceputul-razboiului-franco-prusac-si-inaugurarea-metroului-din-paris-pana-la-aniversarea-lui-ilie-nastase-si-comemorarea-lui-nicolae-paulescu\/mediaPool\/u0najwp.png\" class=\"img-responsive img-180\" alt><\/a><\/div>\n<h2><a class=\"link-titlu\" href=\"https:\/\/www.ziaruldevrancea.ro\/timp-liber\/calendarul-zilei---19-iulie-momente-care-au-schimbat-lumea-si-personalitati-care-au-marcat-istoria.-de-la-inceputul-razboiului-franco-prusac-si-inaugurarea-metroului-din-paris-pana-la-aniversarea-lui-ilie-nastase-si-comemorarea-lui-nicolae-paulescu\">Calendarul zilei \u2013 19 iulie: Momente care au schimbat lumea \u0219i personalit\u0103\u021bi care au marcat istoria. De la \u00eenceputul R\u0103zboiului franco-prusac \u0219i inaugurarea metroului din Paris, p\u00e2n\u0103 la aniversarea lui Ilie N\u0103stase \u0219i comemorarea lui Nicolae Paulescu<\/a><\/h2>\n<div class=\"date-post\"><a href=\"https:\/\/www.ziaruldevrancea.ro\/autor\/rodica-condurache\">Rodica Condurache<\/a>, 19 iul 2026  <\/div>\n<\/div>\n<div class=\"grup-articol-listing\">\n<div class=\"cont-pils\"><a href=\"https:\/\/www.ziaruldevrancea.ro\/actualitatea\/stiri-locale\/mozaic-stiri-economice-toate-detalii-despre-legea-salarizarii-publice-cine-castiga-bani-in-plus-la-leafa\"><img decoding=\"async\" src=\"https:\/\/zdvi.cname.ro\/180_135\/actualitatea\/stiri-locale\/mozaic-stiri-economice-toate-detalii-despre-legea-salarizarii-publice-cine-castiga-bani-in-plus-la-leafa\/mediaPool\/ukbEGka.png\" class=\"img-responsive img-180\" alt><\/a><\/div>\n<h2><a class=\"link-titlu\" href=\"https:\/\/www.ziaruldevrancea.ro\/actualitatea\/stiri-locale\/mozaic-stiri-economice-toate-detalii-despre-legea-salarizarii-publice-cine-castiga-bani-in-plus-la-leafa\">MOZAIC \u0218TIRI ECONOMICE: Toate detalii despre Legea salariz\u0103rii publice: cine c\u00e2\u0219tig\u0103 bani \u00een plus la leaf\u0103<\/a><\/h2>\n<div class=\"date-post\"><a href=\"https:\/\/www.ziaruldevrancea.ro\/autor\/rodica-condurache\">Rodica Condurache<\/a>, 18 iul 2026  <\/div>\n<\/div>\n<\/div>\n<\/div>\n<\/div>\n<\/div>\n<div class=\"extra-articol listing-anunturi\">\n<h6>Anun\u021buri <span class=\"text-primary\">ZdV<\/span> Premium<\/h6>\n<div class=\"row\">\n<div class=\"col-lg-4 col-md-6 bloc-egal\"><a class=\"card-anunt\" href=\"https:\/\/www.ziaruldevrancea.ro\/anunturi\/inchirieri\/locuinte-oferte\/inchirieri-anunt-72807\"><strong class=\"titlu\">Locuin\u021be oferte<\/strong><span class=\"text-anunt\">Primesc \u00een gazd\u0103 elevi la cas\u0103-vil\u0103,&#8230;<\/span><span class=\"data-anunt\">14.07.2026  <\/span><\/a><\/div>\n<div class=\"col-lg-4 col-md-6 bloc-egal\"><a class=\"card-anunt\" href=\"https:\/\/www.ziaruldevrancea.ro\/anunturi\/imobiliare\/vanzari-ap-3-camere\/vand-apartament-3-camere-in-focsani-anunt-72805\"><strong class=\"titlu\">V\u00e2nz\u0103ri ap 3 camere<\/strong><span class=\"text-anunt\">V\u00e2nd apartament 3 camere \u00een Foc\u0219ani,&#8230;<\/span><span class=\"data-anunt\">10.07.2026  <\/span><\/a><\/div>\n<div class=\"col-lg-4 col-md-6 bloc-egal\"><a class=\"card-anunt\" href=\"https:\/\/www.ziaruldevrancea.ro\/anunturi\/auto\/import\/vand-fiat\"><strong class=\"titlu\">Import<\/strong><span class=\"text-anunt\">V\u00e2nd Fiat Doblo 2008, motor 1300, 115.000&#8230;<\/span><span class=\"data-anunt\">09.07.2026  <\/span><\/a><\/div>\n<\/div>\n<\/div>\n<div class=\"bloc-widget widget-albastru\">\n    Ziarul de Vrancea \u00a0nu este responsabil juridic pentru con\u0163inutul textelor din comentariile de mai jos. Responsabilitatea pentru mesajele dumneavoastra v\u0103 revine \u00een exclusivitate.\n<\/div>\n<div class=\"comentarii-articol\" id=\"comentarii\">\n<h3>Comentarii: <span class=\"text-primary\">0<\/span><\/h3>\n<p><a href=\"https:\/\/www.ziaruldevrancea.ro\/timp-liber\/calendarul-zilei---20-iulie-zi-cu-rezonanta-in-istoria-romaniei-si-a-lumii-regele-mihai-apollo-11-si-marile-personalitati-comemorate.-momente-istorice-care-au-schimbat-lumea-si-romania\" class=\"btn btn-success btn-adauga-com\" data-toggle=\"modal\" data-parent=\"0\" data-target=\"#commentModal\">Adaug\u0103 comentariu<\/a><\/p>\n<div class=\"loadMask comments-mask\"><img decoding=\"async\" src=\"https:\/\/zdvs.cname.ro\/images\/loader_40.gif\"><\/div>\n<div class=\"comenteaza-jos\">Trebuie s\u0103 fii <a href=\"https:\/\/www.ziaruldevrancea.ro\/account\">autentificat<\/a> pentru a putea <a href=\"https:\/\/www.ziaruldevrancea.ro\/timp-liber\/calendarul-zilei---20-iulie-zi-cu-rezonanta-in-istoria-romaniei-si-a-lumii-regele-mihai-apollo-11-si-marile-personalitati-comemorate.-momente-istorice-care-au-schimbat-lumea-si-romania\" class data-toggle=\"modal\" data-parent=\"0\" data-target=\"#commentModal\">posta un comentariu<\/a>.<\/div>\n<\/div>\n<div class=\"modal fade\" id=\"commentModal\" role=\"dialog\" aria-labelledby=\"commentModalLabel\">\n<div class=\"modal-dialog modal-lg\" role=\"document\">\n<div class=\"modal-content\">\n<div class=\"modal-header\">\n<h3 class=\"modal-title\" id=\"commentModalLabel\">Comenteaz\u0103<\/h3>\n<\/div>\n<div class=\"modal-body\">\n<div class=\"tabel tabel-full\">\n<div class=\"celula\">\n              Trebuie s\u0103 fii <a href=\"https:\/\/www.ziaruldevrancea.ro\/account\">autentificat<\/a> pentru a putea posta un comentariu.\n            <\/div>\n<\/div>\n<\/div>\n<div class=\"modal-footer\">\n<div id=\"commentPending\" class=\"formPending pull-left\"><img decoding=\"async\" src=\"https:\/\/zdvs.cname.ro\/images\/loader_40.gif\"> In curs de procesare&#8230;<\/div>\n<p><a href=\"https:\/\/www.ziaruldevrancea.ro\/timp-liber\/calendarul-zilei---20-iulie-zi-cu-rezonanta-in-istoria-romaniei-si-a-lumii-regele-mihai-apollo-11-si-marile-personalitati-comemorate.-momente-istorice-care-au-schimbat-lumea-si-romania\" class=\"btn btn-default\" data-dismiss=\"modal\">Anuleaz\u0103<\/a><\/div>\n<\/div>\n<\/div>\n<\/div>\n<div class=\"modal fade\" id=\"commentReportModal\" role=\"dialog\" aria-labelledby=\"commentReportModalLabel\">\n<div class=\"modal-dialog modal-lg\" role=\"document\">\n<div class=\"modal-content\">\n<div class=\"modal-header\">\n<h3 class=\"modal-title\" id=\"commentReportModalLabel\">Raporteaza comentariu<\/h3>\n<\/div>\n<div class=\"modal-body\">\n<div class=\"tabel tabel-full\">\n<div class=\"celula\">\n              Trebuie s\u0103 fii <a href=\"https:\/\/www.ziaruldevrancea.ro\/account\">autentificat<\/a> pentru a putea raporta un comentariu.\n            <\/div>\n<\/div>\n<\/div>\n<div class=\"modal-footer\">\n<div id=\"commentReportPending\" class=\"formPending pull-left\"><img decoding=\"async\" src=\"https:\/\/zdvs.cname.ro\/images\/loader_40.gif\"> In curs de procesare&#8230;<\/div>\n<p><a href=\"https:\/\/www.ziaruldevrancea.ro\/timp-liber\/calendarul-zilei---20-iulie-zi-cu-rezonanta-in-istoria-romaniei-si-a-lumii-regele-mihai-apollo-11-si-marile-personalitati-comemorate.-momente-istorice-care-au-schimbat-lumea-si-romania\" class=\"btn btn-default\" data-dismiss=\"modal\">Anuleaz\u0103<\/a><\/div>\n<\/div>\n<\/div>\n<\/div>\n<div class=\"modal fade\" id=\"commentLikeModal\" role=\"dialog\" aria-labelledby=\"commentLikeModalLabel\">\n<div class=\"modal-dialog modal-lg\" role=\"document\">\n<div class=\"modal-content\">\n<div class=\"modal-header\">\n<h3 class=\"modal-title\" id=\"commentReportModalLabel\">Apreciaza comentariu<\/h3>\n<\/div>\n<div class=\"modal-body\">\n<div class=\"tabel tabel-full\">\n<div class=\"celula\">\n            Trebuie s\u0103 fii <a href=\"https:\/\/www.ziaruldevrancea.ro\/account\">autentificat<\/a> pentru a putea aprecia un comentariu.\n          <\/div>\n<\/div>\n<\/div>\n<div class=\"modal-footer\"><a href=\"https:\/\/www.ziaruldevrancea.ro\/timp-liber\/calendarul-zilei---20-iulie-zi-cu-rezonanta-in-istoria-romaniei-si-a-lumii-regele-mihai-apollo-11-si-marile-personalitati-comemorate.-momente-istorice-care-au-schimbat-lumea-si-romania\" class=\"btn btn-default\" data-dismiss=\"modal\">Anuleaz\u0103<\/a><\/div>\n<\/div>\n<\/div>\n<\/div>\n<div class=\"bloc-widget widget-rosu\"><span><small>Ziarul de Vrancea doreste ca acest site sa fie un spatiu al discutiilor civilizate, al comentariilor de bun simt. Din acest motiv, cei care posteaza comentarii la articole trebuie sa respecte urmatoarele reguli:<br \/>\n1. Sa se refere doar la articolul la care posteaza comentarii.<br \/>\n2. Sa foloseasca un limbaj civilizat, fara injurii, calomnii, comentarii antisemite, xenofobe sau rasiste.<br \/>\n3. Sunt interzise atacurile la adresa autorilor, daca acestea nu au legatura cu textul.<br \/>\n4. Username-ul sa nu fie nume de personalitati ale vietii publice sau parodieri ale acestora.<br \/>\nAutorul unui articol poate fi criticat pentru eventuale greseli, incoerenta, lipsa de documentare etc.<br \/>\nNerespectarea regulilor mentionate mai sus va duce la stergerea comentariilor, fara avertisment si fara explicatii.<br \/>\nAbaterile repetate vor avea drept consecinta interdictia accesului la aceasta facilitate a site-ului.<\/small><\/span><\/div>\n<\/div>\n<p>[analyse_source url=&#8221;https:\/\/www.ziaruldevrancea.ro\/timp-liber\/calendarul-zilei&#8212;20-iulie-zi-cu-rezonanta-in-istoria-romaniei-si-a-lumii-regele-mihai-apollo-11-si-marile-personalitati-comemorate.-momente-istorice-care-au-schimbat-lumea-si-romania&#8221;]<\/p>\n","protected":false},"excerpt":{"rendered":"<p>[analyse_image type=&#8221;featured&#8221; src=&#8221;https:\/\/zdvi.cname.ro\/_\/calendarul-zilei&#8212;20-iulie-zi-cu-rezonanta-in-istoria-romaniei-si-a-lumii-regele-mihai-apollo-11-si-marile-personalitati-comemorate.-momente-istorice-care-au-schimbat-lumea-si-romania\/mediaPool\/ux6KJwp.png&#8221;] Timp Liber Calendarul zilei \u2013 20 iulie | Zi cu rezonan\u021b\u0103 \u00een istoria Rom\u00e2niei \u0219i a lumii: Regele Mihai, Apollo 11 \u0219i marile personalit\u0103\u021bi comemorate. Momente istorice care au schimbat lumea \u0219i Rom\u00e2nia Distribuie: \u00a0 | Rodica Condurache 20 iul 202660 vizualiz\u0103ri 20 iulie r\u0103m\u00e2ne una dintre cele mai importante date din [&hellip;]<\/p>\n","protected":false},"author":1,"featured_media":0,"comment_status":"open","ping_status":"","sticky":false,"template":"","format":"standard","meta":{"footnotes":""},"categories":[89],"tags":[226,208],"class_list":["post-2051414","post","type-post","status-publish","format-standard","hentry","category-romania","tag-crawlmanager","tag-ziaruldevrancea-ro"],"_links":{"self":[{"href":"https:\/\/analyse.optim.biz\/index.php?rest_route=\/wp\/v2\/posts\/2051414","targetHints":{"allow":["GET"]}}],"collection":[{"href":"https:\/\/analyse.optim.biz\/index.php?rest_route=\/wp\/v2\/posts"}],"about":[{"href":"https:\/\/analyse.optim.biz\/index.php?rest_route=\/wp\/v2\/types\/post"}],"author":[{"embeddable":true,"href":"https:\/\/analyse.optim.biz\/index.php?rest_route=\/wp\/v2\/users\/1"}],"replies":[{"embeddable":true,"href":"https:\/\/analyse.optim.biz\/index.php?rest_route=%2Fwp%2Fv2%2Fcomments&post=2051414"}],"version-history":[{"count":0,"href":"https:\/\/analyse.optim.biz\/index.php?rest_route=\/wp\/v2\/posts\/2051414\/revisions"}],"wp:attachment":[{"href":"https:\/\/analyse.optim.biz\/index.php?rest_route=%2Fwp%2Fv2%2Fmedia&parent=2051414"}],"wp:term":[{"taxonomy":"category","embeddable":true,"href":"https:\/\/analyse.optim.biz\/index.php?rest_route=%2Fwp%2Fv2%2Fcategories&post=2051414"},{"taxonomy":"post_tag","embeddable":true,"href":"https:\/\/analyse.optim.biz\/index.php?rest_route=%2Fwp%2Fv2%2Ftags&post=2051414"}],"curies":[{"name":"wp","href":"https:\/\/api.w.org\/{rel}","templated":true}]}}