{"id":2051360,"date":"2026-07-15T18:17:59","date_gmt":"2026-07-15T15:17:59","guid":{"rendered":"https:\/\/analyse.optim.biz\/?p=2051360"},"modified":"2026-07-15T18:17:59","modified_gmt":"2026-07-15T15:17:59","slug":"mici-hamsii-pizza-muzica-folk-si-avioane-toate-in-aceleasi-loc-aproape-de-timisoara-la-un-festival-traditional-de-vara","status":"publish","type":"post","link":"https:\/\/analyse.optim.biz\/?p=2051360","title":{"rendered":"Mici, hamsii, pizza, muzic\u0103 folk \u0219i avioane. Toate \u00een acelea\u0219i loc, aproape de Timi\u0219oara, la un festival tradi\u0163ional de var\u0103"},"content":{"rendered":"<p>[analyse_image type=&#8221;featured&#8221; src=&#8221;https:\/\/www.opiniatimisoarei.ro\/wp-content\/uploads\/2026\/07\/festival-buzias-728&#215;336.jpghttps:\/\/www.opiniatimisoarei.ro\/wp-content\/uploads\/2026\/07\/festival-buzias.jpg&#8221;]<\/p>\n<div class=\"the_content\">\n<p><strong>TIMI\u0218OARA<\/strong>. Devenit deja tradi\u0163ie, Festivalul Avioanelor \u2013 \u201cFolk pe aeroport\u201d se \u00eentoarce la Buzia\u015f, cu cea de-a XI-a edi\u0163ie.<\/p>\n<p><strong><span>CITE\u0218TE \u0218I:<\/span><a href=\"https:\/\/www.opiniatimisoarei.ro\/istorie-salvata-in-banat-moara-din-valeapai-veche-de-120-de-ani-va-fi-readusa-la-viata-si-transformata-in-muzeu\/15\/07\/2026\">Istorie salvat\u0103 \u00een Banat. Moara din Valeapai, veche de 120 de ani, va fi readus\u0103 la via\u021b\u0103 \u0219i transformat\u0103 \u00een muzeu<\/a><\/strong><\/p>\n<p>Festivalul se va desf\u0103\u015fura pe perioada a dou\u0103 zile, respectiv 18 \u015fi 19 iulie.<\/p>\n<p>Pe scena amplasat\u0103 lang\u0103 terasa cu 3 avioane \u0219i un turn de control vor sus\u0163ine recitaluri forma\u021bii \u00eendr\u0103gite de iubitorii de muzic\u0103 folk \u0219i nu numai.<\/p>\n<p>Pe l\u00e2ng\u0103 muzica bun\u0103, participan\u021bii se pot delecta cu deja renumitele hamsii, cu jum\u0103rile de pe\u0219te, pizza avion sau traditionalii mici.<\/p>\n<p>Programul evenimentului prezentat de Octavian St\u0103ncioiu este :<\/p>\n<p><strong>S\u00e2mb\u0103t\u0103 , 18 iulie, ora 18-23<\/strong><br \/>\nCU ASAR<br \/>\nNEW ROCKABIL<\/p>\n<p><strong>Duminic\u0103, 19 Iulie 2026<\/strong><br \/>\nora 12-17 : DJ ROBERTO<br \/>\nOra 17.00 \u2013 22.00 , c\u00e2nt\u0103 pentru voi :<br \/>\nAdrian Bezn\u0103<br \/>\nCristi Buic\u0103<br \/>\nMircea Vanca<br \/>\nEmeric Imre<br \/>\nRadu Pietreanu \u2013 invitat special<\/p>\n<p>\u00cen continuare se poate viziona pe un ecran led mare, montat pe scen\u0103, finala Campionatului Mondial de Fotbal 2026!<\/p>\n<p>Manifestarea este organizat\u0103 de Prim\u0103ria Buzia\u0219 \u015fi Asocia\u0163ia Cultural\u0103 \u201cIzvora\u015ful\u201d \u00een colaborare cu Terasa \u201eLa Aeroport\u201d .<\/p>\n<p>\u00a0<\/p>\n<\/div>\n<p>[analyse_source url=&#8221;https:\/\/www.opiniatimisoarei.ro\/mici-hamsii-pizza-muzica-folk-si-avioane-toate-in-aceleasi-loc-aproape-de-timisoara-la-un-festival-traditional-de-vara\/15\/07\/2026&#8243;]<\/p>\n","protected":false},"excerpt":{"rendered":"<p>[analyse_image type=&#8221;featured&#8221; src=&#8221;https:\/\/www.opiniatimisoarei.ro\/wp-content\/uploads\/2026\/07\/festival-buzias-728&#215;336.jpghttps:\/\/www.opiniatimisoarei.ro\/wp-content\/uploads\/2026\/07\/festival-buzias.jpg&#8221;] TIMI\u0218OARA. Devenit deja tradi\u0163ie, Festivalul Avioanelor \u2013 \u201cFolk pe aeroport\u201d se \u00eentoarce la Buzia\u015f, cu cea de-a XI-a edi\u0163ie. CITE\u0218TE \u0218I:Istorie salvat\u0103 \u00een Banat. Moara din Valeapai, veche de 120 de ani, va fi readus\u0103 la via\u021b\u0103 \u0219i transformat\u0103 \u00een muzeu Festivalul se va desf\u0103\u015fura pe perioada a dou\u0103 zile, respectiv 18 [&hellip;]<\/p>\n","protected":false},"author":1,"featured_media":0,"comment_status":"open","ping_status":"","sticky":false,"template":"","format":"standard","meta":{"footnotes":""},"categories":[89],"tags":[226,190],"class_list":["post-2051360","post","type-post","status-publish","format-standard","hentry","category-romania","tag-crawlmanager","tag-opiniatimisoarei-ro"],"_links":{"self":[{"href":"https:\/\/analyse.optim.biz\/index.php?rest_route=\/wp\/v2\/posts\/2051360","targetHints":{"allow":["GET"]}}],"collection":[{"href":"https:\/\/analyse.optim.biz\/index.php?rest_route=\/wp\/v2\/posts"}],"about":[{"href":"https:\/\/analyse.optim.biz\/index.php?rest_route=\/wp\/v2\/types\/post"}],"author":[{"embeddable":true,"href":"https:\/\/analyse.optim.biz\/index.php?rest_route=\/wp\/v2\/users\/1"}],"replies":[{"embeddable":true,"href":"https:\/\/analyse.optim.biz\/index.php?rest_route=%2Fwp%2Fv2%2Fcomments&post=2051360"}],"version-history":[{"count":0,"href":"https:\/\/analyse.optim.biz\/index.php?rest_route=\/wp\/v2\/posts\/2051360\/revisions"}],"wp:attachment":[{"href":"https:\/\/analyse.optim.biz\/index.php?rest_route=%2Fwp%2Fv2%2Fmedia&parent=2051360"}],"wp:term":[{"taxonomy":"category","embeddable":true,"href":"https:\/\/analyse.optim.biz\/index.php?rest_route=%2Fwp%2Fv2%2Fcategories&post=2051360"},{"taxonomy":"post_tag","embeddable":true,"href":"https:\/\/analyse.optim.biz\/index.php?rest_route=%2Fwp%2Fv2%2Ftags&post=2051360"}],"curies":[{"name":"wp","href":"https:\/\/api.w.org\/{rel}","templated":true}]}}