{"id":2051357,"date":"2026-07-15T08:05:16","date_gmt":"2026-07-15T05:05:16","guid":{"rendered":"https:\/\/analyse.optim.biz\/?p=2051357"},"modified":"2026-07-15T08:05:16","modified_gmt":"2026-07-15T05:05:16","slug":"istorie-salvata-in-banat-moara-din-valeapai-veche-de-120-de-ani-va-fi-readusa-la-viata-si-transformata-in-muzeu","status":"publish","type":"post","link":"https:\/\/analyse.optim.biz\/?p=2051357","title":{"rendered":"Istorie salvat\u0103 \u00een Banat. Moara din Valeapai, veche de 120 de ani, va fi readus\u0103 la via\u021b\u0103 \u0219i transformat\u0103 \u00een muzeu"},"content":{"rendered":"<p>[analyse_image type=&#8221;featured&#8221; src=&#8221;https:\/\/www.opiniatimisoarei.ro\/wp-content\/uploads\/2026\/07\/Moara-Valeapai-2-728&#215;336.jpghttps:\/\/www.opiniatimisoarei.ro\/wp-content\/uploads\/2026\/07\/Moara-Valeapai-2.jpg&#8221;]<\/p>\n<div class=\"the_content\">\n<p><strong>TIMISOARA<\/strong>. Asocia\u021bia Acas\u0103 \u00een Banat \u00ee\u0219i propune s\u0103 pun\u0103 \u00een valoare Moara de la Valeapai \u0219i s\u0103 o transforme \u00eentr-un spa\u021biu dedicat p\u0103str\u0103rii tradi\u021biilor locale \u0219i a istoriei mor\u0103ritului.<\/p>\n<p>Construit\u0103 \u00een 1906 pe locul unei alte mori distruse de un incendiu, Moara din Valeapai (comuna Ramna, jude\u021bul Cara\u0219 Severin) a avut, timp de genera\u021bii, un rol important \u00een via\u021ba satului. Ast\u0103zi, de\u0219i a suferit \u00een urma vandaliz\u0103rilor \u0219i se afl\u0103 \u00eentr-o stare precar\u0103, cl\u0103direa p\u0103streaz\u0103 \u00eenc\u0103 urmele acestei istorii a mor\u0103ritului.<\/p>\n<p>Asocia\u021bia Acas\u0103 \u00een Banat a preluat moara \u00een concesiune de la Prim\u0103ria Ramna \u0219i, cu sprijinul tuturor celor care cred \u00een valoarea patrimoniului industrial, \u00ee\u0219i propune s\u0103 readuc\u0103 moara la via\u021b\u0103 \u0219i s\u0103 o transforme \u00eentr-un spa\u021biu accesibil publicului.<\/p>\n<p>Planurile includ amenajarea unui mic muzeu al mor\u0103ritului din Banat, p\u0103strarea \u0219i prezentarea mecanismelor specifice unei mori tradi\u021bionale, precum \u0219i realizarea unui punct demonstrativ unde vizitatorii vor putea descoperi \u00eentregul proces al transform\u0103rii gr\u00e2ului \u00een f\u0103in\u0103 \u0219i al f\u0103inii \u00een p\u00e2ine.<\/p>\n<p><a href=\"https:\/\/www.opiniatimisoarei.ro\/wp-content\/uploads\/2026\/07\/Moara-Valeapai-1.jpg\"><img loading=\"lazy\" decoding=\"async\" class=\"aligncenter size-full wp-image-883066\" src=\"https:\/\/www.opiniatimisoarei.ro\/wp-content\/uploads\/2026\/07\/Moara-Valeapai-1.jpg\" alt=\"\" width=\"1080\" height=\"810\"><\/a><\/p>\n<p>\u201e<strong>O moar\u0103 veche de peste 100 de ani, cum este cea de la Valeapai, poart\u0103 cu ea istoria locului, amintirile satului \u0219i esen\u021ba unei vie\u021bi simple, \u00een care oamenii \u00ee\u0219i lucrau p\u0103m\u00e2ntul, cultivau cereale \u0219i le aduceau la moar\u0103 pentru a ob\u021bine f\u0103ina din care \u00ee\u0219i f\u0103ceau p\u00e2inea de zi cu zi. <\/strong><\/p>\n<p><strong>Ne dorim ca Moara Valeapai s\u0103 macine din nou, \u00een scop demonstrativ. Va fi un loc \u00een care vom p\u0103stra vie istoria mor\u0103ritului din Banat, printr-un mic muzeu dedicat acestui me\u0219te\u0219ug, \u0219i un spa\u021biu unde genera\u021biile viitoare vor putea descoperi \u0219i \u00een\u021belege toate etapele: de la transformarea gr\u00e2ului \u00een f\u0103in\u0103, p\u00e2n\u0103 la p\u00e2ine<\/strong>.\u201d, a spus Radu Trifan, pre\u0219edintele Asocia\u021biei Acas\u0103 \u00een Banat.<\/p>\n<p>Pentru ca aceste planuri s\u0103 devin\u0103 realitate, primul pas este oprirea degrad\u0103rii cl\u0103dirii \u0219i realizarea lucr\u0103rilor urgente de conservare, \u00een special la nivelul acoperi\u0219ului, astfel \u00eenc\u00e2t moara s\u0103 poat\u0103 fi protejat\u0103 \u0219i preg\u0103tit\u0103 pentru etapele urm\u0103toare de restaurare.<\/p>\n<h2><span><strong>Voluntari a\u0219tepta\u021bi la Valeapai<\/strong><\/span><\/h2>\n<p>S\u00e2mb\u0103t\u0103, 18 iulie 2026, voluntarii care doresc s\u0103 dea o m\u00e2n\u0103 de ajutor sunt a\u0219tepta\u021bi la Valeapai pentru o ac\u021biune de cur\u0103\u021benie \u0219i preg\u0103tire a viitorului \u0219antier. Vor fi \u00eendep\u0103rtate vegeta\u021bia crescut\u0103 necontrolat \u0219i materialele acumulate \u00een jurul cl\u0103dirii, pentru ca moara s\u0103 fie preg\u0103tit\u0103 pentru lucr\u0103rile care vor urma.<\/p>\n<p>Link \u00eenscrieri voluntari: <a href=\"https:\/\/luma.com\/ii4u3qgq\"><strong>https:\/\/luma.com\/ii4u3qgq<\/strong><\/a><\/p>\n<p>Realizarea acestor interven\u021bii depinde \u00eens\u0103 \u0219i de sprijinul celor care cred c\u0103 patrimoniul industrial al Banatului merit\u0103 salvat \u0219i valorificat. Cei care doresc s\u0103 se implice \u00een acest proiect o pot face prin sponsoriz\u0103ri sau dona\u021bii \u00een conturile asocia\u021biei.<\/p>\n<p>Contact: <a href=\"https:\/\/www.opiniatimisoarei.ro\/cdn-cgi\/l\/email-protection\" class=\"__cf_email__\" data-cfemail=\"83e2e0e2f0e2eaede1e2ede2f7c3e4eee2eaefade0ecee\">[email\u00a0protected]<\/a><br \/>\nCont LEI: RO26BTRLRONCRT0P53069801<br \/>\nCont EURO: RO11BTRLEURCRT0P53069801<br \/>\nCont USD: RO51BTRLUSDCRT0P53069801<br \/>\nSWIFT\/BIC: BTRLRO22<br \/>\nRevolut: 0748918091<br \/>\nPayPal: <a href=\"https:\/\/www.opiniatimisoarei.ro\/cdn-cgi\/l\/email-protection\" class=\"__cf_email__\" data-cfemail=\"84e5e7e5f7e5edeae6e5eae5f0c4e3e9e5ede8aae7ebe9\">[email\u00a0protected]<\/a><\/p>\n<p><span><strong>Despre Moara Valeapai<\/strong><\/span><\/p>\n<p>Istoria Morii din Valeapai este str\u00e2ns legat\u0103 de familiile care au marcat dezvoltarea satului. Primele informa\u021bii indic\u0103 existen\u021ba unei mori \u00eenc\u0103 din anul 1864, \u00eentr-o perioad\u0103 \u00een care mo\u0219ia apar\u021binea familiei nobiliare Atanasievici, una dintre cele mai importante familii din zon\u0103. Dup\u0103 ce vechea moar\u0103 a fost distrus\u0103 de un incendiu \u00een 1906, aceasta a fost reconstruit\u0103 la ini\u021biativa proprietarului de atunci, baronul Bela Tallian. Ea a fost modernizat\u0103, fiind dotat\u0103 cu o turbin\u0103 alimentat\u0103 printr-un sistem format dintr-un baraj \u0219i un canal de aduc\u021biune pe r\u00e2ul Pog\u0103ni\u0219.<\/p>\n<p>Dup\u0103 Primul R\u0103zboi Mondial, mo\u0219ia de la Valeapai, cl\u0103dirile \u0219i moara au intrat \u00een proprietatea familiei lui Peter Riesz. Sub administrarea sa, moara a continuat s\u0103 deserveasc\u0103 locuitorii din Valeapai \u0219i din satele \u00eenvecinate, fiind un pilon important al vie\u021bii economice locale. Na\u021bionalizarea din perioada comunist\u0103 a pus cap\u0103t acestei etape. \u00cen 1963, moara a fost trecut\u0103 oficial \u00een proprietatea statului, iar odat\u0103 cu transform\u0103rile economice \u0219i sociale ale vremii \u0219i-a pierdut treptat rolul pe care \u00eel avusese timp de aproape un secol. Dup\u0103 Revolu\u021bie, a mai func\u021bionat p\u00e2n\u0103 \u00een 2000, \u00eens\u0103 apoi a r\u0103mas \u00eenchis\u0103. \u00cen 2022, a fost vandalizat\u0103 \u0219i o mare parte dintre utilajele din interior s-au pierdut. Ast\u0103zi, cl\u0103direa r\u0103m\u00e2ne una dintre pu\u021binele m\u0103rturii ale patrimoniului industrial rural din Banat, de aceea Asocia\u021bia Acas\u0103 \u00een Banat \u00ee\u0219i propune nu doar salvarea unei cl\u0103diri industriale rurale, ci \u0219i redarea unui spa\u021biu care s\u0103 p\u0103streze vie memoria mor\u0103ritului din lumea satului b\u0103n\u0103\u021bean.<\/p>\n<p><span><strong>Despre Asocia\u021bia Acas\u0103 \u00een Banat<\/strong><\/span><\/p>\n<p>Asocia\u021bia Acas\u0103 \u00een Banat este o organiza\u021bie neguvernamental\u0103 care desf\u0103\u0219oar\u0103 proiecte de conservare \u0219i revitalizare a patrimoniului local din mediul rural. Prin activit\u0103\u021bile sale, asocia\u021bia demonstreaz\u0103 c\u0103 istoria, tradi\u021biile \u0219i identitatea satelor b\u0103n\u0103\u021bene, al\u0103turi de implicarea civic\u0103 a oamenilor, pot contribui la dezvoltarea comunit\u0103\u021bilor \u0219i a turismului cultural. Din 2018, Acas\u0103 \u00een Banat a implementat numeroase proiecte \u00een jude\u021bele Timi\u0219 \u0219i Cara\u0219-Severin, de la interven\u021bii pentru salvarea unor cl\u0103diri cu valoare istoric\u0103 \u0219i revitalizarea satelor, p\u00e2n\u0103 la ac\u021biuni de sprijin pentru persoane \u0219i familii aflate \u00een dificultate.<\/p>\n<p>***<\/p>\n<p><strong><span class=\"dia_suggestion w0\">Mai<\/span><span class=\"dia_suggestion w1\">multe<\/span><span class=\"dia_suggestion w2\">g\u0103si\u021bi<\/span> pe <span class=\"dia_suggestion w4\">pagina noastr<span class=\"dia_suggestion w0\">\u0103<\/span><\/span>\u00a0de <a href=\"https:\/\/www.facebook.com\/OpiniaTM\/?ref=page_internal\" target=\"_blank\" rel=\"noopener\">Facebook opiniatimisoarei.ro<\/a>!<\/strong><\/p>\n<p><strong><span class=\"dia_suggestion w0\">Dac\u0103<\/span><span class=\"dia_suggestion w1\">a\u021bi<\/span> fost martorii unui eveniment <span class=\"dia_suggestion w6\">sau<\/span><span class=\"dia_suggestion w7\">ai<\/span> unei <span class=\"dia_suggestion w9\">situa\u021bii<\/span><span class=\"dia_suggestion w10\">neobi\u0219nuite<\/span><span class=\"dia_suggestion w11\">care<\/span> ar <span class=\"dia_suggestion w13\">putea<\/span> deveni subiect de <span class=\"dia_suggestion w17\">\u0219tire<\/span>, <span class=\"dia_suggestion w18\">contacta\u021bi<\/span>-ne <span class=\"dia_suggestion w20\">la<\/span><span><a href=\"https:\/\/www.opiniatimisoarei.ro\/cdn-cgi\/l\/email-protection\" class=\"__cf_email__\" data-cfemail=\"2b594e4f4a485f424e6b445b4245424a5f42464258444a594e42055944\">[email\u00a0protected]<\/a>,<\/span>\u00a0 pe <a href=\"https:\/\/www.facebook.com\/OpiniaTM\">FB<\/a><span>sau pe contul nostru de<\/span><a href=\"https:\/\/www.instagram.com\/opiniatimisoarei.ro\/\" target=\"_blank\" rel=\"noopener\">Instagram<\/a>!<\/strong><\/p>\n<p><strong><span>CITE\u0218TE \u0218I<\/span>: <a href=\"https:\/\/www.opiniatimisoarei.ro\/afli-primul-tot-ceea-ce-se-intampla-cu-adevarat-important-in-timisoara-si-in-regiune-cu-aplicatia-de-stiri-opinia-timisoarei-3-tipuri-de-alerte-te-tin-mereu-conectat-la-evenimente-descarca-gratuit-a\/31\/10\/2022\">Afli primul tot ceea ce se intampla cu adevarat important in Timisoara si in regiune cu Aplicatia de stiri Opinia Timisoarei. 3 tipuri de alerte te tin mereu conectat la evenimente. Descarca gratuit Aplicatia OT aici!<\/a><\/strong><\/p>\n<\/div>\n<p>[analyse_source url=&#8221;https:\/\/www.opiniatimisoarei.ro\/istorie-salvata-in-banat-moara-din-valeapai-veche-de-120-de-ani-va-fi-readusa-la-viata-si-transformata-in-muzeu\/15\/07\/2026&#8243;]<\/p>\n","protected":false},"excerpt":{"rendered":"<p>[analyse_image type=&#8221;featured&#8221; src=&#8221;https:\/\/www.opiniatimisoarei.ro\/wp-content\/uploads\/2026\/07\/Moara-Valeapai-2-728&#215;336.jpghttps:\/\/www.opiniatimisoarei.ro\/wp-content\/uploads\/2026\/07\/Moara-Valeapai-2.jpg&#8221;] TIMISOARA. Asocia\u021bia Acas\u0103 \u00een Banat \u00ee\u0219i propune s\u0103 pun\u0103 \u00een valoare Moara de la Valeapai \u0219i s\u0103 o transforme \u00eentr-un spa\u021biu dedicat p\u0103str\u0103rii tradi\u021biilor locale \u0219i a istoriei mor\u0103ritului. Construit\u0103 \u00een 1906 pe locul unei alte mori distruse de un incendiu, Moara din Valeapai (comuna Ramna, jude\u021bul Cara\u0219 Severin) a avut, timp [&hellip;]<\/p>\n","protected":false},"author":1,"featured_media":0,"comment_status":"open","ping_status":"","sticky":false,"template":"","format":"standard","meta":{"footnotes":""},"categories":[89],"tags":[226,190],"class_list":["post-2051357","post","type-post","status-publish","format-standard","hentry","category-romania","tag-crawlmanager","tag-opiniatimisoarei-ro"],"_links":{"self":[{"href":"https:\/\/analyse.optim.biz\/index.php?rest_route=\/wp\/v2\/posts\/2051357","targetHints":{"allow":["GET"]}}],"collection":[{"href":"https:\/\/analyse.optim.biz\/index.php?rest_route=\/wp\/v2\/posts"}],"about":[{"href":"https:\/\/analyse.optim.biz\/index.php?rest_route=\/wp\/v2\/types\/post"}],"author":[{"embeddable":true,"href":"https:\/\/analyse.optim.biz\/index.php?rest_route=\/wp\/v2\/users\/1"}],"replies":[{"embeddable":true,"href":"https:\/\/analyse.optim.biz\/index.php?rest_route=%2Fwp%2Fv2%2Fcomments&post=2051357"}],"version-history":[{"count":0,"href":"https:\/\/analyse.optim.biz\/index.php?rest_route=\/wp\/v2\/posts\/2051357\/revisions"}],"wp:attachment":[{"href":"https:\/\/analyse.optim.biz\/index.php?rest_route=%2Fwp%2Fv2%2Fmedia&parent=2051357"}],"wp:term":[{"taxonomy":"category","embeddable":true,"href":"https:\/\/analyse.optim.biz\/index.php?rest_route=%2Fwp%2Fv2%2Fcategories&post=2051357"},{"taxonomy":"post_tag","embeddable":true,"href":"https:\/\/analyse.optim.biz\/index.php?rest_route=%2Fwp%2Fv2%2Ftags&post=2051357"}],"curies":[{"name":"wp","href":"https:\/\/api.w.org\/{rel}","templated":true}]}}