{"id":2051312,"date":"2026-07-18T22:49:57","date_gmt":"2026-07-18T19:49:57","guid":{"rendered":"https:\/\/analyse.optim.biz\/?p=2051312"},"modified":"2026-07-18T22:49:57","modified_gmt":"2026-07-18T19:49:57","slug":"pogacar-vingegaard-did-an-amazing-performance-maybe-he-will-drop-me-on-alpe-dhuez","status":"publish","type":"post","link":"https:\/\/analyse.optim.biz\/?p=2051312","title":{"rendered":"Poga\u010dar: Vingegaard Did an Amazing Performance, Maybe He Will Drop Me on Alpe d\u2019Huez"},"content":{"rendered":"<p>[analyse_image type=&#8221;featured&#8221; src=&#8221;https:\/\/velo-cdn.outsideonline.com\/wp-content\/uploads\/2026\/07\/GettyImages-2286641458-e1784390266783.jpg&#8221;]<\/p>\n<div class=\"content-wrap fp-contentTarget\">\n<div class=\"article-body\">\n<div class=\"mb-base-loose flex flex-wrap gap-(--spacing-base)\">\n<div class=\"fp-remove flex items-center justify-start gap-(--spacing-base-tight)\"><span class=\"font-utility-2 font-bold text-primary\">Shane Stokes<\/span><\/div>\n<\/div>\n<div class=\"pub-date font-utility-2 text-secondary\">Updated July 19, 2026 07:07AM<\/div>\n<\/div>\n<p>Saturday may have been the 125th win of Tadej Poga\u010dar\u2019s career and the 25th stage victory in the Tour de France, but the Slovenian is keeping a lid on any presumptions about the overall.<\/p>\n<p>He\u2019s now a daunting 4:30 ahead of Jonas Vingegaard with a week left to race, yet cautions that yellow in Paris is not a done deal.<\/p>\n<p>In fact, following a strong several-kilometer long push at the front by Vingegaard on the final climb, Poga\u010dar suggests that the Dane could even have the upper hand in the days ahead.<\/p>\n<p>\u201cIf my power meter is correct, he did an amazing performance on the front,\u201d Poga\u010dar told media after Saturday\u2019s stage 14.<\/p>\n<p>\u201cI think honestly, he\u2019s missing a little bit compared to the last few Tours, but maybe the bigger, longer mountains like Alpe d\u2019Huez he will get this extra boost. Maybe he will drop me there, you never know.<\/p>\n<div class=\"ad-placeholder-wrapper relative w-full border-t border-b border-border-light col-span-full my-3 md:col-span-10 md:col-start-2\">\n<div class=\"mb-[30px] min-h-[30px] text-center\"><span class=\"font-utility-4 font-medium tracking-[1px] text-neutral-500 uppercase\">ADVERTISEMENT<\/span><\/div>\n<\/div>\n<p>\u201cHe\u2019s there, he\u2019s really strong, and he knows this, but he also knows that he misses a bit of a punch maybe. A bit more grinta. It\u2019s a small percentage [to find], and he\u2019s there with me.<\/p>\n<p>\u201cI would not count him out for the next days. Tomorrow is a good day for him also, and both Alpe d\u2019Huez stages.\u201d<\/p>\n<h2>\u2018My legs are extremely good\u2019<\/h2>\n<p>Tour winner in 2022 and 2023, Vingegaard is the only rider to ever beat Poga\u010dar in the battle for the maillot jaune.<\/p>\n<p>He dreams of a third Tour win but was gapped close to the top of the Col du Haag climb on Saturday. He then lost further ground on the downhill and flat roads to the finish.<\/p>\n<p>Vingegaard shook his head as he crossed the finish line, having gone so deep in chasing that he was left vulnerable to late efforts by Isacc del Toro (UAE Emirates-XRG) and Paul Seixas (Decathlon CMA CGM).<\/p>\n<p>He finished 44 seconds behind Poga\u010dar yet sounded curiously upbeat at the finish.<\/p>\n<p>\u201cI got the feedback that my legs are extremely good,\u201d he said.<\/p>\n<div class=\"ad-placeholder-wrapper relative w-full border-t border-b border-border-light col-span-full my-3 md:col-span-10 md:col-start-2\">\n<div class=\"mb-[30px] min-h-[30px] text-center\"><span class=\"font-utility-4 font-medium tracking-[1px] text-neutral-500 uppercase\">ADVERTISEMENT<\/span><\/div>\n<\/div>\n<p>\u201cI felt like I was really riding well. I\u2019m happy with how I rode myself \u2013 and the team,\u201d he told TV 2 Sport.<\/p>\n<figure id=\"attachment_993742\" class=\"pom-image-wrap photo-alignnone\"><img decoding=\"async\" alt=\"Jonas Vingegaard is the only rider to beat Tadej Poga\u010dar in the Tour&apos;s GC (Photo: Gruber Images)\" loading=\"lazy\" width=\"2400\" height=\"1958\" class=\"alignnone size-full wp-image-993742\" src=\"https:\/\/velo-cdn.outsideonline.com\/wp-content\/uploads\/2026\/07\/Z8A_2540.jpg?width=3840&amp;auto=webp&amp;quality=75&amp;fit=cover\"><figcaption class=\"pom-caption\"><span class=\"article__caption\">Jonas Vingegaard is the only rider to beat Tadej Poga\u010dar in the Tour\u2019s GC. (Photo: Gruber Images)<\/span><\/figcaption><\/figure>\n<p>Vingegaard\u2019s tactic on Saturday was a prolonged injection of pace on the final climb rather than a sudden attack. Why was that?<\/p>\n<p>\u201cAfter the Giro, we know that I might not be the most explosive version of myself,\u201d he said, presumably referring to the fatigue of riding and winning that race.<\/p>\n<p>\u201cSo if I\u2019m going to try to get away from someone, it\u2019s probably more on the long, hard stretch. That\u2019s why we first tried to set a hard pace with Sepp Kuss, and then I took over. But I don\u2019t think the climb fully\u2026 It was a bit of a funny climb.<\/p>\n<p>\u201cIt was very steep at the bottom, and then there was a small descent. And from there, it was a few kilometers where it went a bit uphill without being really steep.\u201d<\/p>\n<h2>\u2018A different battle\u2019<\/h2>\n<p>Vingegaard is lighter than Poga\u010dar and he will hope that Sunday\u2019s grueling summit finish at Plateau de Solaison may suit him a little better.<\/p>\n<div class=\"ad-placeholder-wrapper relative w-full border-t border-b border-border-light col-span-full my-3 md:col-span-10 md:col-start-2\">\n<div class=\"mb-[30px] min-h-[30px] text-center\"><span class=\"font-utility-4 font-medium tracking-[1px] text-neutral-500 uppercase\">ADVERTISEMENT<\/span><\/div>\n<\/div>\n<p>Visma-Lease a Bike DS Marc Reef is also counting on the same thing.<\/p>\n<p>\u201cFortunately, tomorrow we have a long and steep climb at the end. And I hope we can really fight for a top result,\u201d he told TV 2 Sport.<\/p>\n<p>\u201cWe will fight for the stage win, because when it is so long and steep, you get a different battle between Poga\u010dar and Vingegaard.<\/p>\n<p>\u201cWe hope that we can win it and that we also manage to put pressure on the other general classification riders and gain more time on them.<\/p>\n<p>Best case scenario: he wins, and he also gaps Poga\u010dar and starts taking time back.<\/p>\n<p>There\u2019s still a week of racing ahead and things could yet take a different turn.<\/p>\n<h2>\u2018Two days ago I was not feeling the greatest\u2019<\/h2>\n<p>In 2022 Poga\u010dar turned up at the race as the clear favorite. He\u2019d won the two previous editions and many tipped him to do it again.<\/p>\n<div class=\"ad-placeholder-wrapper relative w-full border-t border-b border-border-light col-span-full my-3 md:col-span-10 md:col-start-2\">\n<div class=\"mb-[30px] min-h-[30px] text-center\"><span class=\"font-utility-4 font-medium tracking-[1px] text-neutral-500 uppercase\">ADVERTISEMENT<\/span><\/div>\n<\/div>\n<p>However a compromised buildup saw him crack dramatically. It\u2019s something he\u2019s wary about happening again.<\/p>\n<p>\u201cIf you remember, in 2023, I lost two minutes to Jonas in the time trial and the next day I lost eight minutes,\u201d he said.<\/p>\n<p>\u201cI think it\u2019s quite obvious that anything can change in one day.\u201d<\/p>\n<p>That\u2019s true, although his caution is also affected by growing optimism.<\/p>\n<p>\u201cI think for now I\u2019m more confident,\u201d he admitted.<\/p>\n<p>\u201cI must admit that yesterday and two days ago, when Trek were going full gas, I was not feeling the greatest. \u2018Shit, this is so hard,\u2019<\/p>\n<p>\u201cThen yesterday I felt a bit better, and it was these kind of days you have to get through. Today in the morning I spoke with Ur\u0161ka [partner Ur\u0161ka \u017digart] and she gave me a moral boost also.<\/p>\n<p>\u201cI was feeling great today. So far, this Tour has been amazing for me.\u201d<\/p>\n<div class=\"ad-placeholder-wrapper relative w-full border-t border-b border-border-light col-span-full my-3 md:col-span-10 md:col-start-2\">\n<div class=\"mb-[30px] min-h-[30px] text-center\"><span class=\"font-utility-4 font-medium tracking-[1px] text-neutral-500 uppercase\">ADVERTISEMENT<\/span><\/div>\n<\/div>\n<p>He will hope that will continue, and also that he can find more success in the days ahead.<\/p>\n<p>\u201cTomorrow\u2019s stage I will be confident, then it\u2019s rest day and a time trial,\u201d he said. \u201cI have to do it like a one-day race and do the best I can do because I\u2019ve put a lot of effort into in.<\/p>\n<p>\u201cThen we\u2019ll see for Alpe d\u2019Huez what is left in the tank.\u201d<\/p>\n<\/div>\n<div class=\"article-body\">\n<div class=\"mb-base-loose flex flex-wrap gap-(--spacing-base)\">\n<div class=\"fp-remove flex items-center justify-start gap-(--spacing-base-tight)\"><span class=\"font-utility-2 font-bold text-primary\">Shane Stokes<\/span><\/div>\n<\/div>\n<div class=\"pub-date font-utility-2 text-secondary\">Updated July 19, 2026 07:07AM<\/div>\n<\/div>\n<p>[analyse_source url=&#8221;https:\/\/velo.outsideonline.com\/road\/road-racing\/tour-de-france\/pogacar-vingegaard-amazing-performance\/&#8221;]<\/p>\n","protected":false},"excerpt":{"rendered":"<p>[analyse_image type=&#8221;featured&#8221; src=&#8221;https:\/\/velo-cdn.outsideonline.com\/wp-content\/uploads\/2026\/07\/GettyImages-2286641458-e1784390266783.jpg&#8221;] Shane Stokes Updated July 19, 2026 07:07AM Saturday may have been the 125th win of Tadej Poga\u010dar\u2019s career and the 25th stage victory in the Tour de France, but the Slovenian is keeping a lid on any presumptions about the overall. He\u2019s now a daunting 4:30 ahead of Jonas Vingegaard with a [&hellip;]<\/p>\n","protected":false},"author":1,"featured_media":0,"comment_status":"open","ping_status":"","sticky":false,"template":"","format":"standard","meta":{"footnotes":""},"categories":[2],"tags":[226,71],"class_list":["post-2051312","post","type-post","status-publish","format-standard","hentry","category-politics","tag-crawlmanager","tag-velo-outsideonline-com"],"_links":{"self":[{"href":"https:\/\/analyse.optim.biz\/index.php?rest_route=\/wp\/v2\/posts\/2051312","targetHints":{"allow":["GET"]}}],"collection":[{"href":"https:\/\/analyse.optim.biz\/index.php?rest_route=\/wp\/v2\/posts"}],"about":[{"href":"https:\/\/analyse.optim.biz\/index.php?rest_route=\/wp\/v2\/types\/post"}],"author":[{"embeddable":true,"href":"https:\/\/analyse.optim.biz\/index.php?rest_route=\/wp\/v2\/users\/1"}],"replies":[{"embeddable":true,"href":"https:\/\/analyse.optim.biz\/index.php?rest_route=%2Fwp%2Fv2%2Fcomments&post=2051312"}],"version-history":[{"count":0,"href":"https:\/\/analyse.optim.biz\/index.php?rest_route=\/wp\/v2\/posts\/2051312\/revisions"}],"wp:attachment":[{"href":"https:\/\/analyse.optim.biz\/index.php?rest_route=%2Fwp%2Fv2%2Fmedia&parent=2051312"}],"wp:term":[{"taxonomy":"category","embeddable":true,"href":"https:\/\/analyse.optim.biz\/index.php?rest_route=%2Fwp%2Fv2%2Fcategories&post=2051312"},{"taxonomy":"post_tag","embeddable":true,"href":"https:\/\/analyse.optim.biz\/index.php?rest_route=%2Fwp%2Fv2%2Ftags&post=2051312"}],"curies":[{"name":"wp","href":"https:\/\/api.w.org\/{rel}","templated":true}]}}