{"id":2051183,"date":"2026-07-19T16:07:45","date_gmt":"2026-07-19T13:07:45","guid":{"rendered":"https:\/\/analyse.optim.biz\/?p=2051183"},"modified":"2026-07-19T16:07:45","modified_gmt":"2026-07-19T13:07:45","slug":"video-prapad-la-busteni-ploile-au-cauzat-o-viitura-care-a-maturat-tot-in-cale-in-statiunile-de-pe-valea-prahovei-oameni-raniti-masini-avariate-si-locuinte-inundate","status":"publish","type":"post","link":"https:\/\/analyse.optim.biz\/?p=2051183","title":{"rendered":"VIDEO | Pr\u0103p\u0103d la Bu\u0219teni! Ploile au cauzat o viitur\u0103 care a m\u0103turat tot \u00een cale \u00een sta\u021biunile de pe valea Prahovei: oameni r\u0103ni\u021bi, ma\u0219ini avariate \u0219i locuin\u021be inundate"},"content":{"rendered":"<p>[analyse_image type=&#8221;featured&#8221; src=&#8221;https:\/\/r3media.ro\/wp-content\/uploads\/2026\/07\/viitura-busteni.jpghttps:\/\/r3media.ro\/wp-content\/uploads\/2026\/07\/viitura-busteni.jpg&#8221;]<\/p>\n<article id=\"template-id-109\" class=\"post-109 tdb_templates type-tdb_templates status-publish post\">\n<div id=\"tdi_2\" class=\"tdc-zone\">\n<div class=\"tdc_zone tdi_3  wpb_row td-pb-row\">\n<div id=\"tdi_4\" class=\"tdc-row\">\n<div class=\"vc_row tdi_5  wpb_row td-pb-row\">\n<div class=\"vc_column tdi_7  wpb_column vc_column_container tdc-column td-pb-span8\">\n<div class=\"wpb_wrapper\">\n<div class=\"td_block_wrap tdb_breadcrumbs tdi_8 td-pb-border-top td_block_template_1 tdb-breadcrumbs \" data-td-block-uid=\"tdi_8\">\n<div class=\"tdb-block-inner td-fix-index\"><span><a title=\"Vede\u021bi toate articolele \u00een FEATURED\" class=\"tdb-entry-crumb\" href=\"https:\/\/r3media.ro\/category\/featured\/\">FEATURED<\/a><\/span><span class=\"tdb-bred-no-url-last\">VIDEO | Pr\u0103p\u0103d la Bu\u0219teni! Ploile au cauzat o viitur\u0103 care a&#8230;<\/span><\/div>\n<\/div>\n<div class=\"td_block_wrap tdb_single_categories tdi_9 td-pb-border-top td_block_template_1 \" data-td-block-uid=\"tdi_9\">\n<div class=\"tdb-category td-fix-index\"><a class=\"tdb-entry-category\" href=\"https:\/\/r3media.ro\/category\/featured\/\">FEATURED<\/a><a class=\"tdb-entry-category\" href=\"https:\/\/r3media.ro\/category\/stiri\/\">\u0218TIRI<\/a><\/div>\n<\/div>\n<div class=\"td_block_wrap tdb_title tdi_10 tdb-single-title td-pb-border-top td_block_template_1\" data-td-block-uid=\"tdi_10\">\n<div class=\"tdb-block-inner td-fix-index\">\n<h1 class=\"tdb-title-text\">VIDEO | Pr\u0103p\u0103d la Bu\u0219teni! Ploile au cauzat o viitur\u0103 care a m\u0103turat tot \u00een cale \u00een sta\u021biunile de pe valea Prahovei: oameni r\u0103ni\u021bi, ma\u0219ini avariate \u0219i locuin\u021be inundate<\/h1>\n<\/div>\n<\/div>\n<div class=\"vc_row_inner tdi_12  vc_row vc_inner wpb_row td-pb-row\">\n<div class=\"vc_column_inner tdi_14  wpb_column vc_column_container tdc-inner-column td-pb-span12\">\n<div class=\"vc_column-inner\">\n<div class=\"wpb_wrapper\">\n<div class=\"td_block_wrap tdb_single_author tdi_15 td-pb-border-top td_block_template_1 tdb-post-meta\" data-td-block-uid=\"tdi_15\">\n<div class=\"tdb-block-inner td-fix-index\">\n<div class=\"tdb-author-name-wrap\"><a class=\"tdb-author-name\" href=\"https:\/\/r3media.ro\/author\/oana\/\">Oana Ivan<\/a><\/div>\n<\/div>\n<\/div>\n<div class=\"td_block_wrap tdb_single_date tdi_16 td-pb-border-top td_block_template_1 tdb-post-meta\" data-td-block-uid=\"tdi_16\">\n<div class=\"tdb-block-inner td-fix-index\"><time class=\"entry-date updated td-module-date\" datetime=\"2026-07-19T19:07:45+03:00\">19\/07\/2026<\/time><\/div>\n<\/div>\n<\/div>\n<\/div>\n<\/div>\n<\/div>\n<div class=\"td_block_wrap tdb_single_featured_image tdi_17 tdb-content-horiz-left td-pb-border-top td_block_template_1\" data-td-block-uid=\"tdi_17\">\n<div class=\"tdb-block-inner td-fix-index\">\n<figure><figcaption class=\"tdb-caption-text\">Surs\u0103 &#8211; Prim\u0103ria Bu\u0219teni<\/figcaption><\/figure>\n<\/div>\n<\/div>\n<div class=\"td_block_wrap tdb_single_content tdi_18 td-pb-border-top td_block_template_1 td-post-content tagdiv-type\" data-td-block-uid=\"tdi_18\">\n<div class=\"tdb-block-inner td-fix-index\">\n<p><strong>Ploile toren\u021biale de duminic\u0103 au f\u0103cut dezastru \u00een sta\u021biunile de pe valea Prahovei. \u0218uvoaie pline cu noroi au curs de pe versan\u021bi \u0219i s-au rev\u0103rsat pe str\u0103zile din Bu\u0219teni, Sinaia \u0219i Poiana \u021aapului, potrivit <a href=\"https:\/\/tvrinfo.ro\/inundatii-violente-la-busteni-sinaia-poiana-tapului-dupa-o-ploaie-torentiala-imagini-cu-viitura-care-a-maturat-totul-in-cale\/\" target=\"_blank\" rel=\"noopener\">TVR Info<\/a>.<\/strong><\/p>\n<p>Apa a avariat mai multe ma\u0219ini \u0219i a pus la p\u0103m\u00e2nt copaci. Dou\u0103 persoane au fost surprinse de viitur\u0103 \u00een timp ce al\u021bi oameni au sc\u0103pat \u00een ultima clip\u0103. Din fericire, cele dou\u0103 persoane au fost salvate \u0219i au fost transportate la spital.<\/p>\n<p>Cele mai grave probleme au fost \u00eenregistrate la Bu\u0219teni. P\u00e2r\u00e2ul Jepi a ie\u0219it din matc\u0103, iar apa a ajuns pe str\u0103zi, unde a purtat bolovani \u0219i bu\u0219teni. Viitura a ajuns p\u00e2n\u0103 \u00een DN1.<\/p>\n<p>Dou\u0103 persoane aflate \u00een apropierea \u0219oselei au fost luate de \u0219uvoaie. Una dintre victime a suferit traumatisme la nivelul membrelor superioare. Ambele persoane au fost transportate la spital \u0219i sunt \u00een afara oric\u0103rui pericol.<\/p>\n<p>Pompierii au intervenit \u0219i pentru salvarea mai multor oameni r\u0103ma\u0219i bloca\u021bi \u00een ma\u0219inile surprinse de viitur\u0103. Potrivit autorit\u0103\u021bilor, 22 de gospod\u0103rii au fost inundate la Bu\u0219teni. Echipele de interven\u021bie au ac\u021bionat pentru evacuarea apei \u0219i \u00eendep\u0103rtarea aluviunilor.<\/p>\n<p>Circula\u021bia pe DN1 a fost oprit\u0103 temporar \u00een zona sta\u021biunii, pentru ca pompierii \u0219i celelalte echipe de interven\u021bie s\u0103 poat\u0103 ac\u021biona \u00een siguran\u021b\u0103. Autorit\u0103\u021bile le-au cerut \u0219oferilor \u0219i localnicilor s\u0103 nu p\u0103trund\u0103 pe sectoarele de drum \u00eenchise.<\/p>\n<p>Probleme au fost semnalate \u0219i pe DN71, \u00eentre T\u00e2rgovi\u0219te \u0219i Sinaia, unde aluviunile scurse de pe versan\u021bi au ajuns pe carosabil.<\/p>\n<p>La fel s-a \u00eent\u00e2mplat \u0219i la Sinaia, \u00eens\u0103 amploarea distrugerilor a fost mai redus\u0103. Rafalele puternice de v\u00e2nt au dobor\u00e2t arbori \u0219i au avariat mai multe autoturisme.<\/p>\n\n\n\n<div class=\"crp_related     crp-masonry\">\n<h2>\u00ceN CONTEXT<\/h2>\n<ul>\n<li><a href=\"https:\/\/r3media.ro\/fara-tine-in-google-r3media-dispare-iata-ce-poti-face-in-10-secunde\/\" class=\"crp_link post-119031\"><span class=\"crp_title\">F\u0103r\u0103 tine \u00een Google, R3media dispare. Iat\u0103 ce po\u021bi face \u00een 10 secunde<\/span><\/a><\/li>\n<\/ul>\n<\/div>\n<\/div>\n<\/div>\n<div class=\"td_block_wrap tdb_single_tags tdi_19 td-pb-border-top td_block_template_1\" data-td-block-uid=\"tdi_19\">\n<div class=\"tdb-block-inner td-fix-index\">\n<ul class=\"tdb-tags\">\n<li><span>SUBIECTE FIERBIN\u021aI<\/span><\/li>\n<li><a href=\"https:\/\/r3media.ro\/tag\/busteni\/\">busteni<\/a><\/li>\n<\/ul>\n<\/div>\n<\/div>\n<div class=\"td_block_wrap td_block_9 tdi_20 td_with_ajax_pagination td-pb-border-top td_block_template_1 td-column-2 td_block_padding td_block_bot_line\" data-td-block-uid=\"tdi_20\">\n<div class=\"td-block-title-wrap\">\n<h4 class=\"block-title td-block-title\"><span class=\"td-pulldown-size\">CITE\u0218TE MAI MULT<\/span><\/h4>\n<\/div>\n<div id=\"tdi_20\" class=\"td_block_inner\">\n<div class=\"td-block-row\">\n<div class=\"td-block-span6\">\n<div class=\"td_module_8 td_module_wrap\">\n<div class=\"item-details\">\n<h3 class=\"entry-title td-module-title\"><a href=\"https:\/\/r3media.ro\/criza-apei-grecia-sapte-insule-stare-de-urgenta-localnici-recolte\/\" rel=\"bookmark\" title=\"Criza apei pe \u0219apte insule din Grecia: A fost emis\u0103 stare de urgen\u021b\u0103. Localnicii nu mai au cu ce s\u0103-\u0219i ude recoltele\">Criza apei pe \u0219apte insule din Grecia: A fost emis\u0103 stare de urgen\u021b\u0103. Localnicii&#8230;<\/a><\/h3>\n<div class=\"td-module-meta-info\"><a href=\"https:\/\/r3media.ro\/category\/actualitate\/\" class=\"td-post-category\">ACTUALITATE<\/a><span class=\"td-post-author-name\"><a href=\"https:\/\/r3media.ro\/author\/oana\/\">Oana Ivan<\/a><span>&#8211;<\/span><\/span><span class=\"td-post-date\"><time class=\"entry-date updated td-module-date\" datetime=\"2026-07-16T17:55:42+03:00\">16\/07\/2026<\/time><\/span><\/div>\n<\/div>\n<\/div>\n<\/div>\n<div class=\"td-block-span6\">\n<div class=\"td_module_8 td_module_wrap\">\n<div class=\"item-details\">\n<h3 class=\"entry-title td-module-title\"><a href=\"https:\/\/r3media.ro\/prof-ioan-aurel-pop-ong-antisemitism-xenofobie\/\" rel=\"bookmark\" title=\"Prof. Ioan-Aurel Pop: Anumite ONG-uri vor s\u0103 \u00eent\u0103reasc\u0103 antisemitismul \u0219i xenofobia, pentru c\u0103 ele s-au \u00eenfiin\u021bat ca s\u0103 combat\u0103 asemenea lucruri\">Prof. Ioan-Aurel Pop: Anumite ONG-uri vor s\u0103 \u00eent\u0103reasc\u0103 antisemitismul \u0219i xenofobia, pentru c\u0103 ele&#8230;<\/a><\/h3>\n<div class=\"td-module-meta-info\"><a href=\"https:\/\/r3media.ro\/category\/actualitate\/\" class=\"td-post-category\">ACTUALITATE<\/a><span class=\"td-post-author-name\"><a href=\"https:\/\/r3media.ro\/author\/radu_ursan\/\">Radu Ursan<\/a><span>&#8211;<\/span><\/span><span class=\"td-post-date\"><time class=\"entry-date updated td-module-date\" datetime=\"2026-07-16T15:28:25+03:00\">16\/07\/2026<\/time><\/span><\/div>\n<\/div>\n<\/div>\n<\/div>\n<\/div>\n<div class=\"td-block-row\">\n<div class=\"td-block-span6\">\n<div class=\"td_module_8 td_module_wrap\">\n<div class=\"item-details\">\n<h3 class=\"entry-title td-module-title\"><a href=\"https:\/\/r3media.ro\/deznationala-frantei-a-invins-franta\/\" rel=\"bookmark\" title=\"Dezna\u021bionala Fran\u021bei a \u00eenvins Fran\u021ba \u00a0\u00a0\">Dezna\u021bionala Fran\u021bei a \u00eenvins Fran\u021ba \u00a0\u00a0<\/a><\/h3>\n<div class=\"td-module-meta-info\"><a href=\"https:\/\/r3media.ro\/category\/actualitate\/\" class=\"td-post-category\">ACTUALITATE<\/a><span class=\"td-post-author-name\"><a href=\"https:\/\/r3media.ro\/author\/tru\/\">TRU (Traian Ungureanu)<\/a><span>&#8211;<\/span><\/span><span class=\"td-post-date\"><time class=\"entry-date updated td-module-date\" datetime=\"2026-07-15T20:57:25+03:00\">15\/07\/2026<\/time><\/span><\/div>\n<\/div>\n<\/div>\n<\/div>\n<div class=\"td-block-span6\">\n<div class=\"td_module_8 td_module_wrap\">\n<div class=\"item-details\">\n<h3 class=\"entry-title td-module-title\"><a href=\"https:\/\/r3media.ro\/revolte-violente-franta-eliminare-cupa-mondiala-spania-video\/\" rel=\"bookmark\" title=\"VIDEO | Revolte violente \u00een Fran\u021ba dup\u0103 eliminarea de la Cupa Mondial\u0103\">VIDEO | Revolte violente \u00een Fran\u021ba dup\u0103 eliminarea de la Cupa Mondial\u0103<\/a><\/h3>\n<div class=\"td-module-meta-info\"><a href=\"https:\/\/r3media.ro\/category\/actualitate\/\" class=\"td-post-category\">ACTUALITATE<\/a><span class=\"td-post-author-name\"><a href=\"https:\/\/r3media.ro\/author\/oana\/\">Oana Ivan<\/a><span>&#8211;<\/span><\/span><span class=\"td-post-date\"><time class=\"entry-date updated td-module-date\" datetime=\"2026-07-15T15:35:05+03:00\">15\/07\/2026<\/time><\/span><\/div>\n<\/div>\n<\/div>\n<\/div>\n<\/div>\n<div class=\"td-block-row\">\n<div class=\"td-block-span6\">\n<div class=\"td_module_8 td_module_wrap\">\n<div class=\"item-details\">\n<h3 class=\"entry-title td-module-title\"><a href=\"https:\/\/r3media.ro\/cine-este-cu-adevarat-francez\/\" rel=\"bookmark\" title=\"Cine este cu adev\u0103rat francez?\">Cine este cu adev\u0103rat francez?<\/a><\/h3>\n<div class=\"td-module-meta-info\"><a href=\"https:\/\/r3media.ro\/category\/actualitate\/\" class=\"td-post-category\">ACTUALITATE<\/a><span class=\"td-post-author-name\"><a href=\"https:\/\/r3media.ro\/author\/gabipopa\/\">Gabriel Popa<\/a><span>&#8211;<\/span><\/span><span class=\"td-post-date\"><time class=\"entry-date updated td-module-date\" datetime=\"2026-07-15T09:52:34+03:00\">15\/07\/2026<\/time><\/span><\/div>\n<\/div>\n<\/div>\n<\/div>\n<div class=\"td-block-span6\">\n<div class=\"td_module_8 td_module_wrap\">\n<div class=\"item-details\">\n<h3 class=\"entry-title td-module-title\"><a href=\"https:\/\/r3media.ro\/ioan-aurel-pop-lege-vexler-razboi-istoria\/\" rel=\"bookmark\" title=\"Ioan-Aurel Pop critic\u0103 legea Vexler \u00eentr-un articol de neratat: Nu putem s\u0103 ducem un r\u0103zboi cu istoria\">Ioan-Aurel Pop critic\u0103 legea Vexler \u00eentr-un articol de neratat: Nu putem s\u0103 ducem un&#8230;<\/a><\/h3>\n<div class=\"td-module-meta-info\"><a href=\"https:\/\/r3media.ro\/category\/actualitate\/\" class=\"td-post-category\">ACTUALITATE<\/a><span class=\"td-post-author-name\"><a href=\"https:\/\/r3media.ro\/author\/radu_ursan\/\">Radu Ursan<\/a><span>&#8211;<\/span><\/span><span class=\"td-post-date\"><time class=\"entry-date updated td-module-date\" datetime=\"2026-07-12T21:42:54+03:00\">12\/07\/2026<\/time><\/span><\/div>\n<\/div>\n<\/div>\n<\/div>\n<\/div>\n<div class=\"td-block-row\">\n<div class=\"td-block-span6\">\n<div class=\"td_module_8 td_module_wrap\">\n<div class=\"item-details\">\n<h3 class=\"entry-title td-module-title\"><a href=\"https:\/\/r3media.ro\/scandalul-rachetelor-patriot-zguduie-polonia-varsovia-declasifica-tot-ajutorul-militar-acordat-ucrainei\/\" rel=\"bookmark\" title=\"Scandalul rachetelor Patriot zguduie Polonia: Var\u0219ovia declasific\u0103 tot ajutorul militar acordat Ucrainei\">Scandalul rachetelor Patriot zguduie Polonia: Var\u0219ovia declasific\u0103 tot ajutorul militar acordat Ucrainei<\/a><\/h3>\n<div class=\"td-module-meta-info\"><a href=\"https:\/\/r3media.ro\/category\/stiri\/\" class=\"td-post-category\">\u0218TIRI<\/a><span class=\"td-post-author-name\"><a href=\"https:\/\/r3media.ro\/author\/radu_ursan\/\">Radu Ursan<\/a><span>&#8211;<\/span><\/span><span class=\"td-post-date\"><time class=\"entry-date updated td-module-date\" datetime=\"2026-07-12T20:43:04+03:00\">12\/07\/2026<\/time><\/span><\/div>\n<\/div>\n<\/div>\n<\/div>\n<div class=\"td-block-span6\">\n<div class=\"td_module_8 td_module_wrap\">\n<div class=\"item-details\">\n<h3 class=\"entry-title td-module-title\"><a href=\"https:\/\/r3media.ro\/ce-ne-facem-cu-atatia-prosti\/\" rel=\"bookmark\" title=\"Ce ne facem cu at\u00e2\u021bia pro\u0219ti?\">Ce ne facem cu at\u00e2\u021bia pro\u0219ti?<\/a><\/h3>\n<div class=\"td-module-meta-info\"><a href=\"https:\/\/r3media.ro\/category\/opinii\/\" class=\"td-post-category\">OPINII<\/a><span class=\"td-post-author-name\"><a href=\"https:\/\/r3media.ro\/author\/alexandru_racu\/\">Alexandru Racu<\/a><span>&#8211;<\/span><\/span><span class=\"td-post-date\"><time class=\"entry-date updated td-module-date\" datetime=\"2026-07-12T14:11:45+03:00\">12\/07\/2026<\/time><\/span><\/div>\n<\/div>\n<\/div>\n<\/div>\n<\/div>\n<div class=\"td-block-row\">\n<div class=\"td-block-span6\">\n<div class=\"td_module_8 td_module_wrap\">\n<div class=\"item-details\">\n<h3 class=\"entry-title td-module-title\"><a href=\"https:\/\/r3media.ro\/guvernul-sanchez-demoleaza-monumentul-de-la-majadahonda-ion-mota-vasile-marin-lupta-rzaboiul-civil-spaniol-comunisti\/\" rel=\"bookmark\" title=\"Guvernul Sanchez demoleaz\u0103 Monumentul de la Majadahonda, dedicat lui Ion Mo\u021ba \u0219i Vasile Marin, rom\u00e2nii care au luptat \u00eempotriva comuni\u0219tilor \u00een R\u0103zboiul Civil Spaniol\">Guvernul Sanchez demoleaz\u0103 Monumentul de la Majadahonda, dedicat lui Ion Mo\u021ba \u0219i Vasile Marin,&#8230;<\/a><\/h3>\n<div class=\"td-module-meta-info\"><a href=\"https:\/\/r3media.ro\/category\/actualitate\/\" class=\"td-post-category\">ACTUALITATE<\/a><span class=\"td-post-author-name\"><a href=\"https:\/\/r3media.ro\/author\/oana\/\">Oana Ivan<\/a><span>&#8211;<\/span><\/span><span class=\"td-post-date\"><time class=\"entry-date updated td-module-date\" datetime=\"2026-07-12T01:11:49+03:00\">12\/07\/2026<\/time><\/span><\/div>\n<\/div>\n<\/div>\n<\/div>\n<div class=\"td-block-span6\">\n<div class=\"td_module_8 td_module_wrap\">\n<div class=\"item-details\">\n<h3 class=\"entry-title td-module-title\"><a href=\"https:\/\/r3media.ro\/sofer-surpriza-neplacuta-benzinarie-austria-oprit-apa-portbagaj\/\" rel=\"bookmark\" title=\"Un \u0219ofer a avut parte de o surpriz\u0103 nepl\u0103cut\u0103 la benzin\u0103rie dup\u0103 ce a oprit un minut \u0219i 28 de secunde pentru a scoate o sticl\u0103 de ap\u0103 din portbagaj\">Un \u0219ofer a avut parte de o surpriz\u0103 nepl\u0103cut\u0103 la benzin\u0103rie dup\u0103 ce a&#8230;<\/a><\/h3>\n<div class=\"td-module-meta-info\"><a href=\"https:\/\/r3media.ro\/category\/actualitate\/\" class=\"td-post-category\">ACTUALITATE<\/a><span class=\"td-post-author-name\"><a href=\"https:\/\/r3media.ro\/author\/oana\/\">Oana Ivan<\/a><span>&#8211;<\/span><\/span><span class=\"td-post-date\"><time class=\"entry-date updated td-module-date\" datetime=\"2026-07-11T13:00:01+03:00\">11\/07\/2026<\/time><\/span><\/div>\n<\/div>\n<\/div>\n<\/div>\n<\/div>\n<div class=\"td-block-row\">\n<div class=\"td-block-span6\">\n<div class=\"td_module_8 td_module_wrap\">\n<div class=\"item-details\">\n<h3 class=\"entry-title td-module-title\"><a href=\"https:\/\/r3media.ro\/o-femeie-mentalitate-femei-moderne-printese-disney\/\" rel=\"bookmark\" title=\"VIDEO | O femeie critic\u0103 mentalitatea femeii moderne care distruge rela\u021bia cu b\u0103rbatul s\u0103u: Suntem crescute \u00een ideea de prin\u021bese, dar nu suntem la Disney\">VIDEO | O femeie critic\u0103 mentalitatea femeii moderne care distruge rela\u021bia cu b\u0103rbatul s\u0103u:&#8230;<\/a><\/h3>\n<div class=\"td-module-meta-info\"><a href=\"https:\/\/r3media.ro\/category\/actualitate\/\" class=\"td-post-category\">ACTUALITATE<\/a><span class=\"td-post-author-name\"><a href=\"https:\/\/r3media.ro\/author\/teodor_stan\/\">Teodor Stan<\/a><span>&#8211;<\/span><\/span><span class=\"td-post-date\"><time class=\"entry-date updated td-module-date\" datetime=\"2026-07-10T12:47:58+03:00\">10\/07\/2026<\/time><\/span><\/div>\n<\/div>\n<\/div>\n<\/div>\n<div class=\"td-block-span6\">\n<div class=\"td_module_8 td_module_wrap\">\n<div class=\"item-details\">\n<h3 class=\"entry-title td-module-title\"><a href=\"https:\/\/r3media.ro\/cutremur-5-5-grade-scara-richter-resimtit-cehia-slovacia\/\" rel=\"bookmark\" title=\"Cutremur de 5.5 grade pe scara Richter. S-a resim\u021bit \u00een Cehia \u0219i Slovacia\">Cutremur de 5.5 grade pe scara Richter. S-a resim\u021bit \u00een Cehia \u0219i Slovacia<\/a><\/h3>\n<div class=\"td-module-meta-info\"><a href=\"https:\/\/r3media.ro\/category\/actualitate\/\" class=\"td-post-category\">ACTUALITATE<\/a><span class=\"td-post-author-name\"><a href=\"https:\/\/r3media.ro\/author\/oana\/\">Oana Ivan<\/a><span>&#8211;<\/span><\/span><span class=\"td-post-date\"><time class=\"entry-date updated td-module-date\" datetime=\"2026-07-09T20:48:24+03:00\">09\/07\/2026<\/time><\/span><\/div>\n<\/div>\n<\/div>\n<\/div>\n<\/div>\n<\/div>\n<div class=\"td-load-more-wrap td-load-more-infinite-wrap\" id=\"infinite-lm-tdi_20\"><a href=\"https:\/\/r3media.ro\/prapad-busteni-valea-prahovei-statiuni-ploi-viitura-oameni-raniti-masini-avariate-case-inundate\/\" class=\"td_ajax_load_more td_ajax_load_more_js\" aria-label=\"\u00cenc\u0103rca\u021bi mai multe\" id=\"next-page-tdi_20\" data-td_block_id=\"tdi_20\">\u00cenc\u0103rca\u021bi mai multe<\/a><\/div>\n<\/div>\n<div class=\"td_block_wrap tdb_single_comments tdi_21 tdb-comm-layout2 td-pb-border-top td_block_template_1\" data-td-block-uid=\"tdi_21\">\n<div class=\"tdb-block-inner td-fix-index\">\n<div class=\"comments\" id=\"comments\">\n<div id=\"respond\" class=\"comment-respond\">\n<h3 id=\"reply-title\" class=\"comment-reply-title\">AI CEVA DE SPUS? <small><a rel=\"nofollow\" id=\"cancel-comment-reply-link\" href=\"https:\/\/r3media.ro\/prapad-busteni-valea-prahovei-statiuni-ploi-viitura-oameni-raniti-masini-avariate-case-inundate\/#respond\">Renun\u021ba\u021bi la r\u0103spuns<\/a><\/small><\/h3>\n<div class=\"comment-form-input-wrap td-form-comment\">\n<div class=\"td-warning-comment\">V\u0103 rug\u0103m s\u0103 introduce\u021bi comentariul dvs.!<\/div>\n<\/div>\n<div class=\"comment-form-input-wrap td-form-author\">\n<div class=\"td-warning-author\">Introduce\u021bi aici numele dvs.<\/div>\n<\/div>\n<div class=\"comment-form-input-wrap td-form-email\">\n<div class=\"td-warning-email-error\">A\u021bi introdus o adres\u0103 de e-mail incorect\u0103!<\/div>\n<div class=\"td-warning-email\">V\u0103 rug\u0103m s\u0103 introduce\u021bi adresa dvs. de e-mail aici<\/div>\n<\/div>\n<\/div>\n<\/div>\n<\/div>\n<\/div>\n<\/div>\n<\/div>\n<div class=\"vc_column tdi_23  wpb_column vc_column_container tdc-column td-pb-span4 td-is-sticky\">\n<div class=\"wpb_wrapper\" data-sticky-enabled-on=\"W3RydWUsdHJ1ZSx0cnVlLHRydWVd\" data-sticky-offset=\"20\" data-sticky-is-width-auto=\"W2ZhbHNlLGZhbHNlLGZhbHNlLGZhbHNlXQ==\">\n<div class=\"wpb_wrapper td_block_wrap vc_widget_sidebar tdi_25 \">\n<div class=\"td_block_wrap td_block_7 td_block_widget tdi_26 td-pb-border-top td_block_template_1 td-column-1 td_block_padding\" data-td-block-uid=\"tdi_26\">\n<div class=\"td-block-title-wrap\">\n<h4 class=\"block-title td-block-title\"><span class=\"td-pulldown-size\">Articole RELA\u021aIONATE<\/span><\/h4>\n<\/div>\n<div id=\"tdi_26\" class=\"td_block_inner\">\n<div class=\"td-block-span12\">\n<div class=\"td_module_6 td_module_wrap td-animation-stack\">\n<div class=\"td-module-thumb\"><a href=\"https:\/\/r3media.ro\/facebook-a-picat-tari-romania\/\" rel=\"bookmark\" class=\"td-image-wrap \" title=\"Facebook a picat \u00een mai multe \u021b\u0103ri, inclusiv \u00een Rom\u00e2nia\"><img loading=\"lazy\" decoding=\"async\" class=\"entry-thumb\" src=\"https:\/\/r3media.ro\/wp-content\/uploads\/2026\/07\/eyestetix-studio-zENFnInKK2g-unsplash-100x70.jpg\" alt title=\"Facebook a picat \u00een mai multe \u021b\u0103ri, inclusiv \u00een Rom\u00e2nia\" width=\"100\" height=\"70\"><\/a><\/div>\n<div class=\"item-details\">\n<h3 class=\"entry-title td-module-title\"><a href=\"https:\/\/r3media.ro\/facebook-a-picat-tari-romania\/\" rel=\"bookmark\" title=\"Facebook a picat \u00een mai multe \u021b\u0103ri, inclusiv \u00een Rom\u00e2nia\">Facebook a picat \u00een mai multe \u021b\u0103ri, inclusiv \u00een Rom\u00e2nia<\/a><\/h3>\n<div class=\"td-module-meta-info\"><span class=\"td-post-date\"><time class=\"entry-date updated td-module-date\" datetime=\"2026-07-19T11:46:46+03:00\">19\/07\/2026<\/time><\/span><\/div>\n<\/div>\n<\/div>\n<\/div>\n<div class=\"td-block-span12\">\n<div class=\"td_module_6 td_module_wrap td-animation-stack\">\n<div class=\"td-module-thumb\"><a href=\"https:\/\/r3media.ro\/parinte-adrian-agachi-reactie-declaratii-ora-de-religie-corina-atanasiu-usr-totalitarism\/\" rel=\"bookmark\" class=\"td-image-wrap \" title=\"P\u0103rintele Adrian Agachi a reac\u021bionat la afirma\u021biile despre ora de Religie f\u0103cute de Corina Atanasiu (USR): E inadmisibil s\u0103 ne \u00eentoarcem la discursuri totalitare. Scuzele ar fi absolut necesare\"><img loading=\"lazy\" decoding=\"async\" class=\"entry-thumb\" src=\"https:\/\/r3media.ro\/wp-content\/uploads\/2026\/04\/adrian-agachi-100x70.png\" alt title=\"P\u0103rintele Adrian Agachi a reac\u021bionat la afirma\u021biile despre ora de Religie f\u0103cute de Corina Atanasiu (USR): E inadmisibil s\u0103 ne \u00eentoarcem la discursuri totalitare. Scuzele ar fi absolut necesare\" width=\"100\" height=\"70\"><\/a><\/div>\n<div class=\"item-details\">\n<h3 class=\"entry-title td-module-title\"><a href=\"https:\/\/r3media.ro\/parinte-adrian-agachi-reactie-declaratii-ora-de-religie-corina-atanasiu-usr-totalitarism\/\" rel=\"bookmark\" title=\"P\u0103rintele Adrian Agachi a reac\u021bionat la afirma\u021biile despre ora de Religie f\u0103cute de Corina Atanasiu (USR): E inadmisibil s\u0103 ne \u00eentoarcem la discursuri totalitare. Scuzele ar fi absolut necesare\">P\u0103rintele Adrian Agachi a reac\u021bionat la afirma\u021biile despre ora de Religie&#8230;<\/a><\/h3>\n<div class=\"td-module-meta-info\"><span class=\"td-post-date\"><time class=\"entry-date updated td-module-date\" datetime=\"2026-07-19T02:45:37+03:00\">19\/07\/2026<\/time><\/span><\/div>\n<\/div>\n<\/div>\n<\/div>\n<div class=\"td-block-span12\">\n<div class=\"td_module_6 td_module_wrap td-animation-stack\">\n<div class=\"td-module-thumb\"><a href=\"https:\/\/r3media.ro\/candidat-barbat-partidul-democrat-sua-menstruatie-sangerare-rect\/\" rel=\"bookmark\" class=\"td-image-wrap \" title=\"VIDEO | Un b\u0103rbat care candideaz\u0103 de la Partidul Democrat din SUA ar fi sus\u021binut c\u0103 are menstrua\u021bie \u0219i elimin\u0103 s\u00e2ngele prin rect\"><img loading=\"lazy\" decoding=\"async\" class=\"entry-thumb\" src=\"https:\/\/r3media.ro\/wp-content\/uploads\/2026\/07\/candidat-democrat-transgender-100x70.png\" alt title=\"VIDEO | Un b\u0103rbat care candideaz\u0103 de la Partidul Democrat din SUA ar fi sus\u021binut c\u0103 are menstrua\u021bie \u0219i elimin\u0103 s\u00e2ngele prin rect\" width=\"100\" height=\"70\"><\/a><\/div>\n<div class=\"item-details\">\n<h3 class=\"entry-title td-module-title\"><a href=\"https:\/\/r3media.ro\/candidat-barbat-partidul-democrat-sua-menstruatie-sangerare-rect\/\" rel=\"bookmark\" title=\"VIDEO | Un b\u0103rbat care candideaz\u0103 de la Partidul Democrat din SUA ar fi sus\u021binut c\u0103 are menstrua\u021bie \u0219i elimin\u0103 s\u00e2ngele prin rect\">VIDEO | Un b\u0103rbat care candideaz\u0103 de la Partidul Democrat din&#8230;<\/a><\/h3>\n<div class=\"td-module-meta-info\"><span class=\"td-post-date\"><time class=\"entry-date updated td-module-date\" datetime=\"2026-07-19T02:19:11+03:00\">19\/07\/2026<\/time><\/span><\/div>\n<\/div>\n<\/div>\n<\/div>\n<div class=\"td-block-span12\">\n<div class=\"td_module_6 td_module_wrap td-animation-stack\">\n<div class=\"td-module-thumb\"><a href=\"https:\/\/r3media.ro\/franta-anglia-finala-mica-cupa-mondiala-les-bleus-the-three-lions-lupta-medalie-bronz\/\" rel=\"bookmark\" class=\"td-image-wrap \" title=\"Fran\u021ba 4 \u2013 6 Anglia, finala mic\u0103 la Cupa Mondial\u0103 2026: Britanicii au c\u00e2\u0219tigat medalia de bronz\"><img loading=\"lazy\" decoding=\"async\" class=\"entry-thumb\" src=\"https:\/\/r3media.ro\/wp-content\/uploads\/2026\/07\/hard-rock-stadium-miami-100x70.jpg\" alt title=\"Fran\u021ba 4 \u2013 6 Anglia, finala mic\u0103 la Cupa Mondial\u0103 2026: Britanicii au c\u00e2\u0219tigat medalia de bronz\" width=\"100\" height=\"70\"><\/a><\/div>\n<div class=\"item-details\">\n<h3 class=\"entry-title td-module-title\"><a href=\"https:\/\/r3media.ro\/franta-anglia-finala-mica-cupa-mondiala-les-bleus-the-three-lions-lupta-medalie-bronz\/\" rel=\"bookmark\" title=\"Fran\u021ba 4 \u2013 6 Anglia, finala mic\u0103 la Cupa Mondial\u0103 2026: Britanicii au c\u00e2\u0219tigat medalia de bronz\">Fran\u021ba 4 \u2013 6 Anglia, finala mic\u0103 la Cupa Mondial\u0103 2026:&#8230;<\/a><\/h3>\n<div class=\"td-module-meta-info\"><span class=\"td-post-date\"><time class=\"entry-date updated td-module-date\" datetime=\"2026-07-18T12:39:58+03:00\">18\/07\/2026<\/time><\/span><\/div>\n<\/div>\n<\/div>\n<\/div>\n<div class=\"td-block-span12\">\n<div class=\"td_module_6 td_module_wrap td-animation-stack\">\n<div class=\"td-module-thumb\"><a href=\"https:\/\/r3media.ro\/dragos-tanase-demisie-conducere-gabriel-resources-18-ani\/\" rel=\"bookmark\" class=\"td-image-wrap \" title=\"Drago\u0219 T\u0103nase a demisionat de la conducerea Gabriel Resources dup\u0103 18 ani\"><img loading=\"lazy\" decoding=\"async\" class=\"entry-thumb\" src=\"https:\/\/r3media.ro\/wp-content\/uploads\/2026\/07\/dragos-tanase-100x70.jpg\" alt title=\"Drago\u0219 T\u0103nase a demisionat de la conducerea Gabriel Resources dup\u0103 18 ani\" width=\"100\" height=\"70\"><\/a><\/div>\n<div class=\"item-details\">\n<h3 class=\"entry-title td-module-title\"><a href=\"https:\/\/r3media.ro\/dragos-tanase-demisie-conducere-gabriel-resources-18-ani\/\" rel=\"bookmark\" title=\"Drago\u0219 T\u0103nase a demisionat de la conducerea Gabriel Resources dup\u0103 18 ani\">Drago\u0219 T\u0103nase a demisionat de la conducerea Gabriel Resources dup\u0103 18&#8230;<\/a><\/h3>\n<div class=\"td-module-meta-info\"><span class=\"td-post-date\"><time class=\"entry-date updated td-module-date\" datetime=\"2026-07-18T11:07:09+03:00\">18\/07\/2026<\/time><\/span><\/div>\n<\/div>\n<\/div>\n<\/div>\n<div class=\"td-block-span12\">\n<div class=\"td_module_6 td_module_wrap td-animation-stack\">\n<div class=\"td-module-thumb\"><a href=\"https:\/\/r3media.ro\/aur-sustine-ca-dan-tanasa-este-urmarit-penal-pentru-instigare-la-ura\/\" rel=\"bookmark\" class=\"td-image-wrap \" title=\"AUR sus\u021bine c\u0103 Dan T\u0103nas\u0103 este urm\u0103rit penal pentru instigare la ur\u0103\"><img loading=\"lazy\" decoding=\"async\" class=\"entry-thumb\" src=\"https:\/\/r3media.ro\/wp-content\/uploads\/2026\/05\/Tanasa-Dan-ursi-100x70.jpg\" alt title=\"AUR sus\u021bine c\u0103 Dan T\u0103nas\u0103 este urm\u0103rit penal pentru instigare la ur\u0103\" width=\"100\" height=\"70\"><\/a><\/div>\n<div class=\"item-details\">\n<h3 class=\"entry-title td-module-title\"><a href=\"https:\/\/r3media.ro\/aur-sustine-ca-dan-tanasa-este-urmarit-penal-pentru-instigare-la-ura\/\" rel=\"bookmark\" title=\"AUR sus\u021bine c\u0103 Dan T\u0103nas\u0103 este urm\u0103rit penal pentru instigare la ur\u0103\">AUR sus\u021bine c\u0103 Dan T\u0103nas\u0103 este urm\u0103rit penal pentru instigare la&#8230;<\/a><\/h3>\n<div class=\"td-module-meta-info\"><span class=\"td-post-date\"><time class=\"entry-date updated td-module-date\" datetime=\"2026-07-18T00:21:51+03:00\">18\/07\/2026<\/time><\/span><\/div>\n<\/div>\n<\/div>\n<\/div>\n<div class=\"td-block-span12\">\n<div class=\"td_module_6 td_module_wrap td-animation-stack\">\n<div class=\"td-module-thumb\"><a href=\"https:\/\/r3media.ro\/18-iulie-moartea-reginei-maria\/\" rel=\"bookmark\" class=\"td-image-wrap \" title=\"Calendarul zilei 18 iulie: 88 de ani de la moartea Reginei Maria, singura femeie onorat\u0103 pe ultimul drum de Armata Rom\u00e2n\u0103\"><img loading=\"lazy\" decoding=\"async\" class=\"entry-thumb\" src=\"https:\/\/r3media.ro\/wp-content\/uploads\/2020\/10\/29-octombrie-regina-maria-100x70.jpg\" alt title=\"Calendarul zilei 18 iulie: 88 de ani de la moartea Reginei Maria, singura femeie onorat\u0103 pe ultimul drum de Armata Rom\u00e2n\u0103\" width=\"100\" height=\"70\"><\/a><\/div>\n<div class=\"item-details\">\n<h3 class=\"entry-title td-module-title\"><a href=\"https:\/\/r3media.ro\/18-iulie-moartea-reginei-maria\/\" rel=\"bookmark\" title=\"Calendarul zilei 18 iulie: 88 de ani de la moartea Reginei Maria, singura femeie onorat\u0103 pe ultimul drum de Armata Rom\u00e2n\u0103\">Calendarul zilei 18 iulie: 88 de ani de la moartea Reginei&#8230;<\/a><\/h3>\n<div class=\"td-module-meta-info\"><span class=\"td-post-date\"><time class=\"entry-date updated td-module-date\" datetime=\"2026-07-17T23:12:50+03:00\">17\/07\/2026<\/time><\/span><\/div>\n<\/div>\n<\/div>\n<\/div>\n<\/div>\n<\/div>\n<aside class=\"td_block_template_1 widget widget_recent_comments\">\n<h4 class=\"block-title\"><span>INTR\u0102 \u00ceN DISCU\u021aIE!<\/span><\/h4>\n<ul id=\"recentcomments\">\n<li class=\"recentcomments\"><span class=\"comment-author-link\">Doru<\/span> la <a href=\"https:\/\/r3media.ro\/prof-dan-dungaciu-federatia-rusa-ajutor-pentru-ucraina\/#comment-40277\">Prof. Dan Dungaciu: Tu vrei s\u0103 love\u0219ti ariciul, adic\u0103 Federa\u021bia Rus\u0103, cu s\u00e2ngele, carnea \u0219i oasele ucrainenilor. \u0102sta e un ajutor pentru Ucraina?<\/a><\/li>\n<li class=\"recentcomments\"><span class=\"comment-author-link\">Constantin<\/span> la <a href=\"https:\/\/r3media.ro\/primar-cetateni-oradea-presiuni-lgbt\/#comment-40276\">Primarul \u0219i cet\u0103\u021benii din Oradea, presa\u021bi de lobby-ul interna\u021bional LGBT s\u0103 permit\u0103 mar\u0219ul homosexualit\u0103\u021bii pe str\u0103zile ora\u0219ului<\/a><\/li>\n<li class=\"recentcomments\"><span class=\"comment-author-link\">Iulian<\/span> la <a href=\"https:\/\/r3media.ro\/nicusor-dan-romania-militar-ucraina-secret\/#comment-40275\">Nicu\u0219or Dan a spus c\u0103 Rom\u00e2nia a transferat din capabilit\u0103\u021bile sale militare defensive c\u0103tre Ucraina \u0219i c\u0103 e bine s\u0103 r\u0103m\u00e2n\u0103 secret<\/a><\/li>\n<li class=\"recentcomments\"><span class=\"comment-author-link\">Yanny<\/span> la <a href=\"https:\/\/r3media.ro\/apuseni-fest-2026-muntele-gaina-targul-de-fete\/#comment-40274\">Apuseni Fest \u2013 2026: prima edi\u021bie de muzic\u0103 electronica, la \u00een\u0103l\u021bime, pe Muntele G\u0103ina, \u00een weekendul T\u00e2rgului de Fete<\/a><\/li>\n<li class=\"recentcomments\"><span class=\"comment-author-link\">Mihaela<\/span> la <a href=\"https:\/\/r3media.ro\/ilie-bolojan-alegeri-anticipate\/#comment-40272\">Ilie Bolojan ia \u00een calcul organizarea alegerilor anticipate: Mai devreme sau mai t\u00e2rziu, s\u0103 ne \u00eentoarcem la judecata cet\u0103\u0163enilor<\/a><\/li>\n<li class=\"recentcomments\"><span class=\"comment-author-link\">Kh-47M2 Kinzhal<\/span> la <a href=\"https:\/\/r3media.ro\/premiera-mondiala-robot-transportat-barca-lupta-razboi-ucraina-video\/#comment-40271\">VIDEO | Premier\u0103 mondial\u0103! Un robot cu inteligen\u021b\u0103 artificial\u0103 transportat de o barc\u0103 lupt\u0103 \u00een r\u0103zboiul din Ucraina<\/a><\/li>\n<li class=\"recentcomments\"><span class=\"comment-author-link\">Constantin<\/span> la <a href=\"https:\/\/r3media.ro\/ambasadorul-germaniei-la-chisinau-revine-nu-a-fost-intentia-mea-sa-pun-sub-semnul-intrebarii-unitatea-chestiunii-romanesti-sau-a-credintei-crestin-ortodoxe\/#comment-40270\">Ambasadorul Germaniei la Chi\u0219in\u0103u revine: Nu a fost inten\u0163ia mea s\u0103 pun sub semnul \u00eentreb\u0103rii unitatea chestiunii rom\u00e2ne\u015fti sau a credin\u0163ei cre\u015ftin ortodoxe<\/a><\/li>\n<\/ul>\n<\/aside>\n<aside class=\"td_block_template_1 widget widget_search\">\n<h4 class=\"block-title\"><span>CAUT\u0102 \u0218I VEI G\u0102SI<\/span><\/h4>\n<\/aside>\n<\/div>\n<\/div>\n<\/div>\n<\/div>\n<\/div>\n<\/div>\n<\/div>\n<p><span class=\"td-page-meta\"><\/span><span class=\"td-page-meta\"><span class=\"td-page-meta\"><\/span><\/span><span class=\"td-page-meta\"><\/span><\/article>\n<\/p>\n<div class=\"td_block_wrap tdb_single_content tdi_18 td-pb-border-top td_block_template_1 td-post-content tagdiv-type\" data-td-block-uid=\"tdi_18\">\n<div class=\"tdb-block-inner td-fix-index\">\n<p><strong>Ploile toren\u021biale de duminic\u0103 au f\u0103cut dezastru \u00een sta\u021biunile de pe valea Prahovei. \u0218uvoaie pline cu noroi au curs de pe versan\u021bi \u0219i s-au rev\u0103rsat pe str\u0103zile din Bu\u0219teni, Sinaia \u0219i Poiana \u021aapului, potrivit <a href=\"https:\/\/tvrinfo.ro\/inundatii-violente-la-busteni-sinaia-poiana-tapului-dupa-o-ploaie-torentiala-imagini-cu-viitura-care-a-maturat-totul-in-cale\/\" target=\"_blank\" rel=\"noopener\">TVR Info<\/a>.<\/strong><\/p>\n<p>Apa a avariat mai multe ma\u0219ini \u0219i a pus la p\u0103m\u00e2nt copaci. Dou\u0103 persoane au fost surprinse de viitur\u0103 \u00een timp ce al\u021bi oameni au sc\u0103pat \u00een ultima clip\u0103. Din fericire, cele dou\u0103 persoane au fost salvate \u0219i au fost transportate la spital.<\/p>\n<p>Cele mai grave probleme au fost \u00eenregistrate la Bu\u0219teni. P\u00e2r\u00e2ul Jepi a ie\u0219it din matc\u0103, iar apa a ajuns pe str\u0103zi, unde a purtat bolovani \u0219i bu\u0219teni. Viitura a ajuns p\u00e2n\u0103 \u00een DN1.<\/p>\n<p>Dou\u0103 persoane aflate \u00een apropierea \u0219oselei au fost luate de \u0219uvoaie. Una dintre victime a suferit traumatisme la nivelul membrelor superioare. Ambele persoane au fost transportate la spital \u0219i sunt \u00een afara oric\u0103rui pericol.<\/p>\n<p>Pompierii au intervenit \u0219i pentru salvarea mai multor oameni r\u0103ma\u0219i bloca\u021bi \u00een ma\u0219inile surprinse de viitur\u0103. Potrivit autorit\u0103\u021bilor, 22 de gospod\u0103rii au fost inundate la Bu\u0219teni. Echipele de interven\u021bie au ac\u021bionat pentru evacuarea apei \u0219i \u00eendep\u0103rtarea aluviunilor.<\/p>\n<p>Circula\u021bia pe DN1 a fost oprit\u0103 temporar \u00een zona sta\u021biunii, pentru ca pompierii \u0219i celelalte echipe de interven\u021bie s\u0103 poat\u0103 ac\u021biona \u00een siguran\u021b\u0103. Autorit\u0103\u021bile le-au cerut \u0219oferilor \u0219i localnicilor s\u0103 nu p\u0103trund\u0103 pe sectoarele de drum \u00eenchise.<\/p>\n<p>Probleme au fost semnalate \u0219i pe DN71, \u00eentre T\u00e2rgovi\u0219te \u0219i Sinaia, unde aluviunile scurse de pe versan\u021bi au ajuns pe carosabil.<\/p>\n<p>La fel s-a \u00eent\u00e2mplat \u0219i la Sinaia, \u00eens\u0103 amploarea distrugerilor a fost mai redus\u0103. Rafalele puternice de v\u00e2nt au dobor\u00e2t arbori \u0219i au avariat mai multe autoturisme.<\/p>\n\n\n\n<div class=\"crp_related     crp-masonry\">\n<h2>\u00ceN CONTEXT<\/h2>\n<ul>\n<li><a href=\"https:\/\/r3media.ro\/fara-tine-in-google-r3media-dispare-iata-ce-poti-face-in-10-secunde\/\" class=\"crp_link post-119031\"><span class=\"crp_title\">F\u0103r\u0103 tine \u00een Google, R3media dispare. Iat\u0103 ce po\u021bi face \u00een 10 secunde<\/span><\/a><\/li>\n<\/ul>\n<\/div>\n<\/div>\n<\/div>\n<p>[analyse_source url=&#8221;https:\/\/r3media.ro\/prapad-busteni-valea-prahovei-statiuni-ploi-viitura-oameni-raniti-masini-avariate-case-inundate\/&#8221;]<\/p>\n","protected":false},"excerpt":{"rendered":"<p>[analyse_image type=&#8221;featured&#8221; src=&#8221;https:\/\/r3media.ro\/wp-content\/uploads\/2026\/07\/viitura-busteni.jpghttps:\/\/r3media.ro\/wp-content\/uploads\/2026\/07\/viitura-busteni.jpg&#8221;] FEATUREDVIDEO | Pr\u0103p\u0103d la Bu\u0219teni! Ploile au cauzat o viitur\u0103 care a&#8230; FEATURED\u0218TIRI VIDEO | Pr\u0103p\u0103d la Bu\u0219teni! Ploile au cauzat o viitur\u0103 care a m\u0103turat tot \u00een cale \u00een sta\u021biunile de pe valea Prahovei: oameni r\u0103ni\u021bi, ma\u0219ini avariate \u0219i locuin\u021be inundate Oana Ivan 19\/07\/2026 Surs\u0103 &#8211; Prim\u0103ria Bu\u0219teni Ploile toren\u021biale de [&hellip;]<\/p>\n","protected":false},"author":1,"featured_media":0,"comment_status":"open","ping_status":"","sticky":false,"template":"","format":"standard","meta":{"footnotes":""},"categories":[89],"tags":[226,93],"class_list":["post-2051183","post","type-post","status-publish","format-standard","hentry","category-romania","tag-crawlmanager","tag-r3media-ro"],"_links":{"self":[{"href":"https:\/\/analyse.optim.biz\/index.php?rest_route=\/wp\/v2\/posts\/2051183","targetHints":{"allow":["GET"]}}],"collection":[{"href":"https:\/\/analyse.optim.biz\/index.php?rest_route=\/wp\/v2\/posts"}],"about":[{"href":"https:\/\/analyse.optim.biz\/index.php?rest_route=\/wp\/v2\/types\/post"}],"author":[{"embeddable":true,"href":"https:\/\/analyse.optim.biz\/index.php?rest_route=\/wp\/v2\/users\/1"}],"replies":[{"embeddable":true,"href":"https:\/\/analyse.optim.biz\/index.php?rest_route=%2Fwp%2Fv2%2Fcomments&post=2051183"}],"version-history":[{"count":0,"href":"https:\/\/analyse.optim.biz\/index.php?rest_route=\/wp\/v2\/posts\/2051183\/revisions"}],"wp:attachment":[{"href":"https:\/\/analyse.optim.biz\/index.php?rest_route=%2Fwp%2Fv2%2Fmedia&parent=2051183"}],"wp:term":[{"taxonomy":"category","embeddable":true,"href":"https:\/\/analyse.optim.biz\/index.php?rest_route=%2Fwp%2Fv2%2Fcategories&post=2051183"},{"taxonomy":"post_tag","embeddable":true,"href":"https:\/\/analyse.optim.biz\/index.php?rest_route=%2Fwp%2Fv2%2Ftags&post=2051183"}],"curies":[{"name":"wp","href":"https:\/\/api.w.org\/{rel}","templated":true}]}}