{"id":2051079,"date":"2026-07-15T09:27:41","date_gmt":"2026-07-15T06:27:41","guid":{"rendered":"https:\/\/analyse.optim.biz\/?p=2051079"},"modified":"2026-07-15T09:27:41","modified_gmt":"2026-07-15T06:27:41","slug":"la-fel-de-spectaculos-ca-transluncani-un-drum-care-leaga-judetele-timis-caras-severin-si-hunedoara-intra-in-modernizare-a-fost-semnat-contractul-pentru-primul-tronson-din-soseaua-care-va-aduce-turi","status":"publish","type":"post","link":"https:\/\/analyse.optim.biz\/?p=2051079","title":{"rendered":"La fel de spectaculos ca Transluncani, un drum care leag\u0103 jude\u021bele Timi\u0219, Cara\u0219-Severin \u0219i Hunedoara intr\u0103 \u00een modernizare. A fost semnat contractul pentru primul tronson din \u0219oseaua care va aduce turi\u0219ti \u00een cele mai frumoase locuri din Banat"},"content":{"rendered":"<p>[analyse_image type=&#8221;featured&#8221; src=&#8221;https:\/\/www.opiniatimisoarei.ro\/wp-content\/uploads\/2025\/11\/transluncani-728&#215;336.jpghttps:\/\/www.opiniatimisoarei.ro\/wp-content\/uploads\/2025\/11\/transluncani.jpg&#8221;]<\/p>\n<div class=\"the_content\">\n<p><strong>TIMI\u0218OARA<\/strong>. Va putea concura cu succes \u00eenc\u00e2nt\u0103toarea \u0219osea Transalpina ori chiar Transf\u0103g\u0103r\u0103\u0219anul \u0219i va fi cel pu\u021b\u00een la fel de spectaculos c\u0103 Transluncani.<\/p>\n<p><strong><span>CITE\u0218TE \u0218I:<\/span><a href=\"https:\/\/www.opiniatimisoarei.ro\/asfaltare-in-forta-un-sens-giratoriu-gata-pe-drumul-care-se-largeste-la-4-benzi-langa-timisoara-ultimele-imagini-de-pe-santier-video\/15\/07\/2026\">Asfaltare \u00een for\u021b\u0103, un sens giratoriu gata pe drumul care se l\u0103rge\u0219te la 4 benzi l\u00e2ng\u0103 Timi\u0219oara. Ultimele imagini de pe \u0219antier. VIDEO<\/a><\/strong><\/p>\n<p>Este vorba despre un drum jude\u021bean din Timi\u0219 care va intr\u0103 \u00een modernizare cu bani europeni. Finan\u021barea a fost deja semnat\u0103 \u00eenc\u0103 din toamn\u0103.<\/p>\n<p>Drumul va lega zona montan\u0103 a Timi\u0219ului cu jude\u021bele vecine, Cara\u0219-Severin \u0219i Hunedoara, \u0219i va oferi acces mai u\u0219or spre obiective turistice, cum ar fi Pe\u0219tera Rom\u00e2ne\u0219ti, bisericile din lemn sau morile de ap\u0103.<\/p>\n<p>La licita\u021bia lansat\u0103 de Consiliul Jude\u021bean s-au depus 5 oferte pentru cele dou\u0103 loturi \u00een care a fost \u00eemp\u0103r\u021bit\u0103 \u0219oseaua ca s\u0103 mearg\u0103 lucr\u0103rile mai repede.<\/p>\n<p>Pentru primul lot a fost deja iscalit contractul cu constructorul care a c\u00e2\u0219tigat, asocierea Drumuri \u0219i Poduri Banat (lider) cu General Trust Arge\u0219.<\/p>\n<p>Pentru <span class=\"dia_suggestion w1\">al<\/span> doilea segment <span class=\"dia_suggestion w4\">se<\/span><span class=\"dia_suggestion w5\">a\u0219teapt\u0103<\/span><span class=\"dia_suggestion w6\">\u00eenc\u0103<\/span> finalizarea <span class=\"dia_suggestion w8\">licita\u021biei<\/span>, <span class=\"dia_suggestion w9\">care<\/span> a fost <span class=\"dia_suggestion w12\">contestat\u0103<\/span>.<\/p>\n<p>\u201c<strong>Am semnat contractul de execu\u021bie pentru primul tronson al Drumului Jude\u021bean 684, Luncanii de Jos \u2013 limit\u0103 Cara\u0219-Severin, parte a celei mai spectaculoase \u0219osele care une\u0219te trei jude\u021be, Timi\u0219, Cara\u0219 \u0219i Hunedoara. Vorbim de cel mai mare proiect de infrastructur\u0103 rutier\u0103 local\u0103 din istoria jude\u021bului, aproximativ 100 de milioane de euro, cu finan\u021bare de la bugetul Consiliului Jude\u021bean Timi\u0219 \u0219i fonduri europene.<\/strong><\/p>\n<p><strong>Lotul pentru care s-a semnat contractul are o lungime de 16.5 kilometri \u0219i va str\u0103bate mun\u021bii prin cea mai pitoreasc\u0103 zon\u0103 a Timi\u0219ului. Este o lucrare complex\u0103 care are \u00eens\u0103 \u0219i un rol strategic pentru zona de est a jude\u021bului av\u00e2nd un impact major at\u00e2t din punct de vedere turistic \u0219i economic. Acest drum va facilita accesul locuitorilor din Cara\u0219-Severin c\u0103tre autostrada A1 \u0219i va conecta zone \u00een care se investesc sume importante \u00een turism.<\/strong><br \/><strong>Sectorul de drum pentru care s-a semnat execu\u021bia lucr\u0103rii ar trebui s\u0103 fie finalizat la \u00eenceputul anului 2028<\/strong>\u201c, transmite Alfred Simonis, presedintele Consiliului Judetean Timis.<\/p>\n<h2><span><strong>Spectaculoasa \u0219osea va avea aproape 30 km<\/strong><\/span><\/h2>\n<p><a href=\"https:\/\/www.opiniatimisoarei.ro\/wp-content\/uploads\/2026\/04\/transluncani-luncani.jpg\"><img loading=\"lazy\" decoding=\"async\" class=\"aligncenter size-full wp-image-875823\" src=\"https:\/\/www.opiniatimisoarei.ro\/wp-content\/uploads\/2026\/04\/transluncani-luncani.jpg\" alt=\"\" width=\"1080\" height=\"500\"><\/a><\/p>\n<p>\u0218oseaua, care are 27 de kilometri lungime, a fost \u00eemp\u0103r\u021bit\u0103 \u00een dou\u0103 loturi care, fie vor avea acela\u0219i constructor, fie doi diferi\u021bi pentru ca lucr\u0103rile s\u0103 mearg\u0103 c\u00e2t mai repede.<\/p>\n<p><strong>Lotul 1<\/strong> vizeaz\u0103 modernizarea drumului interjude\u021bean DJ 684 pe traseul DN 68A (Co\u0219ava) \u2013 Tome\u0219ti \u2013 Luncanii de Jos, cu o band\u0103 pe sens. Se vor amenaja intersec\u021biile cu drumurile \u0219i strazile laterale, accesele la propriet\u0103\u021bi, sta\u021bii de autobuz, parc\u0103ri, dar vor fi construite \u0219i 4 poduri \u0219i pode\u021be.<\/p>\n<p><strong>Lotul 2<\/strong> vizeaz\u0103 modernizarea drumului interjude\u021bean DJ 684 pe traseul Luncanii de Jos \u2013 limit\u0103 jude\u021bul Cara\u0219 \u2013 Severin, tot cu o band\u0103 pe sens, amenajarea intersec\u021biilor, a acceselor la propriet\u0103\u021bi, sta\u021bii de autobuz, parc\u0103ri, dar \u0219i 4 poduri \u0219i pode\u021be de pe traseu.<\/p>\n<h2><span><strong>\u00cen 2 ani, drumul va fi o atrac\u021bie turistic\u0103<\/strong><\/span><\/h2>\n<p><a href=\"https:\/\/www.opiniatimisoarei.ro\/wp-content\/uploads\/2019\/06\/sosea-tomesti-oboare-11.jpg\"><img loading=\"lazy\" decoding=\"async\" class=\"aligncenter size-full wp-image-612934\" src=\"https:\/\/www.opiniatimisoarei.ro\/wp-content\/uploads\/2019\/06\/sosea-tomesti-oboare-11.jpg\" alt=\"\" width=\"700\" height=\"394\"><\/a><\/p>\n<p>\u201c<strong>DJ 684 va lega Timi\u0219ul de Cara\u0219-Severin \u0219i Hunedoara \u0219i sunt convins c\u0103 va deveni o adev\u0103rat\u0103 atrac\u021bie turistic\u0103 datorit\u0103 peisajelor. Putem vorbi despre un drum asem\u0103n\u0103tor Transluncani-ului. Moderniz\u0103m aproape 27 kilometri de drum pe teritoriul Timi\u0219ului, dintr-un total de peste 56 care traverseaz\u0103 \u0219i Cara\u0219-Severin \u0219i Hunedoara. (\u2026)<\/strong><\/p>\n<p><strong>Drumul va avea dou\u0103 componente \u2013 una ce conecteaz\u0103 jude\u021bele Timi\u0219 \u0219i Cara\u0219-Severin pe traseul Co\u0219ava \u2013 Tome\u0219ti \u2013 Luncanii de Jos \u2013 Rusca Montan\u0103 \u2013 Voislova, iar cealalt\u0103 va lega jude\u021bul Cara\u0219-Severin de Hunedoara, pe traseul Rusca Montan\u0103 \u2013 Lunca Cernii de Jos unde va face conexiunea cu DJ 687D, care traverseaz\u0103 alte zone turistice, precum lacul Cinci\u0219, \u0219i duce spre municipiul Hunedoara<\/strong>\u201d, preciza recent Alfred Simonis, <span class=\"dia_suggestion w0\">pre\u0219edintele<\/span> Consiliului <span class=\"dia_suggestion w2\">Jude\u021bean<\/span><span class=\"dia_suggestion w3\">Timi\u0219<\/span>.<\/p>\n<p>***<\/p>\n<p><strong><span class=\"dia_suggestion w0\">Mai<\/span><span class=\"dia_suggestion w1\">multe<\/span><span class=\"dia_suggestion w2\">g\u0103si\u021bi<\/span> pe <span class=\"dia_suggestion w4\">pagina noastr<span class=\"dia_suggestion w0\">\u0103<\/span><\/span>\u00a0de <a href=\"https:\/\/www.facebook.com\/OpiniaTM\/?ref=page_internal\" target=\"_blank\" rel=\"noopener\">Facebook opiniatimisoarei.ro<\/a>!<\/strong><\/p>\n<p><strong><span class=\"dia_suggestion w0\">Dac\u0103<\/span><span class=\"dia_suggestion w1\">a\u021bi<\/span> fost martorii unui eveniment <span class=\"dia_suggestion w6\">sau<\/span><span class=\"dia_suggestion w7\">ai<\/span> unei <span class=\"dia_suggestion w9\">situa\u021bii<\/span><span class=\"dia_suggestion w10\">neobi\u0219nuite<\/span><span class=\"dia_suggestion w11\">care<\/span> ar <span class=\"dia_suggestion w13\">putea<\/span> deveni subiect de <span class=\"dia_suggestion w17\">\u0219tire<\/span>, <span class=\"dia_suggestion w18\">contacta\u021bi<\/span>-ne <span class=\"dia_suggestion w20\">la<\/span><span><a href=\"https:\/\/www.opiniatimisoarei.ro\/cdn-cgi\/l\/email-protection\" class=\"__cf_email__\" data-cfemail=\"394b5c5d585a4d505c795649505750584d5054504a56584b5c50174b56\">[email\u00a0protected]<\/a>,<\/span>\u00a0 pe <a href=\"https:\/\/www.facebook.com\/OpiniaTM\">FB<\/a><span>sau pe contul nostru de<\/span><a href=\"https:\/\/www.instagram.com\/opiniatimisoarei.ro\/\" target=\"_blank\" rel=\"noopener\">Instagram<\/a>!<\/strong><\/p>\n<p><strong><span>CITESTE SI<\/span>: <a href=\"https:\/\/www.opiniatimisoarei.ro\/afli-primul-tot-ceea-ce-se-intampla-cu-adevarat-important-in-timisoara-si-in-regiune-cu-aplicatia-de-stiri-opinia-timisoarei-3-tipuri-de-alerte-te-tin-mereu-conectat-la-evenimente-descarca-gratuit-a\/31\/10\/2022\">Afli primul tot ceea ce se intampla cu adevarat important in Timisoara si in regiune cu Aplicatia de stiri Opinia Timisoarei. 3 tipuri de alerte te tin mereu conectat la evenimente. Descarca gratuit Aplicatia OT aici!<\/a><\/strong><\/p>\n<p>\u00a0<\/p>\n<\/div>\n<p>[analyse_source url=&#8221;https:\/\/www.opiniatimisoarei.ro\/la-fel-de-spectaculos-ca-transluncani-un-drum-care-leaga-judetele-timis-caras-severin-si-hunedoara-intra-in-modernizare-a-fost-semnat-contractul-pentru-primul-tronson-din-soseaua-care-va-aduce-turi\/15\/07\/2026&#8243;]<\/p>\n","protected":false},"excerpt":{"rendered":"<p>[analyse_image type=&#8221;featured&#8221; src=&#8221;https:\/\/www.opiniatimisoarei.ro\/wp-content\/uploads\/2025\/11\/transluncani-728&#215;336.jpghttps:\/\/www.opiniatimisoarei.ro\/wp-content\/uploads\/2025\/11\/transluncani.jpg&#8221;] TIMI\u0218OARA. Va putea concura cu succes \u00eenc\u00e2nt\u0103toarea \u0219osea Transalpina ori chiar Transf\u0103g\u0103r\u0103\u0219anul \u0219i va fi cel pu\u021b\u00een la fel de spectaculos c\u0103 Transluncani. CITE\u0218TE \u0218I:Asfaltare \u00een for\u021b\u0103, un sens giratoriu gata pe drumul care se l\u0103rge\u0219te la 4 benzi l\u00e2ng\u0103 Timi\u0219oara. Ultimele imagini de pe \u0219antier. VIDEO Este vorba despre un drum [&hellip;]<\/p>\n","protected":false},"author":1,"featured_media":0,"comment_status":"open","ping_status":"","sticky":false,"template":"","format":"standard","meta":{"footnotes":""},"categories":[89],"tags":[226,190],"class_list":["post-2051079","post","type-post","status-publish","format-standard","hentry","category-romania","tag-crawlmanager","tag-opiniatimisoarei-ro"],"_links":{"self":[{"href":"https:\/\/analyse.optim.biz\/index.php?rest_route=\/wp\/v2\/posts\/2051079","targetHints":{"allow":["GET"]}}],"collection":[{"href":"https:\/\/analyse.optim.biz\/index.php?rest_route=\/wp\/v2\/posts"}],"about":[{"href":"https:\/\/analyse.optim.biz\/index.php?rest_route=\/wp\/v2\/types\/post"}],"author":[{"embeddable":true,"href":"https:\/\/analyse.optim.biz\/index.php?rest_route=\/wp\/v2\/users\/1"}],"replies":[{"embeddable":true,"href":"https:\/\/analyse.optim.biz\/index.php?rest_route=%2Fwp%2Fv2%2Fcomments&post=2051079"}],"version-history":[{"count":0,"href":"https:\/\/analyse.optim.biz\/index.php?rest_route=\/wp\/v2\/posts\/2051079\/revisions"}],"wp:attachment":[{"href":"https:\/\/analyse.optim.biz\/index.php?rest_route=%2Fwp%2Fv2%2Fmedia&parent=2051079"}],"wp:term":[{"taxonomy":"category","embeddable":true,"href":"https:\/\/analyse.optim.biz\/index.php?rest_route=%2Fwp%2Fv2%2Fcategories&post=2051079"},{"taxonomy":"post_tag","embeddable":true,"href":"https:\/\/analyse.optim.biz\/index.php?rest_route=%2Fwp%2Fv2%2Ftags&post=2051079"}],"curies":[{"name":"wp","href":"https:\/\/api.w.org\/{rel}","templated":true}]}}