{"id":2051077,"date":"2026-07-17T08:26:18","date_gmt":"2026-07-17T05:26:18","guid":{"rendered":"https:\/\/analyse.optim.biz\/?p=2051077"},"modified":"2026-07-17T08:26:18","modified_gmt":"2026-07-17T05:26:18","slug":"trebuie-sa-fie-gata-in-2029-pentru-viitoarea-linie-de-tramvai-care-sa-lege-gara-de-nord-timisoara-de-pasajul-solventul-avem-constructor-foto","status":"publish","type":"post","link":"https:\/\/analyse.optim.biz\/?p=2051077","title":{"rendered":"Trebuie s\u0103 fie gata \u00een 2029. Pentru viitoarea linie de tramvai care s\u0103 lege Gara de Nord Timi\u0219oara de Pasajul Solventul avem constructor. FOTO"},"content":{"rendered":"<p>[analyse_image type=&#8221;featured&#8221; src=&#8221;https:\/\/www.opiniatimisoarei.ro\/wp-content\/uploads\/2026\/07\/linie-tramvai-gara-solventul-proiect-4-728&#215;336.jpghttps:\/\/www.opiniatimisoarei.ro\/wp-content\/uploads\/2026\/07\/linie-tramvai-gara-solventul-proiect-4.jpg&#8221;]<\/p>\n<div class=\"the_content\">\n<p><strong>TIMI\u0218OARA<\/strong>. Cu tramvaiul de la Gara de Nord la Solventul.<\/p>\n<p><span class=\"dia_suggestion w0\">Dup\u0103<\/span><span class=\"dia_suggestion w1\">contesta\u021bii<\/span><span class=\"dia_suggestion w2\">\u0219i<\/span> un proces\u00a0<span class=\"dia_suggestion w6\">\u00een<\/span><span class=\"dia_suggestion w7\">instan\u021b\u0103<\/span>, Prim\u0103ria Timi\u0219oara a semnat contractul cu constructorul care s\u0103 duc\u0103 mai departe planurile de extindere a liniei de tramvai de la Gara de Nord, pe bulevardul G\u0103rii, spre Pasajul Solventul, relu\u00e2nd, de la cap\u0103t, un proiect al vechii administra\u021bii.<\/p>\n<p><strong><span>CITE\u0218TE \u0218I:<\/span><a href=\"https:\/\/www.opiniatimisoarei.ro\/se-inchide-circulatia-prin-pasajul-solventul-la-timisoara-pana-la-craciun-dupa-o-pauza-de-jumatate-de-an-muncitorii-se-intorc-pe-santier-sa-puna-liniile-de-tramvai\/10\/07\/2026\">Se \u00eenchide circula\u021bia prin Pasajul Solventul la Timi\u0219oara p\u00e2n\u0103 la Cr\u0103ciun. Dup\u0103 o pauz\u0103 de jum\u0103tate de an, muncitorii se \u00eentorc pe \u0219antier s\u0103 pun\u0103 liniile de tramvai<\/a><\/strong><\/p>\n<p>La finele lunii septembrie 2025 a fost lansat\u0103 licita\u021bia pentru g\u0103sirea unui constructor care s\u0103 amenajeze nou\u0103 cale de rulare dubl\u0103, de 1,3 kilometri, dar \u0219i 3 sta\u021bii pe acest traseu, prev\u0103zute cu peroane \u0219i copertine.<\/p>\n<p><a href=\"https:\/\/www.opiniatimisoarei.ro\/wp-content\/uploads\/2026\/07\/linie-tramvai-gara-solventul-proiect-5.jpg\"><img loading=\"lazy\" decoding=\"async\" class=\"aligncenter size-full wp-image-883195\" src=\"https:\/\/www.opiniatimisoarei.ro\/wp-content\/uploads\/2026\/07\/linie-tramvai-gara-solventul-proiect-5.jpg\" alt=\"\" width=\"1080\" height=\"500\"><\/a><\/p>\n<p>Acum a fost \u00eencredin\u021bat contractul asocierii SYLC CON TRANS SRL (lider) \u0219i Cons Electrificarea Instal SRL, c\u00e2\u0219tig\u0103toare \u00een urma procedurii.<\/p>\n<p>Valoarea contractului pentru linia de tramvai este de 62.447.509,70 lei, f\u0103r\u0103 TVA, adic\u0103 aproape 15 milioane de euro cu TVA.<\/p>\n<p>Investi\u021bia total\u0103 dep\u0103\u0219e\u0219te \u00eens\u0103 100 de milioane de lei, din care 68 fonduri europene prin Programul Regional Vest 2021 \u2013 2027.<\/p>\n<p>Pe langa construirea liniei de tramvai, castigatorul licitatiei va trebui s\u0103 modernizeze \u00eentreaga tram\u0103 stradal\u0103 cuprins\u0103 \u00eentre Gara de Nord \u0219i platforma Solventul, inclusiv\u00a0 re\u021belele edilitare stradale, subterane \u0219i supraterane.<\/p>\n<p>Acestor lucr\u0103ri li se adaug\u0103 construirea de piste de biciclete, trotuare, amenajarea de zone verzi \u0219i implementarea unui sistem de supraveghere video conectat cu cel de management al traficului.<\/p>\n<p><a href=\"https:\/\/www.opiniatimisoarei.ro\/wp-content\/uploads\/2025\/09\/1-3.jpg\"><img loading=\"lazy\" decoding=\"async\" class=\"aligncenter size-full wp-image-860201\" src=\"https:\/\/www.opiniatimisoarei.ro\/wp-content\/uploads\/2025\/09\/1-3.jpg\" alt=\"\" width=\"1383\" height=\"631\"><\/a><\/p>\n<h2><span><strong><span class=\"dia_suggestion w0\">Din<\/span> 2029, tramvaiul ar trebui <span class=\"dia_suggestion w4\">s\u0103<\/span><span class=\"dia_suggestion w5\">ajung\u0103<\/span> de <span class=\"dia_suggestion w7\"><span class=\"dia_suggestion w11\">la<\/span><\/span><span class=\"dia_suggestion w8\">Gara<\/span> de Nord la Pasajul Solventul. Constructorul <span class=\"dia_suggestion w15\">c\u00e2\u0219tigase<\/span><span class=\"dia_suggestion w16\">\u0219i<\/span><span class=\"dia_suggestion w17\">licita\u021bia<\/span><span class=\"dia_suggestion w18\">administra\u021biei<\/span> Robu<\/strong><\/span><\/h2>\n<p><span class=\"dia_suggestion w0\">Din<\/span> momentul ordinului de <span class=\"dia_suggestion w4\">\u00eencepere<\/span> a <span class=\"dia_suggestion w6\">lucr\u0103rilor<\/span>, constructorul are 18 luni <span class=\"dia_suggestion w10\">s\u0103<\/span><span class=\"dia_suggestion w11\">duc\u0103<\/span><span class=\"dia_suggestion w12\">la<\/span> bun <span class=\"dia_suggestion w14\">sf\u00e2r\u0219it<\/span> proiectul.<\/p>\n<p>Astfel, <span class=\"dia_suggestion w17\">\u00een<\/span> 2029, pe bulevardul G\u0103rii <span class=\"dia_suggestion w21\">din<\/span> Timi\u0219oara ar trebui s\u0103 circule <span class=\"dia_suggestion w27\">deja<\/span> tramvaiele pe <span class=\"dia_suggestion w30\">nou\u0103<\/span> linie c\u0103tre Solventul.<\/p>\n<p>V\u0103 reamintim, linia de tramvai de pe Bulevardul <span class=\"dia_suggestion w6\">G\u0103rii<\/span> este un proiect <span class=\"dia_suggestion w10\">ini\u021biat<\/span> de <span class=\"dia_suggestion w12\">fosta<\/span><span class=\"dia_suggestion w13\">administra\u021bie<\/span><span class=\"dia_suggestion w14\">care<\/span><span class=\"dia_suggestion w15\">\u00eencheiase<\/span><span class=\"dia_suggestion w16\">\u0219i<\/span><span class=\"dia_suggestion w17\">licita\u021bia<\/span> pentru traseu, <span class=\"dia_suggestion w21\">aceasta<\/span><span class=\"dia_suggestion w22\">fiind<\/span><span class=\"dia_suggestion w23\">c\u00e2\u0219tigat\u0103<\/span><span class=\"dia_suggestion w24\">\u00een<\/span> 2020 tot de SYLC CON TRANS SRL, atunci <span class=\"dia_suggestion w15\">\u00ee<\/span>n asociere cu Longhersin, la suma de <strong>37.174.540 lei f<span class=\"dia_suggestion w32\">\u0103<\/span>r<span class=\"dia_suggestion w32\">\u0103<\/span> TVA<\/strong>, adic<span class=\"dia_suggestion w6\">\u0103<\/span> pu<span class=\"dia_suggestion w10\">\u021b<\/span>in peste 9 milioane de euro cu TVA.<\/p>\n<p>A fost reziliat <span class=\"dia_suggestion w32\">\u00eens\u0103<\/span> contractul de c\u0103tre administra<span class=\"dia_suggestion w10\">\u021b<\/span>ia Fritz si reluat\u0103 licita<span class=\"dia_suggestion w10\">\u021b<\/span>ia.<\/p>\n<div id=\"gallery-1\" class=\"gallery optm-gallery galleryid-883190\">\n<div class=\"optm-galcont\"><a href=\"https:\/\/www.opiniatimisoarei.ro\/wp-content\/uploads\/2026\/07\/linie-tramvai-gara-solventul-proiect-6.jpg\"><img decoding=\"async\" src=\"https:\/\/www.opiniatimisoarei.ro\/wp-content\/uploads\/2026\/07\/linie-tramvai-gara-solventul-proiect-6-300x139.jpg\"><\/a><a href=\"https:\/\/www.opiniatimisoarei.ro\/wp-content\/uploads\/2026\/07\/linie-tramvai-gara-solventul-proiect-5.jpg\"><img decoding=\"async\" src=\"https:\/\/www.opiniatimisoarei.ro\/wp-content\/uploads\/2026\/07\/linie-tramvai-gara-solventul-proiect-5-300x139.jpg\"><\/a><a href=\"https:\/\/www.opiniatimisoarei.ro\/wp-content\/uploads\/2026\/07\/linie-tramvai-gara-solventul-proiect-4.jpg\"><img decoding=\"async\" src=\"https:\/\/www.opiniatimisoarei.ro\/wp-content\/uploads\/2026\/07\/linie-tramvai-gara-solventul-proiect-4-300x139.jpg\"><\/a><a href=\"https:\/\/www.opiniatimisoarei.ro\/wp-content\/uploads\/2026\/07\/linie-tramvai-gara-solventul-proiect-3.jpg\"><img decoding=\"async\" src=\"https:\/\/www.opiniatimisoarei.ro\/wp-content\/uploads\/2026\/07\/linie-tramvai-gara-solventul-proiect-3-300x139.jpg\"><\/a><a href=\"https:\/\/www.opiniatimisoarei.ro\/wp-content\/uploads\/2026\/07\/linie-tramvai-gara-solventul-proiect-2.jpg\"><img decoding=\"async\" src=\"https:\/\/www.opiniatimisoarei.ro\/wp-content\/uploads\/2026\/07\/linie-tramvai-gara-solventul-proiect-2-300x139.jpg\"><\/a><a href=\"https:\/\/www.opiniatimisoarei.ro\/wp-content\/uploads\/2026\/07\/linie-tramvai-gara-solventul-proiect-1.jpg\"><img decoding=\"async\" src=\"https:\/\/www.opiniatimisoarei.ro\/wp-content\/uploads\/2026\/07\/linie-tramvai-gara-solventul-proiect-1-300x139.jpg\"><\/a><\/div>\n<\/div>\n<p>***<\/p>\n<p><strong><span class=\"dia_suggestion w0\">Mai<\/span><span class=\"dia_suggestion w1\">multe<\/span><span class=\"dia_suggestion w2\">g\u0103si\u021bi<\/span> pe <span class=\"dia_suggestion w4\">pagina noastr<span class=\"dia_suggestion w0\">\u0103<\/span><\/span>\u00a0de <a href=\"https:\/\/www.facebook.com\/OpiniaTM\/?ref=page_internal\" target=\"_blank\" rel=\"noopener\">Facebook opiniatimisoarei.ro<\/a>!<\/strong><\/p>\n<p><strong><span class=\"dia_suggestion w0\">Dac\u0103<\/span><span class=\"dia_suggestion w1\">a\u021bi<\/span> fost martorii unui eveniment <span class=\"dia_suggestion w6\">sau<\/span><span class=\"dia_suggestion w7\">ai<\/span> unei <span class=\"dia_suggestion w9\">situa\u021bii<\/span><span class=\"dia_suggestion w10\">neobi\u0219nuite<\/span><span class=\"dia_suggestion w11\">care<\/span> ar <span class=\"dia_suggestion w13\">putea<\/span> deveni subiect de <span class=\"dia_suggestion w17\">\u0219tire<\/span>, <span class=\"dia_suggestion w18\">contacta\u021bi<\/span>-ne <span class=\"dia_suggestion w20\">la<\/span><span><a href=\"https:\/\/www.opiniatimisoarei.ro\/cdn-cgi\/l\/email-protection\" class=\"__cf_email__\" data-cfemail=\"d7a5b2b3b6b4a3beb297b8a7beb9beb6a3bebabea4b8b6a5b2bef9a5b8\">[email\u00a0protected]<\/a>,<\/span>\u00a0 pe <a href=\"https:\/\/www.facebook.com\/OpiniaTM\">FB<\/a><span>sau pe contul nostru de<\/span><a href=\"https:\/\/www.instagram.com\/opiniatimisoarei.ro\/\" target=\"_blank\" rel=\"noopener\">Instagram<\/a>!<\/strong><\/p>\n<p><strong><span>CITE\u0218TE \u0218I<\/span>: <a href=\"https:\/\/www.opiniatimisoarei.ro\/afli-primul-tot-ceea-ce-se-intampla-cu-adevarat-important-in-timisoara-si-in-regiune-cu-aplicatia-de-stiri-opinia-timisoarei-3-tipuri-de-alerte-te-tin-mereu-conectat-la-evenimente-descarca-gratuit-a\/31\/10\/2022\">Afli primul tot ceea ce se intampla cu adevarat important in Timisoara si in regiune cu Aplicatia de stiri Opinia Timisoarei. 3 tipuri de alerte te tin mereu conectat la evenimente. Descarca gratuit Aplicatia OT aici!<\/a><\/strong><\/p>\n<p>\u00a0<\/p>\n<\/div>\n<p>[analyse_source url=&#8221;https:\/\/www.opiniatimisoarei.ro\/trebuie-sa-fie-gata-in-2029-pentru-viitoarea-linie-de-tramvai-care-sa-lege-gara-de-nord-timisoara-de-pasajul-solventul-avem-constructor-foto\/17\/07\/2026&#8243;]<\/p>\n","protected":false},"excerpt":{"rendered":"<p>[analyse_image type=&#8221;featured&#8221; src=&#8221;https:\/\/www.opiniatimisoarei.ro\/wp-content\/uploads\/2026\/07\/linie-tramvai-gara-solventul-proiect-4-728&#215;336.jpghttps:\/\/www.opiniatimisoarei.ro\/wp-content\/uploads\/2026\/07\/linie-tramvai-gara-solventul-proiect-4.jpg&#8221;] TIMI\u0218OARA. Cu tramvaiul de la Gara de Nord la Solventul. Dup\u0103contesta\u021bii\u0219i un proces\u00a0\u00eeninstan\u021b\u0103, Prim\u0103ria Timi\u0219oara a semnat contractul cu constructorul care s\u0103 duc\u0103 mai departe planurile de extindere a liniei de tramvai de la Gara de Nord, pe bulevardul G\u0103rii, spre Pasajul Solventul, relu\u00e2nd, de la cap\u0103t, un proiect al vechii administra\u021bii. [&hellip;]<\/p>\n","protected":false},"author":1,"featured_media":0,"comment_status":"open","ping_status":"","sticky":false,"template":"","format":"standard","meta":{"footnotes":""},"categories":[89],"tags":[226,190],"class_list":["post-2051077","post","type-post","status-publish","format-standard","hentry","category-romania","tag-crawlmanager","tag-opiniatimisoarei-ro"],"_links":{"self":[{"href":"https:\/\/analyse.optim.biz\/index.php?rest_route=\/wp\/v2\/posts\/2051077","targetHints":{"allow":["GET"]}}],"collection":[{"href":"https:\/\/analyse.optim.biz\/index.php?rest_route=\/wp\/v2\/posts"}],"about":[{"href":"https:\/\/analyse.optim.biz\/index.php?rest_route=\/wp\/v2\/types\/post"}],"author":[{"embeddable":true,"href":"https:\/\/analyse.optim.biz\/index.php?rest_route=\/wp\/v2\/users\/1"}],"replies":[{"embeddable":true,"href":"https:\/\/analyse.optim.biz\/index.php?rest_route=%2Fwp%2Fv2%2Fcomments&post=2051077"}],"version-history":[{"count":0,"href":"https:\/\/analyse.optim.biz\/index.php?rest_route=\/wp\/v2\/posts\/2051077\/revisions"}],"wp:attachment":[{"href":"https:\/\/analyse.optim.biz\/index.php?rest_route=%2Fwp%2Fv2%2Fmedia&parent=2051077"}],"wp:term":[{"taxonomy":"category","embeddable":true,"href":"https:\/\/analyse.optim.biz\/index.php?rest_route=%2Fwp%2Fv2%2Fcategories&post=2051077"},{"taxonomy":"post_tag","embeddable":true,"href":"https:\/\/analyse.optim.biz\/index.php?rest_route=%2Fwp%2Fv2%2Ftags&post=2051077"}],"curies":[{"name":"wp","href":"https:\/\/api.w.org\/{rel}","templated":true}]}}