{"id":205089,"date":"2014-05-24T14:35:12","date_gmt":"2014-05-24T11:35:12","guid":{"rendered":"https:\/\/analyse.optim.biz\/?p=205089"},"modified":"2014-05-24T14:35:12","modified_gmt":"2014-05-24T11:35:12","slug":"presedintele-traian-basescu-scuipat-in-timp-ce-participa-la-festivitatea-regatei-marii-negre","status":"publish","type":"post","link":"https:\/\/analyse.optim.biz\/?p=205089","title":{"rendered":"Pre\u015fedintele Traian B\u0103sescu, scuipat \u00een timp ce participa la festivitatea Regatei M\u0103rii Negre"},"content":{"rendered":"<div class=\"entry data-app-meta data-app-meta-article\" data-embed-base-url-canonical=\"https:\/\/www.digi24.ro\/embed\/stiri\/actualitate\/politica\/presedintele-traian-basescu-scuipat-in-timp-ce-participa-la-festivitatea-regatei-marii-negre-247223\">\n<p data-index=\"1\">\u00cen momentul \u00een care a cobor\u00e2t de pe nava \u015fcoal\u0103 &#8220;Mircea&#8221;, pre\u015fedintele Traian B\u0103sescu a fost huiduit \u015fi scuipat de un b\u0103rbat aflat \u00een public.<\/p>\n<p data-index=\"2\">B\u0103rbatul (39 de ani) a fost imobilizat imediat de c\u0103tre ofi\u0163erii SPP \u015fi a fost dus la sediul Poli\u0163iei Jude\u0163ene din Constan\u0163a, unde este audiat. El risc\u0103 o amend\u0103 contraven\u0163ional\u0103, dar poli\u0163i\u015ftii au sesizat procurorii sub acuza\u0163ia de ultraj.<\/p>\n<p data-index=\"3\">Nu este singurul \u015fef de stat care s-a aflat \u00eentr-o situa\u0163ie tensionat\u0103. \u015ei Emil Constantinescu a fost \u00eempro\u015fcat cu cerneal\u0103, iar asupra lui Ion Iliescu s-a aruncat cu ou\u0103.<\/p>\n<p data-index=\"4\">Pre\u015fedintele Traian B\u0103sescu se afl\u0103 \u00een Portul Constan\u0163a, unde particip\u0103 la ceremoniile de \u00eentoarcere din voiaj a navei \u015fcoal\u0103 \u201eMircea\u201d.<\/p>\n<p data-index=\"5\">Pre\u015fedintele a ajuns la Constan\u0163a \u00een jurul orei 13.00, cu un elicopter care a decolat \u00een dana militar\u0103 a portului.<\/p>\n<p data-index=\"6\">\u00cen Portul Constan\u0163a sunt ancorate \u00een acest weekend \u015fi vor putea fi vizitate cele 13 nave cu vele care au participat la &#8220;Regata M\u0103rii Negre&#8221;.<\/p>\n<\/div>\n<p> Source URL: https:\/\/www.digi24.ro\/stiri\/actualitate\/politica\/presedintele-traian-basescu-scuipat-in-timp-ce-participa-la-festivitatea-regatei-marii-negre-247223<\/p>\n","protected":false},"excerpt":{"rendered":"<p>\u00cen momentul \u00een care a cobor\u00e2t de pe nava \u015fcoal\u0103 &#8220;Mircea&#8221;, pre\u015fedintele Traian B\u0103sescu a fost huiduit \u015fi scuipat de un b\u0103rbat aflat \u00een public. B\u0103rbatul (39 de ani) a fost imobilizat imediat de c\u0103tre ofi\u0163erii SPP \u015fi a fost dus la sediul Poli\u0163iei Jude\u0163ene din Constan\u0163a, unde este audiat. El risc\u0103 o amend\u0103 contraven\u0163ional\u0103, [&hellip;]<\/p>\n","protected":false},"author":1,"featured_media":205090,"comment_status":"open","ping_status":"","sticky":false,"template":"","format":"standard","meta":{"footnotes":""},"categories":[2],"tags":[11],"class_list":["post-205089","post","type-post","status-publish","format-standard","has-post-thumbnail","hentry","category-politics","tag-digi24"],"_links":{"self":[{"href":"https:\/\/analyse.optim.biz\/index.php?rest_route=\/wp\/v2\/posts\/205089","targetHints":{"allow":["GET"]}}],"collection":[{"href":"https:\/\/analyse.optim.biz\/index.php?rest_route=\/wp\/v2\/posts"}],"about":[{"href":"https:\/\/analyse.optim.biz\/index.php?rest_route=\/wp\/v2\/types\/post"}],"author":[{"embeddable":true,"href":"https:\/\/analyse.optim.biz\/index.php?rest_route=\/wp\/v2\/users\/1"}],"replies":[{"embeddable":true,"href":"https:\/\/analyse.optim.biz\/index.php?rest_route=%2Fwp%2Fv2%2Fcomments&post=205089"}],"version-history":[{"count":0,"href":"https:\/\/analyse.optim.biz\/index.php?rest_route=\/wp\/v2\/posts\/205089\/revisions"}],"wp:featuredmedia":[{"embeddable":true,"href":"https:\/\/analyse.optim.biz\/index.php?rest_route=\/wp\/v2\/media\/205090"}],"wp:attachment":[{"href":"https:\/\/analyse.optim.biz\/index.php?rest_route=%2Fwp%2Fv2%2Fmedia&parent=205089"}],"wp:term":[{"taxonomy":"category","embeddable":true,"href":"https:\/\/analyse.optim.biz\/index.php?rest_route=%2Fwp%2Fv2%2Fcategories&post=205089"},{"taxonomy":"post_tag","embeddable":true,"href":"https:\/\/analyse.optim.biz\/index.php?rest_route=%2Fwp%2Fv2%2Ftags&post=205089"}],"curies":[{"name":"wp","href":"https:\/\/api.w.org\/{rel}","templated":true}]}}