{"id":2050842,"date":"2026-07-16T10:52:54","date_gmt":"2026-07-16T07:52:54","guid":{"rendered":"https:\/\/analyse.optim.biz\/?p=2050842"},"modified":"2026-07-16T10:52:54","modified_gmt":"2026-07-16T07:52:54","slug":"motociclist-ranit-la-intrare-in-timisoara-s-a-lovit-de-o-masina","status":"publish","type":"post","link":"https:\/\/analyse.optim.biz\/?p=2050842","title":{"rendered":"Motociclist r\u0103nit la intrare \u00een Timi\u0219oara. S-a lovit de o ma\u0219in\u0103"},"content":{"rendered":"<p>[analyse_image type=&#8221;featured&#8221; src=&#8221;https:\/\/www.opiniatimisoarei.ro\/wp-content\/uploads\/2026\/07\/accident.motocicleta-728&#215;336.pnghttps:\/\/www.opiniatimisoarei.ro\/wp-content\/uploads\/2026\/07\/accident.motocicleta.png&#8221;]<\/p>\n<div class=\"the_content\">\n<p><strong>TIMISOARA.<\/strong> Accident,\u00a0 joi dup\u0103-amiaz\u0103, pe drumul care leag\u0103 \u0218agul de Timi\u0219oara.<\/p>\n<p><strong><span>CITE\u0218TE \u0218I:<\/span><a href=\"https:\/\/www.opiniatimisoarei.ro\/pornesc-lucrarile-primaria-timisoara-a-dat-autorizatie-pentru-proiectul-faraonic-de-la-pasarela-indragostitilor-a-sfidat-decizia-specialistilor-de-la-monumente\/16\/07\/2026\">Pornesc lucr\u0103rile. Prim\u0103ria Timi\u0219oara a dat autoriza\u021bie pentru proiectul \u2018faraonic\u2019 de la Pasarela \u00cendr\u0103gosti\u021bilor. A sfidat decizia speciali\u0219tilor de la Monumente<\/a><\/strong><\/p>\n<p>Un b\u0103rbat a fost r\u0103nit, dup\u0103 ce motocicleta pe care o conducea c\u0103tre Timi\u0219oara s-a lovit de un autoturism.<\/p>\n<p>La fa\u021ba locului au intervenit pompierii \u0219i o ambulan\u021b\u0103 SMURD.<\/p>\n<p>Motociclistul a fost preluat de medici si transportat la spital.<\/p>\n<p>\u201c<strong>Un t\u00e2n\u0103r de 21 de ani, a condus o motociclet\u0103, iar la ie\u0219irea dintr-o parcare al\u0103turat\u0103 drumului public, ar fi intrat \u00een coliziune cu un autoturism, ce circula regulamentar, dinspre localitatea \u0218ag \u00eenspre municipiul Timi\u0219oara, condus de c\u0103tre un b\u0103rbat \u00een v\u00e2rst\u0103 de 58 de ani.<\/strong><\/p>\n<p><strong>\u00cen urma impactului a rezultat o victim\u0103, respectiv t\u00e2n\u0103rul de 21 de ani, care a fost transportat la spital \u00een vederea acord\u0103rii de \u00eengrijiri medicale.<\/strong><\/p>\n<p><strong>\u00cen cauz\u0103 a fost \u00eentocmit un dosar penal sub aspectul s\u0103v\u00e2r\u0219irii infrac\u021biunii de v\u0103t\u0103mare corporal\u0103 din culp\u0103<\/strong>\u201c, au transmis reprezentan\u021bii IPJ Timi\u0219.<\/p>\n<p>At\u00e2t motociclistul, c\u00e2t \u0219i \u0219oferul au fost verifica\u021bi cu etilotestul, care a ar\u0103tat c\u0103 niciunul nu b\u0103use.<\/p>\n<p>***<\/p>\n<p><strong><span class=\"dia_suggestion w0\">Mai<\/span>\u00a0<span class=\"dia_suggestion w1\">multe<\/span>\u00a0<span class=\"dia_suggestion w2\">g\u0103si\u021bi<\/span>\u00a0pe\u00a0<span class=\"dia_suggestion w4\">pagina noastr<span class=\"dia_suggestion w0\">\u0103<\/span><\/span>\u00a0de\u00a0<a href=\"https:\/\/www.facebook.com\/OpiniaTM\/?ref=page_internal\" target=\"_blank\" rel=\"noopener\">Facebook opiniatimisoarei.ro<\/a>!<\/strong><\/p>\n<p><strong><span class=\"dia_suggestion w0\">Dac\u0103<\/span>\u00a0<span class=\"dia_suggestion w1\">a\u021bi<\/span>\u00a0fost martorii unui eveniment\u00a0<span class=\"dia_suggestion w6\">sau<\/span>\u00a0<span class=\"dia_suggestion w7\">ai<\/span>\u00a0unei\u00a0<span class=\"dia_suggestion w9\">situa\u021bii<\/span>\u00a0<span class=\"dia_suggestion w10\">neobi\u0219nuite<\/span>\u00a0<span class=\"dia_suggestion w11\">care<\/span>\u00a0ar\u00a0<span class=\"dia_suggestion w13\">putea<\/span>\u00a0deveni subiect de\u00a0<span class=\"dia_suggestion w17\">\u0219tire<\/span>,\u00a0<span class=\"dia_suggestion w18\">contacta\u021bi<\/span>-ne\u00a0<span class=\"dia_suggestion w20\">la<\/span>\u00a0<a href=\"https:\/\/www.opiniatimisoarei.ro\/cdn-cgi\/l\/email-protection\" class=\"__cf_email__\" data-cfemail=\"d6a4b3b2b7b5a2bfb396b9a6bfb8bfb7a2bfbbbfa5b9b7a4b3bff8a4b9\">[email\u00a0protected]<\/a>,\u00a0 pe\u00a0<a href=\"https:\/\/www.facebook.com\/OpiniaTM\">FB<\/a>\u00a0sau pe contul nostru de\u00a0<a href=\"https:\/\/www.instagram.com\/opiniatimisoarei.ro\/\" target=\"_blank\" rel=\"noopener\">Instagram<\/a>!<\/strong><\/p>\n<p><strong><span>CITE\u0218TE \u0218I:<\/span>\u00a0<a href=\"https:\/\/www.opiniatimisoarei.ro\/afli-primul-tot-ceea-ce-se-intampla-cu-adevarat-important-in-timisoara-si-in-regiune-cu-aplicatia-de-stiri-opinia-timisoarei-3-tipuri-de-alerte-te-tin-mereu-conectat-la-evenimente-descarca-gratuit-a\/31\/10\/2022\">Afli primul tot ceea ce se intampla cu adevarat important in Timisoara si in regiune cu Aplicatia de stiri Opinia Timisoarei. 3 tipuri de alerte te tin mereu conectat la evenimente. Descarca gratuit Aplicatia OT aici!<\/a><\/strong><\/p>\n<\/div>\n<p>[analyse_source url=&#8221;https:\/\/www.opiniatimisoarei.ro\/motociclist-ranit-la-intrare-in-timisoara-s-a-lovit-de-o-masina\/16\/07\/2026&#8243;]<\/p>\n","protected":false},"excerpt":{"rendered":"<p>[analyse_image type=&#8221;featured&#8221; src=&#8221;https:\/\/www.opiniatimisoarei.ro\/wp-content\/uploads\/2026\/07\/accident.motocicleta-728&#215;336.pnghttps:\/\/www.opiniatimisoarei.ro\/wp-content\/uploads\/2026\/07\/accident.motocicleta.png&#8221;] TIMISOARA. Accident,\u00a0 joi dup\u0103-amiaz\u0103, pe drumul care leag\u0103 \u0218agul de Timi\u0219oara. CITE\u0218TE \u0218I:Pornesc lucr\u0103rile. Prim\u0103ria Timi\u0219oara a dat autoriza\u021bie pentru proiectul \u2018faraonic\u2019 de la Pasarela \u00cendr\u0103gosti\u021bilor. A sfidat decizia speciali\u0219tilor de la Monumente Un b\u0103rbat a fost r\u0103nit, dup\u0103 ce motocicleta pe care o conducea c\u0103tre Timi\u0219oara s-a lovit de un autoturism. [&hellip;]<\/p>\n","protected":false},"author":1,"featured_media":0,"comment_status":"open","ping_status":"","sticky":false,"template":"","format":"standard","meta":{"footnotes":""},"categories":[89],"tags":[226,190],"class_list":["post-2050842","post","type-post","status-publish","format-standard","hentry","category-romania","tag-crawlmanager","tag-opiniatimisoarei-ro"],"_links":{"self":[{"href":"https:\/\/analyse.optim.biz\/index.php?rest_route=\/wp\/v2\/posts\/2050842","targetHints":{"allow":["GET"]}}],"collection":[{"href":"https:\/\/analyse.optim.biz\/index.php?rest_route=\/wp\/v2\/posts"}],"about":[{"href":"https:\/\/analyse.optim.biz\/index.php?rest_route=\/wp\/v2\/types\/post"}],"author":[{"embeddable":true,"href":"https:\/\/analyse.optim.biz\/index.php?rest_route=\/wp\/v2\/users\/1"}],"replies":[{"embeddable":true,"href":"https:\/\/analyse.optim.biz\/index.php?rest_route=%2Fwp%2Fv2%2Fcomments&post=2050842"}],"version-history":[{"count":0,"href":"https:\/\/analyse.optim.biz\/index.php?rest_route=\/wp\/v2\/posts\/2050842\/revisions"}],"wp:attachment":[{"href":"https:\/\/analyse.optim.biz\/index.php?rest_route=%2Fwp%2Fv2%2Fmedia&parent=2050842"}],"wp:term":[{"taxonomy":"category","embeddable":true,"href":"https:\/\/analyse.optim.biz\/index.php?rest_route=%2Fwp%2Fv2%2Fcategories&post=2050842"},{"taxonomy":"post_tag","embeddable":true,"href":"https:\/\/analyse.optim.biz\/index.php?rest_route=%2Fwp%2Fv2%2Ftags&post=2050842"}],"curies":[{"name":"wp","href":"https:\/\/api.w.org\/{rel}","templated":true}]}}