{"id":2050840,"date":"2026-07-15T10:56:57","date_gmt":"2026-07-15T07:56:57","guid":{"rendered":"https:\/\/analyse.optim.biz\/?p=2050840"},"modified":"2026-07-15T10:56:57","modified_gmt":"2026-07-15T07:56:57","slug":"a-fost-mana-criminala-focul-care-a-cuprins-mai-multe-magazine-la-timisoara-pus-de-un-barbat-video","status":"publish","type":"post","link":"https:\/\/analyse.optim.biz\/?p=2050840","title":{"rendered":"A fost \u2018m\u00e2n\u0103 criminal\u0103\u2019. Focul care a cuprins mai multe magazine la Timi\u0219oara, pus de un b\u0103rbat. VIDEO"},"content":{"rendered":"<p>[analyse_image type=&#8221;featured&#8221; src=&#8221;https:\/\/www.opiniatimisoarei.ro\/wp-content\/uploads\/2026\/07\/incendiu-soarelui-2-728&#215;336.jpghttps:\/\/www.opiniatimisoarei.ro\/wp-content\/uploads\/2026\/07\/incendiu-soarelui-2.jpg&#8221;]<\/p>\n<div class=\"the_content\">\n<p><strong>TIMI\u0218OARA<\/strong>. Cercet\u0103rile poli\u021bi\u0219tilor dup\u0103 incendiul de mar\u021bi de la Timi\u0219oara, care a cuprins o cl\u0103dire \u00een care func\u021bionau o carmangerie \u0219i dou\u0103 magazine, \u00een zona Pie\u021bei Girocului, au scos la iveal\u0103 c\u0103 focul a fost pus inten\u021bionat.<\/p>\n<p><strong><span>CITE\u0218TE \u0218I:<\/span><a href=\"https:\/\/www.opiniatimisoarei.ro\/incendiu-la-timisoara-magazine-cuprinse-de-flacari-video\/14\/07\/2026\">Incendiu la Timi\u0219oara. Magazine cuprinse de fl\u0103c\u0103ri. VIDEO<\/a><\/strong><\/p>\n<iframe loading=\"lazy\" title=\"Incendiu la Timi\u0219oara. Magazine cuprinse de fl\u0103c\u0103ri\" width=\"326\" height=\"580\" src=\"https:\/\/www.youtube.com\/embed\/HTuYbWmlFW4?feature=oembed&amp;wmode=opaque&amp;rel=0\" frameborder allow=\"accelerometer; autoplay; clipboard-write; encrypted-media; gyroscope; picture-in-picture; web-share\" referrerpolicy=\"strict-origin-when-cross-origin\" allowfullscreen><\/iframe>\n<p>Anchet\u0103 oamenilor legii a condus la un b\u0103rbat de 46 de ani care ar fi provocat dezastrul. Acesta a fost audiat \u0219i a ajuns \u00een Arestul Poli\u021biei Timi\u0219.<\/p>\n<p>Este <span class=\"dia_suggestion w1\">vorba<\/span> despre un om <span class=\"dia_suggestion w5\">al<\/span><span class=\"dia_suggestion w6\">str\u0103zii<\/span><span class=\"dia_suggestion w7\">care<\/span><span class=\"dia_suggestion w8\">\u00ee\u0219i<\/span><span class=\"dia_suggestion w9\">f\u0103cea<\/span> veacul <span class=\"dia_suggestion w11\">\u00een<\/span><span class=\"dia_suggestion w12\">zon<span class=\"dia_suggestion w9\">\u0103<\/span><\/span>.\u00a0<span class=\"dia_suggestion w0\">Era<\/span> furios <span class=\"dia_suggestion w2\">c\u0103<\/span> i <span class=\"dia_suggestion w4\">se<\/span> ridicase <span class=\"dia_suggestion w6\">ma\u0219i<span class=\"dia_suggestion w8\">na <\/span><\/span><span class=\"dia_suggestion w7\">abandonat\u0103<\/span><span class=\"dia_suggestion w10\">\u00ee<\/span>n <span class=\"dia_suggestion w9\">care<\/span><span class=\"dia_suggestion w10\">\u00ee\u0219i<\/span><span class=\"dia_suggestion w11\">f\u0103cuse<\/span><span class=\"dia_suggestion w12\">culcu\u0219<\/span>.<\/p>\n<p>\u201c<strong>La data de 14 iulie 2026, sub coordonarea Parchetul de pe l\u00e2ng\u0103 Judec\u0103toria Timi\u0219oara, poli\u021bi\u0219tii Biroului de Investiga\u021bii Criminale Timi\u0219oara, au re\u021binut pentru 24 de ore, un b\u0103rbat de 46 de ani, b\u0103nuit de comiterea infrac\u021biunii de distrugere prin incendiere.<\/strong><\/p>\n<p><strong>\u00cen fapt, la data de 14 iulie 2026, \u00een jurul orei 17:35, poli\u021bi\u0219tii Sec\u021biei 2 Poli\u021bie Urban\u0103 Timi\u0219oara au fost sesiza\u021bi prin apel 112 cu privire la producerea unui incendiu la o cl\u0103dire situat\u0103 \u00eentr-o curte, de pe strada Martir Nicoar\u0103 Elena din municipiul Timi\u0219oara. La fa\u021ba locului s-a constatat faptul c\u0103 focul se manifesta \u0219i la mai multe autoturisme parcate \u00een curtea imobilului.<\/strong><\/p>\n<p><strong>\u00cen urma cercet\u0103rilor efectuate \u0219i a administr\u0103rii probatoriului, poli\u021bi\u0219tii au identificat un b\u0103rbat, de 46 de ani, b\u0103nuit c\u0103 ar fi provocat incendiul.<\/strong><\/p>\n<p><strong>B\u0103rbatul a fost re\u021binut pentru 24 de ore \u0219i introdus \u00een Centrul de Re\u021binere \u0219i Arestare Preventiv\u0103<\/strong>\u201c, transmit reprezentantii IPJ Timis.<\/p>\n<p><span class=\"dia_suggestion w0\">Va<\/span> reamintim, <span class=\"dia_suggestion w2\">mar\u021bi<\/span><span class=\"dia_suggestion w3\">dup\u0103<\/span>\u2013<span class=\"dia_suggestion w4\">amiaz\u0103<\/span>, un incendiu violent a cuprins o <span class=\"dia_suggestion w11\">cl\u0103dire<\/span><span class=\"dia_suggestion w12\"><span class=\"dia_suggestion w32\">care<\/span><\/span><span class=\"dia_suggestion w13\">ad\u0103postea<\/span> o carmangerie, <span class=\"dia_suggestion w16\">dou\u0103<\/span> magazine <span class=\"dia_suggestion w18\">\u0219i<\/span> un depozit, <span class=\"dia_suggestion w21\">\u00een<\/span><span class=\"dia_suggestion w22\">vecin\u0103tatea<\/span><span class=\"dia_suggestion w23\">Pie\u021bei<\/span> Girocului.<\/p>\n<p>Pompierii au <span class=\"dia_suggestion w27\">intervenit<\/span> pentru a opri <span class=\"dia_suggestion w31\">v\u0103lv\u0103taia<\/span><span class=\"dia_suggestion w12\"><span class=\"dia_suggestion w32\">care<\/span><\/span> a afectat <span class=\"dia_suggestion w18\">\u0219i<\/span><span class=\"dia_suggestion w36\">c\u00e2teva<\/span><span class=\"dia_suggestion w37\">ma\u0219ini<\/span> parcate <span class=\"dia_suggestion w21\">\u00een<\/span><span class=\"dia_suggestion w40\">zon<span class=\"dia_suggestion w31\">\u0103<\/span><\/span>.<\/p>\n<p>***<\/p>\n<p><strong><span class=\"dia_suggestion w0\">Mai<\/span><span class=\"dia_suggestion w1\">multe<\/span><span class=\"dia_suggestion w2\">g\u0103si\u021bi<\/span> pe <span class=\"dia_suggestion w4\">pagina noastr<span class=\"dia_suggestion w0\">\u0103<\/span><\/span>\u00a0de <a href=\"https:\/\/www.facebook.com\/OpiniaTM\/?ref=page_internal\" target=\"_blank\" rel=\"noopener\">Facebook opiniatimisoarei.ro<\/a>!<\/strong><\/p>\n<p><strong><span class=\"dia_suggestion w0\">Dac\u0103<\/span><span class=\"dia_suggestion w1\">a\u021bi<\/span> fost martorii unui eveniment <span class=\"dia_suggestion w6\">sau<\/span><span class=\"dia_suggestion w7\">ai<\/span> unei <span class=\"dia_suggestion w9\">situa\u021bii<\/span><span class=\"dia_suggestion w10\">neobi\u0219nuite<\/span><span class=\"dia_suggestion w11\">care<\/span> ar <span class=\"dia_suggestion w13\">putea<\/span> deveni subiect de <span class=\"dia_suggestion w17\">\u0219tire<\/span>, <span class=\"dia_suggestion w18\">contacta\u021bi<\/span>-ne <span class=\"dia_suggestion w20\">la<\/span><span><a href=\"https:\/\/www.opiniatimisoarei.ro\/cdn-cgi\/l\/email-protection\" class=\"__cf_email__\" data-cfemail=\"e29087868381968b87a28d928b8c8b83968b8f8b918d8390878bcc908d\">[email\u00a0protected]<\/a>,<\/span>\u00a0 pe <a href=\"https:\/\/www.facebook.com\/OpiniaTM\">FB<\/a><span>sau pe contul nostru de<\/span><a href=\"https:\/\/www.instagram.com\/opiniatimisoarei.ro\/\" target=\"_blank\" rel=\"noopener\">Instagram<\/a>!<\/strong><\/p>\n<p><strong><span>CITE\u0218TE \u0218I<\/span>: <a href=\"https:\/\/www.opiniatimisoarei.ro\/afli-primul-tot-ceea-ce-se-intampla-cu-adevarat-important-in-timisoara-si-in-regiune-cu-aplicatia-de-stiri-opinia-timisoarei-3-tipuri-de-alerte-te-tin-mereu-conectat-la-evenimente-descarca-gratuit-a\/31\/10\/2022\">Afli primul tot ceea ce se intampla cu adevarat important in Timisoara si in regiune cu Aplicatia de stiri Opinia Timisoarei. 3 tipuri de alerte te tin mereu conectat la evenimente. Descarca gratuit Aplicatia OT aici!<\/a><\/strong><\/p>\n<\/div>\n<p>[analyse_source url=&#8221;https:\/\/www.opiniatimisoarei.ro\/a-fost-mana-criminala-focul-care-a-cuprins-mai-multe-magazine-la-timisoara-pus-de-un-barbat-video\/15\/07\/2026&#8243;]<\/p>\n","protected":false},"excerpt":{"rendered":"<p>[analyse_image type=&#8221;featured&#8221; src=&#8221;https:\/\/www.opiniatimisoarei.ro\/wp-content\/uploads\/2026\/07\/incendiu-soarelui-2-728&#215;336.jpghttps:\/\/www.opiniatimisoarei.ro\/wp-content\/uploads\/2026\/07\/incendiu-soarelui-2.jpg&#8221;] TIMI\u0218OARA. Cercet\u0103rile poli\u021bi\u0219tilor dup\u0103 incendiul de mar\u021bi de la Timi\u0219oara, care a cuprins o cl\u0103dire \u00een care func\u021bionau o carmangerie \u0219i dou\u0103 magazine, \u00een zona Pie\u021bei Girocului, au scos la iveal\u0103 c\u0103 focul a fost pus inten\u021bionat. CITE\u0218TE \u0218I:Incendiu la Timi\u0219oara. Magazine cuprinse de fl\u0103c\u0103ri. VIDEO Anchet\u0103 oamenilor legii a condus la [&hellip;]<\/p>\n","protected":false},"author":1,"featured_media":0,"comment_status":"open","ping_status":"","sticky":false,"template":"","format":"standard","meta":{"footnotes":""},"categories":[89],"tags":[226,190],"class_list":["post-2050840","post","type-post","status-publish","format-standard","hentry","category-romania","tag-crawlmanager","tag-opiniatimisoarei-ro"],"_links":{"self":[{"href":"https:\/\/analyse.optim.biz\/index.php?rest_route=\/wp\/v2\/posts\/2050840","targetHints":{"allow":["GET"]}}],"collection":[{"href":"https:\/\/analyse.optim.biz\/index.php?rest_route=\/wp\/v2\/posts"}],"about":[{"href":"https:\/\/analyse.optim.biz\/index.php?rest_route=\/wp\/v2\/types\/post"}],"author":[{"embeddable":true,"href":"https:\/\/analyse.optim.biz\/index.php?rest_route=\/wp\/v2\/users\/1"}],"replies":[{"embeddable":true,"href":"https:\/\/analyse.optim.biz\/index.php?rest_route=%2Fwp%2Fv2%2Fcomments&post=2050840"}],"version-history":[{"count":0,"href":"https:\/\/analyse.optim.biz\/index.php?rest_route=\/wp\/v2\/posts\/2050840\/revisions"}],"wp:attachment":[{"href":"https:\/\/analyse.optim.biz\/index.php?rest_route=%2Fwp%2Fv2%2Fmedia&parent=2050840"}],"wp:term":[{"taxonomy":"category","embeddable":true,"href":"https:\/\/analyse.optim.biz\/index.php?rest_route=%2Fwp%2Fv2%2Fcategories&post=2050840"},{"taxonomy":"post_tag","embeddable":true,"href":"https:\/\/analyse.optim.biz\/index.php?rest_route=%2Fwp%2Fv2%2Ftags&post=2050840"}],"curies":[{"name":"wp","href":"https:\/\/api.w.org\/{rel}","templated":true}]}}