{"id":2050839,"date":"2026-07-15T05:59:36","date_gmt":"2026-07-15T02:59:36","guid":{"rendered":"https:\/\/analyse.optim.biz\/?p=2050839"},"modified":"2026-07-15T05:59:36","modified_gmt":"2026-07-15T02:59:36","slug":"accident-in-intersectie-la-timisoara-masina-rasturnata-oameni-raniti","status":"publish","type":"post","link":"https:\/\/analyse.optim.biz\/?p=2050839","title":{"rendered":"Accident \u00een intersec\u021bie la Timi\u0219oara. Ma\u0219in\u0103 r\u0103sturnat\u0103, oameni r\u0103ni\u021bi"},"content":{"rendered":"<p>[analyse_image type=&#8221;featured&#8221; src=&#8221;https:\/\/www.opiniatimisoarei.ro\/wp-content\/uploads\/2026\/07\/accident-aradului-728&#215;336.jpghttps:\/\/www.opiniatimisoarei.ro\/wp-content\/uploads\/2026\/07\/accident-aradului.jpg&#8221;]<\/p>\n<div class=\"the_content\">\n<p><strong>TIMI\u0218OARA<\/strong>. Accident de circula\u021bie, miercuri diminea\u021b\u0103, \u00een intersec\u021bia Aradului cu Miresei. Dou\u0103 ma\u0219ini s-au izbit, iar \u00een urma impactului, una s-a r\u0103sturnat.<\/p>\n<p><strong><span>CITE\u0218TE \u0218I:<\/span><a href=\"https:\/\/www.opiniatimisoarei.ro\/incendiu-la-timisoara-magazine-cuprinse-de-flacari-video\/14\/07\/2026\">Incendiu la Timi\u0219oara. Magazine cuprinse de fl\u0103c\u0103ri. VIDEO<\/a><\/strong><\/p>\n<p>\u0218oferii au fost r\u0103ni\u021bi \u0219i au fost prelua\u021bi de ambulan\u021be.<\/p>\n<p>\u201c<strong>La fa\u021ba locului s-au deplasat de urgen\u021b\u0103 7 pompieri cu o autospecial\u0103 de stingere cu modul de descarcerare \u0219i o autospecial\u0103 de descarcerare.<\/strong><\/p>\n<p><strong>\u00cen accident au fost implicate dou\u0103 autoturisme \u00een care se aflau 2 persoane. \u00cen urma impactului, un autoturism s-a r\u0103sturnat. Cele 2 persoane implicate \u00een accident au fost preluate de echipajele medicale sosite la fa\u021ba locului, con\u0219tiente \u0219i cooperante<\/strong>\u201c, transmit reprezentantii ISU Timis.<\/p>\n<p>***<\/p>\n<p><strong><span class=\"dia_suggestion w0\">Mai<\/span><span class=\"dia_suggestion w1\">multe<\/span><span class=\"dia_suggestion w2\">g\u0103si\u021bi<\/span> pe <span class=\"dia_suggestion w4\">pagina noastr<span class=\"dia_suggestion w0\">\u0103<\/span><\/span>\u00a0de <a href=\"https:\/\/www.facebook.com\/OpiniaTM\/?ref=page_internal\" target=\"_blank\" rel=\"noopener\">Facebook opiniatimisoarei.ro<\/a>!<\/strong><\/p>\n<p><strong><span class=\"dia_suggestion w0\">Dac\u0103<\/span><span class=\"dia_suggestion w1\">a\u021bi<\/span> fost martorii unui eveniment <span class=\"dia_suggestion w6\">sau<\/span><span class=\"dia_suggestion w7\">ai<\/span> unei <span class=\"dia_suggestion w9\">situa\u021bii<\/span><span class=\"dia_suggestion w10\">neobi\u0219nuite<\/span><span class=\"dia_suggestion w11\">care<\/span> ar <span class=\"dia_suggestion w13\">putea<\/span> deveni subiect de <span class=\"dia_suggestion w17\">\u0219tire<\/span>, <span class=\"dia_suggestion w18\">contacta\u021bi<\/span>-ne <span class=\"dia_suggestion w20\">la<\/span><span><a href=\"https:\/\/www.opiniatimisoarei.ro\/cdn-cgi\/l\/email-protection\" class=\"__cf_email__\" data-cfemail=\"433126272220372a26032c332a2d2a22372a2e2a302c2231262a6d312c\">[email\u00a0protected]<\/a>,<\/span>\u00a0 pe <a href=\"https:\/\/www.facebook.com\/OpiniaTM\">FB<\/a><span>sau pe contul nostru de<\/span><a href=\"https:\/\/www.instagram.com\/opiniatimisoarei.ro\/\" target=\"_blank\" rel=\"noopener\">Instagram<\/a>!<\/strong><\/p>\n<p><strong><span>CITE\u0218TE \u0218I<\/span>: <a href=\"https:\/\/www.opiniatimisoarei.ro\/afli-primul-tot-ceea-ce-se-intampla-cu-adevarat-important-in-timisoara-si-in-regiune-cu-aplicatia-de-stiri-opinia-timisoarei-3-tipuri-de-alerte-te-tin-mereu-conectat-la-evenimente-descarca-gratuit-a\/31\/10\/2022\">Afli primul tot ceea ce se intampla cu adevarat important in Timisoara si in regiune cu Aplicatia de stiri Opinia Timisoarei. 3 tipuri de alerte te tin mereu conectat la evenimente. Descarca gratuit Aplicatia OT aici!<\/a><\/strong><\/p>\n<\/div>\n<p>[analyse_source url=&#8221;https:\/\/www.opiniatimisoarei.ro\/accident-in-intersectie-la-timisoara-masina-rasturnata-oameni-raniti\/15\/07\/2026&#8243;]<\/p>\n","protected":false},"excerpt":{"rendered":"<p>[analyse_image type=&#8221;featured&#8221; src=&#8221;https:\/\/www.opiniatimisoarei.ro\/wp-content\/uploads\/2026\/07\/accident-aradului-728&#215;336.jpghttps:\/\/www.opiniatimisoarei.ro\/wp-content\/uploads\/2026\/07\/accident-aradului.jpg&#8221;] TIMI\u0218OARA. Accident de circula\u021bie, miercuri diminea\u021b\u0103, \u00een intersec\u021bia Aradului cu Miresei. Dou\u0103 ma\u0219ini s-au izbit, iar \u00een urma impactului, una s-a r\u0103sturnat. CITE\u0218TE \u0218I:Incendiu la Timi\u0219oara. Magazine cuprinse de fl\u0103c\u0103ri. VIDEO \u0218oferii au fost r\u0103ni\u021bi \u0219i au fost prelua\u021bi de ambulan\u021be. \u201cLa fa\u021ba locului s-au deplasat de urgen\u021b\u0103 7 pompieri cu o [&hellip;]<\/p>\n","protected":false},"author":1,"featured_media":0,"comment_status":"open","ping_status":"","sticky":false,"template":"","format":"standard","meta":{"footnotes":""},"categories":[89],"tags":[226,190],"class_list":["post-2050839","post","type-post","status-publish","format-standard","hentry","category-romania","tag-crawlmanager","tag-opiniatimisoarei-ro"],"_links":{"self":[{"href":"https:\/\/analyse.optim.biz\/index.php?rest_route=\/wp\/v2\/posts\/2050839","targetHints":{"allow":["GET"]}}],"collection":[{"href":"https:\/\/analyse.optim.biz\/index.php?rest_route=\/wp\/v2\/posts"}],"about":[{"href":"https:\/\/analyse.optim.biz\/index.php?rest_route=\/wp\/v2\/types\/post"}],"author":[{"embeddable":true,"href":"https:\/\/analyse.optim.biz\/index.php?rest_route=\/wp\/v2\/users\/1"}],"replies":[{"embeddable":true,"href":"https:\/\/analyse.optim.biz\/index.php?rest_route=%2Fwp%2Fv2%2Fcomments&post=2050839"}],"version-history":[{"count":0,"href":"https:\/\/analyse.optim.biz\/index.php?rest_route=\/wp\/v2\/posts\/2050839\/revisions"}],"wp:attachment":[{"href":"https:\/\/analyse.optim.biz\/index.php?rest_route=%2Fwp%2Fv2%2Fmedia&parent=2050839"}],"wp:term":[{"taxonomy":"category","embeddable":true,"href":"https:\/\/analyse.optim.biz\/index.php?rest_route=%2Fwp%2Fv2%2Fcategories&post=2050839"},{"taxonomy":"post_tag","embeddable":true,"href":"https:\/\/analyse.optim.biz\/index.php?rest_route=%2Fwp%2Fv2%2Ftags&post=2050839"}],"curies":[{"name":"wp","href":"https:\/\/api.w.org\/{rel}","templated":true}]}}