{"id":2050838,"date":"2026-07-14T16:25:44","date_gmt":"2026-07-14T13:25:44","guid":{"rendered":"https:\/\/analyse.optim.biz\/?p=2050838"},"modified":"2026-07-14T16:25:44","modified_gmt":"2026-07-14T13:25:44","slug":"accident-mortal-pe-un-drum-din-vestul-tarii-greseala-facuta-de-un-biciclist","status":"publish","type":"post","link":"https:\/\/analyse.optim.biz\/?p=2050838","title":{"rendered":"Accident mortal pe un drum din vestul \u021b\u0103rii. Gre\u0219eala f\u0103cut\u0103 de un biciclist"},"content":{"rendered":"<p>[analyse_image type=&#8221;featured&#8221; src=&#8221;https:\/\/www.opiniatimisoarei.ro\/wp-content\/uploads\/2021\/09\/accident-biciclist-7.jpghttps:\/\/www.opiniatimisoarei.ro\/wp-content\/uploads\/2021\/09\/accident-biciclist-7.jpg&#8221;]<\/p>\n<div class=\"the_content\">\n<p>Tragedie mar\u021bi dup\u0103-amiaz\u0103 pe o \u0219osea din vestul, dup\u0103 ce un biciclist a fost lovit de o ma\u0219in\u0103.<\/p>\n<p><strong><span>CITE\u0218TE \u0218I:<\/span><a href=\"https:\/\/www.opiniatimisoarei.ro\/incendiu-la-timisoara-magazine-cuprinse-de-flacari-video\/14\/07\/2026\">Incendiu la Timi\u0219oara. Magazine cuprinse de fl\u0103c\u0103ri. VIDEO<\/a><\/strong><\/p>\n<p>Accidentul a avut loc \u00een localitatea hunedorean\u0103 B\u0103cia. Un \u0219ofer care circula de la Simeria c\u0103tre C\u0103lan a izbit \u00een plin un biciclist care a trecut strada prin loc nepermis.<br \/>\n\u00cen urma impactului, biciclistul a fost aruncat \u00een afara drumuluii.<\/p>\n<p>La fa\u021ba locului au ajuns echipaje ale pompierilor, ambulan\u021bei \u0219i poli\u021biei. Din nefericire, echipajul medical nu a mai putut face nimic pentru biciclist.<\/p>\n<p>\u201c<strong>Din primele cercet\u0103ri efectuate la fa\u021ba locului a rezultat c\u0103 un b\u0103rbat de 39 de ani, din municipiul Deva, care conducea un autoturism din direc\u021bia Simeria\u2013C\u0103lan, ar fi intrat \u00een coliziune cu o biciclet\u0103 condus\u0103 de un b\u0103rbat de 58 de ani, din municipiul C\u0103lan, acesta din urm\u0103 angajandu-se \u00een traversarea neregulamentar\u0103 a str\u0103zii.<\/strong><\/p>\n<p><strong>\u00cen urma impactului, biciclistul ar fi fost proiectat \u00een afara p\u0103r\u021bii carosabile. Echipajul medical sosit la fa\u021ba locului a efectuat manevre de resuscitare, \u00eens\u0103, din nefericire, a fost constatat decesul acestuia.<\/strong><\/p>\n<p><strong>\u00cen cauz\u0103, poli\u021bi\u0219tii continu\u0103 cercet\u0103rile \u00een cadrul unui dosar penal \u00eentocmit sub aspectul s\u0103v\u00e2r\u0219irii infrac\u021biunii de ucidere din culp\u0103, \u00een vederea stabilirii cu exactitate a tuturor \u00eemprejur\u0103rilor producerii evenimentului rutier.<\/strong>\u201c, au transmis reprezentan\u021bii IPJ Hunedoara.<\/p>\n<p>***<\/p>\n<p><strong><span class=\"dia_suggestion w0\">Mai<\/span>\u00a0<span class=\"dia_suggestion w1\">multe<\/span>\u00a0<span class=\"dia_suggestion w2\">g\u0103si\u021bi<\/span>\u00a0pe\u00a0<span class=\"dia_suggestion w4\">pagina noastr<span class=\"dia_suggestion w0\">\u0103<\/span><\/span>\u00a0de\u00a0<a href=\"https:\/\/www.facebook.com\/OpiniaTM\/?ref=page_internal\" target=\"_blank\" rel=\"noopener\">Facebook opiniatimisoarei.ro<\/a>!<\/strong><\/p>\n<p><strong><span class=\"dia_suggestion w0\">Dac\u0103<\/span>\u00a0<span class=\"dia_suggestion w1\">a\u021bi<\/span>\u00a0fost martorii unui eveniment\u00a0<span class=\"dia_suggestion w6\">sau<\/span>\u00a0<span class=\"dia_suggestion w7\">ai<\/span>\u00a0unei\u00a0<span class=\"dia_suggestion w9\">situa\u021bii<\/span>\u00a0<span class=\"dia_suggestion w10\">neobi\u0219nuite<\/span>\u00a0<span class=\"dia_suggestion w11\">care<\/span>\u00a0ar\u00a0<span class=\"dia_suggestion w13\">putea<\/span>\u00a0deveni subiect de\u00a0<span class=\"dia_suggestion w17\">\u0219tire<\/span>,\u00a0<span class=\"dia_suggestion w18\">contacta\u021bi<\/span>-ne\u00a0<span class=\"dia_suggestion w20\">la<\/span>\u00a0<a href=\"https:\/\/www.opiniatimisoarei.ro\/cdn-cgi\/l\/email-protection\" class=\"__cf_email__\" data-cfemail=\"671502030604130e022708170e090e06130e0a0e14080615020e491508\">[email\u00a0protected]<\/a>,\u00a0 pe\u00a0<a href=\"https:\/\/www.facebook.com\/OpiniaTM\">FB<\/a>\u00a0sau pe contul nostru de\u00a0<a href=\"https:\/\/www.instagram.com\/opiniatimisoarei.ro\/\" target=\"_blank\" rel=\"noopener\">Instagram<\/a>!<\/strong><\/p>\n<p><strong><span>CITE\u0218TE \u0218I:<\/span>\u00a0<a href=\"https:\/\/www.opiniatimisoarei.ro\/afli-primul-tot-ceea-ce-se-intampla-cu-adevarat-important-in-timisoara-si-in-regiune-cu-aplicatia-de-stiri-opinia-timisoarei-3-tipuri-de-alerte-te-tin-mereu-conectat-la-evenimente-descarca-gratuit-a\/31\/10\/2022\">Afli primul tot ceea ce se intampla cu adevarat important in Timisoara si in regiune cu Aplicatia de stiri Opinia Timisoarei. 3 tipuri de alerte te tin mereu conectat la evenimente. Descarca gratuit Aplicatia OT aici!<\/a><\/strong><\/p>\n<\/div>\n<p>[analyse_source url=&#8221;https:\/\/www.opiniatimisoarei.ro\/accident-mortal-pe-un-drum-din-vestul-tarii-greseala-facuta-de-un-biciclist\/14\/07\/2026&#8243;]<\/p>\n","protected":false},"excerpt":{"rendered":"<p>[analyse_image type=&#8221;featured&#8221; src=&#8221;https:\/\/www.opiniatimisoarei.ro\/wp-content\/uploads\/2021\/09\/accident-biciclist-7.jpghttps:\/\/www.opiniatimisoarei.ro\/wp-content\/uploads\/2021\/09\/accident-biciclist-7.jpg&#8221;] Tragedie mar\u021bi dup\u0103-amiaz\u0103 pe o \u0219osea din vestul, dup\u0103 ce un biciclist a fost lovit de o ma\u0219in\u0103. CITE\u0218TE \u0218I:Incendiu la Timi\u0219oara. Magazine cuprinse de fl\u0103c\u0103ri. VIDEO Accidentul a avut loc \u00een localitatea hunedorean\u0103 B\u0103cia. Un \u0219ofer care circula de la Simeria c\u0103tre C\u0103lan a izbit \u00een plin un biciclist care a [&hellip;]<\/p>\n","protected":false},"author":1,"featured_media":0,"comment_status":"open","ping_status":"","sticky":false,"template":"","format":"standard","meta":{"footnotes":""},"categories":[89],"tags":[226,190],"class_list":["post-2050838","post","type-post","status-publish","format-standard","hentry","category-romania","tag-crawlmanager","tag-opiniatimisoarei-ro"],"_links":{"self":[{"href":"https:\/\/analyse.optim.biz\/index.php?rest_route=\/wp\/v2\/posts\/2050838","targetHints":{"allow":["GET"]}}],"collection":[{"href":"https:\/\/analyse.optim.biz\/index.php?rest_route=\/wp\/v2\/posts"}],"about":[{"href":"https:\/\/analyse.optim.biz\/index.php?rest_route=\/wp\/v2\/types\/post"}],"author":[{"embeddable":true,"href":"https:\/\/analyse.optim.biz\/index.php?rest_route=\/wp\/v2\/users\/1"}],"replies":[{"embeddable":true,"href":"https:\/\/analyse.optim.biz\/index.php?rest_route=%2Fwp%2Fv2%2Fcomments&post=2050838"}],"version-history":[{"count":0,"href":"https:\/\/analyse.optim.biz\/index.php?rest_route=\/wp\/v2\/posts\/2050838\/revisions"}],"wp:attachment":[{"href":"https:\/\/analyse.optim.biz\/index.php?rest_route=%2Fwp%2Fv2%2Fmedia&parent=2050838"}],"wp:term":[{"taxonomy":"category","embeddable":true,"href":"https:\/\/analyse.optim.biz\/index.php?rest_route=%2Fwp%2Fv2%2Fcategories&post=2050838"},{"taxonomy":"post_tag","embeddable":true,"href":"https:\/\/analyse.optim.biz\/index.php?rest_route=%2Fwp%2Fv2%2Ftags&post=2050838"}],"curies":[{"name":"wp","href":"https:\/\/api.w.org\/{rel}","templated":true}]}}