{"id":2050837,"date":"2026-07-14T15:16:40","date_gmt":"2026-07-14T12:16:40","guid":{"rendered":"https:\/\/analyse.optim.biz\/?p=2050837"},"modified":"2026-07-14T15:16:40","modified_gmt":"2026-07-14T12:16:40","slug":"incendiu-la-timisoara-magazine-cuprinse-de-flacari-video","status":"publish","type":"post","link":"https:\/\/analyse.optim.biz\/?p=2050837","title":{"rendered":"Incendiu la Timi\u0219oara. Magazine cuprinse de fl\u0103c\u0103ri. VIDEO"},"content":{"rendered":"<p>[analyse_image type=&#8221;featured&#8221; src=&#8221;https:\/\/www.opiniatimisoarei.ro\/wp-content\/uploads\/2026\/07\/incendiu-soarelui-2-728&#215;336.jpghttps:\/\/www.opiniatimisoarei.ro\/wp-content\/uploads\/2026\/07\/incendiu-soarelui-2.jpg&#8221;]<\/p>\n<div class=\"the_content\">\n<p><strong>TIMI\u0218OARA<\/strong>. S-a dat alarma, mar\u021bi dup\u0103-amiaz\u0103, la Timi\u0219oara. Un incendiu a izbucnit <span class=\"dia_suggestion w4\">la<\/span> o <span class=\"dia_suggestion w6\">cl\u0103dire<\/span><span class=\"dia_suggestion w7\"><span class=\"dia_suggestion w11\">din<\/span><\/span> vecin\u0103tatea unui bloc din <span class=\"dia_suggestion w12\">zona<\/span> Soarelui, aproape de Pia\u021ba Girocului.<\/p>\n<p><strong><span>CITE\u0218TE \u0218I:<\/span><a href=\"https:\/\/www.opiniatimisoarei.ro\/sofer-aruncat-din-masina-accident-grav-langa-timisoara\/14\/07\/2026\">\u0218ofer aruncat din ma\u0219in\u0103. Accident grav l\u00e2ng\u0103 Timi\u0219oara<\/a><\/strong><\/p>\n<p>Focul a cuprins rapid construc\u021bia, cu parter <span class=\"dia_suggestion w7\">\u0219i<\/span> etaj, de pe <span class=\"dia_suggestion w11\">strad\u0103<\/span> Martir <span class=\"dia_suggestion w13\">Elena<\/span> Nicoar\u0103, <span class=\"dia_suggestion w15\">cl\u0103dire<\/span><span class=\"dia_suggestion w16\">\u00een<\/span><span class=\"dia_suggestion w17\">care<\/span><span class=\"dia_suggestion w18\">func\u021bionau<\/span> o carmangerie, <span class=\"dia_suggestion w21\">dou\u0103<\/span> magazine <span class=\"dia_suggestion w23\">\u0219i<\/span> un depozit.<\/p>\n<p><span class=\"dia_suggestion w26\">\u00cen<\/span> apropiere\u00a0 erau parcate <span class=\"dia_suggestion w30\">mai<\/span><span class=\"dia_suggestion w31\">multe<\/span> ma\u0219ini <span class=\"dia_suggestion w7\">\u0219i<\/span><span class=\"dia_suggestion w34\">exista<\/span>\u00a0pericolul <span class=\"dia_suggestion w36\">ca<\/span>\u00a0<span class=\"dia_suggestion w37\">fl\u0103c\u0103rile<\/span><span class=\"dia_suggestion w38\">s\u0103<\/span><span class=\"dia_suggestion w39\">se<\/span><span class=\"dia_suggestion w40\">extind\u0103<\/span> cu repeziciune <span class=\"dia_suggestion w7\">\u0219i la acestea<\/span>.<\/p>\n<p>Pompierii au <span class=\"dia_suggestion w2\">intervenit<\/span> de urgen\u021b\u0103 cu <span class=\"dia_suggestion w6\">mai<\/span><span class=\"dia_suggestion w7\">multe<\/span> echipaje <span class=\"dia_suggestion w9\">\u0219i<\/span> autospeciale pentru a stinge <span class=\"dia_suggestion w14\">v\u00e2lv\u0103taia<\/span><span class=\"dia_suggestion w15\">care<\/span> cuprinsese <span class=\"dia_suggestion w17\">fa\u021bada<\/span><span class=\"dia_suggestion w18\">\u0219i<\/span><span class=\"dia_suggestion w19\">acoperi\u0219ul<\/span>.<\/p>\n<iframe loading=\"lazy\" title=\"Incendiu la Timi\u0219oara. Magazine cuprinse de fl\u0103c\u0103ri\" width=\"326\" height=\"580\" src=\"https:\/\/www.youtube.com\/embed\/HTuYbWmlFW4?feature=oembed&amp;wmode=opaque&amp;rel=0\" frameborder allow=\"accelerometer; autoplay; clipboard-write; encrypted-media; gyroscope; picture-in-picture; web-share\" referrerpolicy=\"strict-origin-when-cross-origin\" allowfullscreen><\/iframe>\n<p>\u201c<strong>La fa\u021ba locului s-au deplasat de urgen\u021b\u0103 o autospecial\u0103 de prim\u0103 interven\u021bie \u0219i comand\u0103, 4 autospeciale de stingere, o autoscar\u0103 de interven\u021bie la \u00een\u0103l\u021bime \u0219i o autospecial\u0103 de transport personal \u0219i victime multiple.<\/strong><\/p>\n<p><strong>La sosirea pompierilor la locul interven\u021biei, incendiul se manifest\u0103 pe o suprafa\u021b\u0103 de aproximativ 80 mp la nivelul fa\u021badei \u0219i acoperi\u0219ului. Se lucreaz\u0103 pentru limitarea extinderii incendiului la vecin\u0103t\u0103\u0163i. <\/strong><br \/><strong>Din primele informa\u021bii, nu sunt victime<\/strong>\u201c, transmit reprezentantii ISU Timis.<\/p>\n<p><span><strong>UPDATE<\/strong><\/span>:\u00a0Incendiul a fost lichidat \u00een jurul orei 18:25.<\/p>\n<p>La momentul producerii incendiului, \u00een interiorul cl\u0103dirii se afla o singur\u0103 persoan\u0103 care s-a autoevacuat p\u00e2n\u0103 la sosirea echipajelor de interven\u021bie.<\/p>\n<p>\u00cen urma incendiului au fost afectate par\u021bial \u0219i dou\u0103 autoturisme parcate \u00een apropierea cl\u0103dirii.<\/p>\n<p>***<\/p>\n<p><strong><span class=\"dia_suggestion w0\">Mai<\/span>\u00a0<span class=\"dia_suggestion w1\">multe<\/span>\u00a0<span class=\"dia_suggestion w2\">g\u0103si\u021bi<\/span>\u00a0pe\u00a0<span class=\"dia_suggestion w4\">pagina noastr<span class=\"dia_suggestion w0\">\u0103<\/span><\/span>\u00a0de\u00a0<a href=\"https:\/\/www.facebook.com\/OpiniaTM\/?ref=page_internal\" target=\"_blank\" rel=\"noopener\">Facebook opiniatimisoarei.ro<\/a>!<\/strong><\/p>\n<p><strong><span class=\"dia_suggestion w0\">Dac\u0103<\/span>\u00a0<span class=\"dia_suggestion w1\">a\u021bi<\/span>\u00a0fost martorii unui eveniment\u00a0<span class=\"dia_suggestion w6\">sau<\/span>\u00a0<span class=\"dia_suggestion w7\">ai<\/span>\u00a0unei\u00a0<span class=\"dia_suggestion w9\">situa\u021bii<\/span>\u00a0<span class=\"dia_suggestion w10\">neobi\u0219nuite<\/span>\u00a0<span class=\"dia_suggestion w11\">care<\/span>\u00a0ar\u00a0<span class=\"dia_suggestion w13\">putea<\/span>\u00a0deveni subiect de\u00a0<span class=\"dia_suggestion w17\">\u0219tire<\/span>,\u00a0<span class=\"dia_suggestion w18\">contacta\u021bi<\/span>-ne\u00a0<span class=\"dia_suggestion w20\">la<\/span>\u00a0<a href=\"https:\/\/www.opiniatimisoarei.ro\/cdn-cgi\/l\/email-protection\" class=\"__cf_email__\" data-cfemail=\"aedccbcacfcddac7cbeec1dec7c0c7cfdac7c3c7ddc1cfdccbc780dcc1\">[email\u00a0protected]<\/a>,\u00a0 pe\u00a0<a href=\"https:\/\/www.facebook.com\/OpiniaTM\">FB<\/a>\u00a0sau pe contul nostru de\u00a0<a href=\"https:\/\/www.instagram.com\/opiniatimisoarei.ro\/\" target=\"_blank\" rel=\"noopener\">Instagram<\/a>!<\/strong><\/p>\n<p><strong><span>CITE\u0218TE \u0218I:\u00a0<\/span><a href=\"https:\/\/www.opiniatimisoarei.ro\/afli-primul-tot-ceea-ce-se-intampla-cu-adevarat-important-in-timisoara-si-in-regiune-cu-aplicatia-de-stiri-opinia-timisoarei-3-tipuri-de-alerte-te-tin-mereu-conectat-la-evenimente-descarca-gratuit-a\/31\/10\/2022\">Afli primul tot ceea ce se intampla cu adevarat important in Timisoara si in regiune cu Aplicatia de stiri Opinia Timisoarei. 3 tipuri de alerte te tin mereu conectat la evenimente. Descarca gratuit Aplicatia OT aici!<\/a><\/strong><\/p>\n<\/div>\n<p>[analyse_source url=&#8221;https:\/\/www.opiniatimisoarei.ro\/incendiu-la-timisoara-magazine-cuprinse-de-flacari-video\/14\/07\/2026&#8243;]<\/p>\n","protected":false},"excerpt":{"rendered":"<p>[analyse_image type=&#8221;featured&#8221; src=&#8221;https:\/\/www.opiniatimisoarei.ro\/wp-content\/uploads\/2026\/07\/incendiu-soarelui-2-728&#215;336.jpghttps:\/\/www.opiniatimisoarei.ro\/wp-content\/uploads\/2026\/07\/incendiu-soarelui-2.jpg&#8221;] TIMI\u0218OARA. S-a dat alarma, mar\u021bi dup\u0103-amiaz\u0103, la Timi\u0219oara. Un incendiu a izbucnit la o cl\u0103diredin vecin\u0103tatea unui bloc din zona Soarelui, aproape de Pia\u021ba Girocului. CITE\u0218TE \u0218I:\u0218ofer aruncat din ma\u0219in\u0103. Accident grav l\u00e2ng\u0103 Timi\u0219oara Focul a cuprins rapid construc\u021bia, cu parter \u0219i etaj, de pe strad\u0103 Martir Elena Nicoar\u0103, cl\u0103dire\u00eencarefunc\u021bionau o carmangerie, [&hellip;]<\/p>\n","protected":false},"author":1,"featured_media":0,"comment_status":"open","ping_status":"","sticky":false,"template":"","format":"standard","meta":{"footnotes":""},"categories":[89],"tags":[226,190],"class_list":["post-2050837","post","type-post","status-publish","format-standard","hentry","category-romania","tag-crawlmanager","tag-opiniatimisoarei-ro"],"_links":{"self":[{"href":"https:\/\/analyse.optim.biz\/index.php?rest_route=\/wp\/v2\/posts\/2050837","targetHints":{"allow":["GET"]}}],"collection":[{"href":"https:\/\/analyse.optim.biz\/index.php?rest_route=\/wp\/v2\/posts"}],"about":[{"href":"https:\/\/analyse.optim.biz\/index.php?rest_route=\/wp\/v2\/types\/post"}],"author":[{"embeddable":true,"href":"https:\/\/analyse.optim.biz\/index.php?rest_route=\/wp\/v2\/users\/1"}],"replies":[{"embeddable":true,"href":"https:\/\/analyse.optim.biz\/index.php?rest_route=%2Fwp%2Fv2%2Fcomments&post=2050837"}],"version-history":[{"count":0,"href":"https:\/\/analyse.optim.biz\/index.php?rest_route=\/wp\/v2\/posts\/2050837\/revisions"}],"wp:attachment":[{"href":"https:\/\/analyse.optim.biz\/index.php?rest_route=%2Fwp%2Fv2%2Fmedia&parent=2050837"}],"wp:term":[{"taxonomy":"category","embeddable":true,"href":"https:\/\/analyse.optim.biz\/index.php?rest_route=%2Fwp%2Fv2%2Fcategories&post=2050837"},{"taxonomy":"post_tag","embeddable":true,"href":"https:\/\/analyse.optim.biz\/index.php?rest_route=%2Fwp%2Fv2%2Ftags&post=2050837"}],"curies":[{"name":"wp","href":"https:\/\/api.w.org\/{rel}","templated":true}]}}