{"id":2050833,"date":"2026-07-19T06:55:41","date_gmt":"2026-07-19T03:55:41","guid":{"rendered":"https:\/\/analyse.optim.biz\/?p=2050833"},"modified":"2026-07-19T06:55:41","modified_gmt":"2026-07-19T03:55:41","slug":"masini-cautate-de-politia-din-germania-gasite-pe-platforma-unui-bulgar-in-timis-control-cu-surprize-pentru-politistii-de-frontiera","status":"publish","type":"post","link":"https:\/\/analyse.optim.biz\/?p=2050833","title":{"rendered":"Ma\u0219ini c\u0103utate de poli\u021bia din Germania, g\u0103site pe platforma unui bulgar \u00een Timi\u0219. Control cu surprize pentru poli\u021bi\u0219tii de frontier\u0103"},"content":{"rendered":"<p>[analyse_image type=&#8221;featured&#8221; src=&#8221;https:\/\/www.opiniatimisoarei.ro\/wp-content\/uploads\/2026\/07\/masini-platforma-1-728&#215;336.jpghttps:\/\/www.opiniatimisoarei.ro\/wp-content\/uploads\/2026\/07\/masini-platforma-1.jpg&#8221;]<\/p>\n<div class=\"the_content\">\n<p><strong>TIMI\u0218OARA<\/strong>. Un control f\u0103cut pe DN6 de poli\u021bi\u0219tii de frontier\u0103 din Timi\u0219 avea s\u0103 duc\u0103 la o adev\u0103rat\u0103 surpriz\u0103 \u00een trafic.<\/p>\n<p><strong><span>CITE\u0218TE \u0218I:<\/span><a href=\"https:\/\/www.opiniatimisoarei.ro\/razie-de-proportii-la-timisoara-motociclisti-si-soferi-verificati-la-sange-cum-a-cazut-in-plasa-politistilor-un-urmarit-international\/18\/07\/2026\">Razie de propor\u021bii la Timi\u0219oara. Motocicli\u0219ti \u0219i \u0219oferi, verifica\u021bi la s\u00e2nge. Cum a c\u0103zut \u00een plasa poli\u021bi\u0219tilor un urm\u0103rit interna\u021bional<\/a><\/strong><\/p>\n<p>La S\u00e2nnicolau Mare, agen\u021bii au tras pe dreapta un \u0219ofer bulgar ce transporta cu o platforma dou\u0103 autoturisme.<\/p>\n<p><a href=\"https:\/\/www.opiniatimisoarei.ro\/wp-content\/uploads\/2026\/07\/masini-platforma-2.jpg\"><img loading=\"lazy\" decoding=\"async\" class=\"aligncenter size-full wp-image-883342\" src=\"https:\/\/www.opiniatimisoarei.ro\/wp-content\/uploads\/2026\/07\/masini-platforma-2.jpg\" alt=\"\" width=\"1080\" height=\"648\"><\/a><\/p>\n<p>C\u00e2nd au extins verific\u0103rile, poli\u021bi\u0219tii de frontier\u0103 aveau s\u0103 descopere c\u0103 ma\u0219inile erau c\u0103utate de autorit\u0103\u021bile din Germania pentru confiscare.<\/p>\n<p>\u201c<strong>In timpul desf\u0103\u0219ur\u0103rii unor activit\u0103\u021bi specifice pe DN 6, poli\u021bi\u0219tii de frontier\u0103 au oprit pentru control o autoutilitar\u0103 \u00eenmatriculat\u0103 \u00een \u021a\u0103rile de Jos, care tracta o remorc\u0103 \u00eenmatriculat\u0103 \u00een Bulgaria, pe care erau transportate dou\u01ce autoturisme f\u01cer\u01ce numere de \u00eenmatriculare. La volanul autoutilitarei se afla un cet\u0103\u021bean bulgar, \u00een v\u00e2rst\u0103 de 46 de ani.<\/strong><\/p>\n<p><strong>\u00cen urma verific\u0103rilor specifice efectuate, poli\u021bi\u0219tii de frontier\u0103 au constatat c\u0103 cele dou\u0103 autoturisme transportate pe platform\u0103 figureaz\u0103 \u00een bazele de date ca bunuri pentru care autorit\u0103\u021bile din Germania au emis semnal\u0103ri \u00een vederea confisc\u0103rii.<\/strong><\/p>\n<p><strong>Autovehiculele, estimate la aproximativ 57.000 euro, au fost indisponibilizate la sediul institu\u021biei, iar \u00een cauz\u0103 se efectueaz\u0103 cercet\u0103ri pentru s\u0103v\u00e2r\u0219irea infrac\u021biunii de t\u0103inuire, urm\u00e2nd ca la finalizarea acestora s\u0103 fie dispuse m\u0103surile legale care se impun<\/strong>\u201c, transmit reprezentantii Politiei de Frontiera Timis.<\/p>\n<p>***<\/p>\n<p><strong><span class=\"dia_suggestion w0\">Mai<\/span><span class=\"dia_suggestion w1\">multe<\/span><span class=\"dia_suggestion w2\">g\u0103si\u021bi<\/span> pe <span class=\"dia_suggestion w4\">pagina noastr<span class=\"dia_suggestion w0\">\u0103<\/span><\/span>\u00a0de <a href=\"https:\/\/www.facebook.com\/OpiniaTM\/?ref=page_internal\" target=\"_blank\" rel=\"noopener\">Facebook opiniatimisoarei.ro<\/a>!<\/strong><\/p>\n<p><strong><span class=\"dia_suggestion w0\">Dac\u0103<\/span><span class=\"dia_suggestion w1\">a\u021bi<\/span> fost martorii unui eveniment <span class=\"dia_suggestion w6\">sau<\/span><span class=\"dia_suggestion w7\">ai<\/span> unei <span class=\"dia_suggestion w9\">situa\u021bii<\/span><span class=\"dia_suggestion w10\">neobi\u0219nuite<\/span><span class=\"dia_suggestion w11\">care<\/span> ar <span class=\"dia_suggestion w13\">putea<\/span> deveni subiect de <span class=\"dia_suggestion w17\">\u0219tire<\/span>, <span class=\"dia_suggestion w18\">contacta\u021bi<\/span>-ne <span class=\"dia_suggestion w20\">la<\/span><span><a href=\"https:\/\/www.opiniatimisoarei.ro\/cdn-cgi\/l\/email-protection\" class=\"__cf_email__\" data-cfemail=\"abd9cecfcac8dfc2ceebc4dbc2c5c2cadfc2c6c2d8c4cad9cec285d9c4\">[email\u00a0protected]<\/a>,<\/span>\u00a0 pe <a href=\"https:\/\/www.facebook.com\/OpiniaTM\">FB<\/a><span>sau pe contul nostru de<\/span><a href=\"https:\/\/www.instagram.com\/opiniatimisoarei.ro\/\" target=\"_blank\" rel=\"noopener\">Instagram<\/a>!<\/strong><\/p>\n<p><strong><span>CITE\u0218TE \u0218I<\/span>: <a href=\"https:\/\/www.opiniatimisoarei.ro\/afli-primul-tot-ceea-ce-se-intampla-cu-adevarat-important-in-timisoara-si-in-regiune-cu-aplicatia-de-stiri-opinia-timisoarei-3-tipuri-de-alerte-te-tin-mereu-conectat-la-evenimente-descarca-gratuit-a\/31\/10\/2022\">Afli primul tot ceea ce se intampla cu adevarat important in Timisoara si in regiune cu Aplicatia de stiri Opinia Timisoarei. 3 tipuri de alerte te tin mereu conectat la evenimente. Descarca gratuit Aplicatia OT aici!<\/a><\/strong><\/p>\n<\/div>\n<p>[analyse_source url=&#8221;https:\/\/www.opiniatimisoarei.ro\/masini-cautate-de-politia-din-germania-gasite-pe-platforma-unui-bulgar-in-timis-control-cu-surprize-pentru-politistii-de-frontiera\/19\/07\/2026&#8243;]<\/p>\n","protected":false},"excerpt":{"rendered":"<p>[analyse_image type=&#8221;featured&#8221; src=&#8221;https:\/\/www.opiniatimisoarei.ro\/wp-content\/uploads\/2026\/07\/masini-platforma-1-728&#215;336.jpghttps:\/\/www.opiniatimisoarei.ro\/wp-content\/uploads\/2026\/07\/masini-platforma-1.jpg&#8221;] TIMI\u0218OARA. Un control f\u0103cut pe DN6 de poli\u021bi\u0219tii de frontier\u0103 din Timi\u0219 avea s\u0103 duc\u0103 la o adev\u0103rat\u0103 surpriz\u0103 \u00een trafic. CITE\u0218TE \u0218I:Razie de propor\u021bii la Timi\u0219oara. Motocicli\u0219ti \u0219i \u0219oferi, verifica\u021bi la s\u00e2nge. Cum a c\u0103zut \u00een plasa poli\u021bi\u0219tilor un urm\u0103rit interna\u021bional La S\u00e2nnicolau Mare, agen\u021bii au tras pe dreapta un \u0219ofer [&hellip;]<\/p>\n","protected":false},"author":1,"featured_media":0,"comment_status":"open","ping_status":"","sticky":false,"template":"","format":"standard","meta":{"footnotes":""},"categories":[89],"tags":[226,190],"class_list":["post-2050833","post","type-post","status-publish","format-standard","hentry","category-romania","tag-crawlmanager","tag-opiniatimisoarei-ro"],"_links":{"self":[{"href":"https:\/\/analyse.optim.biz\/index.php?rest_route=\/wp\/v2\/posts\/2050833","targetHints":{"allow":["GET"]}}],"collection":[{"href":"https:\/\/analyse.optim.biz\/index.php?rest_route=\/wp\/v2\/posts"}],"about":[{"href":"https:\/\/analyse.optim.biz\/index.php?rest_route=\/wp\/v2\/types\/post"}],"author":[{"embeddable":true,"href":"https:\/\/analyse.optim.biz\/index.php?rest_route=\/wp\/v2\/users\/1"}],"replies":[{"embeddable":true,"href":"https:\/\/analyse.optim.biz\/index.php?rest_route=%2Fwp%2Fv2%2Fcomments&post=2050833"}],"version-history":[{"count":0,"href":"https:\/\/analyse.optim.biz\/index.php?rest_route=\/wp\/v2\/posts\/2050833\/revisions"}],"wp:attachment":[{"href":"https:\/\/analyse.optim.biz\/index.php?rest_route=%2Fwp%2Fv2%2Fmedia&parent=2050833"}],"wp:term":[{"taxonomy":"category","embeddable":true,"href":"https:\/\/analyse.optim.biz\/index.php?rest_route=%2Fwp%2Fv2%2Fcategories&post=2050833"},{"taxonomy":"post_tag","embeddable":true,"href":"https:\/\/analyse.optim.biz\/index.php?rest_route=%2Fwp%2Fv2%2Ftags&post=2050833"}],"curies":[{"name":"wp","href":"https:\/\/api.w.org\/{rel}","templated":true}]}}