{"id":205078,"date":"2014-05-24T16:30:08","date_gmt":"2014-05-24T13:30:08","guid":{"rendered":"https:\/\/analyse.optim.biz\/?p=205078"},"modified":"2014-05-24T16:30:08","modified_gmt":"2014-05-24T13:30:08","slug":"video-ministri-si-fosti-sefi-de-stat-atacati-cu-oua-rosii-si-cerneala","status":"publish","type":"post","link":"https:\/\/analyse.optim.biz\/?p=205078","title":{"rendered":"VIDEO. Mini\u0219tri \u0219i fo\u0219ti \u0219efi de stat ataca\u021bi cu ou\u0103, ro\u0219ii \u0219i cerneal\u0103"},"content":{"rendered":"<div class=\"entry data-app-meta data-app-meta-article\" data-embed-base-url-canonical=\"https:\/\/www.digi24.ro\/embed\/stiri\/actualitate\/politica\/video-ministri-si-fosti-sefi-de-stat-atacati-cu-oua-rosii-si-cerneala-247244\">\n<p data-index=\"1\">Incidentul a avut loc la finalul vizitei pre\u015fedintelui \u00een Portul Constan\u0163a, acolo unde s-a \u00eencheiat una dintre cele mai mari regate ale sezonului. <a href=\"https:\/\/www.digi24.ro\/Stiri\/Digi24\/Actualitate\/Politica\/Presedintele+Traian+Basescu+scuipat+in+timp+ce+participa+la+fest\" data-skip-linkfix=\"1\">\u015eeful statului cobora de pe nava \u015fcoal\u0103 Mircea \u015fi se \u00eendrepta spre ma\u015fin\u0103<\/a>. B\u0103rbatul nemul\u0163umit a reu\u015fit s\u0103 ajung\u0103 foarte aproape de pre\u015fedinte \u015fi l-a scuipat chiar \u00een fa\u0163\u0103. A fost imediat imobilizat de ofi\u0163erii SPP \u015fi dus la poli\u0163ie, pentru audieri.<\/p>\n<p data-index=\"2\">\u015eeful statului nu este singurul demnitar care a trecut printr-o astfel de situa\u0163ie. Anul trecut, ministrul Transporturilor, <strong>Dan \u015eova<\/strong> a fost atacat cu o ro\u015fie, \u00een timpul unei conferin\u0163e de pres\u0103, de o t\u00e2n\u0103r\u0103, membr\u0103 a unei organiza\u021bii non-guvernamentale.<\/p>\n<p data-index=\"3\">Printr-un incident similar a trecut \u015fi <strong>Emil Constantinescu<\/strong>. \u00cen 2000, fostul pre\u015fedinte a fost stropit cu cerneal\u0103 albastr\u0103 de c\u0103tre Faur Isaia.<\/p>\n<p data-index=\"4\">\u015ei <strong>Ion Iliescu<\/strong> a fost \u00een centrul unor incidente asem\u0103n\u0103toare, dup\u0103 ce \u015fi-a \u00eencheiat mandatele. El a fost atacat cu z\u0103pad\u0103 \u0219i cu ou\u0103. Iar \u00een urm\u0103 cu patru ani, Ion Iliescu a fost bombardat cu monede de revolu\u021bionari.<\/p>\n<p data-index=\"5\">Fostul premier <strong>Emil Boc<\/strong> a fost \u015fi el \u021binta nemul\u021bumirii populare. \u00cen urm\u0103 cu trei ani, la Gala\u021bi, trei oameni au aruncat cu ou\u0103 spre fostul prim-ministru \u00een momentul \u00een care ie\u0219ea din sediul Prefecturii Gala\u021bi.<\/p>\n<\/div>\n<p> Source URL: https:\/\/www.digi24.ro\/stiri\/actualitate\/politica\/video-ministri-si-fosti-sefi-de-stat-atacati-cu-oua-rosii-si-cerneala-247244<\/p>\n","protected":false},"excerpt":{"rendered":"<p>Incidentul a avut loc la finalul vizitei pre\u015fedintelui \u00een Portul Constan\u0163a, acolo unde s-a \u00eencheiat una dintre cele mai mari regate ale sezonului. \u015eeful statului cobora de pe nava \u015fcoal\u0103 Mircea \u015fi se \u00eendrepta spre ma\u015fin\u0103. B\u0103rbatul nemul\u0163umit a reu\u015fit s\u0103 ajung\u0103 foarte aproape de pre\u015fedinte \u015fi l-a scuipat chiar \u00een fa\u0163\u0103. A fost imediat [&hellip;]<\/p>\n","protected":false},"author":1,"featured_media":205079,"comment_status":"open","ping_status":"","sticky":false,"template":"","format":"standard","meta":{"footnotes":""},"categories":[2],"tags":[11],"class_list":["post-205078","post","type-post","status-publish","format-standard","has-post-thumbnail","hentry","category-politics","tag-digi24"],"_links":{"self":[{"href":"https:\/\/analyse.optim.biz\/index.php?rest_route=\/wp\/v2\/posts\/205078","targetHints":{"allow":["GET"]}}],"collection":[{"href":"https:\/\/analyse.optim.biz\/index.php?rest_route=\/wp\/v2\/posts"}],"about":[{"href":"https:\/\/analyse.optim.biz\/index.php?rest_route=\/wp\/v2\/types\/post"}],"author":[{"embeddable":true,"href":"https:\/\/analyse.optim.biz\/index.php?rest_route=\/wp\/v2\/users\/1"}],"replies":[{"embeddable":true,"href":"https:\/\/analyse.optim.biz\/index.php?rest_route=%2Fwp%2Fv2%2Fcomments&post=205078"}],"version-history":[{"count":0,"href":"https:\/\/analyse.optim.biz\/index.php?rest_route=\/wp\/v2\/posts\/205078\/revisions"}],"wp:featuredmedia":[{"embeddable":true,"href":"https:\/\/analyse.optim.biz\/index.php?rest_route=\/wp\/v2\/media\/205079"}],"wp:attachment":[{"href":"https:\/\/analyse.optim.biz\/index.php?rest_route=%2Fwp%2Fv2%2Fmedia&parent=205078"}],"wp:term":[{"taxonomy":"category","embeddable":true,"href":"https:\/\/analyse.optim.biz\/index.php?rest_route=%2Fwp%2Fv2%2Fcategories&post=205078"},{"taxonomy":"post_tag","embeddable":true,"href":"https:\/\/analyse.optim.biz\/index.php?rest_route=%2Fwp%2Fv2%2Ftags&post=205078"}],"curies":[{"name":"wp","href":"https:\/\/api.w.org\/{rel}","templated":true}]}}