{"id":2050722,"date":"2026-07-18T08:04:57","date_gmt":"2026-07-18T05:04:57","guid":{"rendered":"https:\/\/analyse.optim.biz\/?p=2050722"},"modified":"2026-07-18T08:04:57","modified_gmt":"2026-07-18T05:04:57","slug":"decopertarea-la-final-pe-tot-traseul-la-centura-vest-timisoara-metoda-folosita-de-turci-pentru-fundatii-mai-trainice-la-viitoarele-poduri-foto","status":"publish","type":"post","link":"https:\/\/analyse.optim.biz\/?p=2050722","title":{"rendered":"Decopertarea, la final pe tot traseul la Centura Vest Timi\u0219oara. Metoda folosit\u0103 de turci pentru funda\u021bii mai trainice la viitoarele poduri. FOTO"},"content":{"rendered":"<p>[analyse_image type=&#8221;featured&#8221; src=&#8221;https:\/\/www.opiniatimisoarei.ro\/wp-content\/uploads\/2026\/07\/centura-vest-santier-728&#215;336.jpghttps:\/\/www.opiniatimisoarei.ro\/wp-content\/uploads\/2026\/07\/centura-vest-santier.jpg&#8221;]<\/p>\n<div class=\"the_content\">\n<p><strong>TIMI\u0218OARA<\/strong>. Turcii men\u021b\u00een ritmul sus\u021binut pe \u0219antierul viitoarei Variante de Ocolire Timi\u0219oara Vest.<\/p>\n<p>E aproape gata decopertarea pe \u00eentreg traseul Centurii \u0219i, in paralel, muncitorii lucreaz\u0103 la funda\u021biile viitoarelor structuri.<\/p>\n<p><strong><span>CITESTE SI<\/span>: <a href=\"https:\/\/www.opiniatimisoarei.ro\/maimute-descoperite-la-frontiera-intr-un-transport-ilegal-politistii-le-au-adus-pentru-un-control-medical-la-timisoara-si-au-ajuns-la-zoo-resita-video\/18\/07\/2026\">Maimu\u021be descoperite la frontier\u0103, \u00eentr-un transport ilegal. Poli\u021bi\u0219tii le-au adus pentru un control medical la Timi\u0219oara \u0219i au ajuns la Zoo Re\u0219i\u021ba. VIDEO<\/a><\/strong><\/p>\n<p>\u201c<strong>Pe l\u00e2ng\u0103 lucr\u0103rile care se desf\u0103\u0219oar\u0103 \u00een mod curent la terasamente, structuri, pode\u021be \u0219i reloc\u0103ri de utilit\u0103\u021bi, a \u00eenceput o nou\u0103 etap\u0103 important\u0103: executarea pilo\u021bilor de \u00eendesare cu balast.<\/strong><\/p>\n<p><strong>Aceast\u0103 metod\u0103 este utilizat\u0103 pentru consolidarea terenului de fundare, prin realizarea unor coloane din material granular compactat, care \u00eembun\u0103t\u0103\u021besc capacitatea portant\u0103 a terenului \u0219i reduc tas\u0103rile. Astfel, este asigurat\u0103 o baz\u0103 stabil\u0103 pentru funda\u021biile viitoarelor structuri. Solu\u021bia tehnic\u0103 va fi aplicat\u0103 la toate podurile de pe traseu.<\/strong><\/p>\n<p><strong>La dou\u0103 luni de la emiterea ordinului de \u00eencepere, progresul fizic estimat de antreprenor este de aproximativ 8%<\/strong>\u201c, transmit reprezentantii DRDP Timisoara.<\/p>\n<div id=\"gallery-1\" class=\"gallery optm-gallery galleryid-883265\">\n<div class=\"optm-galcont\"><a href=\"https:\/\/www.opiniatimisoarei.ro\/wp-content\/uploads\/2026\/07\/santier-centura-vest-1.jpg\"><img decoding=\"async\" src=\"https:\/\/www.opiniatimisoarei.ro\/wp-content\/uploads\/2026\/07\/santier-centura-vest-1-300x169.jpg\"><\/a><a href=\"https:\/\/www.opiniatimisoarei.ro\/wp-content\/uploads\/2026\/07\/santier-centura-vest-2.jpg\"><img decoding=\"async\" src=\"https:\/\/www.opiniatimisoarei.ro\/wp-content\/uploads\/2026\/07\/santier-centura-vest-2-300x169.jpg\"><\/a><a href=\"https:\/\/www.opiniatimisoarei.ro\/wp-content\/uploads\/2026\/07\/santier-centura-vest-3.jpg\"><img decoding=\"async\" src=\"https:\/\/www.opiniatimisoarei.ro\/wp-content\/uploads\/2026\/07\/santier-centura-vest-3-300x169.jpg\"><\/a><a href=\"https:\/\/www.opiniatimisoarei.ro\/wp-content\/uploads\/2026\/07\/santier-centura-vest-4.jpg\"><img decoding=\"async\" src=\"https:\/\/www.opiniatimisoarei.ro\/wp-content\/uploads\/2026\/07\/santier-centura-vest-4-300x169.jpg\"><\/a><a href=\"https:\/\/www.opiniatimisoarei.ro\/wp-content\/uploads\/2026\/07\/santier-centura-vest-5.jpg\"><img decoding=\"async\" src=\"https:\/\/www.opiniatimisoarei.ro\/wp-content\/uploads\/2026\/07\/santier-centura-vest-5-300x169.jpg\"><\/a><a href=\"https:\/\/www.opiniatimisoarei.ro\/wp-content\/uploads\/2026\/07\/santier-centura-vest-6.jpg\"><img decoding=\"async\" src=\"https:\/\/www.opiniatimisoarei.ro\/wp-content\/uploads\/2026\/07\/santier-centura-vest-6-300x169.jpg\"><\/a><a href=\"https:\/\/www.opiniatimisoarei.ro\/wp-content\/uploads\/2026\/07\/santier-centura-vest-7.jpg\"><img decoding=\"async\" src=\"https:\/\/www.opiniatimisoarei.ro\/wp-content\/uploads\/2026\/07\/santier-centura-vest-7-300x225.jpg\"><\/a><a href=\"https:\/\/www.opiniatimisoarei.ro\/wp-content\/uploads\/2026\/07\/santier-centura-vest-8.jpg\"><img decoding=\"async\" src=\"https:\/\/www.opiniatimisoarei.ro\/wp-content\/uploads\/2026\/07\/santier-centura-vest-8-300x169.jpg\"><\/a><a href=\"https:\/\/www.opiniatimisoarei.ro\/wp-content\/uploads\/2026\/07\/santier-centura-vest-9.jpg\"><img decoding=\"async\" src=\"https:\/\/www.opiniatimisoarei.ro\/wp-content\/uploads\/2026\/07\/santier-centura-vest-9-300x169.jpg\"><\/a><a href=\"https:\/\/www.opiniatimisoarei.ro\/wp-content\/uploads\/2026\/07\/santier-centura-vest-10.jpg\"><img decoding=\"async\" src=\"https:\/\/www.opiniatimisoarei.ro\/wp-content\/uploads\/2026\/07\/santier-centura-vest-10-300x169.jpg\"><\/a><a href=\"https:\/\/www.opiniatimisoarei.ro\/wp-content\/uploads\/2026\/07\/santier-centura-vest-11.jpg\"><img decoding=\"async\" src=\"https:\/\/www.opiniatimisoarei.ro\/wp-content\/uploads\/2026\/07\/santier-centura-vest-11-300x169.jpg\"><\/a><a href=\"https:\/\/www.opiniatimisoarei.ro\/wp-content\/uploads\/2026\/07\/santier-centura-vest-12.jpg\"><img decoding=\"async\" src=\"https:\/\/www.opiniatimisoarei.ro\/wp-content\/uploads\/2026\/07\/santier-centura-vest-12-300x173.jpg\"><\/a><\/div>\n<\/div>\n<p><span class=\"dia_suggestion w0\">V<span class=\"dia_suggestion w31\">\u0103<\/span><\/span> reamintim, traseul Centurii Vest Timi\u0219oara Vest traverseaz\u0103 unit<span class=\"dia_suggestion w31\">\u0103<\/span>tile teritoriale Timi\u0219oara, S\u0103c\u0103laz \u0219i S\u00e2nmihaiu Rom\u00e2n.<\/p>\n<p>Are o lungime de 14 kilometri <span class=\"dia_suggestion w12\">\u0219i<\/span><span class=\"dia_suggestion w22\"><span class=\"dia_suggestion w33\">va<\/span><\/span><span class=\"dia_suggestion w23\">fi<\/span> amenajat cu <span class=\"dia_suggestion w26\">c\u00e2te<\/span> 2 benzi pe fiecare sens. <span class=\"dia_suggestion w31\">Noua<\/span>\u00a0\u0219osea va avea 4 noduri rutiere, 10 poduri \u0219i pasaje \u0219i 2 parc\u0103ri.<\/p>\n<p>Constructor este <strong>\ud835\udc0d\ud835\udc14\ud835\udc11\ud835\udc0e\ud835\udc0b \ud835\udc08\ud835\udc0d\ud835\udc12\ud835\udc00\ud835\udc00\ud835\udc13 \ud835\udc15\ud835\udc04 \ud835\udc13\ud835\udc08\ud835\udc02\ud835\udc00\ud835\udc11\ud835\udc04\ud835\udc13 \ud835\udc00S.<\/strong><\/p>\n<p>\ud83d\udd35 \u00cen cadrul proiectului vor fi realizate 10 poduri si pasaje, din care 3 de o complexitate tehnic\u0103 ridicat\u0103:<br \/>\n\ud83c\udf09 Pasaj peste DN 59A (Timi\u015foara \u2013 Jimbolia) + Pasaj peste CFR 100 \u00een lungime de 750 m;<br \/>\n\ud83c\udf09 Pasaj peste DN 6 \u0219i CFR 133 \u00een lungime de 450 m;<br \/>\n\ud83c\udf09 Pod peste r\u00e2ul Bega \u0219i peste rezervoarele de n\u0103mol \u00een lungime de 450 m.<\/p>\n<p>Se vor amenaja 4 noduri rutiere<\/p>\n<p>\u26d7 Nod rutier la intersec\u021bia VO Timi\u0219oara Vest cu DN 69 (Timi\u0219oara \u2013 Arad) \u0219i VTM Nord;<br \/>\n\u26d7 Nod rutier la intersec\u021bia VO Timi\u0219oara Vest cu DN 6 (Timi\u0219oara \u2013 Cenad);<br \/>\n\u26d7 Nod rutier la intersec\u021bia VO Timi\u0219oara Vest cu DN 59A (Timi\u0219oara \u2013 S\u0103c\u0103laz);<br \/>\n\u26d7 Nod rutier la intersec\u021bia VO Timi\u0219oara Vest cu Radiala Nou\u0103 de Vest.<\/p>\n<p>Drumul este finan\u021bat din Fonduri Europene Nerambursabile \u2013 Programul Transport 2021-2027.<\/p>\n<p>Proiectul, \u00een valoare de 1,41 miliarde lei (f\u0103r\u0103 TVA), va completa practic centura Municipiului Timi\u0219oara.<\/p>\n<p>Trebuie finalizat \u00een prima parte a anului 2028.<\/p>\n<p>***<\/p>\n<p><strong><span class=\"dia_suggestion w0\">Mai<\/span><span class=\"dia_suggestion w1\">multe<\/span><span class=\"dia_suggestion w2\">g\u0103si\u021bi<\/span> pe <span class=\"dia_suggestion w4\">pagina noastr<span class=\"dia_suggestion w0\">\u0103<\/span><\/span>\u00a0de <a href=\"https:\/\/www.facebook.com\/OpiniaTM\/?ref=page_internal\" target=\"_blank\" rel=\"noopener\">Facebook opiniatimisoarei.ro<\/a>!<\/strong><\/p>\n<p><strong><span class=\"dia_suggestion w0\">Dac\u0103<\/span><span class=\"dia_suggestion w1\">a\u021bi<\/span> fost martorii unui eveniment <span class=\"dia_suggestion w6\">sau<\/span><span class=\"dia_suggestion w7\">ai<\/span> unei <span class=\"dia_suggestion w9\">situa\u021bii<\/span><span class=\"dia_suggestion w10\">neobi\u0219nuite<\/span><span class=\"dia_suggestion w11\">care<\/span> ar <span class=\"dia_suggestion w13\">putea<\/span> deveni subiect de <span class=\"dia_suggestion w17\">\u0219tire<\/span>, <span class=\"dia_suggestion w18\">contacta\u021bi<\/span>-ne <span class=\"dia_suggestion w20\">la<\/span><span><a href=\"https:\/\/www.opiniatimisoarei.ro\/cdn-cgi\/l\/email-protection\" class=\"__cf_email__\" data-cfemail=\"4d3f28292c2e3924280d223d2423242c392420243e222c3f2824633f22\">[email\u00a0protected]<\/a>,<\/span>\u00a0 pe <a href=\"https:\/\/www.facebook.com\/OpiniaTM\">FB<\/a><span>sau pe contul nostru de<\/span><a href=\"https:\/\/www.instagram.com\/opiniatimisoarei.ro\/\" target=\"_blank\" rel=\"noopener\">Instagram<\/a>!<\/strong><\/p>\n<p><strong><span>CITESTE SI<\/span>: <a href=\"https:\/\/www.opiniatimisoarei.ro\/afli-primul-tot-ceea-ce-se-intampla-cu-adevarat-important-in-timisoara-si-in-regiune-cu-aplicatia-de-stiri-opinia-timisoarei-3-tipuri-de-alerte-te-tin-mereu-conectat-la-evenimente-descarca-gratuit-a\/31\/10\/2022\">Afli primul tot ceea ce se intampla cu adevarat important in Timisoara si in regiune cu Aplicatia de stiri Opinia Timisoarei. 3 tipuri de alerte te tin mereu conectat la evenimente. Descarca gratuit Aplicatia OT aici!<\/a><\/strong><\/p>\n<\/div>\n<p>[analyse_source url=&#8221;https:\/\/www.opiniatimisoarei.ro\/decopertarea-la-final-pe-tot-traseul-la-centura-vest-timisoara-metoda-folosita-de-turci-pentru-fundatii-mai-trainice-la-viitoarele-poduri-foto\/18\/07\/2026&#8243;]<\/p>\n","protected":false},"excerpt":{"rendered":"<p>[analyse_image type=&#8221;featured&#8221; src=&#8221;https:\/\/www.opiniatimisoarei.ro\/wp-content\/uploads\/2026\/07\/centura-vest-santier-728&#215;336.jpghttps:\/\/www.opiniatimisoarei.ro\/wp-content\/uploads\/2026\/07\/centura-vest-santier.jpg&#8221;] TIMI\u0218OARA. Turcii men\u021b\u00een ritmul sus\u021binut pe \u0219antierul viitoarei Variante de Ocolire Timi\u0219oara Vest. E aproape gata decopertarea pe \u00eentreg traseul Centurii \u0219i, in paralel, muncitorii lucreaz\u0103 la funda\u021biile viitoarelor structuri. CITESTE SI: Maimu\u021be descoperite la frontier\u0103, \u00eentr-un transport ilegal. Poli\u021bi\u0219tii le-au adus pentru un control medical la Timi\u0219oara \u0219i au ajuns la [&hellip;]<\/p>\n","protected":false},"author":1,"featured_media":0,"comment_status":"open","ping_status":"","sticky":false,"template":"","format":"standard","meta":{"footnotes":""},"categories":[89],"tags":[226,190],"class_list":["post-2050722","post","type-post","status-publish","format-standard","hentry","category-romania","tag-crawlmanager","tag-opiniatimisoarei-ro"],"_links":{"self":[{"href":"https:\/\/analyse.optim.biz\/index.php?rest_route=\/wp\/v2\/posts\/2050722","targetHints":{"allow":["GET"]}}],"collection":[{"href":"https:\/\/analyse.optim.biz\/index.php?rest_route=\/wp\/v2\/posts"}],"about":[{"href":"https:\/\/analyse.optim.biz\/index.php?rest_route=\/wp\/v2\/types\/post"}],"author":[{"embeddable":true,"href":"https:\/\/analyse.optim.biz\/index.php?rest_route=\/wp\/v2\/users\/1"}],"replies":[{"embeddable":true,"href":"https:\/\/analyse.optim.biz\/index.php?rest_route=%2Fwp%2Fv2%2Fcomments&post=2050722"}],"version-history":[{"count":0,"href":"https:\/\/analyse.optim.biz\/index.php?rest_route=\/wp\/v2\/posts\/2050722\/revisions"}],"wp:attachment":[{"href":"https:\/\/analyse.optim.biz\/index.php?rest_route=%2Fwp%2Fv2%2Fmedia&parent=2050722"}],"wp:term":[{"taxonomy":"category","embeddable":true,"href":"https:\/\/analyse.optim.biz\/index.php?rest_route=%2Fwp%2Fv2%2Fcategories&post=2050722"},{"taxonomy":"post_tag","embeddable":true,"href":"https:\/\/analyse.optim.biz\/index.php?rest_route=%2Fwp%2Fv2%2Ftags&post=2050722"}],"curies":[{"name":"wp","href":"https:\/\/api.w.org\/{rel}","templated":true}]}}