{"id":2050719,"date":"2026-07-18T13:07:18","date_gmt":"2026-07-18T10:07:18","guid":{"rendered":"https:\/\/analyse.optim.biz\/?p=2050719"},"modified":"2026-07-18T13:07:18","modified_gmt":"2026-07-18T10:07:18","slug":"autoutilitara-in-flacari-pe-autostrada-lugoj-timisoara-interventie-a-pompierilor","status":"publish","type":"post","link":"https:\/\/analyse.optim.biz\/?p=2050719","title":{"rendered":"Autoutilitar\u0103 \u00een fl\u0103c\u0103ri pe Autostrada Lugoj-Timi\u0219oara. Interven\u021bie a pompierilor"},"content":{"rendered":"<p>[analyse_image type=&#8221;featured&#8221; src=&#8221;https:\/\/www.opiniatimisoarei.ro\/wp-content\/uploads\/2018\/09\/incendiu-masina-autostrada-4-700&#215;336.jpghttps:\/\/www.opiniatimisoarei.ro\/wp-content\/uploads\/2018\/09\/incendiu-masina-autostrada-4.jpg&#8221;]<\/p>\n<div class=\"the_content\">\n<p><strong>TIMIS.<\/strong> S-a dat alarma s\u00e2mb\u0103t\u0103 dup\u0103-amiaz\u0103, dup\u0103 ce o autoutilitar\u0103 a luat foc \u00een mers pe Autostrada Vestului.<\/p>\n<p><strong><span>CITE\u0218TE \u0218I:<\/span><a href=\"https:\/\/www.opiniatimisoarei.ro\/razie-de-proportii-la-timisoara-motociclisti-si-soferi-verificati-la-sange-cum-a-cazut-in-plasa-politistilor-un-urmarit-international\/18\/07\/2026\">Razie de propor\u021bii la Timi\u0219oara. Motocicli\u0219ti \u0219i \u0219oferi, verifica\u021bi la s\u00e2nge. Cum a c\u0103zut \u00een plasa poli\u021bi\u0219tilor un urm\u0103rit interna\u021bional<\/a><\/strong><\/p>\n<p>\u0218oferul venea de la Lugoj c\u0103tre Timi\u0219oara \u0219i a sim\u021bit miros de fum \u00een cabin\u0103. A tras tras pe dreapta s\u0103 vad\u0103 despre ce este vorba, moment \u00een care au izbucnit fl\u0103c\u0103rile.<\/p>\n<p>Omul a sunat imediat la 112, iar la fa\u021ba locului au ajuns pompierii de la Lugoj.<\/p>\n<p>\u201c<strong>Dou\u0103 autospeciale de stingere din cadrul Deta\u0219amentului de Pompieri Lugoj sunt mobilizate pe A1 km 471 (sensul de mers spre Timi\u0219oara), pentru stingerea unui incendiu izbucnit la o autoutilitar\u0103.<\/strong><\/p>\n<p><strong>Incendiul se manifest\u0103 cu ardere generalizat\u0103 \u0219i degaj\u0103ri mari de fum.<\/strong><\/p>\n<p><strong>Nu se \u00eenregistreaz\u0103 victime.<\/strong><\/p>\n<p><strong>Incendiul este localizat. Se ac\u021bioneaz\u0103 pentru lichidare<\/strong>\u201c, au transmis reprezentan\u021bii ISU Timi\u0219.<\/p>\n<p>Pompierii urmeaz\u0103 s\u0103 stabileasc\u0103 cauzele producerii incendiului.<\/p>\n<p>***<\/p>\n<p><strong><span class=\"dia_suggestion w0\">Mai<\/span>\u00a0<span class=\"dia_suggestion w1\">multe<\/span>\u00a0<span class=\"dia_suggestion w2\">g\u0103si\u021bi<\/span>\u00a0pe\u00a0<span class=\"dia_suggestion w4\">pagina noastr<span class=\"dia_suggestion w0\">\u0103<\/span><\/span>\u00a0de\u00a0<a href=\"https:\/\/www.facebook.com\/OpiniaTM\/?ref=page_internal\" target=\"_blank\" rel=\"noopener\">Facebook opiniatimisoarei.ro<\/a>!<\/strong><\/p>\n<p><strong><span class=\"dia_suggestion w0\">Dac\u0103<\/span>\u00a0<span class=\"dia_suggestion w1\">a\u021bi<\/span>\u00a0fost martorii unui eveniment\u00a0<span class=\"dia_suggestion w6\">sau<\/span>\u00a0<span class=\"dia_suggestion w7\">ai<\/span>\u00a0unei\u00a0<span class=\"dia_suggestion w9\">situa\u021bii<\/span>\u00a0<span class=\"dia_suggestion w10\">neobi\u0219nuite<\/span>\u00a0<span class=\"dia_suggestion w11\">care<\/span>\u00a0ar\u00a0<span class=\"dia_suggestion w13\">putea<\/span>\u00a0deveni subiect de\u00a0<span class=\"dia_suggestion w17\">\u0219tire<\/span>,\u00a0<span class=\"dia_suggestion w18\">contacta\u021bi<\/span>-ne\u00a0<span class=\"dia_suggestion w20\">la<\/span>\u00a0<a href=\"https:\/\/www.opiniatimisoarei.ro\/cdn-cgi\/l\/email-protection\" class=\"__cf_email__\" data-cfemail=\"93e1f6f7f2f0e7faf6d3fce3fafdfaf2e7fafefae0fcf2e1f6fabde1fc\">[email\u00a0protected]<\/a>,\u00a0 pe\u00a0<a href=\"https:\/\/www.facebook.com\/OpiniaTM\">FB<\/a>\u00a0sau pe contul nostru de\u00a0<a href=\"https:\/\/www.instagram.com\/opiniatimisoarei.ro\/\" target=\"_blank\" rel=\"noopener\">Instagram<\/a>!<\/strong><\/p>\n<p><strong><span>CITE\u0218TE \u0218I:<\/span>\u00a0<a href=\"https:\/\/www.opiniatimisoarei.ro\/afli-primul-tot-ceea-ce-se-intampla-cu-adevarat-important-in-timisoara-si-in-regiune-cu-aplicatia-de-stiri-opinia-timisoarei-3-tipuri-de-alerte-te-tin-mereu-conectat-la-evenimente-descarca-gratuit-a\/31\/10\/2022\">Afli primul tot ceea ce se intampla cu adevarat important in Timisoara si in regiune cu Aplicatia de stiri Opinia Timisoarei. 3 tipuri de alerte te tin mereu conectat la evenimente. Descarca gratuit Aplicatia OT aici!<\/a><\/strong><\/p>\n<\/div>\n<p>[analyse_source url=&#8221;https:\/\/www.opiniatimisoarei.ro\/autoutilitara-in-flacari-pe-autostrada-lugoj-timisoara-interventie-a-pompierilor\/18\/07\/2026&#8243;]<\/p>\n","protected":false},"excerpt":{"rendered":"<p>[analyse_image type=&#8221;featured&#8221; src=&#8221;https:\/\/www.opiniatimisoarei.ro\/wp-content\/uploads\/2018\/09\/incendiu-masina-autostrada-4-700&#215;336.jpghttps:\/\/www.opiniatimisoarei.ro\/wp-content\/uploads\/2018\/09\/incendiu-masina-autostrada-4.jpg&#8221;] TIMIS. S-a dat alarma s\u00e2mb\u0103t\u0103 dup\u0103-amiaz\u0103, dup\u0103 ce o autoutilitar\u0103 a luat foc \u00een mers pe Autostrada Vestului. CITE\u0218TE \u0218I:Razie de propor\u021bii la Timi\u0219oara. Motocicli\u0219ti \u0219i \u0219oferi, verifica\u021bi la s\u00e2nge. Cum a c\u0103zut \u00een plasa poli\u021bi\u0219tilor un urm\u0103rit interna\u021bional \u0218oferul venea de la Lugoj c\u0103tre Timi\u0219oara \u0219i a sim\u021bit miros de fum [&hellip;]<\/p>\n","protected":false},"author":1,"featured_media":0,"comment_status":"open","ping_status":"","sticky":false,"template":"","format":"standard","meta":{"footnotes":""},"categories":[89],"tags":[226,190],"class_list":["post-2050719","post","type-post","status-publish","format-standard","hentry","category-romania","tag-crawlmanager","tag-opiniatimisoarei-ro"],"_links":{"self":[{"href":"https:\/\/analyse.optim.biz\/index.php?rest_route=\/wp\/v2\/posts\/2050719","targetHints":{"allow":["GET"]}}],"collection":[{"href":"https:\/\/analyse.optim.biz\/index.php?rest_route=\/wp\/v2\/posts"}],"about":[{"href":"https:\/\/analyse.optim.biz\/index.php?rest_route=\/wp\/v2\/types\/post"}],"author":[{"embeddable":true,"href":"https:\/\/analyse.optim.biz\/index.php?rest_route=\/wp\/v2\/users\/1"}],"replies":[{"embeddable":true,"href":"https:\/\/analyse.optim.biz\/index.php?rest_route=%2Fwp%2Fv2%2Fcomments&post=2050719"}],"version-history":[{"count":0,"href":"https:\/\/analyse.optim.biz\/index.php?rest_route=\/wp\/v2\/posts\/2050719\/revisions"}],"wp:attachment":[{"href":"https:\/\/analyse.optim.biz\/index.php?rest_route=%2Fwp%2Fv2%2Fmedia&parent=2050719"}],"wp:term":[{"taxonomy":"category","embeddable":true,"href":"https:\/\/analyse.optim.biz\/index.php?rest_route=%2Fwp%2Fv2%2Fcategories&post=2050719"},{"taxonomy":"post_tag","embeddable":true,"href":"https:\/\/analyse.optim.biz\/index.php?rest_route=%2Fwp%2Fv2%2Ftags&post=2050719"}],"curies":[{"name":"wp","href":"https:\/\/api.w.org\/{rel}","templated":true}]}}