{"id":2050716,"date":"2026-07-16T08:46:27","date_gmt":"2026-07-16T05:46:27","guid":{"rendered":"https:\/\/analyse.optim.biz\/?p=2050716"},"modified":"2026-07-16T08:46:27","modified_gmt":"2026-07-16T05:46:27","slug":"pornesc-lucrarile-primaria-timisoara-a-dat-autorizatie-pentru-proiectul-faraonic-de-la-pasarela-indragostitilor-a-sfidat-decizia-specialistilor-de-la-monumente","status":"publish","type":"post","link":"https:\/\/analyse.optim.biz\/?p=2050716","title":{"rendered":"Pornesc lucr\u0103rile. Prim\u0103ria Timi\u0219oara a dat autoriza\u021bie pentru proiectul \u2018faraonic\u2019 de la Pasarela \u00cendr\u0103gosti\u021bilor. A sfidat decizia speciali\u0219tilor de la Monumente"},"content":{"rendered":"<p>[analyse_image type=&#8221;featured&#8221; src=&#8221;https:\/\/www.opiniatimisoarei.ro\/wp-content\/uploads\/2024\/05\/pasarela-indragostitilor-poriect-728&#215;336.jpghttps:\/\/www.opiniatimisoarei.ro\/wp-content\/uploads\/2024\/05\/pasarela-indragostitilor-poriect.jpg&#8221;]<\/p>\n<div class=\"the_content\">\n<p><strong>TIMI\u0218OARA<\/strong>. <span class=\"dia_suggestion w25\">Dup\u0103<\/span> ce a trecut <span class=\"dia_suggestion w29\">peste<\/span> capul speciali\u0219tilor <span class=\"dia_suggestion w15\"><span class=\"dia_suggestion w32\">din<\/span><\/span><span class=\"dia_suggestion w33\"><span class=\"dia_suggestion w107\">Comisia<\/span><\/span> Zonal\u0103 a Monumentelor Istorice <span class=\"dia_suggestion w4\">\u0219i<\/span> a <span class=\"dia_suggestion w40\">ob\u021binut<\/span> direct de <span class=\"dia_suggestion w12\"><span class=\"dia_suggestion w22\"><span class=\"dia_suggestion w43\"><span class=\"dia_suggestion w89\"><span class=\"dia_suggestion w106\"><span class=\"dia_suggestion w152\">la<\/span><\/span><\/span><\/span><\/span><\/span> Ministerul Culturii aviz pentru <span class=\"dia_suggestion w48\">noua<\/span>\u00a0<span class=\"dia_suggestion w13\"><span class=\"dia_suggestion w49\"><span class=\"dia_suggestion w121\">Pasarel\u0103<\/span><\/span><\/span>\u00a0a <span class=\"dia_suggestion w14\">\u00cendr\u0103gosti\u021bilor<\/span>, <span class=\"dia_suggestion w6\"><span class=\"dia_suggestion w52\">dat<\/span><\/span><span class=\"dia_suggestion w53\">fiind<\/span> faptul <span class=\"dia_suggestion w55\">c\u0103<\/span> USR este <span class=\"dia_suggestion w58\">\u00een<\/span> guvern, <span class=\"dia_suggestion w60\">administra\u021bia<\/span> Fritz <span class=\"dia_suggestion w62\">anun\u021b\u0103<\/span> acum <span class=\"dia_suggestion w64\">c\u0103<\/span> a emis <span class=\"dia_suggestion w67\">autoriza\u021bia<\/span> de construire <span class=\"dia_suggestion w38\">\u0219i<\/span><span class=\"dia_suggestion w71\">porne\u0219te<\/span><span class=\"dia_suggestion w1\">lucr\u0103rile<\/span>.<\/p>\n<p><strong><span>CITE\u0218TE \u0218I:<\/span><a href=\"https:\/\/www.opiniatimisoarei.ro\/la-fel-de-spectaculos-ca-transluncani-un-drum-care-leaga-judetele-timis-caras-severin-si-hunedoara-intra-in-modernizare-a-fost-semnat-contractul-pentru-primul-tronson-din-soseaua-care-va-aduce-turi\/15\/07\/2026\">La fel de spectaculos ca Transluncani, un drum care leag\u0103 jude\u021bele Timi\u0219, Cara\u0219-Severin \u0219i Hunedoara intr\u0103 \u00een modernizare. A fost semnat contractul pentru primul tronson din \u0219oseaua care va aduce turi\u0219ti \u00een cele mai frumoase locuri din Banat<\/a><\/strong><\/p>\n<p><span class=\"dia_suggestion w73\"><span class=\"dia_suggestion w98\">Va<\/span><\/span> trebui <span class=\"dia_suggestion w75\">demolat\u0103<\/span><span class=\"dia_suggestion w76\">actuala<\/span>\u00a0<span class=\"dia_suggestion w77\">pasarel\u0103<\/span>\u00a0<span class=\"dia_suggestion w78\">pietonal\u0103<\/span>, <span class=\"dia_suggestion w79\">\u00eenchis\u0103<\/span> de ani de zile, <span class=\"dia_suggestion w4\">\u0219i<\/span><span class=\"dia_suggestion w85\">reconstruit\u0103<\/span><span class=\"dia_suggestion w58\">\u00een<\/span> 8 luni de <span class=\"dia_suggestion w12\"><span class=\"dia_suggestion w22\"><span class=\"dia_suggestion w43\"><span class=\"dia_suggestion w89\"><span class=\"dia_suggestion w106\"><span class=\"dia_suggestion w152\">la<\/span><\/span><\/span><\/span><\/span><\/span> momentul <span class=\"dia_suggestion w91\">deschiderii<\/span><span class=\"dia_suggestion w92\">\u0219antierului<\/span>, transmit, joi, <span class=\"dia_suggestion w95\">reprezentan\u021bii<\/span><span class=\"dia_suggestion w96\">Prim\u0103riei<\/span><span class=\"dia_suggestion w16\">Timi\u0219oara<\/span>.<\/p>\n<p><span class=\"dia_suggestion w73\"><span class=\"dia_suggestion w98\">Va<\/span><\/span> reamintim, <span class=\"dia_suggestion w100\">\u00eenc\u0103<\/span> de <span class=\"dia_suggestion w102\">vara<\/span><span class=\"dia_suggestion w103\">trecut\u0103<\/span><span class=\"dia_suggestion w104\">speciali\u0219tii<\/span> de <span class=\"dia_suggestion w12\"><span class=\"dia_suggestion w22\"><span class=\"dia_suggestion w43\"><span class=\"dia_suggestion w89\"><span class=\"dia_suggestion w106\"><span class=\"dia_suggestion w152\">la<\/span><\/span><\/span><\/span><\/span><\/span><span class=\"dia_suggestion w33\"><span class=\"dia_suggestion w107\">Comisia<\/span><\/span><span class=\"dia_suggestion w34\">Zonal\u0103<\/span> a Monumentelor Istorice au explicat c\u0103 trebuie revizuit proiectul Prim\u0103riei Timi\u0219oara pentru <span class=\"dia_suggestion w13\"><span class=\"dia_suggestion w49\"><span class=\"dia_suggestion w121\">Pasarela<\/span><\/span><\/span> \u00cendr\u0103gosti\u021bilor, \u00eentruc\u00e2t noua construc\u021bie pl\u0103nuit\u0103 de <span class=\"dia_suggestion w60\">administra\u021bia<\/span> Fritz \u00een loc este prea \u00eenalt\u0103 \u0219i prea ampl\u0103 pentru un pasaj pietonal \u0219i c\u0103 <span class=\"dia_suggestion w144\">va<\/span> pune \u00een umbr\u0103 podul istoric Decebal de la B\u0103ile Neptun, aflat \u00een <span class=\"dia_suggestion w157\">imediata<\/span>\u00a0apropiere.<\/p>\n<p>Administra\u021bia Fritz \u00eens\u0103 n-a vrut s\u0103 schimbe cu niciun chip proiectul, astfel ca cei de la Comisia de Monumente au transmis prin Direc\u021bia Jude\u021bean\u0103 pentru Cultur\u0103 Timi\u0219, c\u0103 nu dau aviz favorabil construc\u021biei.<\/p>\n<p>Nemul\u021bumi\u021bi, reprezentan\u021bii prim\u0103riei au contestat decizia mai sus, la Ministerul Culturii, \u00een subordinea c\u0103ruia se afl\u0103 comisia. \u0218i, cand esti parte din coali\u021bia aflat\u0103 la putere, altfel se scrie istoria. Au ob\u021binut ceea ce \u0219i-au dorit direct de la Bucuresti.<\/p>\n<p><a href=\"https:\/\/www.opiniatimisoarei.ro\/wp-content\/uploads\/2026\/07\/pasarela-indragostitilor.jpg\"><img loading=\"lazy\" decoding=\"async\" class=\"aligncenter size-full wp-image-883134\" src=\"https:\/\/www.opiniatimisoarei.ro\/wp-content\/uploads\/2026\/07\/pasarela-indragostitilor.jpg\" alt=\"\" width=\"1065\" height=\"499\"><\/a><\/p>\n<p>***<\/p>\n<p>V\u0103 reamintim, cei de <span class=\"dia_suggestion w48\"><span class=\"dia_suggestion w65\"><span class=\"dia_suggestion w82\"><span class=\"dia_suggestion w100\">la<\/span><\/span><\/span><\/span><span class=\"dia_suggestion w66\">Administra\u021bia<\/span><span class=\"dia_suggestion w67\">Bazinal\u0103<\/span> de <span class=\"dia_suggestion w69\">Ap\u0103<\/span><span class=\"dia_suggestion w70\">Banat<\/span> avizaser<span class=\"dia_suggestion w77\">\u0103 anterior<\/span> o <span class=\"dia_suggestion w77\">\u00een\u0103l\u021bime<\/span> de 5,3 metri de la luciul apei pentru Pasarela \u00cendragostitilor, potrivit prim<span class=\"dia_suggestion w69\">\u0103<\/span>riei, \u00eens<span class=\"dia_suggestion w67\">\u0103<\/span> Podul Decebal, monument istoric, la doar 3 m, este cel <span class=\"dia_suggestion w31\"><span class=\"dia_suggestion w34\"><span class=\"dia_suggestion w92\"><span class=\"dia_suggestion w113\">mai<\/span><\/span><\/span><\/span> scund pod de <span class=\"dia_suggestion w96\">peste<\/span> Bega, premiat <span class=\"dia_suggestion w99\">interna\u021bional<\/span> la vremea <span class=\"dia_suggestion w102\">ridic\u0103rii<\/span> lui pentru o <span class=\"dia_suggestion w106\">solu\u021bie<\/span><span class=\"dia_suggestion w107\">inginereasc\u0103<\/span><span class=\"dia_suggestion w108\">str\u0103lucit\u0103<\/span>, <span class=\"dia_suggestion w109\">fiind<\/span> pe atunci cel mai lung pod pe grinzi de beton <span class=\"dia_suggestion w120\">armat<\/span>\u00a0<span class=\"dia_suggestion w121\">din toat<span class=\"dia_suggestion w73\">\u0103<\/span><\/span>\u00a0<span class=\"dia_suggestion w122\">Europa<\/span>.<\/p>\n<p><a href=\"https:\/\/www.opiniatimisoarei.ro\/wp-content\/uploads\/2021\/05\/podul-decebal-veche.jpg\"><img loading=\"lazy\" decoding=\"async\" class=\"aligncenter wp-image-700988\" src=\"https:\/\/www.opiniatimisoarei.ro\/wp-content\/uploads\/2021\/05\/podul-decebal-veche.jpg\" alt=\"\" width=\"784\" height=\"502\"><\/a><\/p>\n<p>FOTO: <a href=\"https:\/\/www.facebook.com\/TimisoaraOrasEuropean\/posts\/timisoara-podul-decebalpodul-decebal-1914podul-decebal-podul-de-la-baile-neptun-\/1931258970284027\/\">Facebook\/Timisoara \u2013 oras european<\/a><\/p>\n<p>Ast<span class=\"dia_suggestion w77\">\u0103<\/span>zi, la 117 ani, podul rezist<span class=\"dia_suggestion w77\">\u0103<\/span> cu succes, e traversat deopotriva de ma<span class=\"dia_suggestion w55\">\u0219<\/span>ini, tramvaie <span class=\"dia_suggestion w55\">\u0219<\/span>i pietoni <span class=\"dia_suggestion w55\">\u0219<\/span>i <span class=\"dia_suggestion w55\">\u0219<\/span>i-a p<span class=\"dia_suggestion w77\">\u0103<\/span>strat frumusetea de odinioar<span class=\"dia_suggestion w77\">\u0103<\/span>.<\/p>\n<p><a href=\"https:\/\/www.opiniatimisoarei.ro\/wp-content\/uploads\/2021\/05\/pod-decebal-traian.jpg\"><img loading=\"lazy\" decoding=\"async\" class=\"aligncenter wp-image-700989\" src=\"https:\/\/www.opiniatimisoarei.ro\/wp-content\/uploads\/2021\/05\/pod-decebal-traian.jpg\" alt=\"\" width=\"821\" height=\"414\"><\/a><\/p>\n<p><span class=\"dia_suggestion w0\">La<\/span> o <span class=\"dia_suggestion w2\">arunc\u0103tur\u0103<\/span> de <span class=\"dia_suggestion w4\">b<span class=\"dia_suggestion w2\">\u0103<span class=\"dia_suggestion w15\">\u021b<\/span><\/span><\/span>\u00a0de Podul Decebal, <span class=\"dia_suggestion w8\">\u00een<\/span> dreptul Parcului Copiilor, <span class=\"dia_suggestion w12\">se<\/span><span class=\"dia_suggestion w13\">g\u0103se\u0219te<\/span><span class=\"dia_suggestion w14\">Pasarela<\/span><span class=\"dia_suggestion w15\">\u00cendr\u0103gosti\u021bilor, ce va fi demolat\u0103 \u0219i reconstruit\u0103 dup\u0103 noile planuri ale prim\u0103riei.<\/span><\/p>\n<p><span class=\"dia_suggestion w35\">Firma<\/span><span class=\"dia_suggestion w36\">angajat\u0103<\/span> de <span class=\"dia_suggestion w38\">administratia Fritzz<\/span> a <span class=\"dia_suggestion w40\">f\u0103cut<\/span> Studiul de Fezabilitate <span class=\"dia_suggestion w45\">\u0219i<\/span> Proiectul Tehnic pentru viitoarea <span class=\"dia_suggestion w50\">pasarel<span class=\"dia_suggestion w4\"><span class=\"dia_suggestion w2\">\u0103,<\/span><\/span><\/span>\u00a0<span class=\"dia_suggestion w16\"><span class=\"dia_suggestion w51\">care<\/span><\/span> ar trebui <span class=\"dia_suggestion w20\">s\u0103<\/span> arate, de anul viitor,\u00a0<span class=\"dia_suggestion w56\">ca<\/span>\u00a0<span class=\"dia_suggestion w8\">\u00een<\/span> imaginile de <span class=\"dia_suggestion w60\">mai<\/span> jos.<\/p>\n<div id=\"gallery-1\" class=\"gallery optm-gallery galleryid-883121\">\n<div class=\"optm-galcont\"><a href=\"https:\/\/www.opiniatimisoarei.ro\/wp-content\/uploads\/2023\/08\/pasarela-indragostitilor-proiect-5.jpg\"><img decoding=\"async\" src=\"https:\/\/www.opiniatimisoarei.ro\/wp-content\/uploads\/2023\/08\/pasarela-indragostitilor-proiect-5-300x214.jpg\"><\/a><a href=\"https:\/\/www.opiniatimisoarei.ro\/wp-content\/uploads\/2023\/08\/pasarela-indragostitilor-proiect-4.jpg\"><img decoding=\"async\" src=\"https:\/\/www.opiniatimisoarei.ro\/wp-content\/uploads\/2023\/08\/pasarela-indragostitilor-proiect-4-300x192.jpg\"><\/a><a href=\"https:\/\/www.opiniatimisoarei.ro\/wp-content\/uploads\/2023\/08\/pasarela-indragostitilor-proiect-3.jpg\"><img decoding=\"async\" src=\"https:\/\/www.opiniatimisoarei.ro\/wp-content\/uploads\/2023\/08\/pasarela-indragostitilor-proiect-3-300x219.jpg\"><\/a><a href=\"https:\/\/www.opiniatimisoarei.ro\/wp-content\/uploads\/2023\/08\/pasarela-indragostitilor-proiect-2.jpg\"><img decoding=\"async\" src=\"https:\/\/www.opiniatimisoarei.ro\/wp-content\/uploads\/2023\/08\/pasarela-indragostitilor-proiect-2-300x221.jpg\"><\/a><a href=\"https:\/\/www.opiniatimisoarei.ro\/wp-content\/uploads\/2023\/08\/pasarela-indragostitilor-proiect-1.jpg\"><img decoding=\"async\" src=\"https:\/\/www.opiniatimisoarei.ro\/wp-content\/uploads\/2023\/08\/pasarela-indragostitilor-proiect-1-300x227.jpg\"><\/a><a href=\"https:\/\/www.opiniatimisoarei.ro\/wp-content\/uploads\/2023\/04\/Pasarela-Indragostitilor.jpg\"><img decoding=\"async\" src=\"https:\/\/www.opiniatimisoarei.ro\/wp-content\/uploads\/2023\/04\/Pasarela-Indragostitilor-300x167.jpg\"><\/a><a href=\"https:\/\/www.opiniatimisoarei.ro\/wp-content\/uploads\/2023\/04\/Pasarela-Indragostitilor-2.jpg\"><img decoding=\"async\" src=\"https:\/\/www.opiniatimisoarei.ro\/wp-content\/uploads\/2023\/04\/Pasarela-Indragostitilor-2-300x167.jpg\"><\/a><a href=\"https:\/\/www.opiniatimisoarei.ro\/wp-content\/uploads\/2023\/04\/Pasarela-Indragostitilor-1.jpg\"><img decoding=\"async\" src=\"https:\/\/www.opiniatimisoarei.ro\/wp-content\/uploads\/2023\/04\/Pasarela-Indragostitilor-1-300x181.jpg\"><\/a><a href=\"https:\/\/www.opiniatimisoarei.ro\/wp-content\/uploads\/2026\/07\/Indragostitilor-5.png\"><img decoding=\"async\" src=\"https:\/\/www.opiniatimisoarei.ro\/wp-content\/uploads\/2026\/07\/Indragostitilor-5-300x139.png\"><\/a><a href=\"https:\/\/www.opiniatimisoarei.ro\/wp-content\/uploads\/2026\/07\/Indragostitilor-4.png\"><img decoding=\"async\" src=\"https:\/\/www.opiniatimisoarei.ro\/wp-content\/uploads\/2026\/07\/Indragostitilor-4-300x139.png\"><\/a><a href=\"https:\/\/www.opiniatimisoarei.ro\/wp-content\/uploads\/2026\/07\/Indragostitilor-3.png\"><img decoding=\"async\" src=\"https:\/\/www.opiniatimisoarei.ro\/wp-content\/uploads\/2026\/07\/Indragostitilor-3-300x139.png\"><\/a><a href=\"https:\/\/www.opiniatimisoarei.ro\/wp-content\/uploads\/2026\/07\/Indragostitilor-2.png\"><img decoding=\"async\" src=\"https:\/\/www.opiniatimisoarei.ro\/wp-content\/uploads\/2026\/07\/Indragostitilor-2-300x139.png\"><\/a><\/div>\n<\/div>\n<p><span><strong>Speciali\u0219tii din Comisia Zonal\u0103 a Monumentelor Istorice au vrut s\u0103 se asigure c\u0103 noua pasarel\u0103 dorit\u0103 de administra\u021bia Fritz nu va \u0219tirbi din frumuse\u021bea valorosului Pod Decebal. Or, prim\u0103ria s-a \u00eenc\u0103p\u0103\u021b\u00e2nat s\u0103 ignore acest aspect.<\/strong><\/span><\/p>\n<p>Sorin Predescu, director Direc\u021bia Jude\u021bean\u0103 pentru Cultur\u0103 Timi\u0219, a explicat c\u0103\u00a0<span class=\"dia_suggestion w11\">speciali\u0219tii<\/span><span class=\"dia_suggestion w12\">din<\/span><span class=\"dia_suggestion w13\">Comisia<\/span><span class=\"dia_suggestion w14\">Zonal\u0103<\/span> de Monumente nu au vrut <span class=\"dia_suggestion w19\">s\u0103<\/span> gireze un proiect masiv, <span class=\"dia_suggestion w24\">care<\/span> putea <span class=\"dia_suggestion w26\">fi<\/span> modificat, <span class=\"dia_suggestion w29\">mai<\/span><span class=\"dia_suggestion w30\">ales<\/span><span class=\"dia_suggestion w31\">c\u0103<\/span><span class=\"dia_suggestion w32\">exist\u0103<\/span> un precedent <span class=\"dia_suggestion w35\">\u00een<\/span> acest sens.<\/p>\n<p>\u201c<strong>Povestea pasarelei a fost pornit\u0103 de aten\u021bionarea pe care Direc\u021bia Jude\u021bean\u0103 pentru Cultur\u0103 Timi\u0219 a trimis-o c\u0103tre Prim\u0103ria Municipiului Timi\u0219oara cum c\u0103 aceasta este degradat\u0103 \u0219i trebuie reparat\u0103. De fapt, multiple aten\u021bion\u0103ri. <\/strong><br \/><strong>\u00centr-un sf\u00e2r\u0219it prim\u0103ria face o expertiz\u0103 tehnic\u0103 de rezisten\u021b\u0103 care spune c\u0103 pasarela ar trebui demolat\u0103 \u0219i construit\u0103 alta. Foarte bine. \u00cen 2021 la Comisia Zonal\u0103 de Monumente Istorice apare un proiect de SF (studiu de fezabilitate). Parantez\u0103 \u2013 CZMI 12 este o comisie format\u0103 din speciali\u0219ti pe monumente istorice \u0219i cei patru arhitec\u021bi \u0219efi de jude\u021be care propun avizarea (sau nu) a proiectelor din zonele istorice.<br \/>\n\u00cen studiul de fezabilitate al pasarelei a ap\u0103rut un pod mult mai \u00eenalt dec\u00e2t am anticipat, conform unui certificat de urbanism emis de Prim\u0103ria Timi\u0219oara care spune c\u0103 \u00een\u0103l\u021bimea minim\u0103 a pasarelei trebuie s\u0103 fie de minim 5 (cinci) metri. Fosta pasarel\u0103 avea 3,5 m. Este o diferen\u021b\u0103 important\u0103, Podul Decebal (Neptun) are 3 metri iar Michelangelo 2,6 metri de la luciul apei. La \u00eentrebarea din comisie adresat\u0103 PMT de ce pasarela proiectat\u0103 e at\u00e2t de \u00eenalt\u0103 s-a r\u0103spuns c\u0103 s-au schimbat normativele (respectiv regulamentul canalului navigabil Bega) \u0219i c\u0103 de acum \u00eenainte aceasta e \u00een\u0103l\u021bimea standard a podurilor de pe canalul Bega. Am luat de bun\u0103 informa\u021bia, am plecat de la premisa de competen\u021b\u0103. CZMI a aprobat studiul de fezabilitate, urm\u0103toarea etap\u0103 fiind avizarea la proiectul definitiv. <\/strong><br \/><strong><br \/>\nP\u0103n\u0103 la proiectul tehnic al pasarelei (PTH) a ap\u0103rut \u00een comisie o nou\u0103 documenta\u021bie, o alt\u0103 pasarel\u0103 \u00een apropiere, podul ISHO, care era semnificativ mai jos. V\u0103z\u00eend c\u0103 exist\u0103 un precedent comisia a cerut Prim\u0103riei Timi\u0219oara s\u0103 \u00eencerce s\u0103 coboare \u0219i pasarela de la parcul copiilor. Aici e indolen\u021ba: pentru c\u0103 pl\u0103tiser\u0103 deja proiectul nu au dorit s\u0103 \u00eel mai modifice, de\u0219i, evident prin precedent, pasarela \u00eendr\u0103gosti\u021bilor putea fi cobor\u00eet\u0103.<\/strong><\/p>\n<p><strong>Simt nevoia s\u0103 \u00eentreup firul epic ca s\u0103 se \u00eenteleag\u0103 de ce un pod cu doi metri mai inalt e disfunc\u021bional. Ca s\u0103 urci de pe mal pe pasarela \u00eendr\u0103gosti\u021bilor (cea existent\u0103) este nevoie de trei trepte, cea propus\u0103 are un etaj de sc\u0103ri \u0219i rampe pe fiecare parte.<\/strong><\/p>\n<p><strong>Reiau. Prim\u0103ria Timi\u0219oara a depus proiectul pasarelei f\u0103r\u0103 a modifica nimic din aspect \u0219i \u00een\u0103l\u021bime clam\u00e2nd c\u0103 au \u00eencercat s\u0103 ob\u021bin\u0103 o derogare de la Ministerul Transporturilor, dar c\u0103 au fost refuza\u021bi. De fapt r\u0103spnusul a fost s\u0103 se respecte regulamentul de naviga\u021bie pe Bega O.M.T.I.C 1817\/2020, pe care Prim\u0103ria Timi\u0219oara l-a invocat ca argument \u00een p\u0103strarea \u00een\u0103l\u021bimii de 5 metri a pasarelei. De data asta n-am mai plecat de la premiza de competen\u021b\u0103 a PMT \u0219i am citit acest regulament de naviga\u021bie care prevede c\u0103 \u00eentre km 115+600 (podul Mihai Viteazu) \u0219i km 118+350 (hidrocentral\u0103) \u00een\u0103l\u021bimea de naviga\u021bie este de 3 (trei) metri, ceea ce este \u0219i logic. \u00cen consecin\u021b\u0103 pasarela nou\u0103 ar trebui s\u0103 fie cam la fel de \u00eenalt\u0103 ca cea veche, mai supl\u0103, mai func\u021bional\u0103, mai ieftin\u0103. <\/strong><\/p>\n<p><strong>\u0218i de aici este despre cum acoperim cu zgomot e\u0219ecul de proiectare \u0219i lipsa de bun sim\u021b. <\/strong><\/p>\n<p><strong>La solicitarea noastr\u0103 de aducere a pasarelei la normalitatea func\u021bional\u0103 Prim\u0103ria Municipiului Timisoara a ales s\u0103-i acuze pe paginile institu\u021bionale pe membrii comisiei zonale de monumente istorice, pe angaja\u021bii Direc\u021biei Jude\u021bene pentru Cultur\u0103, pe mine de imixtiuni politice, blocaje, rea voin\u021b\u0103, supun\u00e2ndu-ne oprobiului public, \u00eendemn\u00e2nd locuitorii ora\u0219ului s\u0103 fac\u0103 presiuni pentru ca actualul proiect s\u0103 fie avizat. Citez: \u201dca s\u0103 \u0219tie cet\u0103\u021benii cu cine au de a face!\u201d<\/strong><\/p>\n<p><strong>Bref: nu eu am decis s\u0103 fac public acest subiect care este tehnic \u0219i trebuia s\u0103 r\u0103m\u0103n\u0103 inter-institu\u021bional. Prim\u0103ria minte c\u00e2nd spune c\u0103 acest proiect nu poate fi modificat \u0219i a gre\u0219it grav \u00eenc\u0103 de la emiterea certificatului de urbanism. Fie n-au citit regulamentul de navigatie pe Bega, fie au min\u021bit cu inten\u021bie. Dac\u0103 p\u00e2n\u0103 la urm\u0103 acest proiect va fi realizat \u00een aceast\u0103 form\u0103 va fi mai scump, mai nefunc\u021bional, mai ur\u00e2t. \u0218i da, pretind scuze pentru campania de shaming f\u0103cut\u0103 de comunicatorii Prim\u0103riei Timi\u0219oara la adresa func\u021bionarilor DJC \u0219i a mebrilor CZMI, care nu merit\u0103 asta, mai ales c\u0103 au dreptate<\/strong>\u201c, transmitea recent Sorin Predescu, seful DJC.<\/p>\n<p>***<\/p>\n<p>V\u0103 reamintim, \u00een 2023, studiul de fezabilitate pentru Pasarela de la Parcul Copiilor a fost aprobat de c\u0103tre consilierii locali. S-a decis c\u0103 actualul pod pietonal s\u0103 fie demolat, iar \u00een loc s\u0103 se construiasc\u0103 unul nou nou\u021b, pe acela\u0219i amplasament, de 52 de metri lungime 5 m l\u0103\u021bime de 5 metri.<\/p>\n<p>Valoarea contractului de proiectare \u0219i execu\u021bie este de 7.740.000 lei f\u0103r\u0103 TVA, adic\u0103 aproape <a href=\"https:\/\/www.opiniatimisoarei.ro\/782512-pasarela-indragostitilor-de-la-timisoara-prea-mica-pentru-un-cost-atat-de-mare-inginer-constructor-de-la-usr-indignat-ca-primaria-face-podul-pietonal-cu-2-milioane-de-euro-vad-ca-insistam-p\/18\/04\/2023\"><strong>2 milioane de euro<\/strong><\/a>cu TVA. Asocierea cu care Prim\u0103ria Timi\u0219oara a \u00eencheiat contractul pentru lucrare este Cardinal DP Construct \u2013 Cam Proiect.<\/p>\n<p>Pasarela \u00cendr\u0103gosti\u021bilor din Timi\u0219oara a fost \u00eenchis\u0103 pietonilor de c\u0103tre prim\u0103rie \u00eenc\u0103 din aprilie 2023, pentru c\u0103 n-ar mai fi sigur\u0103.\u00a0 Construit\u0103 \u00een 1949, se afl\u0103 \u00eentr-o stare avansat\u0103 de degradare, av\u00e2nd infiltra\u021bii la nivelul structurii de rezisten\u021b\u0103.<\/p>\n<p><a href=\"https:\/\/www.opiniatimisoarei.ro\/wp-content\/uploads\/2025\/06\/pasarela-indragostitilor-2.jpg\"><img decoding=\"async\" loading=\"lazy\" class=\"aligncenter size-full wp-image-851464\" src=\"https:\/\/www.opiniatimisoarei.ro\/wp-content\/uploads\/2025\/06\/pasarela-indragostitilor-2.jpg\" alt=\"\" width=\"1104\" height=\"556\"><\/a><\/p>\n<p>***<\/p>\n<p><strong><span class=\"dia_suggestion w0\">Mai<\/span><span class=\"dia_suggestion w1\">multe<\/span><span class=\"dia_suggestion w2\">g\u0103si\u021bi<\/span> pe <span class=\"dia_suggestion w4\">pagina noastr<span class=\"dia_suggestion w0\">\u0103<\/span><\/span>\u00a0de <a href=\"https:\/\/www.facebook.com\/OpiniaTM\/?ref=page_internal\" target=\"_blank\" rel=\"noopener\">Facebook opiniatimisoarei.ro<\/a>!<\/strong><\/p>\n<p><strong><span class=\"dia_suggestion w0\">Dac\u0103<\/span><span class=\"dia_suggestion w1\">a\u021bi<\/span> fost martorii unui eveniment <span class=\"dia_suggestion w6\">sau<\/span><span class=\"dia_suggestion w7\">ai<\/span> unei <span class=\"dia_suggestion w9\">situa\u021bii<\/span><span class=\"dia_suggestion w10\">neobi\u0219nuite<\/span><span class=\"dia_suggestion w11\">care<\/span> ar <span class=\"dia_suggestion w13\">putea<\/span> deveni subiect de <span class=\"dia_suggestion w17\">\u0219tire<\/span>, <span class=\"dia_suggestion w18\">contacta\u021bi<\/span>-ne <span class=\"dia_suggestion w20\">la<\/span><span><a href=\"https:\/\/www.opiniatimisoarei.ro\/cdn-cgi\/l\/email-protection\" class=\"__cf_email__\" data-cfemail=\"403225242123342925002f30292e292134292d29332f213225296e322f\">[email\u00a0protected]<\/a>,<\/span>\u00a0 pe <a href=\"https:\/\/www.facebook.com\/OpiniaTM\">FB<\/a><span>sau pe contul nostru de<\/span><a href=\"https:\/\/www.instagram.com\/opiniatimisoarei.ro\/\" target=\"_blank\" rel=\"noopener\">Instagram<\/a>!<\/strong><\/p>\n<p><strong><span>CITESTE SI<\/span>: <a href=\"https:\/\/www.opiniatimisoarei.ro\/afli-primul-tot-ceea-ce-se-intampla-cu-adevarat-important-in-timisoara-si-in-regiune-cu-aplicatia-de-stiri-opinia-timisoarei-3-tipuri-de-alerte-te-tin-mereu-conectat-la-evenimente-descarca-gratuit-a\/31\/10\/2022\">Afli primul tot ceea ce se intampla cu adevarat important in Timisoara si in regiune cu Aplicatia de stiri Opinia Timisoarei. 3 tipuri de alerte te tin mereu conectat la evenimente. Descarca gratuit Aplicatia OT aici!<\/a><\/strong><\/p>\n<\/div>\n<p>[analyse_source url=&#8221;https:\/\/www.opiniatimisoarei.ro\/pornesc-lucrarile-primaria-timisoara-a-dat-autorizatie-pentru-proiectul-faraonic-de-la-pasarela-indragostitilor-a-sfidat-decizia-specialistilor-de-la-monumente\/16\/07\/2026&#8243;]<\/p>\n","protected":false},"excerpt":{"rendered":"<p>[analyse_image type=&#8221;featured&#8221; src=&#8221;https:\/\/www.opiniatimisoarei.ro\/wp-content\/uploads\/2024\/05\/pasarela-indragostitilor-poriect-728&#215;336.jpghttps:\/\/www.opiniatimisoarei.ro\/wp-content\/uploads\/2024\/05\/pasarela-indragostitilor-poriect.jpg&#8221;] TIMI\u0218OARA. Dup\u0103 ce a trecut peste capul speciali\u0219tilor dinComisia Zonal\u0103 a Monumentelor Istorice \u0219i a ob\u021binut direct de la Ministerul Culturii aviz pentru noua\u00a0Pasarel\u0103\u00a0a \u00cendr\u0103gosti\u021bilor, datfiind faptul c\u0103 USR este \u00een guvern, administra\u021bia Fritz anun\u021b\u0103 acum c\u0103 a emis autoriza\u021bia de construire \u0219iporne\u0219telucr\u0103rile. CITE\u0218TE \u0218I:La fel de spectaculos ca Transluncani, un drum [&hellip;]<\/p>\n","protected":false},"author":1,"featured_media":0,"comment_status":"open","ping_status":"","sticky":false,"template":"","format":"standard","meta":{"footnotes":""},"categories":[89],"tags":[226,190],"class_list":["post-2050716","post","type-post","status-publish","format-standard","hentry","category-romania","tag-crawlmanager","tag-opiniatimisoarei-ro"],"_links":{"self":[{"href":"https:\/\/analyse.optim.biz\/index.php?rest_route=\/wp\/v2\/posts\/2050716","targetHints":{"allow":["GET"]}}],"collection":[{"href":"https:\/\/analyse.optim.biz\/index.php?rest_route=\/wp\/v2\/posts"}],"about":[{"href":"https:\/\/analyse.optim.biz\/index.php?rest_route=\/wp\/v2\/types\/post"}],"author":[{"embeddable":true,"href":"https:\/\/analyse.optim.biz\/index.php?rest_route=\/wp\/v2\/users\/1"}],"replies":[{"embeddable":true,"href":"https:\/\/analyse.optim.biz\/index.php?rest_route=%2Fwp%2Fv2%2Fcomments&post=2050716"}],"version-history":[{"count":0,"href":"https:\/\/analyse.optim.biz\/index.php?rest_route=\/wp\/v2\/posts\/2050716\/revisions"}],"wp:attachment":[{"href":"https:\/\/analyse.optim.biz\/index.php?rest_route=%2Fwp%2Fv2%2Fmedia&parent=2050716"}],"wp:term":[{"taxonomy":"category","embeddable":true,"href":"https:\/\/analyse.optim.biz\/index.php?rest_route=%2Fwp%2Fv2%2Fcategories&post=2050716"},{"taxonomy":"post_tag","embeddable":true,"href":"https:\/\/analyse.optim.biz\/index.php?rest_route=%2Fwp%2Fv2%2Ftags&post=2050716"}],"curies":[{"name":"wp","href":"https:\/\/api.w.org\/{rel}","templated":true}]}}