{"id":2050712,"date":"2026-07-18T13:51:10","date_gmt":"2026-07-18T10:51:10","guid":{"rendered":"https:\/\/analyse.optim.biz\/?p=2050712"},"modified":"2026-07-18T13:51:10","modified_gmt":"2026-07-18T10:51:10","slug":"o-jumatate-de-secol-de-cand-nadia-comaneci-obtinea-primul-10-din-istoria-gimnasticii-olimpice-marea-campioana-are-o-sala-ce-ii-poarta-numele","status":"publish","type":"post","link":"https:\/\/analyse.optim.biz\/?p=2050712","title":{"rendered":"O jum\u0103tate de secol de c\u00e2nd Nadia Com\u0103neci ob\u021binea primul 10 din istoria gimnasticii olimpice. Marea campioan\u0103 are o sal\u0103 ce \u00eei poart\u0103 numele"},"content":{"rendered":"<p>[analyse_image type=&#8221;featured&#8221; src=&#8221;https:\/\/www.opiniatimisoarei.ro\/wp-content\/uploads\/2026\/07\/Nadia-Co-manesci-728&#215;336.pnghttps:\/\/www.opiniatimisoarei.ro\/wp-content\/uploads\/2026\/07\/Nadia-Co-manesci.png&#8221;]<\/p>\n<div class=\"the_content\">\n<p>18 iulie este o zi ce r\u0103m\u00e2ne \u00eenscris\u0103 cu litere de aur \u00een istoria sportului rom\u00e2nesc.<\/p>\n<p>Este ziua \u00een care Nadia Com\u0103neci reu\u0219ea exerci\u021biul perfect la paralele inegale la Jocurile Olimpice de la Montreal \u0219i a primul primul 10 din istoria competi\u021biei.<\/p>\n<p><strong><span>CITE\u0218TE \u0218I:<\/span><a href=\"https:\/\/www.opiniatimisoarei.ro\/s-au-incheiat-inscrierile-cum-va-arata-liga-a-iv-a-timis-in-sezonul-viitor\/18\/07\/2026\">S-au \u00eencheiat \u00eenscrierile. Cum va ar\u0103ta Liga a IV-a Timi\u0219 \u00een sezonul viitor<\/a><\/strong><\/p>\n<p>La 50 de ani de la acea performan\u021b\u0103, marea campioan\u0103 a fost prezent\u0103 la Otopeni la inaugurarea unei s\u0103li de gimnastic\u0103, o sal\u0103 care \u00eei poart\u0103 numele si in care copiii se vor antrena gratuit.<\/p>\n<p><a href=\"https:\/\/www.opiniatimisoarei.ro\/wp-content\/uploads\/2026\/07\/nadia.jpg\"><img loading=\"lazy\" decoding=\"async\" class=\"aligncenter size-full wp-image-883313\" src=\"https:\/\/www.opiniatimisoarei.ro\/wp-content\/uploads\/2026\/07\/nadia.jpg\" alt=\"\" width=\"800\" height=\"1200\"><\/a><\/p>\n<p>Ridicarea s\u0103lii din Otopeni a fost finan\u021bat\u0103 de funda\u021bia Ion \u021airiac. Construc\u021bia a \u00eenceput \u00een octombrie 2025 \u0219i a fost finalizat\u0103 anul acesta.<\/p>\n<p>\u201c<strong>Domnule \u021airiac, acum c\u00e2teva luni mi-a\u021bi spus c\u0103 vre\u021bi s\u0103 face\u021bi o sal\u0103 de gimnastic\u0103, s\u0103 s\u0103rb\u0103torim 50 de ani de la primul 10. Am zis c\u0103 e ceva fantastic, \u00abpute\u021bi avea gata p\u00e2n\u0103 \u00een 2028?\u00bb. \u00abNu, vreau s\u0103 fac pentru anul viitor, pentru s\u0103rb\u0103toarea de 50 de ani\u00bb.<\/strong><\/p>\n<p><strong>M-am uitat la d\u00e2nsul \u0219i am zis: \u00abNu se poate\u00bb. \u00abE, o s\u0103 vezi\u00bb. Aceasta nu e o cl\u0103dire aniversar\u0103, e o \u0219ans\u0103 a copiilor mici s\u0103 tr\u0103iasc\u0103 ce am tr\u0103i noi acum 50 de ani. (\u2026) Sper c\u0103 aceast\u0103 zi s\u0103 fie una istoric\u0103<\/strong>\u201d, a spus la inaugurare, Nadia Com\u0103neci.<\/p>\n<p>\u00cen fa\u021ba s\u0103lii a fost amplasat\u0103 \u0219i o statuie a Nadiei Com\u0103neci, ce aminte\u0219te tocmai de exerci\u021biul ce i-a adus nota 10.<\/p>\n<p>La evenimentul de la Otopeni au participat nume uria\u0219e din sportul rom\u00e2nesc: Gic\u0103 Hagi, Ilie N\u0103stase, Ion \u021airiac, Lucian Bute, Mihai Covaliu, Elisabeta Lip\u0103, Marius Urzic\u0103.<\/p>\n<p>Cite\u0219te mai multe <strong><a href=\"https:\/\/www.gsp.ro\/sporturi\/gimnastica\/sala-nadia-comaneci-inaugurata-ion-tiriac-eveniment-961811.html\">AICI<\/a><\/strong>.<\/p>\n<p>***<\/p>\n<p><strong><span class=\"dia_suggestion w0\">Mai<\/span>\u00a0<span class=\"dia_suggestion w1\">multe<\/span>\u00a0<span class=\"dia_suggestion w2\">g\u0103si\u021bi<\/span>\u00a0pe\u00a0<span class=\"dia_suggestion w4\">pagina noastr<span class=\"dia_suggestion w0\">\u0103<\/span><\/span>\u00a0de\u00a0<a href=\"https:\/\/www.facebook.com\/OpiniaTM\/?ref=page_internal\" target=\"_blank\" rel=\"noopener\">Facebook opiniatimisoarei.ro<\/a>!<\/strong><\/p>\n<p><strong><span class=\"dia_suggestion w0\">Dac\u0103<\/span>\u00a0<span class=\"dia_suggestion w1\">a\u021bi<\/span>\u00a0fost martorii unui eveniment\u00a0<span class=\"dia_suggestion w6\">sau<\/span>\u00a0<span class=\"dia_suggestion w7\">ai<\/span>\u00a0unei\u00a0<span class=\"dia_suggestion w9\">situa\u021bii<\/span>\u00a0<span class=\"dia_suggestion w10\">neobi\u0219nuite<\/span>\u00a0<span class=\"dia_suggestion w11\">care<\/span>\u00a0ar\u00a0<span class=\"dia_suggestion w13\">putea<\/span>\u00a0deveni subiect de\u00a0<span class=\"dia_suggestion w17\">\u0219tire<\/span>,\u00a0<span class=\"dia_suggestion w18\">contacta\u021bi<\/span>-ne\u00a0<span class=\"dia_suggestion w20\">la<\/span>\u00a0<a href=\"https:\/\/www.opiniatimisoarei.ro\/cdn-cgi\/l\/email-protection\" class=\"__cf_email__\" data-cfemail=\"e09285848183948985a08f90898e898194898d89938f81928589ce928f\">[email\u00a0protected]<\/a>,\u00a0 pe\u00a0<a href=\"https:\/\/www.facebook.com\/OpiniaTM\">FB<\/a>\u00a0sau pe contul nostru de\u00a0<a href=\"https:\/\/www.instagram.com\/opiniatimisoarei.ro\/\" target=\"_blank\" rel=\"noopener\">Instagram<\/a>!<\/strong><\/p>\n<p><strong><span>CITE\u0218TE \u0218I:<\/span>\u00a0<a href=\"https:\/\/www.opiniatimisoarei.ro\/afli-primul-tot-ceea-ce-se-intampla-cu-adevarat-important-in-timisoara-si-in-regiune-cu-aplicatia-de-stiri-opinia-timisoarei-3-tipuri-de-alerte-te-tin-mereu-conectat-la-evenimente-descarca-gratuit-a\/31\/10\/2022\">Afli primul tot ceea ce se intampla cu adevarat important in Timisoara si in regiune cu Aplicatia de stiri Opinia Timisoarei. 3 tipuri de alerte te tin mereu conectat la evenimente. Descarca gratuit Aplicatia OT aici!<\/a><\/strong><\/p>\n<\/div>\n<p>[analyse_source url=&#8221;https:\/\/www.opiniatimisoarei.ro\/o-jumatate-de-secol-de-cand-nadia-comaneci-obtinea-primul-10-din-istoria-gimnasticii-marea-campioana-are-o-sala-ce-ii-poarta-numele\/18\/07\/2026&#8243;]<\/p>\n","protected":false},"excerpt":{"rendered":"<p>[analyse_image type=&#8221;featured&#8221; src=&#8221;https:\/\/www.opiniatimisoarei.ro\/wp-content\/uploads\/2026\/07\/Nadia-Co-manesci-728&#215;336.pnghttps:\/\/www.opiniatimisoarei.ro\/wp-content\/uploads\/2026\/07\/Nadia-Co-manesci.png&#8221;] 18 iulie este o zi ce r\u0103m\u00e2ne \u00eenscris\u0103 cu litere de aur \u00een istoria sportului rom\u00e2nesc. Este ziua \u00een care Nadia Com\u0103neci reu\u0219ea exerci\u021biul perfect la paralele inegale la Jocurile Olimpice de la Montreal \u0219i a primul primul 10 din istoria competi\u021biei. CITE\u0218TE \u0218I:S-au \u00eencheiat \u00eenscrierile. Cum va ar\u0103ta Liga a IV-a [&hellip;]<\/p>\n","protected":false},"author":1,"featured_media":0,"comment_status":"open","ping_status":"","sticky":false,"template":"","format":"standard","meta":{"footnotes":""},"categories":[89],"tags":[226,190],"class_list":["post-2050712","post","type-post","status-publish","format-standard","hentry","category-romania","tag-crawlmanager","tag-opiniatimisoarei-ro"],"_links":{"self":[{"href":"https:\/\/analyse.optim.biz\/index.php?rest_route=\/wp\/v2\/posts\/2050712","targetHints":{"allow":["GET"]}}],"collection":[{"href":"https:\/\/analyse.optim.biz\/index.php?rest_route=\/wp\/v2\/posts"}],"about":[{"href":"https:\/\/analyse.optim.biz\/index.php?rest_route=\/wp\/v2\/types\/post"}],"author":[{"embeddable":true,"href":"https:\/\/analyse.optim.biz\/index.php?rest_route=\/wp\/v2\/users\/1"}],"replies":[{"embeddable":true,"href":"https:\/\/analyse.optim.biz\/index.php?rest_route=%2Fwp%2Fv2%2Fcomments&post=2050712"}],"version-history":[{"count":0,"href":"https:\/\/analyse.optim.biz\/index.php?rest_route=\/wp\/v2\/posts\/2050712\/revisions"}],"wp:attachment":[{"href":"https:\/\/analyse.optim.biz\/index.php?rest_route=%2Fwp%2Fv2%2Fmedia&parent=2050712"}],"wp:term":[{"taxonomy":"category","embeddable":true,"href":"https:\/\/analyse.optim.biz\/index.php?rest_route=%2Fwp%2Fv2%2Fcategories&post=2050712"},{"taxonomy":"post_tag","embeddable":true,"href":"https:\/\/analyse.optim.biz\/index.php?rest_route=%2Fwp%2Fv2%2Ftags&post=2050712"}],"curies":[{"name":"wp","href":"https:\/\/api.w.org\/{rel}","templated":true}]}}