{"id":2050706,"date":"2026-07-17T13:03:18","date_gmt":"2026-07-17T10:03:18","guid":{"rendered":"https:\/\/analyse.optim.biz\/?p=2050706"},"modified":"2026-07-17T13:03:18","modified_gmt":"2026-07-17T10:03:18","slug":"nemernic-trimis-in-arest-la-timisoara-a-incercat-sa-agate-doua-fete-de-13-ani-cu-filme-deocheate-pe-net","status":"publish","type":"post","link":"https:\/\/analyse.optim.biz\/?p=2050706","title":{"rendered":"Nemernic trimis \u00een arest la Timi\u0219oara. A \u00eencercat s\u0103 \u2018aga\u021be\u2019 dou\u0103 fete de 13 ani cu filme deocheate pe net"},"content":{"rendered":"<p>[analyse_image type=&#8221;featured&#8221; src=&#8221;https:\/\/www.opiniatimisoarei.ro\/wp-content\/uploads\/2023\/10\/accident-arestat-politie-728&#215;336.jpghttps:\/\/www.opiniatimisoarei.ro\/wp-content\/uploads\/2023\/10\/accident-arestat-politie.jpg&#8221;]<\/p>\n<div class=\"the_content\">\n<p><strong>TIMISOARA.<\/strong> Un b\u0103rbat de 40 de ani a ajuns \u00een arest, dup\u0103 ce timp de dou\u0103 luni de zile a \u00eencercat s\u0103 racoleze dou\u0103 adolescente.<\/p>\n<p><strong><span>CITE\u0218TE \u0218I:<\/span><a href=\"https:\/\/www.opiniatimisoarei.ro\/de-la-fatade-scorojite-si-lucrari-ilegale-pana-la-mizeria-din-jurul-pubelelor-pentru-ce-au-mai-rupt-politistii-amenzi-asociatiilor-de-proprietari-la-timisoara\/17\/07\/2026\">De la fa\u021bade scorojite \u0219i lucr\u0103ri ilegale p\u00e2n\u0103 la mizeria din jurul pubelelor. Pentru ce au mai rupt poli\u021bi\u0219tii amenzi asocia\u021biilor de proprietari la Timi\u0219oara<\/a><\/strong><\/p>\n<p>Totul a \u00eenceput la jum\u0103tatea lunii mai, c\u00e2nd le-a trimis prima dat\u0103 celor dou\u0103 fete, care au 13 ani, filmule\u021be cu caracter sexual, prin intermediul unor aplica\u021bii.<\/p>\n<p>Tinerele si-au anuntat parintii care au sesizat autorit\u0103\u021bile, poli\u021bi\u0219tii au \u00eenceput cercet\u0103rile, iar joi dup\u0103-amiaz\u0103 l-au re\u021binut pe nemernic.<\/p>\n<p>B\u0103rbatul a fost prezentat magistra\u021bilor, care l-au arestat preventiv pentru urm\u0103toarele 30 de zile.<\/p>\n<p>\u201c<strong>\u00cen fapt, s-a re\u021binut c\u0103 \u00een perioada 14.05.2026 \u2013 15.07.2026, inculpatul a contactat, prin intermediul unor platforme online de comunicare, dou\u0103 minore \u00een v\u00e2rst\u0103 de 13 ani, c\u0103rora le-a transmis \u00een mod repetat materiale cu caracter sexual explicit \u0219i le-a solicitat s\u0103 se \u00eent\u00e2lneasc\u0103 pentru a participa la acte de natur\u0103 sexual\u0103. Conduita inculpatului a fost una repetat\u0103, insistent\u0103 \u0219i orientat\u0103 spre atragerea minorelor \u00een contexte cu con\u021binut sexual, faptele fiind comise prin intermediul aplica\u021biilor Messenger, WhatsApp \u0219i TikTok.<\/strong><\/p>\n<p><strong>Inculpatul a fost re\u021binut pentru o perioad\u0103 de 19 ore, \u00eencep\u00e2nd cu data de 16.07.2026, ora 22:00, p\u00e2n\u0103 la data de 17.07.2026, ora 17:00.<\/strong><\/p>\n<p><strong>Av\u00e2nd \u00een vedere gravitatea faptelor, caracterul lor repetat, modalitatea de comitere prin mijloace de comunicare la distan\u021b\u0103 \u0219i v\u00e2rsta fraged\u0103 a persoanelor v\u0103t\u0103mate, procurorul de caz a formulat propunere de arestare preventiv\u0103 pentru o perioad\u0103 de 30 de zile, propunere admis\u0103 de judec\u0103torul de drepturi \u0219i libert\u0103\u021bi din cadrul Judec\u0103toriei Timi\u0219oara<\/strong>\u201c, au transmis reprezentan\u021bii Parchetului de pe l\u00e2ng\u0103 Judec\u0103toria Timi\u0219oara.<\/p>\n<p>***<\/p>\n<p><strong><span class=\"dia_suggestion w0\">Mai<\/span>\u00a0<span class=\"dia_suggestion w1\">multe<\/span>\u00a0<span class=\"dia_suggestion w2\">g\u0103si\u021bi<\/span>\u00a0pe\u00a0<span class=\"dia_suggestion w4\">pagina noastr<span class=\"dia_suggestion w0\">\u0103<\/span><\/span>\u00a0de\u00a0<a href=\"https:\/\/www.facebook.com\/OpiniaTM\/?ref=page_internal\" target=\"_blank\" rel=\"noopener\">Facebook opiniatimisoarei.ro<\/a>!<\/strong><\/p>\n<p><strong><span class=\"dia_suggestion w0\">Dac\u0103<\/span>\u00a0<span class=\"dia_suggestion w1\">a\u021bi<\/span>\u00a0fost martorii unui eveniment\u00a0<span class=\"dia_suggestion w6\">sau<\/span>\u00a0<span class=\"dia_suggestion w7\">ai<\/span>\u00a0unei\u00a0<span class=\"dia_suggestion w9\">situa\u021bii<\/span>\u00a0<span class=\"dia_suggestion w10\">neobi\u0219nuite<\/span>\u00a0<span class=\"dia_suggestion w11\">care<\/span>\u00a0ar\u00a0<span class=\"dia_suggestion w13\">putea<\/span>\u00a0deveni subiect de\u00a0<span class=\"dia_suggestion w17\">\u0219tire<\/span>,\u00a0<span class=\"dia_suggestion w18\">contacta\u021bi<\/span>-ne\u00a0<span class=\"dia_suggestion w20\">la<\/span>\u00a0<a href=\"https:\/\/www.opiniatimisoarei.ro\/cdn-cgi\/l\/email-protection\" class=\"__cf_email__\" data-cfemail=\"047661606567706d61446b746d6a6d65706d696d776b6576616d2a766b\">[email\u00a0protected]<\/a>,\u00a0 pe\u00a0<a href=\"https:\/\/www.facebook.com\/OpiniaTM\">FB<\/a>\u00a0sau pe contul nostru de\u00a0<a href=\"https:\/\/www.instagram.com\/opiniatimisoarei.ro\/\" target=\"_blank\" rel=\"noopener\">Instagram<\/a>!<\/strong><\/p>\n<p><strong><span>CITE\u0218TE \u0218I:<\/span>\u00a0<a href=\"https:\/\/www.opiniatimisoarei.ro\/afli-primul-tot-ceea-ce-se-intampla-cu-adevarat-important-in-timisoara-si-in-regiune-cu-aplicatia-de-stiri-opinia-timisoarei-3-tipuri-de-alerte-te-tin-mereu-conectat-la-evenimente-descarca-gratuit-a\/31\/10\/2022\">Afli primul tot ceea ce se intampla cu adevarat important in Timisoara si in regiune cu Aplicatia de stiri Opinia Timisoarei. 3 tipuri de alerte te tin mereu conectat la evenimente. Descarca gratuit Aplicatia OT aici!<\/a><\/strong><\/p>\n<\/div>\n<p>[analyse_source url=&#8221;https:\/\/www.opiniatimisoarei.ro\/nemernic-trimis-in-arest-la-timisoara-a-incercat-sa-agate-doua-fete-de-13-ani-cu-filme-deocheate-online\/17\/07\/2026&#8243;]<\/p>\n","protected":false},"excerpt":{"rendered":"<p>[analyse_image type=&#8221;featured&#8221; src=&#8221;https:\/\/www.opiniatimisoarei.ro\/wp-content\/uploads\/2023\/10\/accident-arestat-politie-728&#215;336.jpghttps:\/\/www.opiniatimisoarei.ro\/wp-content\/uploads\/2023\/10\/accident-arestat-politie.jpg&#8221;] TIMISOARA. Un b\u0103rbat de 40 de ani a ajuns \u00een arest, dup\u0103 ce timp de dou\u0103 luni de zile a \u00eencercat s\u0103 racoleze dou\u0103 adolescente. CITE\u0218TE \u0218I:De la fa\u021bade scorojite \u0219i lucr\u0103ri ilegale p\u00e2n\u0103 la mizeria din jurul pubelelor. Pentru ce au mai rupt poli\u021bi\u0219tii amenzi asocia\u021biilor de proprietari la Timi\u0219oara Totul [&hellip;]<\/p>\n","protected":false},"author":1,"featured_media":0,"comment_status":"open","ping_status":"","sticky":false,"template":"","format":"standard","meta":{"footnotes":""},"categories":[89],"tags":[226,190],"class_list":["post-2050706","post","type-post","status-publish","format-standard","hentry","category-romania","tag-crawlmanager","tag-opiniatimisoarei-ro"],"_links":{"self":[{"href":"https:\/\/analyse.optim.biz\/index.php?rest_route=\/wp\/v2\/posts\/2050706","targetHints":{"allow":["GET"]}}],"collection":[{"href":"https:\/\/analyse.optim.biz\/index.php?rest_route=\/wp\/v2\/posts"}],"about":[{"href":"https:\/\/analyse.optim.biz\/index.php?rest_route=\/wp\/v2\/types\/post"}],"author":[{"embeddable":true,"href":"https:\/\/analyse.optim.biz\/index.php?rest_route=\/wp\/v2\/users\/1"}],"replies":[{"embeddable":true,"href":"https:\/\/analyse.optim.biz\/index.php?rest_route=%2Fwp%2Fv2%2Fcomments&post=2050706"}],"version-history":[{"count":0,"href":"https:\/\/analyse.optim.biz\/index.php?rest_route=\/wp\/v2\/posts\/2050706\/revisions"}],"wp:attachment":[{"href":"https:\/\/analyse.optim.biz\/index.php?rest_route=%2Fwp%2Fv2%2Fmedia&parent=2050706"}],"wp:term":[{"taxonomy":"category","embeddable":true,"href":"https:\/\/analyse.optim.biz\/index.php?rest_route=%2Fwp%2Fv2%2Fcategories&post=2050706"},{"taxonomy":"post_tag","embeddable":true,"href":"https:\/\/analyse.optim.biz\/index.php?rest_route=%2Fwp%2Fv2%2Ftags&post=2050706"}],"curies":[{"name":"wp","href":"https:\/\/api.w.org\/{rel}","templated":true}]}}