{"id":2050703,"date":"2026-07-17T13:08:53","date_gmt":"2026-07-17T10:08:53","guid":{"rendered":"https:\/\/analyse.optim.biz\/?p=2050703"},"modified":"2026-07-17T13:08:53","modified_gmt":"2026-07-17T10:08:53","slug":"margit-serban-medicul-stralucit-propus-cetatean-de-onoare-al-judetului-timis-a-coordonat-primul-transplant-de-maduva-din-romania","status":"publish","type":"post","link":"https:\/\/analyse.optim.biz\/?p=2050703","title":{"rendered":"Margit \u0218erban, medicul str\u0103lucit propus Cet\u0103\u021bean de Onoare al Jude\u021bului Timi\u0219. A coordonat primul transplant de m\u0103duv\u0103 din Rom\u00e2nia"},"content":{"rendered":"<p>[analyse_image type=&#8221;featured&#8221; src=&#8221;https:\/\/www.opiniatimisoarei.ro\/wp-content\/uploads\/2026\/07\/margit-serban-adevarul-728&#215;336.jpghttps:\/\/www.opiniatimisoarei.ro\/wp-content\/uploads\/2026\/07\/margit-serban-adevarul.jpg&#8221;]<\/p>\n<div class=\"the_content\">\n<p><strong>TIMI\u0218OARA<\/strong>. Consiliul Jude\u021bean Timi\u0219 propune conferirea titlului de \u201eCet\u0103\u021bean de Onoare al Jude\u021bului Timi\u0219\u201d prof. univ. dr. Margit \u0218erban. Proiectul a fost lansat \u00een transparen\u021b\u0103 public\u0103.<\/p>\n<p><strong><span>CITE\u0218TE \u0218I:<\/span><a href=\"https:\/\/www.opiniatimisoarei.ro\/istorie-salvata-in-banat-moara-din-valeapai-veche-de-120-de-ani-va-fi-readusa-la-viata-si-transformata-in-muzeu\/15\/07\/2026\">Istorie salvat\u0103 \u00een Banat. Moara din Valeapai, veche de 120 de ani, va fi readus\u0103 la via\u021b\u0103 \u0219i transformat\u0103 \u00een muzeu<\/a><\/strong><\/p>\n<p>\u201d<strong>Prin activitatea desf\u0103\u0219urat\u0103 \u00een domeniul medicinei, cercet\u0103rii \u0219tiin\u021bifice \u0219i \u00eenv\u0103\u021b\u0103m\u00e2ntului universitar, precum \u0219i prin realiz\u0103rile profesionale de excep\u021bie, recunoscute la nivel na\u021bional \u0219i interna\u021bional, doamna prof. univ. dr. Margit \u0218erban a contribuit \u00een mod semnificativ la promovarea prestigiului \u0219i imaginii jude\u021bului Timi\u0219 \u00een \u021bar\u0103 \u0219i \u00een str\u0103in\u0103tate<\/strong>\u201d, a transmis CJ Timi\u0219.<\/p>\n<p>Documenta\u021bia poate fi consultat\u0103 pe pagina de internet a institu\u021biei, la adresa: <a href=\"https:\/\/www.cjtimis.ro\/wp-content\/uploads\/2020\/07\/Anunt-Legea-52-cetatean-de-onoare-Margit-Serban\"><strong>https:\/\/www.cjtimis.ro\/wp-content\/uploads\/2020\/07\/Anunt-Legea-52-cetatean-de-onoare-Margit-Serban<\/strong><\/a>.pdf, sau la sediul Consiliului Jude\u021bean Timi\u0219, Bdul. Revolu\u021biei din 1989 nr. 17, Timi\u0219oara.<\/p>\n<p>\u201d<strong>Timi\u0219enii sunt a\u0219tepta\u021bi s\u0103 transmit\u0103 propuneri, sugestii \u0219i opinii cu valoare de recomandare privind ini\u021biativa supus\u0103 procedurii de transparen\u021b\u0103 decizional\u0103. Acestea pot fi depuse p\u00e2n\u0103 la data de 27.07.2026, prin mesaj \u00een format electronic la adresa de email: <a href=\"https:\/\/www.opiniatimisoarei.ro\/cdn-cgi\/l\/email-protection\" class=\"__cf_email__\" data-cfemail=\"ec9a85839e8980c28e8d9e8dac8f86988581859fc29e83\">[email\u00a0protected]<\/a> , prin po\u0219t\u0103, la adresa Consiliul Jude\u021bean Timi\u0219 (Bdul Revolu\u021biei din 1989 nr. 17, Timi\u0219oara, jude\u021bul Timi\u0219) sau direct la sediul institu\u021biei, la Registratur\u0103, \u00eentre orele 08:00-16:00 (luni \u2013 joi) respectiv 08:00-14:00 (vineri)<\/strong>\u201d,a mai transmis CJ Timi\u0219.<\/p>\n<p>Margit \u0218erban s-a n\u0103scut \u00een 25 septembrie 1942 \u00een Ciumani, jude\u0163ul Harghita. Este absolvent\u0103 a Institutului de Medicin\u0103 \u0219i Farmacie Victor Babe\u015f din Timi\u015foara, \u00een anul 1966, ob\u0163in\u00e2nd titlul de doctor \u00een medicin\u0103, \u00een anul 1977, la aceea\u015fi universitate, cu teza Sindromul de coagulare intravascular\u0103 la copil, sub \u00eendrumarea prof. dr. Louis \u0162urcanu.<\/p>\n<p>A efectuat stagii de preg\u0103tire postuniversitar\u0103 \u00een pediatrie \u015fi hematologie la clinici universitare din Bucure\u015fti, iar \u00een onco-hematologie, imunologie \u015fi transplant medular \u00een spitale din Europa (M\u00fcnchen, Essen, Viena, Miskolc) \u015fi Statele Unite ale Americii (Orlando, Louisville).<\/p>\n<p>Activitatea profesional\u0103: \u00eenceput\u0103 \u00een cadrul Spitalului Clinic de Urgen\u0163\u0103 pentru Copii Louis \u0162urcanu, parcurg\u00e2nd \u00eentreaga scar\u0103 ierarhic\u0103 de la medic rezident p\u00e2n\u0103 la cea de medic primar \u00een patru specialit\u0103\u0163i: pediatrie (1990), hematologie (1992), oncologie (1998) \u0219i imunologie clinic\u0103 (1994).<br \/>\nActivitatea didactic\u0103 a \u00eenceput-o \u00een 1968 ca asistent stagiar parcurg\u00e2nd scara valoric\u0103 p\u00e2n\u0103 la titlul de profesor universitar \u00een anul 1993 la Universitatea de Medicin\u0103 \u0219i Farmacie Victor Babe\u015f \u0219i \u015fef de clinic\u0103 la Spitalul Clinic de Urgen\u0163\u0103 pentru Copii Louis \u0162urcanu din Timi\u015foara, din anul 1994. Este conduc\u0103tor de doctorat din 1994, av\u00e2nd peste 15 medici cu doctoratul finalizat.<\/p>\n<p>A fost conduc\u0103torul echipei de transplant medular, ce a realizat \u00een premier\u0103 na\u0163ional\u0103 at\u00e2t transplantul medular autolog, \u00een 2001, c\u00e2t \u015fi pe cel alogenic, \u00een 2003.<\/p>\n<p>S-a implicat direct \u00een ridicarea,dotarea, darea \u00een func\u0163iune \u015fi coordonarea activit\u0103\u0163ii \u00een <strong>Centrul Clinic de Recuperare \u0219i Evaluare Cristian \u015eerban din Buzia\u015f<\/strong>, precum \u015fi \u00een ridicarea, dotarea \u015fi darea \u00een func\u0163iune a sec\u0163iei de Onco-hematologie pediatric\u0103 \u0219i a unui Centru familial aferent prin antrenarea unui ajutor interna\u0163ional din Austria, Germania \u015fi Italia.<\/p>\n<p>Este pre\u015fedinte fondator al Asocia\u0163iei Na\u0163ionale de Hemofilie \u015fi copre\u015fedinte al parteneriatului dintre Centrul de Hemofilie din M\u00fcnchen \u015fi cel din Timi\u015foara.<\/p>\n<p>Premii \u015fi distinc\u0163ii: 32, dintre care amintim: Ordinul Na\u0163ional Serviciul Credincios \u00een grad de Cavaler (2002); Premiile Academiei Rom\u00e2ne Daniel Danielopolu pentru tratatul de Hemostazeologie clinic\u0103 (2003) \u0219i Iuliu Ha\u0163ieganu pentru lucrarea Artropatiile hemofilice (2007); Premiul Cecil Popa al Societ\u0103\u0163ii Na\u0163ionale de Hematologie (2002); Premiul de excelen\u0163\u0103 Medic.Ro \u2013 Sec\u0163iunea pediatrie (2004) \u015fi hematologie (2006); premiul CNCSIS \u2013 Opera Omnia (2004); 4 premii poster Hamburg (1995-2007); Medalie a Landului de Bavaria (1995); Diplom\u0103 de onoare a Federa\u0163iei Interna\u0163ionale de Hemofilie (1996 \u015fi 2002); Diplom\u0103 de onoare a Societ\u0103\u0163ii Maghiare de Oncologie Pediatric\u0103 (2006); Diplom\u0103 de excelen\u0163\u0103 a Asocia\u0163iei Ziari\u015ftilor (2002); cet\u0103\u0163ean de onoare al ora\u015fului Buzia\u015f (1999); cet\u0103\u0163ean de onoare al ora\u015fului Timi\u015foara (2003).<\/p>\n<p>***<\/p>\n<p><strong><span class=\"dia_suggestion w0\">Mai<\/span><span class=\"dia_suggestion w1\">multe<\/span><span class=\"dia_suggestion w2\">g\u0103si\u021bi<\/span> pe <span class=\"dia_suggestion w4\">pagina noastr<span class=\"dia_suggestion w0\">\u0103<\/span><\/span>\u00a0de <a href=\"https:\/\/www.facebook.com\/OpiniaTM\/?ref=page_internal\" target=\"_blank\" rel=\"noopener\">Facebook opiniatimisoarei.ro<\/a>!<\/strong><\/p>\n<p><strong><span class=\"dia_suggestion w0\">Dac\u0103<\/span><span class=\"dia_suggestion w1\">a\u021bi<\/span> fost martorii unui eveniment <span class=\"dia_suggestion w6\">sau<\/span><span class=\"dia_suggestion w7\">ai<\/span> unei <span class=\"dia_suggestion w9\">situa\u021bii<\/span><span class=\"dia_suggestion w10\">neobi\u0219nuite<\/span><span class=\"dia_suggestion w11\">care<\/span> ar <span class=\"dia_suggestion w13\">putea<\/span> deveni subiect de <span class=\"dia_suggestion w17\">\u0219tire<\/span>, <span class=\"dia_suggestion w18\">contacta\u021bi<\/span>-ne <span class=\"dia_suggestion w20\">la<\/span><span><a href=\"https:\/\/www.opiniatimisoarei.ro\/cdn-cgi\/l\/email-protection\" class=\"__cf_email__\" data-cfemail=\"423027262321362b27022d322b2c2b23362b2f2b312d2330272b6c302d\">[email\u00a0protected]<\/a>,<\/span>\u00a0 pe <a href=\"https:\/\/www.facebook.com\/OpiniaTM\">FB<\/a><span>sau pe contul nostru de<\/span><a href=\"https:\/\/www.instagram.com\/opiniatimisoarei.ro\/\" target=\"_blank\" rel=\"noopener\">Instagram<\/a>!<\/strong><\/p>\n<p><strong><span>CITE\u0218TE \u0218I<\/span>: <a href=\"https:\/\/www.opiniatimisoarei.ro\/afli-primul-tot-ceea-ce-se-intampla-cu-adevarat-important-in-timisoara-si-in-regiune-cu-aplicatia-de-stiri-opinia-timisoarei-3-tipuri-de-alerte-te-tin-mereu-conectat-la-evenimente-descarca-gratuit-a\/31\/10\/2022\">Afli primul tot ceea ce se intampla cu adevarat important in Timisoara si in regiune cu Aplicatia de stiri Opinia Timisoarei. 3 tipuri de alerte te tin mereu conectat la evenimente. Descarca gratuit Aplicatia OT aici!<\/a><\/strong><\/p>\n<p>\u00a0<\/p>\n<\/div>\n<p>[analyse_source url=&#8221;https:\/\/www.opiniatimisoarei.ro\/margit-serban-medicul-stralucit-propus-cetatean-de-onoare-al-judetului-timis-a-coordonat-primul-transplant-de-maduva-din-romania\/17\/07\/2026&#8243;]<\/p>\n","protected":false},"excerpt":{"rendered":"<p>[analyse_image type=&#8221;featured&#8221; src=&#8221;https:\/\/www.opiniatimisoarei.ro\/wp-content\/uploads\/2026\/07\/margit-serban-adevarul-728&#215;336.jpghttps:\/\/www.opiniatimisoarei.ro\/wp-content\/uploads\/2026\/07\/margit-serban-adevarul.jpg&#8221;] TIMI\u0218OARA. Consiliul Jude\u021bean Timi\u0219 propune conferirea titlului de \u201eCet\u0103\u021bean de Onoare al Jude\u021bului Timi\u0219\u201d prof. univ. dr. Margit \u0218erban. Proiectul a fost lansat \u00een transparen\u021b\u0103 public\u0103. CITE\u0218TE \u0218I:Istorie salvat\u0103 \u00een Banat. Moara din Valeapai, veche de 120 de ani, va fi readus\u0103 la via\u021b\u0103 \u0219i transformat\u0103 \u00een muzeu \u201dPrin activitatea desf\u0103\u0219urat\u0103 \u00een [&hellip;]<\/p>\n","protected":false},"author":1,"featured_media":0,"comment_status":"open","ping_status":"","sticky":false,"template":"","format":"standard","meta":{"footnotes":""},"categories":[89],"tags":[226,190],"class_list":["post-2050703","post","type-post","status-publish","format-standard","hentry","category-romania","tag-crawlmanager","tag-opiniatimisoarei-ro"],"_links":{"self":[{"href":"https:\/\/analyse.optim.biz\/index.php?rest_route=\/wp\/v2\/posts\/2050703","targetHints":{"allow":["GET"]}}],"collection":[{"href":"https:\/\/analyse.optim.biz\/index.php?rest_route=\/wp\/v2\/posts"}],"about":[{"href":"https:\/\/analyse.optim.biz\/index.php?rest_route=\/wp\/v2\/types\/post"}],"author":[{"embeddable":true,"href":"https:\/\/analyse.optim.biz\/index.php?rest_route=\/wp\/v2\/users\/1"}],"replies":[{"embeddable":true,"href":"https:\/\/analyse.optim.biz\/index.php?rest_route=%2Fwp%2Fv2%2Fcomments&post=2050703"}],"version-history":[{"count":0,"href":"https:\/\/analyse.optim.biz\/index.php?rest_route=\/wp\/v2\/posts\/2050703\/revisions"}],"wp:attachment":[{"href":"https:\/\/analyse.optim.biz\/index.php?rest_route=%2Fwp%2Fv2%2Fmedia&parent=2050703"}],"wp:term":[{"taxonomy":"category","embeddable":true,"href":"https:\/\/analyse.optim.biz\/index.php?rest_route=%2Fwp%2Fv2%2Fcategories&post=2050703"},{"taxonomy":"post_tag","embeddable":true,"href":"https:\/\/analyse.optim.biz\/index.php?rest_route=%2Fwp%2Fv2%2Ftags&post=2050703"}],"curies":[{"name":"wp","href":"https:\/\/api.w.org\/{rel}","templated":true}]}}