{"id":205064,"date":"2014-05-24T17:30:11","date_gmt":"2014-05-24T14:30:11","guid":{"rendered":"https:\/\/analyse.optim.biz\/?p=205064"},"modified":"2014-05-24T17:30:11","modified_gmt":"2014-05-24T14:30:11","slug":"uniunea-europeana-de-la-speranta-la-realitate","status":"publish","type":"post","link":"https:\/\/analyse.optim.biz\/?p=205064","title":{"rendered":"Uniunea European\u0103, de la speran\u021b\u0103 la realitate"},"content":{"rendered":"<div class=\"entry data-app-meta data-app-meta-article\" data-embed-base-url-canonical=\"https:\/\/www.digi24.ro\/embed\/stiri\/actualitate\/politica\/uniunea-europeana-de-la-speranta-la-realitate-247256\">\n<p data-index=\"1\">Uniunea European\u0103 &#8211; un vis devenit realitate pentru rom\u00e2ni, dar o realizare cu care nici azi, la \u0219apte ani \u0219i jum\u0103tate de la aderare, nu prea \u0219tiu ce s\u0103 fac\u0103. Pentru cei mai mul\u021bi intrarea \u00een Uniune a \u00eensemnat liber la munc\u0103 \u00een str\u0103in\u0103tate. Este \u0219i cazul lui Dacian, unul din cei peste dou\u0103 milioane de rom\u00e2ni care care au c\u0103utat bun\u0103starea dincolo grani\u021be.<\/p>\n<p data-index=\"2\">\u201eBani mai mul\u0163i. \u015ei lucru-i tot acela\u015fi. Deci banii-s mai mul\u0163i, dar lucru-i tot acela\u015fi\u201d, spune el.<\/p>\n<p data-index=\"3\">\u0218i atunci se pune \u00eentrebarea: \u00een afar\u0103 de mobilitate, ce ne-a adus bun Uniunea European\u0103? R\u0103spunsurile sunt \u00eemp\u0103r\u021bite, depinde pe cine \u00eentreb\u0103m. \u021a\u0103ranii se vor declara, poate, mul\u021bumi\u021bi de subven\u021bia pe hectarul de p\u0103m\u00e2nt de\u021binut, dar vor fi extrem de dezam\u0103gi\u021bi de restric\u021biile impuse de Bruxelles pentru v\u00e2zarea produselor. Tinerii sunt bucuro\u0219i c\u0103 pot studia mai u\u0219or \u00een Occident, dar nemul\u021bumi\u021bi c\u0103 locurile de munc\u0103 se las\u0103, totu\u0219i, a\u0219teptate. \u0218i a\u0219a mai departe.<\/p>\n<p data-index=\"4\">Ar fi interesant \u00eens\u0103 de aflat ce \u00eenseamn\u0103 Uniunea European\u0103, sau ce ar putea ea \u00eensemna, de la un popor al c\u0103rui ideal este aderarea.<\/p>\n<p data-index=\"5\">La Chi\u0219in\u0103u, speran\u021bele \u0219i a\u0219tept\u0103rile legate de Uniunea European\u0103 sunt uria\u0219e. Pentru Moldova aderarea ar \u00eensemna, \u00een primul r\u00e2nd, ie\u0219irea din umbra Rusiei \u0219i alinierea la valorile occidentale: valori economice, politice, culturale. Se fac pa\u0219i repezi spre Europa: de anul acesta moldovenii pot c\u0103l\u0103tori f\u0103r\u0103 vize \u00een spa\u021biul comunitar, iar luna viitoare vor fi semnate dou\u0103 acorduri care vor str\u00e2nge \u0219i mai mult leg\u0103turile dintre Chi\u0219in\u0103u \u0219i Bruxelles.<\/p>\n<p data-index=\"6\">P\u00e2n\u0103 la aderare mai este \u00eens\u0103 drum lung. \u00cenc\u0103 nu se \u015ftie c\u00e2nd, \u015fi nici m\u0103car dac\u0103, Republica Moldova va deveni membru cu drepturi depline al Uniunii Europene. Petru Iarmaliuc este \u00eens\u0103 optimist. Genera\u0163ia sa vede \u00een spa\u0163iul comunitar singurul viitor posibil.<\/p>\n<p data-index=\"7\">\u201eOdat\u0103 cu aderarea Moldovei la UE ne vom racorda \u015fi la standardele UE si vor fi eliminate cele mai negative fenomene prezente \u00een societatea noastr\u0103 ca \u015fi \u00een orice alt\u0103 societate \u015fi atunci oamenii vor fi \u00een siguran\u0163\u0103 \u015fi nu se vor teme s\u0103-\u015fi investeasc\u0103 banii \u00eentr-o afacere \u00een Moldova deoarece vor fi constien\u0163i c\u0103 vor fi proteja\u0163i de c\u0103tre organele Uniunii Europene\u201d, spune studentul cu \u00eencredere.<\/p>\n<p data-index=\"8\">\u00cen Rom\u00e2nia, \u00eens\u0103, entuziasmul de acum zece ani pare s\u0103 se fi transformat \u00een frustrare. Nu se poate vorbi, deocamdat\u0103, de noi \u00een Europa, abordarea este, \u00eenc\u0103, noi \u0219i Europa. Incompeten\u021ba ultimelor patru guverne a f\u0103cut ca fondurile europene s\u0103 fie aproape intangibile pentru rom\u00e2ni, iar corup\u021bia \u0219i nerespectarea valorilor democratice \u00eenc\u0103 ne \u021bin \u00een afara spa\u021biului Schegen. Nu la fel s-a \u00eent\u00e2mplat cu Ungaria, o \u021bar\u0103 care s-a dovedit mult mai capabil\u0103 s\u0103 \u021bin\u0103 sus steagul Uniunii.<\/p>\n<p data-index=\"9\">\u00cen primul r\u00e2nd, Ungaria s-a dovedit mult mai preg\u0103tit\u0103 dec\u00e2t Rom\u00e2nia \u0219i a intrat \u00een Uniunea European\u0103 cu trei ani mai devreme, \u00een 2004. Iar \u00een 2007, pe c\u00e2nd rom\u00e2nii s\u0103rb\u0103toreau mult-a\u0219teptata aderare, ungurii erau deja \u00een spa\u021biul Schengen, o performan\u021b\u0103 \u00eenc\u0103 neatins\u0103 de Bucure\u0219ti. Mai trebuie spus c\u0103 salariul minim din Ungaria este c\u00e2t salariul mediu din Rom\u00e2nia \u0219i, dac\u0103 tot vorbim de bani, Budapesta a reu\u0219it s\u0103 atrag\u0103 aproape jum\u0103tate din cele peste 20 de miliarde de euro puse la dispozi\u021bie de Uniune.<\/p>\n<p data-index=\"10\">Spania este una dintre \u0163\u0103rile care au profitat cel mai mult dup\u0103 intrarea \u00een Uniunea European\u0103. Doar \u00een domeniul transportului feroviar de mare vitez\u0103 Spania a cheltuit nu mai pu\u0163in de 40 de miliarde de euro din bani europeni. A venit apoi criza, dar cu toate acestea, Spania a devenit \u015fi pentru aproape un milion de rom\u00e2ni o a doua cas\u0103.<\/p>\n<\/div>\n<p> Source URL: https:\/\/www.digi24.ro\/stiri\/actualitate\/politica\/uniunea-europeana-de-la-speranta-la-realitate-247256<\/p>\n","protected":false},"excerpt":{"rendered":"<p>Uniunea European\u0103 &#8211; un vis devenit realitate pentru rom\u00e2ni, dar o realizare cu care nici azi, la \u0219apte ani \u0219i jum\u0103tate de la aderare, nu prea \u0219tiu ce s\u0103 fac\u0103. Pentru cei mai mul\u021bi intrarea \u00een Uniune a \u00eensemnat liber la munc\u0103 \u00een str\u0103in\u0103tate. Este \u0219i cazul lui Dacian, unul din cei peste dou\u0103 milioane [&hellip;]<\/p>\n","protected":false},"author":1,"featured_media":205065,"comment_status":"open","ping_status":"","sticky":false,"template":"","format":"standard","meta":{"footnotes":""},"categories":[2],"tags":[11],"class_list":["post-205064","post","type-post","status-publish","format-standard","has-post-thumbnail","hentry","category-politics","tag-digi24"],"_links":{"self":[{"href":"https:\/\/analyse.optim.biz\/index.php?rest_route=\/wp\/v2\/posts\/205064","targetHints":{"allow":["GET"]}}],"collection":[{"href":"https:\/\/analyse.optim.biz\/index.php?rest_route=\/wp\/v2\/posts"}],"about":[{"href":"https:\/\/analyse.optim.biz\/index.php?rest_route=\/wp\/v2\/types\/post"}],"author":[{"embeddable":true,"href":"https:\/\/analyse.optim.biz\/index.php?rest_route=\/wp\/v2\/users\/1"}],"replies":[{"embeddable":true,"href":"https:\/\/analyse.optim.biz\/index.php?rest_route=%2Fwp%2Fv2%2Fcomments&post=205064"}],"version-history":[{"count":0,"href":"https:\/\/analyse.optim.biz\/index.php?rest_route=\/wp\/v2\/posts\/205064\/revisions"}],"wp:featuredmedia":[{"embeddable":true,"href":"https:\/\/analyse.optim.biz\/index.php?rest_route=\/wp\/v2\/media\/205065"}],"wp:attachment":[{"href":"https:\/\/analyse.optim.biz\/index.php?rest_route=%2Fwp%2Fv2%2Fmedia&parent=205064"}],"wp:term":[{"taxonomy":"category","embeddable":true,"href":"https:\/\/analyse.optim.biz\/index.php?rest_route=%2Fwp%2Fv2%2Fcategories&post=205064"},{"taxonomy":"post_tag","embeddable":true,"href":"https:\/\/analyse.optim.biz\/index.php?rest_route=%2Fwp%2Fv2%2Ftags&post=205064"}],"curies":[{"name":"wp","href":"https:\/\/api.w.org\/{rel}","templated":true}]}}