{"id":2050595,"date":"2026-07-18T14:39:51","date_gmt":"2026-07-18T11:39:51","guid":{"rendered":"https:\/\/analyse.optim.biz\/?p=2050595"},"modified":"2026-07-18T14:39:51","modified_gmt":"2026-07-18T11:39:51","slug":"un-sat-doi-preoti-si-zeci-de-copii-uniti-de-credinta-si-prietenie","status":"publish","type":"post","link":"https:\/\/analyse.optim.biz\/?p=2050595","title":{"rendered":"Un sat, doi preo\u021bi \u0219i zeci de copii uni\u021bi de credin\u021b\u0103 \u0219i prietenie"},"content":{"rendered":"<p>[analyse_image type=&#8221;featured&#8221; src=&#8221;https:\/\/www.impactreal.ro\/wp-content\/uploads\/2026\/07\/valdesti-00-1024&#215;725.png&#8221;]<\/p>\n<div class=\"single-news-content\">\n<div class=\"news-image\"><img loading=\"lazy\" decoding=\"async\" width=\"1491\" height=\"1055\" src=\"https:\/\/www.impactreal.ro\/wp-content\/uploads\/2026\/07\/valdesti-00.png\" class=\"img-responsive wp-post-image\" alt=\"Un sat, doi preo\u021bi \u0219i zeci de copii uni\u021bi de credin\u021b\u0103 \u0219i prietenie\"><\/div>\n<div class=\"news-detail clearfix\">\n<div class=\"entry-meta\"><span class=\"posted-date\"><a href=\"https:\/\/www.impactreal.ro\/2026\/07\/18\/un-sat-doi-preoti-si-zeci-de-copii-uniti-de-credinta-si-prietenie\/\" rel=\"bookmark\"><time class=\"entry-date published\" datetime=\"2026-07-18T17:39:51+03:00\">18 iulie 2026<\/time><time class=\"updated\" datetime=\"2026-07-18T17:40:22+03:00\">18 iulie 2026<\/time><\/a><\/span><span class=\"author vcard\"><a href=\"https:\/\/www.impactreal.ro\/author\/claudia-schiopu\/\">Claudia Schiopu<\/a><\/span><span class=\"cat-links\"><a href=\"https:\/\/www.impactreal.ro\/category\/eveniment\/\" rel=\"category tag\">Eveniment<\/a><a href=\"https:\/\/www.impactreal.ro\/category\/local\/\" rel=\"category tag\">Local<\/a><\/span><\/div>\n<div class=\"news-content editor-content-entry\">\n<p><strong><em><u>Preo\u021bii care au c\u00e2\u0219tigat inimile copiilor\u00a0<\/u><\/em><\/strong><\/p>\n<p>Cea de-a IV-a edi\u021bie a Taberei de Var\u0103 organizate de Parohia Vl\u0103de\u0219ti s-a \u00eencheiat vineri, 17 iulie 2026, dup\u0103 cinci zile \u00een care copiii din localitate au participat la activit\u0103\u021bi educative, recreative \u0219i religioase.<\/p>\n<p>Programul s-a desf\u0103\u0219urat \u00een perioada 13-17 iulie iar tab\u0103ra s-a adresat copiilor \u0219i tinerilor din Parohia Vl\u0103de\u0219ti. Pentru ei au fost preg\u0103tite ateliere, jocuri, excursii, \u00eent\u00e2lniri cu speciali\u0219ti, momente de rug\u0103ciune \u0219i discu\u021bii despre credin\u021b\u0103, s\u0103n\u0103tate, responsabilitate \u0219i respectul fa\u021b\u0103 de cei din jur.<\/p>\n<p>\u00cen centrul acestei ac\u021biuni s-au aflat p\u0103rin\u021bii <strong><u>Andrei \u0219i Marius<\/u><\/strong>, doi preo\u021bi cunoscu\u021bi \u0219i aprecia\u021bi \u00een localitate pentru apropierea fa\u021b\u0103 de oameni \u0219i pentru aten\u021bia acordat\u0103 copiilor. Implicarea lor nu s-a limitat la organizarea programului. Au fost permanent al\u0103turi de participan\u021bi, au discutat cu ei, le-au explicat lucruri importante \u0219i au \u00eencercat s\u0103 le ofere o vacan\u021b\u0103 frumoas\u0103, dar \u0219i folositoare.<\/p>\n<p><strong>P\u0103rintele Andrei<\/strong> a vorbit cu cei mici despre mesajele cre\u0219tine desprinse din filmele vizionate \u0219i despre felul \u00een care credin\u021ba, bun\u0103tatea \u0219i ajutorul oferit celorlal\u021bi pot fi \u00een\u021belese prin exemple simple. Al\u0103turi de p\u0103rintele <strong><u>Marius Moscalu<\/u><\/strong> , a coordonat activit\u0103\u021bile \u0219i a fost aproape de copii pe \u00eentreaga durat\u0103 a taberei.<\/p>\n<p>Cei doi preo\u021bi sunt iubi\u021bi \u00een Vl\u0103de\u0219ti tocmai pentru aceast\u0103 apropiere \u00a0fa\u021b\u0103 de oameni. Prin astfel de ac\u021biuni, biserica devine un loc \u00een care copiii nu vin doar la slujbe, ci g\u0103sesc sprijin, \u00eendrumare \u0219i oameni dispu\u0219i s\u0103 \u00eei asculte. Tab\u0103ra de Var\u0103 a ajuns la cea de-a patra edi\u021bie, semn c\u0103 ini\u021biativa este a\u0219teptat\u0103 \u0219i apreciat\u0103 de familiile din localitate.<\/p>\n<p>\u00cen cadrul programului, copiii au primit informa\u021bii despre alimenta\u021bia s\u0103n\u0103toas\u0103, prevenirea consumului de droguri \u0219i combaterea bullyingului. Poli\u021bi\u0219tii din cadrul Biroului de Siguran\u021b\u0103 \u0218colar\u0103 \u0219i ai Biroului de Analiz\u0103 \u0219i Prevenire a Criminalit\u0103\u021bii le-au explicat c\u00e2t de important este s\u0103 cear\u0103 ajutor atunci c\u00e2nd sunt victime sau martori ai unor fapte de agresiune.<\/p>\n<p>La activit\u0103\u021bi au fost invita\u021bi \u0219i speciali\u0219ti \u00een nutri\u021bie \u0219i wellness, care au discutat cu participan\u021bii despre mi\u0219care, alimenta\u021bie \u0219i obiceiurile care \u00eei pot ajuta s\u0103 \u00ee\u0219i protejeze s\u0103n\u0103tatea.<\/p>\n<p>Organizarea taberei a fost sprijinit\u0103 de mai multe persoane \u0219i institu\u021bii din Vl\u0103de\u0219ti. Primarul Adrian Cosac a oferit alimente pentru copii, familia Beldiman a pus la dispozi\u021bie gratuit spa\u021biul de la Valea Ursului JoiPark, iar reprezentan\u021bii Clinicii Medisim Plus, familia Avrinte \u0219i Gheorghe Georgescu au contribuit cu fructe, dulciuri, ap\u0103, sucuri \u0219i alte produse necesare.<\/p>\n<p><strong><u>P\u0103rin\u021bii Andrei \u0219i Marius<\/u><\/strong> le-au mul\u021bumit tuturor celor care au sprijinit aceast\u0103 edi\u021bie, invita\u021bilor care au discutat cu cei mici \u0219i voluntarilor care au ajutat la desf\u0103\u0219urarea programului.<\/p>\n<p><em><u>Tab\u0103ra s-a \u00eencheiat, \u00eens\u0103 leg\u0103tura creat\u0103 \u00eentre copii \u0219i cei doi preo\u021bi r\u0103m\u00e2ne una dintre cele mai importante reu\u0219ite ale acestei edi\u021bii.<\/u><\/em><\/p>\n<p><img loading=\"lazy\" decoding=\"async\" class=\"alignnone size-medium wp-image-57842\" src=\"https:\/\/www.impactreal.ro\/wp-content\/uploads\/2026\/07\/vladesti-01-300x225.jpg\" alt width=\"300\" height=\"225\"><\/p>\n<\/div>\n<\/div>\n<\/div>\n<div class=\"news-content editor-content-entry\">\n<p><strong><em><u>Preo\u021bii care au c\u00e2\u0219tigat inimile copiilor\u00a0<\/u><\/em><\/strong><\/p>\n<p>Cea de-a IV-a edi\u021bie a Taberei de Var\u0103 organizate de Parohia Vl\u0103de\u0219ti s-a \u00eencheiat vineri, 17 iulie 2026, dup\u0103 cinci zile \u00een care copiii din localitate au participat la activit\u0103\u021bi educative, recreative \u0219i religioase.<\/p>\n<p>Programul s-a desf\u0103\u0219urat \u00een perioada 13-17 iulie iar tab\u0103ra s-a adresat copiilor \u0219i tinerilor din Parohia Vl\u0103de\u0219ti. Pentru ei au fost preg\u0103tite ateliere, jocuri, excursii, \u00eent\u00e2lniri cu speciali\u0219ti, momente de rug\u0103ciune \u0219i discu\u021bii despre credin\u021b\u0103, s\u0103n\u0103tate, responsabilitate \u0219i respectul fa\u021b\u0103 de cei din jur.<\/p>\n<p>\u00cen centrul acestei ac\u021biuni s-au aflat p\u0103rin\u021bii <strong><u>Andrei \u0219i Marius<\/u><\/strong>, doi preo\u021bi cunoscu\u021bi \u0219i aprecia\u021bi \u00een localitate pentru apropierea fa\u021b\u0103 de oameni \u0219i pentru aten\u021bia acordat\u0103 copiilor. Implicarea lor nu s-a limitat la organizarea programului. Au fost permanent al\u0103turi de participan\u021bi, au discutat cu ei, le-au explicat lucruri importante \u0219i au \u00eencercat s\u0103 le ofere o vacan\u021b\u0103 frumoas\u0103, dar \u0219i folositoare.<\/p>\n<p><strong>P\u0103rintele Andrei<\/strong> a vorbit cu cei mici despre mesajele cre\u0219tine desprinse din filmele vizionate \u0219i despre felul \u00een care credin\u021ba, bun\u0103tatea \u0219i ajutorul oferit celorlal\u021bi pot fi \u00een\u021belese prin exemple simple. Al\u0103turi de p\u0103rintele <strong><u>Marius Moscalu<\/u><\/strong> , a coordonat activit\u0103\u021bile \u0219i a fost aproape de copii pe \u00eentreaga durat\u0103 a taberei.<\/p>\n<p>Cei doi preo\u021bi sunt iubi\u021bi \u00een Vl\u0103de\u0219ti tocmai pentru aceast\u0103 apropiere \u00a0fa\u021b\u0103 de oameni. Prin astfel de ac\u021biuni, biserica devine un loc \u00een care copiii nu vin doar la slujbe, ci g\u0103sesc sprijin, \u00eendrumare \u0219i oameni dispu\u0219i s\u0103 \u00eei asculte. Tab\u0103ra de Var\u0103 a ajuns la cea de-a patra edi\u021bie, semn c\u0103 ini\u021biativa este a\u0219teptat\u0103 \u0219i apreciat\u0103 de familiile din localitate.<\/p>\n<p>\u00cen cadrul programului, copiii au primit informa\u021bii despre alimenta\u021bia s\u0103n\u0103toas\u0103, prevenirea consumului de droguri \u0219i combaterea bullyingului. Poli\u021bi\u0219tii din cadrul Biroului de Siguran\u021b\u0103 \u0218colar\u0103 \u0219i ai Biroului de Analiz\u0103 \u0219i Prevenire a Criminalit\u0103\u021bii le-au explicat c\u00e2t de important este s\u0103 cear\u0103 ajutor atunci c\u00e2nd sunt victime sau martori ai unor fapte de agresiune.<\/p>\n<p>La activit\u0103\u021bi au fost invita\u021bi \u0219i speciali\u0219ti \u00een nutri\u021bie \u0219i wellness, care au discutat cu participan\u021bii despre mi\u0219care, alimenta\u021bie \u0219i obiceiurile care \u00eei pot ajuta s\u0103 \u00ee\u0219i protejeze s\u0103n\u0103tatea.<\/p>\n<p>Organizarea taberei a fost sprijinit\u0103 de mai multe persoane \u0219i institu\u021bii din Vl\u0103de\u0219ti. Primarul Adrian Cosac a oferit alimente pentru copii, familia Beldiman a pus la dispozi\u021bie gratuit spa\u021biul de la Valea Ursului JoiPark, iar reprezentan\u021bii Clinicii Medisim Plus, familia Avrinte \u0219i Gheorghe Georgescu au contribuit cu fructe, dulciuri, ap\u0103, sucuri \u0219i alte produse necesare.<\/p>\n<p><strong><u>P\u0103rin\u021bii Andrei \u0219i Marius<\/u><\/strong> le-au mul\u021bumit tuturor celor care au sprijinit aceast\u0103 edi\u021bie, invita\u021bilor care au discutat cu cei mici \u0219i voluntarilor care au ajutat la desf\u0103\u0219urarea programului.<\/p>\n<p><em><u>Tab\u0103ra s-a \u00eencheiat, \u00eens\u0103 leg\u0103tura creat\u0103 \u00eentre copii \u0219i cei doi preo\u021bi r\u0103m\u00e2ne una dintre cele mai importante reu\u0219ite ale acestei edi\u021bii.<\/u><\/em><\/p>\n<p><img loading=\"lazy\" decoding=\"async\" class=\"alignnone size-medium wp-image-57842\" src=\"https:\/\/www.impactreal.ro\/wp-content\/uploads\/2026\/07\/vladesti-01-300x225.jpg\" alt width=\"300\" height=\"225\"><\/p>\n<\/div>\n<div class=\"news-content editor-content-entry\">\n<p><strong><em><u>Preo\u021bii care au c\u00e2\u0219tigat inimile copiilor\u00a0<\/u><\/em><\/strong><\/p>\n<p>Cea de-a IV-a edi\u021bie a Taberei de Var\u0103 organizate de Parohia Vl\u0103de\u0219ti s-a \u00eencheiat vineri, 17 iulie 2026, dup\u0103 cinci zile \u00een care copiii din localitate au participat la activit\u0103\u021bi educative, recreative \u0219i religioase.<\/p>\n<p>Programul s-a desf\u0103\u0219urat \u00een perioada 13-17 iulie iar tab\u0103ra s-a adresat copiilor \u0219i tinerilor din Parohia Vl\u0103de\u0219ti. Pentru ei au fost preg\u0103tite ateliere, jocuri, excursii, \u00eent\u00e2lniri cu speciali\u0219ti, momente de rug\u0103ciune \u0219i discu\u021bii despre credin\u021b\u0103, s\u0103n\u0103tate, responsabilitate \u0219i respectul fa\u021b\u0103 de cei din jur.<\/p>\n<p>\u00cen centrul acestei ac\u021biuni s-au aflat p\u0103rin\u021bii <strong><u>Andrei \u0219i Marius<\/u><\/strong>, doi preo\u021bi cunoscu\u021bi \u0219i aprecia\u021bi \u00een localitate pentru apropierea fa\u021b\u0103 de oameni \u0219i pentru aten\u021bia acordat\u0103 copiilor. Implicarea lor nu s-a limitat la organizarea programului. Au fost permanent al\u0103turi de participan\u021bi, au discutat cu ei, le-au explicat lucruri importante \u0219i au \u00eencercat s\u0103 le ofere o vacan\u021b\u0103 frumoas\u0103, dar \u0219i folositoare.<\/p>\n<p><strong>P\u0103rintele Andrei<\/strong> a vorbit cu cei mici despre mesajele cre\u0219tine desprinse din filmele vizionate \u0219i despre felul \u00een care credin\u021ba, bun\u0103tatea \u0219i ajutorul oferit celorlal\u021bi pot fi \u00een\u021belese prin exemple simple. Al\u0103turi de p\u0103rintele <strong><u>Marius Moscalu<\/u><\/strong> , a coordonat activit\u0103\u021bile \u0219i a fost aproape de copii pe \u00eentreaga durat\u0103 a taberei.<\/p>\n<p>Cei doi preo\u021bi sunt iubi\u021bi \u00een Vl\u0103de\u0219ti tocmai pentru aceast\u0103 apropiere \u00a0fa\u021b\u0103 de oameni. Prin astfel de ac\u021biuni, biserica devine un loc \u00een care copiii nu vin doar la slujbe, ci g\u0103sesc sprijin, \u00eendrumare \u0219i oameni dispu\u0219i s\u0103 \u00eei asculte. Tab\u0103ra de Var\u0103 a ajuns la cea de-a patra edi\u021bie, semn c\u0103 ini\u021biativa este a\u0219teptat\u0103 \u0219i apreciat\u0103 de familiile din localitate.<\/p>\n<p>\u00cen cadrul programului, copiii au primit informa\u021bii despre alimenta\u021bia s\u0103n\u0103toas\u0103, prevenirea consumului de droguri \u0219i combaterea bullyingului. Poli\u021bi\u0219tii din cadrul Biroului de Siguran\u021b\u0103 \u0218colar\u0103 \u0219i ai Biroului de Analiz\u0103 \u0219i Prevenire a Criminalit\u0103\u021bii le-au explicat c\u00e2t de important este s\u0103 cear\u0103 ajutor atunci c\u00e2nd sunt victime sau martori ai unor fapte de agresiune.<\/p>\n<p>La activit\u0103\u021bi au fost invita\u021bi \u0219i speciali\u0219ti \u00een nutri\u021bie \u0219i wellness, care au discutat cu participan\u021bii despre mi\u0219care, alimenta\u021bie \u0219i obiceiurile care \u00eei pot ajuta s\u0103 \u00ee\u0219i protejeze s\u0103n\u0103tatea.<\/p>\n<p>Organizarea taberei a fost sprijinit\u0103 de mai multe persoane \u0219i institu\u021bii din Vl\u0103de\u0219ti. Primarul Adrian Cosac a oferit alimente pentru copii, familia Beldiman a pus la dispozi\u021bie gratuit spa\u021biul de la Valea Ursului JoiPark, iar reprezentan\u021bii Clinicii Medisim Plus, familia Avrinte \u0219i Gheorghe Georgescu au contribuit cu fructe, dulciuri, ap\u0103, sucuri \u0219i alte produse necesare.<\/p>\n<p><strong><u>P\u0103rin\u021bii Andrei \u0219i Marius<\/u><\/strong> le-au mul\u021bumit tuturor celor care au sprijinit aceast\u0103 edi\u021bie, invita\u021bilor care au discutat cu cei mici \u0219i voluntarilor care au ajutat la desf\u0103\u0219urarea programului.<\/p>\n<p><em><u>Tab\u0103ra s-a \u00eencheiat, \u00eens\u0103 leg\u0103tura creat\u0103 \u00eentre copii \u0219i cei doi preo\u021bi r\u0103m\u00e2ne una dintre cele mai importante reu\u0219ite ale acestei edi\u021bii.<\/u><\/em><\/p>\n<p><img loading=\"lazy\" decoding=\"async\" class=\"alignnone size-medium wp-image-57842\" src=\"https:\/\/www.impactreal.ro\/wp-content\/uploads\/2026\/07\/vladesti-01-300x225.jpg\" alt width=\"300\" height=\"225\"><\/p>\n<\/div>\n<p>[analyse_source url=&#8221;https:\/\/www.impactreal.ro\/2026\/07\/18\/un-sat-doi-preoti-si-zeci-de-copii-uniti-de-credinta-si-prietenie\/&#8221;]<\/p>\n","protected":false},"excerpt":{"rendered":"<p>[analyse_image type=&#8221;featured&#8221; src=&#8221;https:\/\/www.impactreal.ro\/wp-content\/uploads\/2026\/07\/valdesti-00-1024&#215;725.png&#8221;] 18 iulie 202618 iulie 2026Claudia SchiopuEvenimentLocal Preo\u021bii care au c\u00e2\u0219tigat inimile copiilor\u00a0 Cea de-a IV-a edi\u021bie a Taberei de Var\u0103 organizate de Parohia Vl\u0103de\u0219ti s-a \u00eencheiat vineri, 17 iulie 2026, dup\u0103 cinci zile \u00een care copiii din localitate au participat la activit\u0103\u021bi educative, recreative \u0219i religioase. Programul s-a desf\u0103\u0219urat \u00een perioada 13-17 [&hellip;]<\/p>\n","protected":false},"author":1,"featured_media":0,"comment_status":"open","ping_status":"","sticky":false,"template":"","format":"standard","meta":{"footnotes":""},"categories":[89],"tags":[226,212],"class_list":["post-2050595","post","type-post","status-publish","format-standard","hentry","category-romania","tag-crawlmanager","tag-impactreal-ro"],"_links":{"self":[{"href":"https:\/\/analyse.optim.biz\/index.php?rest_route=\/wp\/v2\/posts\/2050595","targetHints":{"allow":["GET"]}}],"collection":[{"href":"https:\/\/analyse.optim.biz\/index.php?rest_route=\/wp\/v2\/posts"}],"about":[{"href":"https:\/\/analyse.optim.biz\/index.php?rest_route=\/wp\/v2\/types\/post"}],"author":[{"embeddable":true,"href":"https:\/\/analyse.optim.biz\/index.php?rest_route=\/wp\/v2\/users\/1"}],"replies":[{"embeddable":true,"href":"https:\/\/analyse.optim.biz\/index.php?rest_route=%2Fwp%2Fv2%2Fcomments&post=2050595"}],"version-history":[{"count":0,"href":"https:\/\/analyse.optim.biz\/index.php?rest_route=\/wp\/v2\/posts\/2050595\/revisions"}],"wp:attachment":[{"href":"https:\/\/analyse.optim.biz\/index.php?rest_route=%2Fwp%2Fv2%2Fmedia&parent=2050595"}],"wp:term":[{"taxonomy":"category","embeddable":true,"href":"https:\/\/analyse.optim.biz\/index.php?rest_route=%2Fwp%2Fv2%2Fcategories&post=2050595"},{"taxonomy":"post_tag","embeddable":true,"href":"https:\/\/analyse.optim.biz\/index.php?rest_route=%2Fwp%2Fv2%2Ftags&post=2050595"}],"curies":[{"name":"wp","href":"https:\/\/api.w.org\/{rel}","templated":true}]}}