{"id":2050571,"date":"2026-07-17T09:39:20","date_gmt":"2026-07-17T06:39:20","guid":{"rendered":"https:\/\/analyse.optim.biz\/?p=2050571"},"modified":"2026-07-17T09:39:20","modified_gmt":"2026-07-17T06:39:20","slug":"aici-e-locul-nostru-ideo-ideis-incepe-o-noua-etapa-la-editia-21-ziarul-liber-in-teleorman","status":"publish","type":"post","link":"https:\/\/analyse.optim.biz\/?p=2050571","title":{"rendered":"\u201eAICI E LOCUL NOSTRU!\u201d: Ideo Ideis \u00eencepe o nou\u0103 etap\u0103 la edi\u021bia #21 &#8211; Ziarul Liber in Teleorman"},"content":{"rendered":"<p>[analyse_image type=&#8221;featured&#8221; src=&#8221;https:\/\/liberinteleorman.ro\/wp-content\/uploads\/2026\/07\/IMG_9032-1024&#215;683.jpeg&#8221;]<\/p>\n<div class=\"entry-content single56__content single56__post_content single56__body_area\">\n<p><strong>Festivalul Na\u021bional de Teatru T\u00e2n\u0103r Ideo Ideis<\/strong>revine la Alexandria,\u00a0<strong>\u00eentre 29 iulie \u0219i 5 august 2026<\/strong>, cu cea de-a 21-a edi\u021bie. Sub tema\u00a0<strong>\u201eAici e locul nostru!\u201d<\/strong>, festivalul deschide o nou\u0103 etap\u0103 din existen\u021ba sa \u0219i propune un program extins, construit \u00een jurul nevoii de apropiere, dialog \u0219i cooperare.<\/p>\n<p>Edi\u021bia #21 porne\u0219te de la ideea c\u0103 locurile \u00een care oamenii se \u00eent\u00e2lnesc, se ascult\u0103 \u0219i construiesc \u00eempreun\u0103 trebuie p\u0103strate \u0219i protejate. \u00centr-un context social, politic \u0219i economic tot mai instabil, Ideo Ideis aduce \u00een prim-plan cultura ca spa\u021biu comun \u0219i creeaz\u0103 contexte de \u00eent\u00e2lnire \u00eentre genera\u021bii, experien\u021be \u0219i perspective diferite.<\/p>\n<p><em>\u201eLiceeni \u0219i pensionari, copii \u0219i p\u0103rin\u021bi, alex\u0103ndreni \u0219i oameni veni\u021bi din toate col\u021burile \u021b\u0103rii \u2013 ne revedem la Ideo Ideis #21. Pe scen\u0103 \u0219i \u00een public, \u00een comunitate \u0219i online, acolo unde trecutul \u0219i viitorul se \u00eent\u00e2lnesc, iar ceea ce construim \u00eempreun\u0103 conteaz\u0103 mai mult dec\u00e2t ceea ce ne-a desp\u0103r\u021bit. An de an revenim la Ideo Ideis fiindc\u0103 vrem s\u0103 g\u0103sim noi moduri de a face via\u021ba \u00eempreun\u0103 mai bun\u0103. Pentru c\u0103 locul nostru e aici\u201d<\/em>, spune\u00a0<strong>Silvia Ciubotaru, membr\u0103 fondatoare \u0219i co-directoare a Festivalului Ideo Ideis<\/strong>.<\/p>\n<p><strong>Pia\u021ba Ideo Ideis, un spa\u021biu pentru \u00eentreaga comunitate<\/strong><\/p>\n<p>Una dintre principalele nout\u0103\u021bi ale edi\u021biei este\u00a0<strong>Pia\u021ba Ideo Ideis<\/strong>, un spa\u021biu cultural \u0219i comunitar \u00een aer liber sus\u021binut de<strong>Kaufland Rom\u00e2nia<\/strong>. Pia\u021ba Ideo Ideis\u00a0va fi activ\u0103 \u00eentre\u00a0<strong>31 iulie \u0219i 2 august<\/strong>\u00a0\u00een Centrul Pietonal, \u00een zona \u0218colii Gimnaziale Mihai Eminescu \u0219i a Parcului Central din Alexandria.\u00a0<\/p>\n<p><em>\u201e<\/em><em>Pentru Kaufland Rom\u00e2nia sus\u021binerea proiectului Ideo Ideis reprezint\u0103 esen\u021ba implic\u0103rii \u00een comunit\u0103\u021bile \u00een care activ\u0103m. \u00cen plus, facilitarea accesului la cultur\u0103 este pilon cheie \u00een strategia de responsabilitate corporativ\u0103 a companiei, iar astfel de evenimente manifest\u0103 cadrul propice pentru a inspira genera\u021biile viitoare.<\/em>\u201d \u00a0a declarat Katharina Scheidereider, CSR manager Kaufland Rom\u00e2nia \u0219i Republica Moldova. \u00a0<\/p>\n<p>Timp de trei zile, aici vor avea loc spectacole, concerte, proiec\u021bii de film, \u00eent\u00e2lniri, activit\u0103\u021bi pentru copii, parade, ateliere \u0219i interven\u021bii artistice. Pia\u021ba Ideo Ideis va include dou\u0103 scene, zone dedicate activit\u0103\u021bilor educa\u021bionale \u0219i de relaxare, precum \u0219i o zon\u0103 cu comercian\u021bi locali de m\u00e2ncare \u0219i b\u0103uturi r\u0103coritoare.<\/p>\n<p>Programul pentru comunitate cuprinde paneluri \u0219i dezbateri, spectacole profesioniste de teatru-dans \u0219i poezie, produc\u021bii \u00een aer liber, spectacole \u0219i activit\u0103\u021bi pentru copii, show-uri de jonglerie, anima\u021bie stradal\u0103 \u0219i paradele cu papainoage\u00a0<strong><em>Actori la \u00een\u0103l\u021bime<\/em><\/strong>, realizate de Universitatea Na\u021bional\u0103 de Art\u0103 Teatral\u0103 \u0219i Cinematografic\u0103 \u201eI.L. Caragiale\u201d din Bucure\u0219ti.<\/p>\n<p>Publicul va putea vedea \u0219i trei spectacole profesioniste pe scena Centrului Multifunc\u021bional pentru Tineri:\u00a0<strong><em>Charlie Chaplin \u2013 The X-ray of his soul<\/em><\/strong>, produc\u021bie a Teatrului Mic, \u00een regia lui Dumitru Acri\u0219,\u00a0<strong><em>Party<\/em><\/strong>\u00a0(r: Alin Uberti), de la Teatrul Metropolis, \u0219i\u00a0<strong><em>Odd couture<\/em><\/strong>\u00a0(r: Mara Oprea), produs de Platforma de Teatru Politic \u0219i Centrul de Teatru Educa\u021bional Replika.<\/p>\n<p><strong>\u200b\u200bTeatru t\u00e2n\u0103r, mentorat \u0219i \u00eent\u00e2lniri cu profesioni\u0219ti<\/strong><\/p>\n<p>Sec\u021biunea dedicat\u0103 trupelor de teatru de adolescen\u021bi r\u0103m\u00e2ne, totu\u0219i, \u00een centrul festivalului. Cele \u0219apte trupe selectate \u00een edi\u021bia aceasta vin din Bucure\u0219ti (<strong>Brainstorming<\/strong>), Ia\u0219i (<strong>Artwork<\/strong>), Boto\u0219ani (<strong>Atelierul de Teatru<\/strong>), Bac\u0103u (<strong>A.C.T.<\/strong>), Bra\u0219ov (<strong>Amprente<\/strong>), R\u00e2mnicu V\u00e2lcea (<strong>Trupa Leira<\/strong>) \u0219i Panciu (<strong>Protha<\/strong>) \u0219i \u00ee\u0219i vor prezenta spectacolele \u00een fa\u021ba publicului din Alexandria\u00a0ca evenimente de sear\u0103, pentru prima dat\u0103 \u00een istoria festivalului.<\/p>\n<p>Tinerii participan\u021bi vor lua parte la ateliere de teatru \u0219i de arte al\u0103turate, coordonate de arti\u0219ti \u0219i profesioni\u0219ti din teatru (<strong>M\u0103d\u0103lina Stoica, Bogdan Tulbure, Ioana Brumar, Cezara Petredeanu, Alexa Tofan, Oana Jipa, Adelin Tudorache<\/strong>) \u0219i din domenii conexe, precum\u00a0actoria\u00a0de film (<strong>Theodor Ioni\u021b\u0103<\/strong>), dansul (<strong>Eduard Chimac<\/strong>,\u00a0<strong>Teodora Velescu<\/strong>), scrierea dramatic\u0103 (<strong>Alex Gorghe<\/strong>),\u00a0designul\u00a0de costume (<strong>\u0218teff Chelaru<\/strong>) \u0219i cinematografia (<strong>Tudor Platon<\/strong>).<\/p>\n<p>Pe parcursul zilelor de festival, trupele vor beneficia \u0219i de sesiuni de mentorat al\u0103turi de\u00a0<strong>Alex Bogdan<\/strong>,\u00a0<strong>Radu Iacoban<\/strong>,\u00a0<strong>Alina Rotaru<\/strong>\u00a0\u0219i\u00a0<strong>Tudor Prodan<\/strong>, care vor lucra cu adolescen\u021bii pe regie, dramaturgie, actorie, respectiv scenografie.<\/p>\n<p>Programul include \u0219i dou\u0103\u00a0masterclassuri:\u00a0<strong><em>Via\u021b\u0103 \u00een lucru<\/em><\/strong>, un proiect work\u00a0in\u00a0progress despre dependen\u021ba de jocuri de noroc, prezentat de\u00a0<strong>Alex Bogdan<\/strong>\u00a0\u0219i\u00a0<strong>Mara Oprea<\/strong>, \u0219i o conferin\u021b\u0103 interactiv\u0103 despre trecerea de la teatru la stand-up comedy cu\u00a0<strong>Geo Adrian<\/strong>\u00a0\u0219i moderat\u0103 de\u00a0<strong>Sabina Balan<\/strong>.<\/p>\n<p><strong>Ateliere educa\u021bionale \u0219i teme importante pentru comunitate<\/strong><\/p>\n<p>Laboratorul de dezvoltare personal\u0103 \u0219i comunitar\u0103 Ideo Ideis aduce la Alexandria\u00a0<strong>11 ateliere<\/strong>\u00a0<strong>Art&amp;Play<\/strong>, realizate \u00eempreun\u0103 cu organiza\u021bii \u0219i speciali\u0219ti din domenii diverse, disponibile gratuit, pe baz\u0103 de \u00eenscriere. Astfel, participan\u021bii vor putea lua parte la activit\u0103\u021bi despre educa\u021bie media, activism civic, prevenirea violen\u021bei \u00eempotriva femeilor, orientare voca\u021bional\u0103, psihoeduca\u021bie, schimb\u0103ri climatice, puericultur\u0103 \u0219i primul ajutor pentru\u00a0nou-n\u0103scu\u021bi. Programul include \u0219i ateliere de arte grafice, dans modern \u0219i\u00a0breaking\u00a0pentru copii, dar \u0219i ateliere tematice dedicate profesorilor \u0219i tinerilor p\u0103rin\u021bi \u0219i interven\u021bii de clovnerie terapeutic\u0103 \u00een spital.<\/p>\n<p>Printre organiza\u021biile partenere se num\u0103r\u0103 \u0218coala9, IOTA, Forum Apulum, Centrul FILIA, Centrul pentru Jurnalism Independent, Funky Citizens, Asocia\u021bia Moa\u0219elor din Rom\u00e2nia \u0219i REPER21, Tineri Pentru Tineri \u0219i Funda\u021bia Friends For Friends.<\/p>\n<p><strong>Pove\u0219ti, film \u0219i \u00eent\u00e2lniri \u00een aer liber<\/strong><\/p>\n<p>Noua serie de evenimente dedicate comunit\u0103\u021bii\u00a0<strong>#Bine de \u0219tiut<\/strong>\u00a0va aduce \u00een discu\u021bie subiecte cu impact direct asupra comunit\u0103\u021bii: dependen\u021ba de jocuri de noroc cu\u00a0<strong>Alex Bogdan<\/strong>, fraudele financiare prin telefon cu\u00a0<strong>Bogdan Ghebaur<\/strong>\u00a0\u0219i programul gratuit de screening HPV pentru prevenirea cancerului de col uterin, cu\u00a0<strong>Irina Mateescu<\/strong>.\u00a0<\/p>\n<p><strong>Seara Povestitorilor<\/strong>\u00a0revine cu trei \u00eent\u00e2lniri dedicate pove\u0219tilor personale \u0219i experien\u021belor care pot deschide conversa\u021bii importante. Invita\u021bii edi\u021biei sunt jurnalista\u00a0<strong>Andreea Archip<\/strong>, pictorul\u00a0<strong>Lucian Prun\u0103<\/strong>, \u0219i doi dintre autorii antologiei \u201eCum e s\u0103 fii tat\u0103?\u201d publicat\u0103 de ZYX Books:\u00a0<strong>Mihai Du\u021bescu<\/strong>\u00a0(arhitect \u0219i scriitor) \u0219i\u00a0<strong>Victor Ilie<\/strong>\u00a0(jurnalist \u0219i cercet\u0103tor). \u00cent\u00e2lnirile vor fi moderate de Silvia Ciubotaru \u0219i sunt deschise dialogului cu publicul.\u00a0<\/p>\n<p><strong>Cinemateca t\u00e2rzie\u00a0<\/strong>va aduce patru seri de film, \u00een cadrul c\u0103rora vor fi proiectate filmele\u00a0<strong><em>Malul V\u00e2n\u0103t<\/em><\/strong>, regizat de Andreea Cristina Bor\u021bun, co-fondatoarea Ideo Ideis,\u00a0<strong><em>De capul nostru<\/em><\/strong>\u00a0(r. Tudor Cristian Jurgiu),\u00a0<strong><em>Catane<\/em><\/strong>\u00a0(r. Ioana Mischie) \u0219i\u00a0<strong><em>Atlasul universului\u00a0<\/em><\/strong>(r. Paul Negoescu).<\/p>\n<p>Evenimentele edi\u021biei #21 se vor desf\u0103\u0219ura \u00een mai multe spa\u021bii din Alexandria, printre care Centrul Multifunc\u021bional pentru Tineri, \u0218coala Gimnazial\u0103 \u201eMihai Eminescu\u201d, \u0218coala Gimnazial\u0103 \u201eMihai Viteazul\u201d, \u0218coala Gimnazial\u0103 \u201e\u0218tefan cel Mare\u201d, Centrul Pietonal, Parcul Central, parcarea Kaufland Alexandria \u0219i Spitalul Jude\u021bean de Urgen\u021b\u0103 din Alexandria.<\/p>\n<p><a href=\"https:\/\/ideoideis.ro\/proiectele\/festivalul\/program\/\" target=\"_blank\" rel=\"noopener\">Programul complet<\/a>\u00a0al festivalului \u0219i detaliile privind accesul la evenimente sunt publicate pe\u00a0<a href=\"http:\/\/www.ideoideis.ro\/\" target=\"_blank\" rel=\"noopener\">site-ul oficial Ideo Ideis<\/a>\u00a0\u0219i pe paginile de\u00a0<a href=\"https:\/\/www.facebook.com\/ideoideis\" target=\"_blank\" rel=\"noopener\">Facebook<\/a>\u00a0\u0219i\u00a0<a href=\"https:\/\/www.instagram.com\/ideoideis\/?hl=en\" target=\"_blank\" rel=\"noopener\">Instagram<\/a>\u00a0ale festivalului.<\/p>\n<\/div>\n<p>[analyse_source url=&#8221;https:\/\/liberinteleorman.ro\/aici-e-locul-nostru-ideo-ideis-incepe-o-noua-etapa-la-editia-21\/&#8221;]<\/p>\n","protected":false},"excerpt":{"rendered":"<p>[analyse_image type=&#8221;featured&#8221; src=&#8221;https:\/\/liberinteleorman.ro\/wp-content\/uploads\/2026\/07\/IMG_9032-1024&#215;683.jpeg&#8221;] Festivalul Na\u021bional de Teatru T\u00e2n\u0103r Ideo Ideisrevine la Alexandria,\u00a0\u00eentre 29 iulie \u0219i 5 august 2026, cu cea de-a 21-a edi\u021bie. Sub tema\u00a0\u201eAici e locul nostru!\u201d, festivalul deschide o nou\u0103 etap\u0103 din existen\u021ba sa \u0219i propune un program extins, construit \u00een jurul nevoii de apropiere, dialog \u0219i cooperare. Edi\u021bia #21 porne\u0219te de la [&hellip;]<\/p>\n","protected":false},"author":1,"featured_media":0,"comment_status":"open","ping_status":"","sticky":false,"template":"","format":"standard","meta":{"footnotes":""},"categories":[89],"tags":[226,181],"class_list":["post-2050571","post","type-post","status-publish","format-standard","hentry","category-romania","tag-crawlmanager","tag-liberinteleorman-ro"],"_links":{"self":[{"href":"https:\/\/analyse.optim.biz\/index.php?rest_route=\/wp\/v2\/posts\/2050571","targetHints":{"allow":["GET"]}}],"collection":[{"href":"https:\/\/analyse.optim.biz\/index.php?rest_route=\/wp\/v2\/posts"}],"about":[{"href":"https:\/\/analyse.optim.biz\/index.php?rest_route=\/wp\/v2\/types\/post"}],"author":[{"embeddable":true,"href":"https:\/\/analyse.optim.biz\/index.php?rest_route=\/wp\/v2\/users\/1"}],"replies":[{"embeddable":true,"href":"https:\/\/analyse.optim.biz\/index.php?rest_route=%2Fwp%2Fv2%2Fcomments&post=2050571"}],"version-history":[{"count":0,"href":"https:\/\/analyse.optim.biz\/index.php?rest_route=\/wp\/v2\/posts\/2050571\/revisions"}],"wp:attachment":[{"href":"https:\/\/analyse.optim.biz\/index.php?rest_route=%2Fwp%2Fv2%2Fmedia&parent=2050571"}],"wp:term":[{"taxonomy":"category","embeddable":true,"href":"https:\/\/analyse.optim.biz\/index.php?rest_route=%2Fwp%2Fv2%2Fcategories&post=2050571"},{"taxonomy":"post_tag","embeddable":true,"href":"https:\/\/analyse.optim.biz\/index.php?rest_route=%2Fwp%2Fv2%2Ftags&post=2050571"}],"curies":[{"name":"wp","href":"https:\/\/api.w.org\/{rel}","templated":true}]}}