{"id":2050552,"date":"2026-07-18T23:45:37","date_gmt":"2026-07-18T20:45:37","guid":{"rendered":"https:\/\/analyse.optim.biz\/?p=2050552"},"modified":"2026-07-18T23:45:37","modified_gmt":"2026-07-18T20:45:37","slug":"parintele-adrian-agachi-a-reactionat-la-afirmatiile-despre-ora-de-religie-facute-de-corina-atanasiu-usr-e-inadmisibil-sa-ne-intoarcem-la-discursuri-totalitare-scuzele-ar-fi-absolut-necesare","status":"publish","type":"post","link":"https:\/\/analyse.optim.biz\/?p=2050552","title":{"rendered":"P\u0103rintele Adrian Agachi a reac\u021bionat la afirma\u021biile despre ora de Religie f\u0103cute de Corina Atanasiu (USR): E inadmisibil s\u0103 ne \u00eentoarcem la discursuri totalitare. Scuzele ar fi absolut necesare"},"content":{"rendered":"<p>[analyse_image type=&#8221;featured&#8221; src=&#8221;https:\/\/r3media.ro\/wp-content\/uploads\/2026\/04\/adrian-agachi-e1779293888583.pnghttps:\/\/r3media.ro\/wp-content\/uploads\/2026\/04\/adrian-agachi-e1779293888583.png&#8221;]<\/p>\n<article id=\"template-id-109\" class=\"post-109 tdb_templates type-tdb_templates status-publish post\">\n<div id=\"tdi_2\" class=\"tdc-zone\">\n<div class=\"tdc_zone tdi_3  wpb_row td-pb-row\">\n<div id=\"tdi_4\" class=\"tdc-row\">\n<div class=\"vc_row tdi_5  wpb_row td-pb-row\">\n<div class=\"vc_column tdi_7  wpb_column vc_column_container tdc-column td-pb-span8\">\n<div class=\"wpb_wrapper\">\n<div class=\"td_block_wrap tdb_breadcrumbs tdi_8 td-pb-border-top td_block_template_1 tdb-breadcrumbs \" data-td-block-uid=\"tdi_8\">\n<div class=\"tdb-block-inner td-fix-index\"><span><a title=\"Vede\u021bi toate articolele \u00een FEATURED\" class=\"tdb-entry-crumb\" href=\"https:\/\/r3media.ro\/category\/featured\/\">FEATURED<\/a><\/span><span class=\"tdb-bred-no-url-last\">P\u0103rintele Adrian Agachi a reac\u021bionat la afirma\u021biile despre ora de Religie f\u0103cute&#8230;<\/span><\/div>\n<\/div>\n<div class=\"td_block_wrap tdb_single_categories tdi_9 td-pb-border-top td_block_template_1 \" data-td-block-uid=\"tdi_9\">\n<div class=\"tdb-category td-fix-index\"><a class=\"tdb-entry-category\" href=\"https:\/\/r3media.ro\/category\/featured\/\">FEATURED<\/a><a class=\"tdb-entry-category\" href=\"https:\/\/r3media.ro\/category\/stiri\/\">\u0218TIRI<\/a><\/div>\n<\/div>\n<div class=\"td_block_wrap tdb_title tdi_10 tdb-single-title td-pb-border-top td_block_template_1\" data-td-block-uid=\"tdi_10\">\n<div class=\"tdb-block-inner td-fix-index\">\n<h1 class=\"tdb-title-text\">P\u0103rintele Adrian Agachi a reac\u021bionat la afirma\u021biile despre ora de Religie f\u0103cute de Corina Atanasiu (USR): E inadmisibil s\u0103 ne \u00eentoarcem la discursuri totalitare. Scuzele ar fi absolut necesare<\/h1>\n<\/div>\n<\/div>\n<div class=\"vc_row_inner tdi_12  vc_row vc_inner wpb_row td-pb-row\">\n<div class=\"vc_column_inner tdi_14  wpb_column vc_column_container tdc-inner-column td-pb-span12\">\n<div class=\"vc_column-inner\">\n<div class=\"wpb_wrapper\">\n<div class=\"td_block_wrap tdb_single_author tdi_15 td-pb-border-top td_block_template_1 tdb-post-meta\" data-td-block-uid=\"tdi_15\">\n<div class=\"tdb-block-inner td-fix-index\">\n<div class=\"tdb-author-name-wrap\"><a class=\"tdb-author-name\" href=\"https:\/\/r3media.ro\/author\/oana\/\">Oana Ivan<\/a><\/div>\n<\/div>\n<\/div>\n<div class=\"td_block_wrap tdb_single_date tdi_16 td-pb-border-top td_block_template_1 tdb-post-meta\" data-td-block-uid=\"tdi_16\">\n<div class=\"tdb-block-inner td-fix-index\"><time class=\"entry-date updated td-module-date\" datetime=\"2026-07-19T02:45:37+03:00\">19\/07\/2026<\/time><\/div>\n<\/div>\n<\/div>\n<\/div>\n<\/div>\n<\/div>\n<div class=\"td_block_wrap tdb_single_content tdi_18 td-pb-border-top td_block_template_1 td-post-content tagdiv-type\" data-td-block-uid=\"tdi_18\">\n<div class=\"tdb-block-inner td-fix-index\">\n<p><strong>Corina Atanasiu le-a cerut public p\u0103rin\u021bilor s\u0103 nu-\u0219i mai trimit\u0103 copiii la ora de religie. Deputata USR a sus\u021binut pe Facebook c\u0103 \u201edisciplina Religie le-a cerut copiilor s\u0103 mearg\u0103 la slujbe\u201c, iar \u201eBOR a reu\u0219it s\u0103 fac\u0103 obligatoriu mersul la biseric\u0103\u201c.<\/strong><\/p>\n<p>Postarea deputatei USR a fost comb\u0103tut\u0103 de purt\u0103torul de cuv\u00e2nt al Patriarhiei Rom\u00e2ne. P\u0103rintele Adrian Agachi a precizat c\u0103 \u201ee indamisibil s\u0103 ne \u00eentoarcem la discursurile totalitariste \u0219i s\u0103 descriem disciplina Religie \u00een asemenea termeni\u201c.<\/p>\n<p>\u201eCitesc cu stupoare postarea unei doamne deputat \u00een Parlamentul Rom\u00e2niei, membr\u0103 \u00een Comisia de \u00cenv\u0103\u021b\u0103m\u00e2nt, adresat\u0103 p\u0103rin\u021bilor \u00een vederea\u2026ne\u00eenscrierii copiilor la ora de Religie.<\/p>\n<p>Citez: <em>\u201e\u00censcrierea copiilor la ora de Religie din \u0219coal\u0103 a devenit inutil\u0103! Reda\u021bi copiilor acest timp valoros, l\u0103sa\u021bi-i s\u0103 doarm\u0103 mai mult sau s\u0103 se plictiseasc\u0103 mai mult. \u0218i plictiseala are rolul ei\u201d.<\/em><\/p>\n<h2><strong>Religia, inferioar\u0103 plictiselii<\/strong><\/h2>\n<p>\u00a0<\/p>\n<p>Pentru doamna deputat, membr\u0103 \u00een Comisia de \u00cenv\u0103\u021b\u0103m\u00e2nt, disciplina Religie este inferioar\u0103 p\u00e2n\u0103 \u0219i plictiselii.<\/p>\n<p>Apoi, dup\u0103 aceast\u0103 desconsiderare grav\u0103 a disciplinei Religie, a profesorilor care o predau, a p\u0103rin\u021bilor care aleg s\u0103-\u0219i \u00eenscrie copii la ora de Religie \u0219i a elevilor care particip\u0103 la aceasta, textul continu\u0103: \u201eNu, copiii no\u0219tri nu au nevoie de 13 ani de studiu al Religiei. Au nevoie s\u0103 \u00eenve\u021be s\u0103 scrie \u0219i s\u0103 citeasc\u0103, s\u0103 socoteasc\u0103 \u0219i s\u0103 nu plimbe, peste 20 de ani, moa\u0219te pe c\u00e2mp ca solu\u021bie la \u00eenc\u0103lzirea global\u0103 \u0219i la de\u0219ertificare\u201d.<\/p>\n<p>Desconsiderarea celor de mai sus continu\u0103 cu un atac suburban la adresa credin\u021bei, a Bisericii, a credincio\u0219ilor \u0219i a sfin\u021bilor.<br class=\"yoast-text-mark\">&gt;Textul se \u00eencheie apoteotic: <em>\u201eLucrul de care au cea mai pu\u021bin\u0103 nevoie copiii no\u0219tri este s\u0103 nu cerceteze, s\u0103 nu verifice, s\u0103 nu \u00ee\u0219i dezvolte mintea \u0219i glanda criticii.<\/em> Haide\u021bi, c\u0103 ne-am prostit destul! Trebuie s\u0103 ne oprim\u201d.<\/p>\n<h2><strong>Scuzele ar fi absolut necesare<\/strong><\/h2>\n<p>\u00a0<\/p>\n<p>A\u0219adar, religia \u00eel \u00eendobitoce\u0219te pe om. \u00cei surp\u0103 sim\u021bul critic. \u00cei opre\u0219te dezvoltarea mental\u0103 \u0219i \u00eel \u00eempiedic\u0103 s\u0103 fac\u0103 orice fel de cercetare util\u0103.<\/p>\n<p>Concluzia este una simpl\u0103:<\/p>\n<ul>\n<li>prin aceste afirma\u021bii se incit\u0103 la ur\u0103 religioas\u0103<\/li>\n<li>se \u00eencalc\u0103 dreptul la libertate religioas\u0103<\/li>\n<li>este contrazis\u0103 \u00eens\u0103\u0219i Constitu\u021bia Rom\u00e2niei<\/li>\n<li><strong>mai grav, religia este prezentat\u0103 ca \u00een perioada regimului comunist totalitarist ateu: drept o amenin\u021bare la adresa dezvolt\u0103rii umane!<\/strong><\/li>\n<\/ul>\n<p>Este inadmisibil ca dup\u0103 36 de ani de democra\u021bie s\u0103 ne \u00eentoarcem la discursurile totalitariste \u0219i s\u0103 descriem disciplina Religie \u00een asemenea termeni.<\/p>\n<p>\u00cen aceste condi\u021bii, scuzele ar fi binevenite.<\/p>\n<p>Chiar absolut necesare\u201c, a scris Adrian Agachi.<\/p>\n<h2><strong>\u201eOra de Religie oblig\u0103 elevii s\u0103 mearg\u0103 la slujb\u0103\u201c \u2013 De unde s-a pornit confuzia?<\/strong><\/h2>\n<p>\u00a0<\/p>\n<p>P\u0103rintele Adrian Agachi a spus \u0219i care au fost cauzele care au alimentat informa\u021bia rostogolit\u0103 de Corina Atanasiu. Afirma\u021biile acesteia au fost demontate punct cu punct av\u00e2nd ca baz\u0103 Legea \u00eenv\u0103\u021b\u0103m\u00e2ntului \u0219i programele \u0219colare.<\/p>\n<p>\u201e\u00cen primul r\u00e2nd, se porne\u0219te de la o premis\u0103 fals\u0103 \u0219i anume c\u0103 orice referire la experien\u021ba religioas\u0103 a elevului \u00eenseamn\u0103 automat evaluarea sa la or\u0103. Nu. A cere unui elev s\u0103 valorifice experien\u021be personale sau exemple din via\u021ba comunit\u0103\u021bii nu \u00eenseamn\u0103 c\u0103 nota depinde de intensitatea tr\u0103irii religioase. \u00cen multe discipline se valorific\u0103 experien\u021ba personal\u0103 f\u0103r\u0103 ca aceasta s\u0103 devin\u0103 obiectul evalu\u0103rii.<\/p>\n<p>\u00cen al doilea r\u00e2nd, se sugereaz\u0103 c\u0103 simpla men\u021bionare a particip\u0103rii la slujbe ar transforma prezen\u021ba la biseric\u0103 \u00eentr-o condi\u021bie pentru ob\u021binerea unei note bune. Aceast\u0103 concluzie nu rezult\u0103 deloc din standardele de evaluare\u201c, a precizat Adrian Agachi.<\/p>\n<p>\u00a0<\/p>\n<div class=\"crp_related     crp-masonry\">\n<h2>\u00ceN CONTEXT<\/h2>\n<ul>\n<li><a href=\"https:\/\/r3media.ro\/r3media-search-google\/\" class=\"crp_link post-116114\"><span class=\"crp_title\">ALEGE R3media ca sursa ta favorit\u0103 pe Google<\/span><\/a><\/li>\n<li><a href=\"https:\/\/r3media.ro\/religie-fara-religie-sau-spiritual-but-not-religious-ce-se-intampla-cand-vrei-sa-faci-folositoare-ora-de-religie\/\" class=\"crp_link post-112215\"><span class=\"crp_title\">\u201eReligie f\u0103r\u0103 religie\u201d sau spiritual but not religious: ce se \u00eent\u00e2mpl\u0103 c\u00e2nd vrei s\u0103 faci\u2026<\/span><\/a><\/li>\n<li><a href=\"https:\/\/r3media.ro\/adrian-agachi-raspuns-adrian-papahagi-crezul-ortodox\/\" class=\"crp_link post-116598\"><span class=\"crp_title\">Pr. Adrian Agachi i-a r\u0103spuns lui Adrian Papahagi: Crezul Bisericii Ortodoxe nu este un text\u2026<\/span><\/a><\/li>\n<li><a href=\"https:\/\/r3media.ro\/adrian-agachi-sfinti-rechizitorii-acuzare-problema\/\" class=\"crp_link post-119124\"><span class=\"crp_title\">Pr. Adrian Agachi: Dac\u0103 Sfin\u021bii au ajuns s\u0103 fie men\u021biona\u021bi \u00een rechizitorii ca probe ale\u2026<\/span><\/a><\/li>\n<li><a href=\"https:\/\/r3media.ro\/adrian-agachi-bor-vasile-basnescu\/\" class=\"crp_link post-116028\"><span class=\"crp_title\">Adrian Agachi (BOR): Adev\u0103ratele inten\u021bii ale domnului Vasile B\u0103nescu devin tot mai str\u0103ine\u2026<\/span><\/a><\/li>\n<li><a href=\"https:\/\/r3media.ro\/adrian-agachi-rugaciune-iisus-hristos-preasfanta-nascatoare-de-dumnezeu-sfinti-ocrotire-romania-primejdie-pace\/\" class=\"crp_link post-117284\"><span class=\"crp_title\">Adrian Agachi (Patriarhia Rom\u00e2n\u0103): Ne rug\u0103m Domnului Iisus Hristos, Preasfintei N\u0103sc\u0103toare\u2026<\/span><\/a><\/li>\n<li><a href=\"https:\/\/r3media.ro\/purtator-de-cuvant-patriarhia-romana-dexonline-jignire-crestini\/\" class=\"crp_link post-116963\"><span class=\"crp_title\">Purt\u0103torul de cuv\u00e2nt al Patriarhiei Rom\u00e2ne: Dexonline ar trebui s\u0103 ne ofere defini\u021bii, nu s\u0103\u2026<\/span><\/a><\/li>\n<li><a href=\"https:\/\/r3media.ro\/mircea-lucescu-om-datorita-caruia-romania-a-primit-in-folosinta-biserica-sfanta-mucenita-paraschevi-constantinopol\/\" class=\"crp_link post-115786\"><span class=\"crp_title\">Mircea Lucescu &#8211; omul datorit\u0103 c\u0103ruia Rom\u00e2nia a primit \u00een folosin\u021b\u0103 Biserica Sf\u00e2nta Muceni\u021b\u0103\u2026<\/span><\/a><\/li>\n<\/ul>\n<\/div>\n<\/div>\n<\/div>\n<div class=\"td_block_wrap tdb_single_tags tdi_19 td-pb-border-top td_block_template_1\" data-td-block-uid=\"tdi_19\">\n<div class=\"tdb-block-inner td-fix-index\">\n<ul class=\"tdb-tags\">\n<li><span>SUBIECTE FIERBIN\u021aI<\/span><\/li>\n<li><a href=\"https:\/\/r3media.ro\/tag\/adrian-agachi\/\">adrian agachi<\/a><\/li>\n<li><a href=\"https:\/\/r3media.ro\/tag\/corina-atanasiu\/\">corina atanasiu<\/a><\/li>\n<li><a href=\"https:\/\/r3media.ro\/tag\/ora-de-religie\/\">ora de religie<\/a><\/li>\n<\/ul>\n<\/div>\n<\/div>\n<div class=\"td_block_wrap td_block_9 tdi_20 td_with_ajax_pagination td-pb-border-top td_block_template_1 td-column-2 td_block_padding td_block_bot_line\" data-td-block-uid=\"tdi_20\">\n<div class=\"td-block-title-wrap\">\n<h4 class=\"block-title td-block-title\"><span class=\"td-pulldown-size\">CITE\u0218TE MAI MULT<\/span><\/h4>\n<\/div>\n<div id=\"tdi_20\" class=\"td_block_inner\">\n<div class=\"td-block-row\">\n<div class=\"td-block-span6\">\n<div class=\"td_module_8 td_module_wrap\">\n<div class=\"item-details\">\n<h3 class=\"entry-title td-module-title\"><a href=\"https:\/\/r3media.ro\/deznationala-frantei-a-invins-franta\/\" rel=\"bookmark\" title=\"Dezna\u021bionala Fran\u021bei a \u00eenvins Fran\u021ba \u00a0\u00a0\">Dezna\u021bionala Fran\u021bei a \u00eenvins Fran\u021ba \u00a0\u00a0<\/a><\/h3>\n<div class=\"td-module-meta-info\"><a href=\"https:\/\/r3media.ro\/category\/actualitate\/\" class=\"td-post-category\">ACTUALITATE<\/a><span class=\"td-post-author-name\"><a href=\"https:\/\/r3media.ro\/author\/tru\/\">TRU (Traian Ungureanu)<\/a><span>&#8211;<\/span><\/span><span class=\"td-post-date\"><time class=\"entry-date updated td-module-date\" datetime=\"2026-07-15T20:57:25+03:00\">15\/07\/2026<\/time><\/span><\/div>\n<\/div>\n<\/div>\n<\/div>\n<div class=\"td-block-span6\">\n<div class=\"td_module_8 td_module_wrap\">\n<div class=\"item-details\">\n<h3 class=\"entry-title td-module-title\"><a href=\"https:\/\/r3media.ro\/criza-apei-grecia-sapte-insule-stare-de-urgenta-localnici-recolte\/\" rel=\"bookmark\" title=\"Criza apei pe \u0219apte insule din Grecia: A fost emis\u0103 stare de urgen\u021b\u0103. Localnicii nu mai au cu ce s\u0103-\u0219i ude recoltele\">Criza apei pe \u0219apte insule din Grecia: A fost emis\u0103 stare de urgen\u021b\u0103. Localnicii&#8230;<\/a><\/h3>\n<div class=\"td-module-meta-info\"><a href=\"https:\/\/r3media.ro\/category\/stiri-prim-plan\/\" class=\"td-post-category\">PRIM PLAN<\/a><span class=\"td-post-author-name\"><a href=\"https:\/\/r3media.ro\/author\/oana\/\">Oana Ivan<\/a><span>&#8211;<\/span><\/span><span class=\"td-post-date\"><time class=\"entry-date updated td-module-date\" datetime=\"2026-07-16T17:55:42+03:00\">16\/07\/2026<\/time><\/span><\/div>\n<\/div>\n<\/div>\n<\/div>\n<\/div>\n<div class=\"td-block-row\">\n<div class=\"td-block-span6\">\n<div class=\"td_module_8 td_module_wrap\">\n<div class=\"item-details\">\n<h3 class=\"entry-title td-module-title\"><a href=\"https:\/\/r3media.ro\/prof-ioan-aurel-pop-ong-antisemitism-xenofobie\/\" rel=\"bookmark\" title=\"Prof. Ioan-Aurel Pop: Anumite ONG-uri vor s\u0103 \u00eent\u0103reasc\u0103 antisemitismul \u0219i xenofobia, pentru c\u0103 ele s-au \u00eenfiin\u021bat ca s\u0103 combat\u0103 asemenea lucruri\">Prof. Ioan-Aurel Pop: Anumite ONG-uri vor s\u0103 \u00eent\u0103reasc\u0103 antisemitismul \u0219i xenofobia, pentru c\u0103 ele&#8230;<\/a><\/h3>\n<div class=\"td-module-meta-info\"><a href=\"https:\/\/r3media.ro\/category\/stiri-prim-plan\/\" class=\"td-post-category\">PRIM PLAN<\/a><span class=\"td-post-author-name\"><a href=\"https:\/\/r3media.ro\/author\/radu_ursan\/\">Radu Ursan<\/a><span>&#8211;<\/span><\/span><span class=\"td-post-date\"><time class=\"entry-date updated td-module-date\" datetime=\"2026-07-16T15:28:25+03:00\">16\/07\/2026<\/time><\/span><\/div>\n<\/div>\n<\/div>\n<\/div>\n<div class=\"td-block-span6\">\n<div class=\"td_module_8 td_module_wrap\">\n<div class=\"item-details\">\n<h3 class=\"entry-title td-module-title\"><a href=\"https:\/\/r3media.ro\/revolte-violente-franta-eliminare-cupa-mondiala-spania-video\/\" rel=\"bookmark\" title=\"VIDEO | Revolte violente \u00een Fran\u021ba dup\u0103 eliminarea de la Cupa Mondial\u0103\">VIDEO | Revolte violente \u00een Fran\u021ba dup\u0103 eliminarea de la Cupa Mondial\u0103<\/a><\/h3>\n<div class=\"td-module-meta-info\"><a href=\"https:\/\/r3media.ro\/category\/actualitate\/\" class=\"td-post-category\">ACTUALITATE<\/a><span class=\"td-post-author-name\"><a href=\"https:\/\/r3media.ro\/author\/oana\/\">Oana Ivan<\/a><span>&#8211;<\/span><\/span><span class=\"td-post-date\"><time class=\"entry-date updated td-module-date\" datetime=\"2026-07-15T15:35:05+03:00\">15\/07\/2026<\/time><\/span><\/div>\n<\/div>\n<\/div>\n<\/div>\n<\/div>\n<div class=\"td-block-row\">\n<div class=\"td-block-span6\">\n<div class=\"td_module_8 td_module_wrap\">\n<div class=\"item-details\">\n<h3 class=\"entry-title td-module-title\"><a href=\"https:\/\/r3media.ro\/cine-este-cu-adevarat-francez\/\" rel=\"bookmark\" title=\"Cine este cu adev\u0103rat francez?\">Cine este cu adev\u0103rat francez?<\/a><\/h3>\n<div class=\"td-module-meta-info\"><a href=\"https:\/\/r3media.ro\/category\/actualitate\/\" class=\"td-post-category\">ACTUALITATE<\/a><span class=\"td-post-author-name\"><a href=\"https:\/\/r3media.ro\/author\/gabipopa\/\">Gabriel Popa<\/a><span>&#8211;<\/span><\/span><span class=\"td-post-date\"><time class=\"entry-date updated td-module-date\" datetime=\"2026-07-15T09:52:34+03:00\">15\/07\/2026<\/time><\/span><\/div>\n<\/div>\n<\/div>\n<\/div>\n<div class=\"td-block-span6\">\n<div class=\"td_module_8 td_module_wrap\">\n<div class=\"item-details\">\n<h3 class=\"entry-title td-module-title\"><a href=\"https:\/\/r3media.ro\/ioan-aurel-pop-lege-vexler-razboi-istoria\/\" rel=\"bookmark\" title=\"Ioan-Aurel Pop critic\u0103 legea Vexler \u00eentr-un articol de neratat: Nu putem s\u0103 ducem un r\u0103zboi cu istoria\">Ioan-Aurel Pop critic\u0103 legea Vexler \u00eentr-un articol de neratat: Nu putem s\u0103 ducem un&#8230;<\/a><\/h3>\n<div class=\"td-module-meta-info\"><a href=\"https:\/\/r3media.ro\/category\/actualitate\/\" class=\"td-post-category\">ACTUALITATE<\/a><span class=\"td-post-author-name\"><a href=\"https:\/\/r3media.ro\/author\/radu_ursan\/\">Radu Ursan<\/a><span>&#8211;<\/span><\/span><span class=\"td-post-date\"><time class=\"entry-date updated td-module-date\" datetime=\"2026-07-12T21:42:54+03:00\">12\/07\/2026<\/time><\/span><\/div>\n<\/div>\n<\/div>\n<\/div>\n<\/div>\n<div class=\"td-block-row\">\n<div class=\"td-block-span6\">\n<div class=\"td_module_8 td_module_wrap\">\n<div class=\"item-details\">\n<h3 class=\"entry-title td-module-title\"><a href=\"https:\/\/r3media.ro\/scandalul-rachetelor-patriot-zguduie-polonia-varsovia-declasifica-tot-ajutorul-militar-acordat-ucrainei\/\" rel=\"bookmark\" title=\"Scandalul rachetelor Patriot zguduie Polonia: Var\u0219ovia declasific\u0103 tot ajutorul militar acordat Ucrainei\">Scandalul rachetelor Patriot zguduie Polonia: Var\u0219ovia declasific\u0103 tot ajutorul militar acordat Ucrainei<\/a><\/h3>\n<div class=\"td-module-meta-info\"><a href=\"https:\/\/r3media.ro\/category\/stiri\/\" class=\"td-post-category\">\u0218TIRI<\/a><span class=\"td-post-author-name\"><a href=\"https:\/\/r3media.ro\/author\/radu_ursan\/\">Radu Ursan<\/a><span>&#8211;<\/span><\/span><span class=\"td-post-date\"><time class=\"entry-date updated td-module-date\" datetime=\"2026-07-12T20:43:04+03:00\">12\/07\/2026<\/time><\/span><\/div>\n<\/div>\n<\/div>\n<\/div>\n<div class=\"td-block-span6\">\n<div class=\"td_module_8 td_module_wrap\">\n<div class=\"item-details\">\n<h3 class=\"entry-title td-module-title\"><a href=\"https:\/\/r3media.ro\/ce-ne-facem-cu-atatia-prosti\/\" rel=\"bookmark\" title=\"Ce ne facem cu at\u00e2\u021bia pro\u0219ti?\">Ce ne facem cu at\u00e2\u021bia pro\u0219ti?<\/a><\/h3>\n<div class=\"td-module-meta-info\"><a href=\"https:\/\/r3media.ro\/category\/opinii\/\" class=\"td-post-category\">OPINII<\/a><span class=\"td-post-author-name\"><a href=\"https:\/\/r3media.ro\/author\/alexandru_racu\/\">Alexandru Racu<\/a><span>&#8211;<\/span><\/span><span class=\"td-post-date\"><time class=\"entry-date updated td-module-date\" datetime=\"2026-07-12T14:11:45+03:00\">12\/07\/2026<\/time><\/span><\/div>\n<\/div>\n<\/div>\n<\/div>\n<\/div>\n<div class=\"td-block-row\">\n<div class=\"td-block-span6\">\n<div class=\"td_module_8 td_module_wrap\">\n<div class=\"item-details\">\n<h3 class=\"entry-title td-module-title\"><a href=\"https:\/\/r3media.ro\/guvernul-sanchez-demoleaza-monumentul-de-la-majadahonda-ion-mota-vasile-marin-lupta-rzaboiul-civil-spaniol-comunisti\/\" rel=\"bookmark\" title=\"Guvernul Sanchez demoleaz\u0103 Monumentul de la Majadahonda, dedicat lui Ion Mo\u021ba \u0219i Vasile Marin, rom\u00e2nii care au luptat \u00eempotriva comuni\u0219tilor \u00een R\u0103zboiul Civil Spaniol\">Guvernul Sanchez demoleaz\u0103 Monumentul de la Majadahonda, dedicat lui Ion Mo\u021ba \u0219i Vasile Marin,&#8230;<\/a><\/h3>\n<div class=\"td-module-meta-info\"><a href=\"https:\/\/r3media.ro\/category\/actualitate\/\" class=\"td-post-category\">ACTUALITATE<\/a><span class=\"td-post-author-name\"><a href=\"https:\/\/r3media.ro\/author\/oana\/\">Oana Ivan<\/a><span>&#8211;<\/span><\/span><span class=\"td-post-date\"><time class=\"entry-date updated td-module-date\" datetime=\"2026-07-12T01:11:49+03:00\">12\/07\/2026<\/time><\/span><\/div>\n<\/div>\n<\/div>\n<\/div>\n<div class=\"td-block-span6\">\n<div class=\"td_module_8 td_module_wrap\">\n<div class=\"item-details\">\n<h3 class=\"entry-title td-module-title\"><a href=\"https:\/\/r3media.ro\/sofer-surpriza-neplacuta-benzinarie-austria-oprit-apa-portbagaj\/\" rel=\"bookmark\" title=\"Un \u0219ofer a avut parte de o surpriz\u0103 nepl\u0103cut\u0103 la benzin\u0103rie dup\u0103 ce a oprit un minut \u0219i 28 de secunde pentru a scoate o sticl\u0103 de ap\u0103 din portbagaj\">Un \u0219ofer a avut parte de o surpriz\u0103 nepl\u0103cut\u0103 la benzin\u0103rie dup\u0103 ce a&#8230;<\/a><\/h3>\n<div class=\"td-module-meta-info\"><a href=\"https:\/\/r3media.ro\/category\/actualitate\/\" class=\"td-post-category\">ACTUALITATE<\/a><span class=\"td-post-author-name\"><a href=\"https:\/\/r3media.ro\/author\/oana\/\">Oana Ivan<\/a><span>&#8211;<\/span><\/span><span class=\"td-post-date\"><time class=\"entry-date updated td-module-date\" datetime=\"2026-07-11T13:00:01+03:00\">11\/07\/2026<\/time><\/span><\/div>\n<\/div>\n<\/div>\n<\/div>\n<\/div>\n<div class=\"td-block-row\">\n<div class=\"td-block-span6\">\n<div class=\"td_module_8 td_module_wrap\">\n<div class=\"item-details\">\n<h3 class=\"entry-title td-module-title\"><a href=\"https:\/\/r3media.ro\/o-femeie-mentalitate-femei-moderne-printese-disney\/\" rel=\"bookmark\" title=\"VIDEO | O femeie critic\u0103 mentalitatea femeii moderne care distruge rela\u021bia cu b\u0103rbatul s\u0103u: Suntem crescute \u00een ideea de prin\u021bese, dar nu suntem la Disney\">VIDEO | O femeie critic\u0103 mentalitatea femeii moderne care distruge rela\u021bia cu b\u0103rbatul s\u0103u:&#8230;<\/a><\/h3>\n<div class=\"td-module-meta-info\"><a href=\"https:\/\/r3media.ro\/category\/actualitate\/\" class=\"td-post-category\">ACTUALITATE<\/a><span class=\"td-post-author-name\"><a href=\"https:\/\/r3media.ro\/author\/teodor_stan\/\">Teodor Stan<\/a><span>&#8211;<\/span><\/span><span class=\"td-post-date\"><time class=\"entry-date updated td-module-date\" datetime=\"2026-07-10T12:47:58+03:00\">10\/07\/2026<\/time><\/span><\/div>\n<\/div>\n<\/div>\n<\/div>\n<div class=\"td-block-span6\">\n<div class=\"td_module_8 td_module_wrap\">\n<div class=\"item-details\">\n<h3 class=\"entry-title td-module-title\"><a href=\"https:\/\/r3media.ro\/cutremur-5-5-grade-scara-richter-resimtit-cehia-slovacia\/\" rel=\"bookmark\" title=\"Cutremur de 5.5 grade pe scara Richter. S-a resim\u021bit \u00een Cehia \u0219i Slovacia\">Cutremur de 5.5 grade pe scara Richter. S-a resim\u021bit \u00een Cehia \u0219i Slovacia<\/a><\/h3>\n<div class=\"td-module-meta-info\"><a href=\"https:\/\/r3media.ro\/category\/actualitate\/\" class=\"td-post-category\">ACTUALITATE<\/a><span class=\"td-post-author-name\"><a href=\"https:\/\/r3media.ro\/author\/oana\/\">Oana Ivan<\/a><span>&#8211;<\/span><\/span><span class=\"td-post-date\"><time class=\"entry-date updated td-module-date\" datetime=\"2026-07-09T20:48:24+03:00\">09\/07\/2026<\/time><\/span><\/div>\n<\/div>\n<\/div>\n<\/div>\n<\/div>\n<\/div>\n<div class=\"td-load-more-wrap td-load-more-infinite-wrap\" id=\"infinite-lm-tdi_20\"><a href=\"https:\/\/r3media.ro\/parinte-adrian-agachi-reactie-declaratii-ora-de-religie-corina-atanasiu-usr-totalitarism\/\" class=\"td_ajax_load_more td_ajax_load_more_js\" aria-label=\"\u00cenc\u0103rca\u021bi mai multe\" id=\"next-page-tdi_20\" data-td_block_id=\"tdi_20\">\u00cenc\u0103rca\u021bi mai multe<\/a><\/div>\n<\/div>\n<div class=\"td_block_wrap tdb_single_comments tdi_21 tdb-comm-layout2 td-pb-border-top td_block_template_1\" data-td-block-uid=\"tdi_21\">\n<div class=\"tdb-block-inner td-fix-index\">\n<div class=\"comments\" id=\"comments\">\n<div id=\"respond\" class=\"comment-respond\">\n<h3 id=\"reply-title\" class=\"comment-reply-title\">AI CEVA DE SPUS? <small><a rel=\"nofollow\" id=\"cancel-comment-reply-link\" href=\"https:\/\/r3media.ro\/parinte-adrian-agachi-reactie-declaratii-ora-de-religie-corina-atanasiu-usr-totalitarism\/#respond\">Renun\u021ba\u021bi la r\u0103spuns<\/a><\/small><\/h3>\n<div class=\"comment-form-input-wrap td-form-comment\">\n<div class=\"td-warning-comment\">V\u0103 rug\u0103m s\u0103 introduce\u021bi comentariul dvs.!<\/div>\n<\/div>\n<div class=\"comment-form-input-wrap td-form-author\">\n<div class=\"td-warning-author\">Introduce\u021bi aici numele dvs.<\/div>\n<\/div>\n<div class=\"comment-form-input-wrap td-form-email\">\n<div class=\"td-warning-email-error\">A\u021bi introdus o adres\u0103 de e-mail incorect\u0103!<\/div>\n<div class=\"td-warning-email\">V\u0103 rug\u0103m s\u0103 introduce\u021bi adresa dvs. de e-mail aici<\/div>\n<\/div>\n<\/div>\n<\/div>\n<\/div>\n<\/div>\n<\/div>\n<\/div>\n<div class=\"vc_column tdi_23  wpb_column vc_column_container tdc-column td-pb-span4 td-is-sticky\">\n<div class=\"wpb_wrapper\" data-sticky-enabled-on=\"W3RydWUsdHJ1ZSx0cnVlLHRydWVd\" data-sticky-offset=\"20\" data-sticky-is-width-auto=\"W2ZhbHNlLGZhbHNlLGZhbHNlLGZhbHNlXQ==\">\n<div class=\"wpb_wrapper td_block_wrap vc_widget_sidebar tdi_25 \">\n<div class=\"td_block_wrap td_block_7 td_block_widget tdi_26 td-pb-border-top td_block_template_1 td-column-1 td_block_padding\" data-td-block-uid=\"tdi_26\">\n<div class=\"td-block-title-wrap\">\n<h4 class=\"block-title td-block-title\"><span class=\"td-pulldown-size\">Articole RELA\u021aIONATE<\/span><\/h4>\n<\/div>\n<div id=\"tdi_26\" class=\"td_block_inner\">\n<div class=\"td-block-span12\">\n<div class=\"td_module_6 td_module_wrap td-animation-stack\">\n<div class=\"td-module-thumb\"><a href=\"https:\/\/r3media.ro\/candidat-barbat-partidul-democrat-sua-menstruatie-sangerare-rect\/\" rel=\"bookmark\" class=\"td-image-wrap \" title=\"VIDEO | Un b\u0103rbat care candideaz\u0103 de la Partidul Democrat din SUA ar fi sus\u021binut c\u0103 are menstrua\u021bie \u0219i elimin\u0103 s\u00e2ngele prin rect\"><img loading=\"lazy\" decoding=\"async\" class=\"entry-thumb\" src=\"https:\/\/r3media.ro\/wp-content\/uploads\/2026\/07\/candidat-democrat-transgender-100x70.png\" alt title=\"VIDEO | Un b\u0103rbat care candideaz\u0103 de la Partidul Democrat din SUA ar fi sus\u021binut c\u0103 are menstrua\u021bie \u0219i elimin\u0103 s\u00e2ngele prin rect\" width=\"100\" height=\"70\"><\/a><\/div>\n<div class=\"item-details\">\n<h3 class=\"entry-title td-module-title\"><a href=\"https:\/\/r3media.ro\/candidat-barbat-partidul-democrat-sua-menstruatie-sangerare-rect\/\" rel=\"bookmark\" title=\"VIDEO | Un b\u0103rbat care candideaz\u0103 de la Partidul Democrat din SUA ar fi sus\u021binut c\u0103 are menstrua\u021bie \u0219i elimin\u0103 s\u00e2ngele prin rect\">VIDEO | Un b\u0103rbat care candideaz\u0103 de la Partidul Democrat din&#8230;<\/a><\/h3>\n<div class=\"td-module-meta-info\"><span class=\"td-post-date\"><time class=\"entry-date updated td-module-date\" datetime=\"2026-07-19T02:19:11+03:00\">19\/07\/2026<\/time><\/span><\/div>\n<\/div>\n<\/div>\n<\/div>\n<div class=\"td-block-span12\">\n<div class=\"td_module_6 td_module_wrap td-animation-stack\">\n<div class=\"td-module-thumb\"><a href=\"https:\/\/r3media.ro\/franta-anglia-finala-mica-cupa-mondiala-les-bleus-the-three-lions-lupta-medalie-bronz\/\" rel=\"bookmark\" class=\"td-image-wrap \" title=\"Fran\u021ba 4 \u2013 6 Anglia, finala mic\u0103 la Cupa Mondial\u0103 2026: Britanicii au c\u00e2\u0219tigat medalia de bronz\"><img loading=\"lazy\" decoding=\"async\" class=\"entry-thumb\" src=\"https:\/\/r3media.ro\/wp-content\/uploads\/2026\/07\/hard-rock-stadium-miami-100x70.jpg\" alt title=\"Fran\u021ba 4 \u2013 6 Anglia, finala mic\u0103 la Cupa Mondial\u0103 2026: Britanicii au c\u00e2\u0219tigat medalia de bronz\" width=\"100\" height=\"70\"><\/a><\/div>\n<div class=\"item-details\">\n<h3 class=\"entry-title td-module-title\"><a href=\"https:\/\/r3media.ro\/franta-anglia-finala-mica-cupa-mondiala-les-bleus-the-three-lions-lupta-medalie-bronz\/\" rel=\"bookmark\" title=\"Fran\u021ba 4 \u2013 6 Anglia, finala mic\u0103 la Cupa Mondial\u0103 2026: Britanicii au c\u00e2\u0219tigat medalia de bronz\">Fran\u021ba 4 \u2013 6 Anglia, finala mic\u0103 la Cupa Mondial\u0103 2026:&#8230;<\/a><\/h3>\n<div class=\"td-module-meta-info\"><span class=\"td-post-date\"><time class=\"entry-date updated td-module-date\" datetime=\"2026-07-18T12:39:58+03:00\">18\/07\/2026<\/time><\/span><\/div>\n<\/div>\n<\/div>\n<\/div>\n<div class=\"td-block-span12\">\n<div class=\"td_module_6 td_module_wrap td-animation-stack\">\n<div class=\"td-module-thumb\"><a href=\"https:\/\/r3media.ro\/dragos-tanase-demisie-conducere-gabriel-resources-18-ani\/\" rel=\"bookmark\" class=\"td-image-wrap \" title=\"Drago\u0219 T\u0103nase a demisionat de la conducerea Gabriel Resources dup\u0103 18 ani\"><img loading=\"lazy\" decoding=\"async\" class=\"entry-thumb\" src=\"https:\/\/r3media.ro\/wp-content\/uploads\/2026\/07\/dragos-tanase-100x70.jpg\" alt title=\"Drago\u0219 T\u0103nase a demisionat de la conducerea Gabriel Resources dup\u0103 18 ani\" width=\"100\" height=\"70\"><\/a><\/div>\n<div class=\"item-details\">\n<h3 class=\"entry-title td-module-title\"><a href=\"https:\/\/r3media.ro\/dragos-tanase-demisie-conducere-gabriel-resources-18-ani\/\" rel=\"bookmark\" title=\"Drago\u0219 T\u0103nase a demisionat de la conducerea Gabriel Resources dup\u0103 18 ani\">Drago\u0219 T\u0103nase a demisionat de la conducerea Gabriel Resources dup\u0103 18&#8230;<\/a><\/h3>\n<div class=\"td-module-meta-info\"><span class=\"td-post-date\"><time class=\"entry-date updated td-module-date\" datetime=\"2026-07-18T11:07:09+03:00\">18\/07\/2026<\/time><\/span><\/div>\n<\/div>\n<\/div>\n<\/div>\n<div class=\"td-block-span12\">\n<div class=\"td_module_6 td_module_wrap td-animation-stack\">\n<div class=\"td-module-thumb\"><a href=\"https:\/\/r3media.ro\/aur-sustine-ca-dan-tanasa-este-urmarit-penal-pentru-instigare-la-ura\/\" rel=\"bookmark\" class=\"td-image-wrap \" title=\"AUR sus\u021bine c\u0103 Dan T\u0103nas\u0103 este urm\u0103rit penal pentru instigare la ur\u0103\"><img loading=\"lazy\" decoding=\"async\" class=\"entry-thumb\" src=\"https:\/\/r3media.ro\/wp-content\/uploads\/2026\/05\/Tanasa-Dan-ursi-100x70.jpg\" alt title=\"AUR sus\u021bine c\u0103 Dan T\u0103nas\u0103 este urm\u0103rit penal pentru instigare la ur\u0103\" width=\"100\" height=\"70\"><\/a><\/div>\n<div class=\"item-details\">\n<h3 class=\"entry-title td-module-title\"><a href=\"https:\/\/r3media.ro\/aur-sustine-ca-dan-tanasa-este-urmarit-penal-pentru-instigare-la-ura\/\" rel=\"bookmark\" title=\"AUR sus\u021bine c\u0103 Dan T\u0103nas\u0103 este urm\u0103rit penal pentru instigare la ur\u0103\">AUR sus\u021bine c\u0103 Dan T\u0103nas\u0103 este urm\u0103rit penal pentru instigare la&#8230;<\/a><\/h3>\n<div class=\"td-module-meta-info\"><span class=\"td-post-date\"><time class=\"entry-date updated td-module-date\" datetime=\"2026-07-18T00:21:51+03:00\">18\/07\/2026<\/time><\/span><\/div>\n<\/div>\n<\/div>\n<\/div>\n<div class=\"td-block-span12\">\n<div class=\"td_module_6 td_module_wrap td-animation-stack\">\n<div class=\"td-module-thumb\"><a href=\"https:\/\/r3media.ro\/18-iulie-moartea-reginei-maria\/\" rel=\"bookmark\" class=\"td-image-wrap \" title=\"Calendarul zilei 18 iulie: 88 de ani de la moartea Reginei Maria, singura femeie onorat\u0103 pe ultimul drum de Armata Rom\u00e2n\u0103\"><img loading=\"lazy\" decoding=\"async\" class=\"entry-thumb\" src=\"https:\/\/r3media.ro\/wp-content\/uploads\/2020\/10\/29-octombrie-regina-maria-100x70.jpg\" alt title=\"Calendarul zilei 18 iulie: 88 de ani de la moartea Reginei Maria, singura femeie onorat\u0103 pe ultimul drum de Armata Rom\u00e2n\u0103\" width=\"100\" height=\"70\"><\/a><\/div>\n<div class=\"item-details\">\n<h3 class=\"entry-title td-module-title\"><a href=\"https:\/\/r3media.ro\/18-iulie-moartea-reginei-maria\/\" rel=\"bookmark\" title=\"Calendarul zilei 18 iulie: 88 de ani de la moartea Reginei Maria, singura femeie onorat\u0103 pe ultimul drum de Armata Rom\u00e2n\u0103\">Calendarul zilei 18 iulie: 88 de ani de la moartea Reginei&#8230;<\/a><\/h3>\n<div class=\"td-module-meta-info\"><span class=\"td-post-date\"><time class=\"entry-date updated td-module-date\" datetime=\"2026-07-17T23:12:50+03:00\">17\/07\/2026<\/time><\/span><\/div>\n<\/div>\n<\/div>\n<\/div>\n<div class=\"td-block-span12\">\n<div class=\"td_module_6 td_module_wrap td-animation-stack\">\n<div class=\"td-module-thumb\"><a href=\"https:\/\/r3media.ro\/18-iulie-sf-emilian-de-la-durostor\/\" rel=\"bookmark\" class=\"td-image-wrap \" title=\"Calendarul zilei 18 iulie: Sf. Emilian de la Durostor\"><img loading=\"lazy\" decoding=\"async\" class=\"entry-thumb\" src=\"https:\/\/r3media.ro\/wp-content\/uploads\/2022\/07\/sddefault-5-100x70.jpg\" alt title=\"Calendarul zilei 18 iulie: Sf. Emilian de la Durostor\" width=\"100\" height=\"70\"><\/a><\/div>\n<div class=\"item-details\">\n<h3 class=\"entry-title td-module-title\"><a href=\"https:\/\/r3media.ro\/18-iulie-sf-emilian-de-la-durostor\/\" rel=\"bookmark\" title=\"Calendarul zilei 18 iulie: Sf. Emilian de la Durostor\">Calendarul zilei 18 iulie: Sf. Emilian de la Durostor<\/a><\/h3>\n<div class=\"td-module-meta-info\"><span class=\"td-post-date\"><time class=\"entry-date updated td-module-date\" datetime=\"2026-07-17T23:00:32+03:00\">17\/07\/2026<\/time><\/span><\/div>\n<\/div>\n<\/div>\n<\/div>\n<div class=\"td-block-span12\">\n<div class=\"td_module_6 td_module_wrap td-animation-stack\">\n<div class=\"td-module-thumb\"><a href=\"https:\/\/r3media.ro\/18-iulie-primul-10-din-istoria-gimnasticii-mondiale-obtinut-de-nadia-comaneci\/\" rel=\"bookmark\" class=\"td-image-wrap \" title=\"Calendarul zilei 18 iulie: 50 de ani la primul 10 din istoria gimnasticii mondiale, ob\u021binut de Nadia Com\u0103neci | VIDEO\"><img loading=\"lazy\" decoding=\"async\" class=\"entry-thumb\" src=\"https:\/\/r3media.ro\/wp-content\/uploads\/2023\/07\/nadia-zece-e1689670672282-100x70.jpg\" alt title=\"Calendarul zilei 18 iulie: 50 de ani la primul 10 din istoria gimnasticii mondiale, ob\u021binut de Nadia Com\u0103neci | VIDEO\" width=\"100\" height=\"70\"><\/a><\/div>\n<div class=\"item-details\">\n<h3 class=\"entry-title td-module-title\"><a href=\"https:\/\/r3media.ro\/18-iulie-primul-10-din-istoria-gimnasticii-mondiale-obtinut-de-nadia-comaneci\/\" rel=\"bookmark\" title=\"Calendarul zilei 18 iulie: 50 de ani la primul 10 din istoria gimnasticii mondiale, ob\u021binut de Nadia Com\u0103neci | VIDEO\">Calendarul zilei 18 iulie: 50 de ani la primul 10 din&#8230;<\/a><\/h3>\n<div class=\"td-module-meta-info\"><span class=\"td-post-date\"><time class=\"entry-date updated td-module-date\" datetime=\"2026-07-17T22:58:24+03:00\">17\/07\/2026<\/time><\/span><\/div>\n<\/div>\n<\/div>\n<\/div>\n<\/div>\n<\/div>\n<aside class=\"td_block_template_1 widget widget_recent_comments\">\n<h4 class=\"block-title\"><span>INTR\u0102 \u00ceN DISCU\u021aIE!<\/span><\/h4>\n<ul id=\"recentcomments\">\n<li class=\"recentcomments\"><span class=\"comment-author-link\">Doru<\/span> la <a href=\"https:\/\/r3media.ro\/prof-dan-dungaciu-federatia-rusa-ajutor-pentru-ucraina\/#comment-40277\">Prof. Dan Dungaciu: Tu vrei s\u0103 love\u0219ti ariciul, adic\u0103 Federa\u021bia Rus\u0103, cu s\u00e2ngele, carnea \u0219i oasele ucrainenilor. \u0102sta e un ajutor pentru Ucraina?<\/a><\/li>\n<li class=\"recentcomments\"><span class=\"comment-author-link\">Constantin<\/span> la <a href=\"https:\/\/r3media.ro\/primar-cetateni-oradea-presiuni-lgbt\/#comment-40276\">Primarul \u0219i cet\u0103\u021benii din Oradea, presa\u021bi de lobby-ul interna\u021bional LGBT s\u0103 permit\u0103 mar\u0219ul homosexualit\u0103\u021bii pe str\u0103zile ora\u0219ului<\/a><\/li>\n<li class=\"recentcomments\"><span class=\"comment-author-link\">Iulian<\/span> la <a href=\"https:\/\/r3media.ro\/nicusor-dan-romania-militar-ucraina-secret\/#comment-40275\">Nicu\u0219or Dan a spus c\u0103 Rom\u00e2nia a transferat din capabilit\u0103\u021bile sale militare defensive c\u0103tre Ucraina \u0219i c\u0103 e bine s\u0103 r\u0103m\u00e2n\u0103 secret<\/a><\/li>\n<li class=\"recentcomments\"><span class=\"comment-author-link\">Yanny<\/span> la <a href=\"https:\/\/r3media.ro\/apuseni-fest-2026-muntele-gaina-targul-de-fete\/#comment-40274\">Apuseni Fest \u2013 2026: prima edi\u021bie de muzic\u0103 electronica, la \u00een\u0103l\u021bime, pe Muntele G\u0103ina, \u00een weekendul T\u00e2rgului de Fete<\/a><\/li>\n<li class=\"recentcomments\"><span class=\"comment-author-link\">Mihaela<\/span> la <a href=\"https:\/\/r3media.ro\/ilie-bolojan-alegeri-anticipate\/#comment-40272\">Ilie Bolojan ia \u00een calcul organizarea alegerilor anticipate: Mai devreme sau mai t\u00e2rziu, s\u0103 ne \u00eentoarcem la judecata cet\u0103\u0163enilor<\/a><\/li>\n<li class=\"recentcomments\"><span class=\"comment-author-link\">Kh-47M2 Kinzhal<\/span> la <a href=\"https:\/\/r3media.ro\/premiera-mondiala-robot-transportat-barca-lupta-razboi-ucraina-video\/#comment-40271\">VIDEO | Premier\u0103 mondial\u0103! Un robot cu inteligen\u021b\u0103 artificial\u0103 transportat de o barc\u0103 lupt\u0103 \u00een r\u0103zboiul din Ucraina<\/a><\/li>\n<li class=\"recentcomments\"><span class=\"comment-author-link\">Constantin<\/span> la <a href=\"https:\/\/r3media.ro\/ambasadorul-germaniei-la-chisinau-revine-nu-a-fost-intentia-mea-sa-pun-sub-semnul-intrebarii-unitatea-chestiunii-romanesti-sau-a-credintei-crestin-ortodoxe\/#comment-40270\">Ambasadorul Germaniei la Chi\u0219in\u0103u revine: Nu a fost inten\u0163ia mea s\u0103 pun sub semnul \u00eentreb\u0103rii unitatea chestiunii rom\u00e2ne\u015fti sau a credin\u0163ei cre\u015ftin ortodoxe<\/a><\/li>\n<\/ul>\n<\/aside>\n<aside class=\"td_block_template_1 widget widget_search\">\n<h4 class=\"block-title\"><span>CAUT\u0102 \u0218I VEI G\u0102SI<\/span><\/h4>\n<\/aside>\n<\/div>\n<\/div>\n<\/div>\n<\/div>\n<\/div>\n<\/div>\n<\/div>\n<p><span class=\"td-page-meta\"><\/span><span class=\"td-page-meta\"><span class=\"td-page-meta\"><\/span><\/span><span class=\"td-page-meta\"><\/span><\/article>\n<\/p>\n<div class=\"td_block_wrap tdb_single_content tdi_18 td-pb-border-top td_block_template_1 td-post-content tagdiv-type\" data-td-block-uid=\"tdi_18\">\n<div class=\"tdb-block-inner td-fix-index\">\n<p><strong>Corina Atanasiu le-a cerut public p\u0103rin\u021bilor s\u0103 nu-\u0219i mai trimit\u0103 copiii la ora de religie. Deputata USR a sus\u021binut pe Facebook c\u0103 \u201edisciplina Religie le-a cerut copiilor s\u0103 mearg\u0103 la slujbe\u201c, iar \u201eBOR a reu\u0219it s\u0103 fac\u0103 obligatoriu mersul la biseric\u0103\u201c.<\/strong><\/p>\n<p>Postarea deputatei USR a fost comb\u0103tut\u0103 de purt\u0103torul de cuv\u00e2nt al Patriarhiei Rom\u00e2ne. P\u0103rintele Adrian Agachi a precizat c\u0103 \u201ee indamisibil s\u0103 ne \u00eentoarcem la discursurile totalitariste \u0219i s\u0103 descriem disciplina Religie \u00een asemenea termeni\u201c.<\/p>\n<p>\u201eCitesc cu stupoare postarea unei doamne deputat \u00een Parlamentul Rom\u00e2niei, membr\u0103 \u00een Comisia de \u00cenv\u0103\u021b\u0103m\u00e2nt, adresat\u0103 p\u0103rin\u021bilor \u00een vederea\u2026ne\u00eenscrierii copiilor la ora de Religie.<\/p>\n<p>Citez: <em>\u201e\u00censcrierea copiilor la ora de Religie din \u0219coal\u0103 a devenit inutil\u0103! Reda\u021bi copiilor acest timp valoros, l\u0103sa\u021bi-i s\u0103 doarm\u0103 mai mult sau s\u0103 se plictiseasc\u0103 mai mult. \u0218i plictiseala are rolul ei\u201d.<\/em><\/p>\n<h2><strong>Religia, inferioar\u0103 plictiselii<\/strong><\/h2>\n<p>\u00a0<\/p>\n<p>Pentru doamna deputat, membr\u0103 \u00een Comisia de \u00cenv\u0103\u021b\u0103m\u00e2nt, disciplina Religie este inferioar\u0103 p\u00e2n\u0103 \u0219i plictiselii.<\/p>\n<p>Apoi, dup\u0103 aceast\u0103 desconsiderare grav\u0103 a disciplinei Religie, a profesorilor care o predau, a p\u0103rin\u021bilor care aleg s\u0103-\u0219i \u00eenscrie copii la ora de Religie \u0219i a elevilor care particip\u0103 la aceasta, textul continu\u0103: \u201eNu, copiii no\u0219tri nu au nevoie de 13 ani de studiu al Religiei. Au nevoie s\u0103 \u00eenve\u021be s\u0103 scrie \u0219i s\u0103 citeasc\u0103, s\u0103 socoteasc\u0103 \u0219i s\u0103 nu plimbe, peste 20 de ani, moa\u0219te pe c\u00e2mp ca solu\u021bie la \u00eenc\u0103lzirea global\u0103 \u0219i la de\u0219ertificare\u201d.<\/p>\n<p>Desconsiderarea celor de mai sus continu\u0103 cu un atac suburban la adresa credin\u021bei, a Bisericii, a credincio\u0219ilor \u0219i a sfin\u021bilor.<br class=\"yoast-text-mark\">&gt;Textul se \u00eencheie apoteotic: <em>\u201eLucrul de care au cea mai pu\u021bin\u0103 nevoie copiii no\u0219tri este s\u0103 nu cerceteze, s\u0103 nu verifice, s\u0103 nu \u00ee\u0219i dezvolte mintea \u0219i glanda criticii.<\/em> Haide\u021bi, c\u0103 ne-am prostit destul! Trebuie s\u0103 ne oprim\u201d.<\/p>\n<h2><strong>Scuzele ar fi absolut necesare<\/strong><\/h2>\n<p>\u00a0<\/p>\n<p>A\u0219adar, religia \u00eel \u00eendobitoce\u0219te pe om. \u00cei surp\u0103 sim\u021bul critic. \u00cei opre\u0219te dezvoltarea mental\u0103 \u0219i \u00eel \u00eempiedic\u0103 s\u0103 fac\u0103 orice fel de cercetare util\u0103.<\/p>\n<p>Concluzia este una simpl\u0103:<\/p>\n<ul>\n<li>prin aceste afirma\u021bii se incit\u0103 la ur\u0103 religioas\u0103<\/li>\n<li>se \u00eencalc\u0103 dreptul la libertate religioas\u0103<\/li>\n<li>este contrazis\u0103 \u00eens\u0103\u0219i Constitu\u021bia Rom\u00e2niei<\/li>\n<li><strong>mai grav, religia este prezentat\u0103 ca \u00een perioada regimului comunist totalitarist ateu: drept o amenin\u021bare la adresa dezvolt\u0103rii umane!<\/strong><\/li>\n<\/ul>\n<p>Este inadmisibil ca dup\u0103 36 de ani de democra\u021bie s\u0103 ne \u00eentoarcem la discursurile totalitariste \u0219i s\u0103 descriem disciplina Religie \u00een asemenea termeni.<\/p>\n<p>\u00cen aceste condi\u021bii, scuzele ar fi binevenite.<\/p>\n<p>Chiar absolut necesare\u201c, a scris Adrian Agachi.<\/p>\n<h2><strong>\u201eOra de Religie oblig\u0103 elevii s\u0103 mearg\u0103 la slujb\u0103\u201c \u2013 De unde s-a pornit confuzia?<\/strong><\/h2>\n<p>\u00a0<\/p>\n<p>P\u0103rintele Adrian Agachi a spus \u0219i care au fost cauzele care au alimentat informa\u021bia rostogolit\u0103 de Corina Atanasiu. Afirma\u021biile acesteia au fost demontate punct cu punct av\u00e2nd ca baz\u0103 Legea \u00eenv\u0103\u021b\u0103m\u00e2ntului \u0219i programele \u0219colare.<\/p>\n<p>\u201e\u00cen primul r\u00e2nd, se porne\u0219te de la o premis\u0103 fals\u0103 \u0219i anume c\u0103 orice referire la experien\u021ba religioas\u0103 a elevului \u00eenseamn\u0103 automat evaluarea sa la or\u0103. Nu. A cere unui elev s\u0103 valorifice experien\u021be personale sau exemple din via\u021ba comunit\u0103\u021bii nu \u00eenseamn\u0103 c\u0103 nota depinde de intensitatea tr\u0103irii religioase. \u00cen multe discipline se valorific\u0103 experien\u021ba personal\u0103 f\u0103r\u0103 ca aceasta s\u0103 devin\u0103 obiectul evalu\u0103rii.<\/p>\n<p>\u00cen al doilea r\u00e2nd, se sugereaz\u0103 c\u0103 simpla men\u021bionare a particip\u0103rii la slujbe ar transforma prezen\u021ba la biseric\u0103 \u00eentr-o condi\u021bie pentru ob\u021binerea unei note bune. Aceast\u0103 concluzie nu rezult\u0103 deloc din standardele de evaluare\u201c, a precizat Adrian Agachi.<\/p>\n<p>\u00a0<\/p>\n<div class=\"crp_related     crp-masonry\">\n<h2>\u00ceN CONTEXT<\/h2>\n<ul>\n<li><a href=\"https:\/\/r3media.ro\/r3media-search-google\/\" class=\"crp_link post-116114\"><span class=\"crp_title\">ALEGE R3media ca sursa ta favorit\u0103 pe Google<\/span><\/a><\/li>\n<li><a href=\"https:\/\/r3media.ro\/religie-fara-religie-sau-spiritual-but-not-religious-ce-se-intampla-cand-vrei-sa-faci-folositoare-ora-de-religie\/\" class=\"crp_link post-112215\"><span class=\"crp_title\">\u201eReligie f\u0103r\u0103 religie\u201d sau spiritual but not religious: ce se \u00eent\u00e2mpl\u0103 c\u00e2nd vrei s\u0103 faci\u2026<\/span><\/a><\/li>\n<li><a href=\"https:\/\/r3media.ro\/adrian-agachi-raspuns-adrian-papahagi-crezul-ortodox\/\" class=\"crp_link post-116598\"><span class=\"crp_title\">Pr. Adrian Agachi i-a r\u0103spuns lui Adrian Papahagi: Crezul Bisericii Ortodoxe nu este un text\u2026<\/span><\/a><\/li>\n<li><a href=\"https:\/\/r3media.ro\/adrian-agachi-sfinti-rechizitorii-acuzare-problema\/\" class=\"crp_link post-119124\"><span class=\"crp_title\">Pr. Adrian Agachi: Dac\u0103 Sfin\u021bii au ajuns s\u0103 fie men\u021biona\u021bi \u00een rechizitorii ca probe ale\u2026<\/span><\/a><\/li>\n<li><a href=\"https:\/\/r3media.ro\/adrian-agachi-bor-vasile-basnescu\/\" class=\"crp_link post-116028\"><span class=\"crp_title\">Adrian Agachi (BOR): Adev\u0103ratele inten\u021bii ale domnului Vasile B\u0103nescu devin tot mai str\u0103ine\u2026<\/span><\/a><\/li>\n<li><a href=\"https:\/\/r3media.ro\/adrian-agachi-rugaciune-iisus-hristos-preasfanta-nascatoare-de-dumnezeu-sfinti-ocrotire-romania-primejdie-pace\/\" class=\"crp_link post-117284\"><span class=\"crp_title\">Adrian Agachi (Patriarhia Rom\u00e2n\u0103): Ne rug\u0103m Domnului Iisus Hristos, Preasfintei N\u0103sc\u0103toare\u2026<\/span><\/a><\/li>\n<li><a href=\"https:\/\/r3media.ro\/purtator-de-cuvant-patriarhia-romana-dexonline-jignire-crestini\/\" class=\"crp_link post-116963\"><span class=\"crp_title\">Purt\u0103torul de cuv\u00e2nt al Patriarhiei Rom\u00e2ne: Dexonline ar trebui s\u0103 ne ofere defini\u021bii, nu s\u0103\u2026<\/span><\/a><\/li>\n<li><a href=\"https:\/\/r3media.ro\/mircea-lucescu-om-datorita-caruia-romania-a-primit-in-folosinta-biserica-sfanta-mucenita-paraschevi-constantinopol\/\" class=\"crp_link post-115786\"><span class=\"crp_title\">Mircea Lucescu &#8211; omul datorit\u0103 c\u0103ruia Rom\u00e2nia a primit \u00een folosin\u021b\u0103 Biserica Sf\u00e2nta Muceni\u021b\u0103\u2026<\/span><\/a><\/li>\n<\/ul>\n<\/div>\n<\/div>\n<\/div>\n<p>[analyse_source url=&#8221;https:\/\/r3media.ro\/parinte-adrian-agachi-reactie-declaratii-ora-de-religie-corina-atanasiu-usr-totalitarism\/&#8221;]<\/p>\n","protected":false},"excerpt":{"rendered":"<p>[analyse_image type=&#8221;featured&#8221; src=&#8221;https:\/\/r3media.ro\/wp-content\/uploads\/2026\/04\/adrian-agachi-e1779293888583.pnghttps:\/\/r3media.ro\/wp-content\/uploads\/2026\/04\/adrian-agachi-e1779293888583.png&#8221;] FEATUREDP\u0103rintele Adrian Agachi a reac\u021bionat la afirma\u021biile despre ora de Religie f\u0103cute&#8230; FEATURED\u0218TIRI P\u0103rintele Adrian Agachi a reac\u021bionat la afirma\u021biile despre ora de Religie f\u0103cute de Corina Atanasiu (USR): E inadmisibil s\u0103 ne \u00eentoarcem la discursuri totalitare. Scuzele ar fi absolut necesare Oana Ivan 19\/07\/2026 Corina Atanasiu le-a cerut public p\u0103rin\u021bilor s\u0103 [&hellip;]<\/p>\n","protected":false},"author":1,"featured_media":0,"comment_status":"open","ping_status":"","sticky":false,"template":"","format":"standard","meta":{"footnotes":""},"categories":[89],"tags":[226,93],"class_list":["post-2050552","post","type-post","status-publish","format-standard","hentry","category-romania","tag-crawlmanager","tag-r3media-ro"],"_links":{"self":[{"href":"https:\/\/analyse.optim.biz\/index.php?rest_route=\/wp\/v2\/posts\/2050552","targetHints":{"allow":["GET"]}}],"collection":[{"href":"https:\/\/analyse.optim.biz\/index.php?rest_route=\/wp\/v2\/posts"}],"about":[{"href":"https:\/\/analyse.optim.biz\/index.php?rest_route=\/wp\/v2\/types\/post"}],"author":[{"embeddable":true,"href":"https:\/\/analyse.optim.biz\/index.php?rest_route=\/wp\/v2\/users\/1"}],"replies":[{"embeddable":true,"href":"https:\/\/analyse.optim.biz\/index.php?rest_route=%2Fwp%2Fv2%2Fcomments&post=2050552"}],"version-history":[{"count":0,"href":"https:\/\/analyse.optim.biz\/index.php?rest_route=\/wp\/v2\/posts\/2050552\/revisions"}],"wp:attachment":[{"href":"https:\/\/analyse.optim.biz\/index.php?rest_route=%2Fwp%2Fv2%2Fmedia&parent=2050552"}],"wp:term":[{"taxonomy":"category","embeddable":true,"href":"https:\/\/analyse.optim.biz\/index.php?rest_route=%2Fwp%2Fv2%2Fcategories&post=2050552"},{"taxonomy":"post_tag","embeddable":true,"href":"https:\/\/analyse.optim.biz\/index.php?rest_route=%2Fwp%2Fv2%2Ftags&post=2050552"}],"curies":[{"name":"wp","href":"https:\/\/api.w.org\/{rel}","templated":true}]}}