{"id":205050,"date":"2014-05-24T19:17:56","date_gmt":"2014-05-24T16:17:56","guid":{"rendered":"https:\/\/analyse.optim.biz\/?p=205050"},"modified":"2014-05-24T19:17:56","modified_gmt":"2014-05-24T16:17:56","slug":"barbatul-care-l-a-scuipat-pe-traian-basescu-dupa-ce-a-vandut-o-flota-vrea-cantece-patriotice-sa-i-cant-in-fata-poezii","status":"publish","type":"post","link":"https:\/\/analyse.optim.biz\/?p=205050","title":{"rendered":"B\u0103rbatul care l-a scuipat pe Traian B\u0103sescu:\u00a0\u201eDup\u0103 ce a v\u00e2ndut o flot\u0103 vrea c\u00e2ntece patriotice, s\u0103-i c\u00e2nt \u00een fa\u0163\u0103 poezii?\u201d"},"content":{"rendered":"<div class=\"entry data-app-meta data-app-meta-article\" data-embed-base-url-canonical=\"https:\/\/www.digi24.ro\/embed\/stiri\/actualitate\/politica\/barbatul-care-l-a-scuipat-pe-traian-basescu-dupa-ce-a-vandut-o-flota-vrea-cantece-patriotice-sa-i-cant-in-fata-poezii-247285\">\n<p data-index=\"1\">Incidentul a avut loc la finalul vizitei pre\u015fedintelui \u00een Portul Constan\u0163a, acolo unde s-a \u00eencheiat una dintre cele mai mari regate ale sezonului. B\u0103rbatul nemul\u0163umit a reu\u015fit s\u0103 ajung\u0103 foarte aproape de pre\u015fedinte \u015fi l-a scuipat chiar \u00een fa\u0163\u0103. A fost imediat imobilizat de ofi\u0163erii SPP.<\/p>\n<p data-index=\"2\">Const\u0103n\u021beanul a declarat \u00een momentul re\u0163inerii c\u0103 \u00eel \u00eenvinov\u0103\u0163e\u015fte pe pre\u015fedinte pentru moartea surorii sale. Ulterior, la audieri, a renun\u0163at la explica\u0163ie \u015fi le-a spus procurorilor c\u0103 nu \u015ftie de ce a f\u0103cut acest gest. <\/p>\n<p data-index=\"3\"><em><strong>Reporter: De ce l-ai scuipat pe domnul pre\u015fedinte?<\/strong><\/em><\/p>\n<p data-index=\"4\"><em><strong>Adrian Zglobiu: P\u0103i dup\u0103 ce a v\u00e2ndut o flot\u0103 vrea c\u00e2ntece patriotice, s\u0103-i c\u00e2nt \u00een fa\u0163\u0103 poezii?<\/strong><\/em><\/p>\n<p data-index=\"5\"><em><strong>Reporter: Regre\u0163i ce ai f\u0103cut? \u00ce\u0163i pare r\u0103u c\u0103 l-ai scuipat?<\/strong><\/em><\/p>\n<p data-index=\"6\"><em><strong>Adrian Zglobiu: Regret c\u0103 nu am emigrat din Rom\u00e2nia. Am fost prea fraier c\u0103 am r\u0103mas.<\/strong><\/em><\/p>\n<p data-index=\"7\">B<a href=\"https:\/\/www.digi24.ro\/Stiri\/Digi24\/Actualitate\/Politica\/Presedintele+Traian+Basescu+scuipat+in+timp+ce+participa+la+fest\" target=\"_blank\" data-skip-linkfix=\"1\" rel=\"noopener\">\u0103rbatul care l-a scuipat pe Traian B\u0103sescu<\/a><span>\u00a0a fost consultat \u0219i la Spitalul Palazu Mare pentru a se stabili dac\u0103 are probleme psihice. \u00cenainte, el a fost a fost transportat \u0219i la Spitalul Jude\u021bean Constan\u021ba pentru a i se preleva probe de s\u00e2nge, pentru a se afla dac\u0103 acesta consumase alcool sau dac\u0103 s-ar fi aflat sub influen\u021ba stupefiantelor.<\/span><\/p>\n<p data-index=\"8\">El le-a spus anchetatorilor c\u0103 a fost un gest spontan, pe care nu \u015fi-l explic\u0103.\u00a0Conform unor surse din r\u00e2ndul anchetatorilor, b\u0103rbatul se nume\u015fte Adrian Zglobiu, are 39 de ani, este \u015fomer \u015fi locuie\u015fte \u00een Constan\u0163a, potrivit Mediafax.<\/p>\n<p data-index=\"9\">Sursele citate spun c\u0103 b\u0103rbatul le-a spus poli\u0163i\u015ftilor \u015fi procurorilor, la audieri, c\u0103 nu \u00ee\u015fi explic\u0103 gestul f\u0103cut la adresa pre\u015fedintelui, el afirm\u00e2nd c\u0103 \u201ea\u015fa i-a venit\u201d.<\/p>\n<p data-index=\"10\">Dup\u0103 ce va fi evaluat psihologic la spital, dac\u0103 medicii nu vor decide s\u0103 \u00eel \u0163in\u0103 pe b\u0103rbat \u00een unitatea medical\u0103, anchetatorii vor continua audierea acestuia.<\/p>\n<p data-index=\"11\">B\u0103rbatul declarase \u00eenainte s\u0103 fac\u0103 acest gest c\u0103 vinovatul de moartea surorii sale, care a murit recent de cancer, se face <strong>Traian B\u0103sescu<\/strong><span>, \u00eens\u0103 nu a oferit mai multe detalii.<\/span><\/p>\n<p data-index=\"12\">Poli\u021bi\u0219tii au sesizat Parchetul \u00een acest caz. Procurorii \u00eel cerceteaz\u0103 acum pe <span><strong>Adrian Zglobiu<\/strong>\u00a0<\/span>de ultraj, iar dac\u0103 va fi g\u0103sit vinovat risc\u0103 o pedeaps\u0103 \u00eentre \u0219ase luni \u0219i 3 ani de \u00eenchisoare.<\/p>\n<\/div>\n<p> Source URL: https:\/\/www.digi24.ro\/stiri\/actualitate\/politica\/barbatul-care-l-a-scuipat-pe-traian-basescu-dupa-ce-a-vandut-o-flota-vrea-cantece-patriotice-sa-i-cant-in-fata-poezii-247285<\/p>\n","protected":false},"excerpt":{"rendered":"<p>Incidentul a avut loc la finalul vizitei pre\u015fedintelui \u00een Portul Constan\u0163a, acolo unde s-a \u00eencheiat una dintre cele mai mari regate ale sezonului. B\u0103rbatul nemul\u0163umit a reu\u015fit s\u0103 ajung\u0103 foarte aproape de pre\u015fedinte \u015fi l-a scuipat chiar \u00een fa\u0163\u0103. A fost imediat imobilizat de ofi\u0163erii SPP. Const\u0103n\u021beanul a declarat \u00een momentul re\u0163inerii c\u0103 \u00eel \u00eenvinov\u0103\u0163e\u015fte [&hellip;]<\/p>\n","protected":false},"author":1,"featured_media":205051,"comment_status":"open","ping_status":"","sticky":false,"template":"","format":"standard","meta":{"footnotes":""},"categories":[2],"tags":[11],"class_list":["post-205050","post","type-post","status-publish","format-standard","has-post-thumbnail","hentry","category-politics","tag-digi24"],"_links":{"self":[{"href":"https:\/\/analyse.optim.biz\/index.php?rest_route=\/wp\/v2\/posts\/205050","targetHints":{"allow":["GET"]}}],"collection":[{"href":"https:\/\/analyse.optim.biz\/index.php?rest_route=\/wp\/v2\/posts"}],"about":[{"href":"https:\/\/analyse.optim.biz\/index.php?rest_route=\/wp\/v2\/types\/post"}],"author":[{"embeddable":true,"href":"https:\/\/analyse.optim.biz\/index.php?rest_route=\/wp\/v2\/users\/1"}],"replies":[{"embeddable":true,"href":"https:\/\/analyse.optim.biz\/index.php?rest_route=%2Fwp%2Fv2%2Fcomments&post=205050"}],"version-history":[{"count":0,"href":"https:\/\/analyse.optim.biz\/index.php?rest_route=\/wp\/v2\/posts\/205050\/revisions"}],"wp:featuredmedia":[{"embeddable":true,"href":"https:\/\/analyse.optim.biz\/index.php?rest_route=\/wp\/v2\/media\/205051"}],"wp:attachment":[{"href":"https:\/\/analyse.optim.biz\/index.php?rest_route=%2Fwp%2Fv2%2Fmedia&parent=205050"}],"wp:term":[{"taxonomy":"category","embeddable":true,"href":"https:\/\/analyse.optim.biz\/index.php?rest_route=%2Fwp%2Fv2%2Fcategories&post=205050"},{"taxonomy":"post_tag","embeddable":true,"href":"https:\/\/analyse.optim.biz\/index.php?rest_route=%2Fwp%2Fv2%2Ftags&post=205050"}],"curies":[{"name":"wp","href":"https:\/\/api.w.org\/{rel}","templated":true}]}}