{"id":205047,"date":"2014-05-24T20:11:40","date_gmt":"2014-05-24T17:11:40","guid":{"rendered":"https:\/\/analyse.optim.biz\/?p=205047"},"modified":"2014-05-24T20:11:40","modified_gmt":"2014-05-24T17:11:40","slug":"prefectul-de-ilfov-a-sesizat-parchetul-pentru-suspiciuni-de-incalcare-a-legislatiei-electorale","status":"publish","type":"post","link":"https:\/\/analyse.optim.biz\/?p=205047","title":{"rendered":"Prefectul de Ilfov a sesizat Parchetul pentru suspiciuni de \u00eenc\u0103lcare a legisla\u0163iei electorale"},"content":{"rendered":"<div class=\"entry data-app-meta data-app-meta-article\" data-embed-base-url-canonical=\"https:\/\/www.digi24.ro\/embed\/stiri\/actualitate\/politica\/prefectul-de-ilfov-a-sesizat-parchetul-pentru-suspiciuni-de-incalcare-a-legislatiei-electorale-247294\">\n<p data-index=\"1\">\u00a0<img decoding=\"async\" src=\"https:\/\/analyse.optim.biz\/wp-content\/uploads\/2024\/09\/ad0zywm2ymzkndhmodmwnzhmzjrlmtvkzddlyte1ntc4zq-thumb_.jpg\" data-skip-htmlfix=\"1\" title=\"ad0zywm2ymzkndhmodmwnzhmzjrlmtvkzddlyte1ntc4zq-thumb_\"><\/p>\n<p data-index=\"2\">\u201e\u00cen urma interven\u0163iei din cadrul videoconferin\u0163ei din data de 24 mai, prefectul jude\u0163ului Ilfov a informat conducerea Ministerului Afacerilor Interne c\u0103 a sesizat, prin Institu\u0163ia Prefectului, Parchetul de pe l\u00e2ng\u0103 \u00cenalta Curte de Casa\u0163ie \u015fi Justi\u0163ie referitor la suspiciunile privind \u00eenc\u0103lcarea legisla\u0163iei electorale<span>\u201d<\/span>, se arat\u0103 \u00eentr-un comunicat de pres\u0103 al MAI, <span lang=\"en-US\">citat de<\/span><span lang=\"en-US\">Mediafax<\/span>.<\/p>\n<p data-index=\"3\">Sursa citat\u0103 a precizat c\u0103 situa\u0163ia din Ilfov va fi atent monitorizat\u0103, pentru ca procesul electoral s\u0103 se desf\u0103\u015foare legal.<\/p>\n<p data-index=\"4\">\u201eMinisterul Afacerilor Interne, prin toate structurile sale, a dispus toate m\u0103surile organizatorice \u015fi de ordine public\u0103 \u015fi va monitoriza atent situa\u0163ia din Ilfov, ca de altfel din toate jude\u0163ele \u0163\u0103rii, astfel \u00eenc\u00e2t \u00een ziua de 25 mai procesul electoral s\u0103 decurg\u0103 \u00een deplin\u0103 legalitate<span>\u201d<\/span>, se mai arat\u0103 <span>\u00een comunicat.<\/span><\/p>\n<\/div>\n<p> Source URL: https:\/\/www.digi24.ro\/stiri\/actualitate\/politica\/prefectul-de-ilfov-a-sesizat-parchetul-pentru-suspiciuni-de-incalcare-a-legislatiei-electorale-247294<\/p>\n","protected":false},"excerpt":{"rendered":"<p>\u00a0 \u201e\u00cen urma interven\u0163iei din cadrul videoconferin\u0163ei din data de 24 mai, prefectul jude\u0163ului Ilfov a informat conducerea Ministerului Afacerilor Interne c\u0103 a sesizat, prin Institu\u0163ia Prefectului, Parchetul de pe l\u00e2ng\u0103 \u00cenalta Curte de Casa\u0163ie \u015fi Justi\u0163ie referitor la suspiciunile privind \u00eenc\u0103lcarea legisla\u0163iei electorale\u201d, se arat\u0103 \u00eentr-un comunicat de pres\u0103 al MAI, citat deMediafax. Sursa [&hellip;]<\/p>\n","protected":false},"author":1,"featured_media":205048,"comment_status":"open","ping_status":"","sticky":false,"template":"","format":"standard","meta":{"footnotes":""},"categories":[2],"tags":[11],"class_list":["post-205047","post","type-post","status-publish","format-standard","has-post-thumbnail","hentry","category-politics","tag-digi24"],"_links":{"self":[{"href":"https:\/\/analyse.optim.biz\/index.php?rest_route=\/wp\/v2\/posts\/205047","targetHints":{"allow":["GET"]}}],"collection":[{"href":"https:\/\/analyse.optim.biz\/index.php?rest_route=\/wp\/v2\/posts"}],"about":[{"href":"https:\/\/analyse.optim.biz\/index.php?rest_route=\/wp\/v2\/types\/post"}],"author":[{"embeddable":true,"href":"https:\/\/analyse.optim.biz\/index.php?rest_route=\/wp\/v2\/users\/1"}],"replies":[{"embeddable":true,"href":"https:\/\/analyse.optim.biz\/index.php?rest_route=%2Fwp%2Fv2%2Fcomments&post=205047"}],"version-history":[{"count":0,"href":"https:\/\/analyse.optim.biz\/index.php?rest_route=\/wp\/v2\/posts\/205047\/revisions"}],"wp:featuredmedia":[{"embeddable":true,"href":"https:\/\/analyse.optim.biz\/index.php?rest_route=\/wp\/v2\/media\/205048"}],"wp:attachment":[{"href":"https:\/\/analyse.optim.biz\/index.php?rest_route=%2Fwp%2Fv2%2Fmedia&parent=205047"}],"wp:term":[{"taxonomy":"category","embeddable":true,"href":"https:\/\/analyse.optim.biz\/index.php?rest_route=%2Fwp%2Fv2%2Fcategories&post=205047"},{"taxonomy":"post_tag","embeddable":true,"href":"https:\/\/analyse.optim.biz\/index.php?rest_route=%2Fwp%2Fv2%2Ftags&post=205047"}],"curies":[{"name":"wp","href":"https:\/\/api.w.org\/{rel}","templated":true}]}}