{"id":2050362,"date":"2026-07-18T07:35:50","date_gmt":"2026-07-18T04:35:50","guid":{"rendered":"https:\/\/analyse.optim.biz\/?p=2050362"},"modified":"2026-07-18T07:35:50","modified_gmt":"2026-07-18T04:35:50","slug":"medicul-margit-serban-va-primi-titlul-de-cetatean-de-onoare-al-judetului-timis","status":"publish","type":"post","link":"https:\/\/analyse.optim.biz\/?p=2050362","title":{"rendered":"Medicul Margit \u015eerban va primi titlul de cet\u0103\u0163ean de onoare al jude\u0163ului Timi\u015f"},"content":{"rendered":"<p>[analyse_image type=&#8221;featured&#8221; src=&#8221;https:\/\/www.banatulmeu.ro\/wp-content\/uploads\/2026\/07\/margit-serban1-e1784366846888.jpg&#8221;]<\/p>\n<div class=\"post-content-bd\">\n<p>Margit \u015eerban, unul dintre cei mai aprecia\u0163i medici din Rom\u00e2nia, va primi titlul de cet\u0103\u0163ean de onoare al jude\u0163ului Timi\u015f. Consiliul Jude\u021bean Timi\u0219 anun\u0163\u0103 c\u0103 a lansat \u00een procedur\u0103 de transparen\u021b\u0103 decizional\u0103 Proiectul de hot\u0103r\u00e2re privind conferirea acestui titlu.<\/p>\n<p><em>\u201cPrin activitatea desf\u0103\u0219urat\u0103 \u00een domeniul medicinei, cercet\u0103rii \u0219tiin\u021bifice \u0219i \u00eenv\u0103\u021b\u0103m\u00e2ntului universitar, precum \u0219i prin realiz\u0103rile profesionale de excep\u021bie, recunoscute la nivel na\u021bional \u0219i interna\u021bional, doamna prof. univ. dr. Margit \u0218erban a contribuit \u00een mod semnificativ la promovarea prestigiului \u0219i imaginii jude\u021bului Timi\u0219 \u00een \u021bar\u0103 \u0219i \u00een str\u0103in\u0103tate<\/em>\u201c, a transmis CJ Timi\u015f.<\/p>\n<p>Documenta\u021bia poate fi consultat\u0103 pe pagina de internet a institu\u021biei, \u00een <a href=\"https:\/\/www.cjtimis.ro\/wp-content\/uploads\/2020\/07\/Anunt-Legea-52-cetatean-de-onoare-Margit-Serban.pdf\">Monitorul Oficial al Jude\u021bului Timi\u0219<\/a>, sau la\u00a0sediul Consiliului Jude\u021bean Timi\u0219, Bdul. Revolu\u021biei din 1989 nr. 17, Timi\u0219oara.<\/p>\n<p>Timi\u0219enii sunt a\u0219tepta\u021bi s\u0103 transmit\u0103 propuneri, sugestii \u0219i opinii cu valoare de recomandare privind ini\u021biativa supus\u0103 procedurii de transparen\u021b\u0103 decizional\u0103. Acestea pot fi depuse p\u00e2n\u0103 la data de 27 iulie, prin mesaj \u00een format electronic la adresa de email: viorel.bara@cjtimis.ro , prin po\u0219t\u0103, la adresa Consiliul Jude\u021bean Timi\u0219 (Bdul Revolu\u021biei din 1989 nr. 17, Timi\u0219oara, jude\u021bul Timi\u0219) sau direct la sediul institu\u021biei, la Registratur\u0103, \u00eentre orele 08:00-16:00 (luni \u2013 joi) respectiv 08:00-14:00 (vineri).<\/p>\n<p>Materialele transmise vor purta men\u021biunea: \u201ePropuneri privind Proiectul de hot\u0103r\u00e2re privind conferirea titlului de \u201eCet\u0103\u021bean de Onoare al Jude\u021bului Timi\u0219\u201d doamnei Margit \u0218erban\u201d.<\/p>\n<p>Propunerile, sugestiile \u0219i opiniile cu valoare de recomandare vor fi publicate pe pagina de internet a institu\u021biei, \u00een <a href=\"https:\/\/www.cjtimis.ro\/informatii-publice\/registru-pentru-consemnarea-propunerilor-sugestiilor-sau-opiniilor-conform-legii-52-2003\/\">Monitorul Oficial al Jude\u021bului Timi\u0219<\/a>.<\/p>\n<p>De asemenea, poate fi organizat\u0103 o \u00eent\u00e2lnire pentru dezbaterea public\u0103 a proiectului de act normativ, dac\u0103 acest lucru este solicitat \u00een scris de c\u0103tre o asocia\u021bie legal constituit\u0103 sau de c\u0103tre o alt\u0103 autoritate ori institu\u021bie public\u0103, p\u00e2n\u0103 la data de 27 iulie.<\/p>\n<\/div>\n<p>[analyse_source url=&#8221;https:\/\/www.banatulmeu.ro\/medicul-margit-serban-va-primi-titlul-de-cetatean-de-onoare-al-judetului-timis\/&#8221;]<\/p>\n","protected":false},"excerpt":{"rendered":"<p>[analyse_image type=&#8221;featured&#8221; src=&#8221;https:\/\/www.banatulmeu.ro\/wp-content\/uploads\/2026\/07\/margit-serban1-e1784366846888.jpg&#8221;] Margit \u015eerban, unul dintre cei mai aprecia\u0163i medici din Rom\u00e2nia, va primi titlul de cet\u0103\u0163ean de onoare al jude\u0163ului Timi\u015f. Consiliul Jude\u021bean Timi\u0219 anun\u0163\u0103 c\u0103 a lansat \u00een procedur\u0103 de transparen\u021b\u0103 decizional\u0103 Proiectul de hot\u0103r\u00e2re privind conferirea acestui titlu. \u201cPrin activitatea desf\u0103\u0219urat\u0103 \u00een domeniul medicinei, cercet\u0103rii \u0219tiin\u021bifice \u0219i \u00eenv\u0103\u021b\u0103m\u00e2ntului universitar, precum \u0219i [&hellip;]<\/p>\n","protected":false},"author":1,"featured_media":0,"comment_status":"open","ping_status":"","sticky":false,"template":"","format":"standard","meta":{"footnotes":""},"categories":[89],"tags":[204,226],"class_list":["post-2050362","post","type-post","status-publish","format-standard","hentry","category-romania","tag-banatulmeu-ro","tag-crawlmanager"],"_links":{"self":[{"href":"https:\/\/analyse.optim.biz\/index.php?rest_route=\/wp\/v2\/posts\/2050362","targetHints":{"allow":["GET"]}}],"collection":[{"href":"https:\/\/analyse.optim.biz\/index.php?rest_route=\/wp\/v2\/posts"}],"about":[{"href":"https:\/\/analyse.optim.biz\/index.php?rest_route=\/wp\/v2\/types\/post"}],"author":[{"embeddable":true,"href":"https:\/\/analyse.optim.biz\/index.php?rest_route=\/wp\/v2\/users\/1"}],"replies":[{"embeddable":true,"href":"https:\/\/analyse.optim.biz\/index.php?rest_route=%2Fwp%2Fv2%2Fcomments&post=2050362"}],"version-history":[{"count":0,"href":"https:\/\/analyse.optim.biz\/index.php?rest_route=\/wp\/v2\/posts\/2050362\/revisions"}],"wp:attachment":[{"href":"https:\/\/analyse.optim.biz\/index.php?rest_route=%2Fwp%2Fv2%2Fmedia&parent=2050362"}],"wp:term":[{"taxonomy":"category","embeddable":true,"href":"https:\/\/analyse.optim.biz\/index.php?rest_route=%2Fwp%2Fv2%2Fcategories&post=2050362"},{"taxonomy":"post_tag","embeddable":true,"href":"https:\/\/analyse.optim.biz\/index.php?rest_route=%2Fwp%2Fv2%2Ftags&post=2050362"}],"curies":[{"name":"wp","href":"https:\/\/api.w.org\/{rel}","templated":true}]}}