{"id":205036,"date":"2014-05-24T22:33:26","date_gmt":"2014-05-24T19:33:26","guid":{"rendered":"https:\/\/analyse.optim.biz\/?p=205036"},"modified":"2014-05-24T22:33:26","modified_gmt":"2014-05-24T19:33:26","slug":"exclusiv-anders-fogh-rasmussen-exista-riscul-unor-conflicte-in-marea-neagra-pe-exploatarea-resurselor","status":"publish","type":"post","link":"https:\/\/analyse.optim.biz\/?p=205036","title":{"rendered":"EXCLUSIV. Anders Fogh Rasmussen:\u00a0Exist\u0103 riscul unor conflicte \u00een Marea Neagr\u0103 pe exploatarea resurselor"},"content":{"rendered":"<div class=\"entry data-app-meta data-app-meta-article\" data-embed-base-url-canonical=\"https:\/\/www.digi24.ro\/embed\/stiri\/actualitate\/politica\/exclusiv-anders-fogh-rasmussen-exista-riscul-unor-conflicte-in-marea-neagra-pe-exploatarea-resurselor-247314\">\n<p data-index=\"1\"><strong>Pozi\u021bia Rusiei fa\u021b\u0103 de NATO a fost clar\u0103 cel pu\u021bin din 2008 de la summitul NATO din Bucure\u0219ti, unde pre\u0219edintele Putin a spus c\u0103 dac\u0103 NATO se va apropia de Rusia, va lua m\u0103surile necesare. A subestimat NATO avertismentele Rusiei?<\/strong><\/p>\n<p data-index=\"2\">\u00cen ultimii 20 de ani ne-am bazat planurile militare pe presupunerea c\u0103 Rusia nu prezint\u0103 o amenin\u021bare pentru NATO. Cu toate acestea am v\u0103zut declara\u021bii recente din partea Rusiei c\u0103 ei consider\u0103 NATO ca adversar. \u0218i bine\u00een\u021beles trebuie s\u0103 ne adapt\u0103m la asta \u0219i s\u0103 ne revizuim planurile de ap\u0103rare.<\/p>\n<p data-index=\"3\"><strong>A fost NATO luat prin surprindere de evenimentele din Ucraina?<\/strong><\/p>\n<p data-index=\"4\">Da, trebuie s\u0103 spun c\u0103 a fost surprinz\u0103tor s\u0103 vedem Rusia \u00eenc\u0103lc\u00e2nd at\u00e2t de flagrant legile \u0219i angajamentele interna\u021bionale. Am v\u0103zut ac\u021biuni militare ilegale \u00een Crimeea, am v\u0103zut o anexare ilegal\u0103 a Crimeei la Federa\u021bia Rus\u0103 \u0219i pe deasupra am v\u0103zut concentr\u0103ri masive de for\u021be de-a lungul grani\u021bei cu Ucraina. \u0218i este pentru prima dat\u0103 dup\u0103 cel de-al doilea r\u0103zboi mondial c\u00e2nd o na\u021biune european\u0103 acapareaz\u0103 un teritoriu cu for\u021ba. Bine\u00een\u021beles, toate acestea sunt surprinz\u0103toare.<\/p>\n<p data-index=\"5\"><strong>Ei spun c\u0103 nu au acaparat niciun teritoriu, \u00een niciun caz prin for\u021b\u0103. C\u0103 poporul Crimeei a decis c\u0103 vrea s\u0103 adere la Rusia \u0219i Rusia doar a acceptat acest lucru.<\/strong><\/p>\n<p data-index=\"6\">Potrivit dreptului interna\u021bional Crimeea a fost \u0219i este \u00eenc\u0103 parte a Ucrainei. A\u0219a numitul referendum organizat \u00een Crimeea este ilegal, a fost \u00een contradic\u021bie cu constitu\u021bia ucrainean\u0103, a fost o fars\u0103. Deci anexarea Crimeei la Federa\u021bia Rus\u0103 este ilegal\u0103, este ilegitim\u0103 \u0219i nu o vom recunoa\u0219te.<\/p>\n<p data-index=\"7\"><strong>A\u021bi spus c\u0103 Rusia nu respect\u0103 tratatele militare \u0219i cele interna\u021bionale. Dar \u00een aceste condi\u021bii cum se poate avansa cu negocierile cu Rusia, din moment ce, a\u0219a cum a\u021bi spus, nu este de \u00eencredere?<\/strong><\/p>\n<p data-index=\"8\">Bine\u00een\u021beles este dificil. \u00cen 1994 a fost printre \u021b\u0103rile care garantau suveranitatea \u0219i integritatea teritorial\u0103 a Ucrainei c\u00e2nd Ucraina \u0219i-a predat arsenalul nuclear. Lumea \u00eentreag\u0103 a l\u0103udat Ucraina pentru acest lucru. \u00cen schimb, Ucraina a primit garan\u021bii privind grani\u021bele sale, suveranitatea \u0219i integritatea teritorial\u0103 printre altele \u0219i din partea Rusiei.<\/p>\n<p data-index=\"9\">Acesta a fost a\u0219a-numitul acord de la Budapesta iar acum vedem c\u0103 nu putem avea \u00eencredere \u00een Rusia c\u00e2nd vine vorba despre respectarea garan\u021biilor. Cu toate acestea cred c\u0103 singurul mod de a debloca situa\u021bia din Ucraina este o solu\u021bie politic\u0103 si diplomatic\u0103. Pentru aceasta avem nevoie de un angajament constructiv din partea Rusiei. \u00cen acest sens continu\u0103m s\u0103 cerem Rusiei s\u0103 \u00ee\u0219i retrag\u0103 trupele de la grani\u021bele Ucrainei, s\u0103 \u00ee\u0219i respecte angajamentele interna\u021bionale \u0219i s\u0103 \u00eenceap\u0103 un dialog constructiv cu guvernul de la Kiev.<\/p>\n<p data-index=\"10\"><strong>Ucraina nu este stat membru NATO dar este un stat partener. Ce \u00eenseamn\u0103 acest lucru, cum ar reac\u021biona NATO \u00een cazul \u00een care Ucraina i-ar cere sprijinul dac\u0103 Rusia ar \u00eencepe un atac militar deschis \u00eempotriva ei?<\/strong><\/p>\n<p data-index=\"11\">Evident exist\u0103 o diferen\u021b\u0103 clar\u0103 \u00eentre a fi \u0219i a nu fi membru NATO. Membrii Alian\u021bei noastre beneficiaz\u0103 de protec\u021bia articolului 5, care stipuleaz\u0103 c\u0103, consider\u0103m atacul \u00eempotriva unui membru ca un atac \u00eempotriva tuturor membrilor, ca o ap\u0103rare colectiv\u0103. Acesta este principiul solidarit\u0103\u021bii. Statele ne-membre NATO nu sunt protejate de aceast\u0103 ap\u0103rare colectiv\u0103. Av\u00e2nd \u00een vedere toate acestea, noi am decis s\u0103 \u00eent\u0103rim cooperarea cu Ucraina, inclusiv cooperarea militar\u0103. Deci vom ajuta ucrainienii s\u0103 \u00ee\u0219i modernizeze sectorul ap\u0103r\u0103rii, capacit\u0103\u021bile \u0219i s\u0103 le oferim acces la exerci\u021biile militare NATO. Deci \u00een totalitate vrem s\u0103 \u00eent\u0103rim parteneriatul cu Ucraina, inclusiv cooperarea \u00een domeniul militar.<\/p>\n<p data-index=\"12\"><strong>Ministrul de externe rus, Lavrov, a spus c\u0103 dac\u0103 Ucraina va fi t\u00e2r\u00e2t\u0103 \u00een NATO, a\u0219a a formulat, acest lucru va pune \u00een pericol securitatea Europei. Va lua NATO \u00een considerare acest aspect dac\u0103 Ucraina va cere vreodat\u0103 aderarea la NATO?<\/strong><\/p>\n<p data-index=\"13\">Ucraina trebuie s\u0103 decid\u0103 viitorul Ucrainei. Nu este treaba Rusiei, nu este treaba noastr\u0103. Noi respect\u0103m \u00een totalitate alegerea Ucrainei oricare ar fi ea. \u00cen 2008, la summitul NATO de la Bucure\u0219ti, noi am decis c\u0103 Ucraina va deveni membru NATO dac\u0103 va dori acest lucru \u0219i dac\u0103 va \u00eendeplini criteriile necesare. \u00centre timp, Ucraina a decis s\u0103 urmeze o politic\u0103 \u00een afara Alian\u021bei. Noi am respectat \u00eentru totul acest lucru \u0219i am continuat s\u0103 cooper\u0103m cu Ucraina \u00een cadrul Comisiei NATO-Ucraina. Noi insist\u0103m asupra principiului fundamental c\u0103 fiecare stat are dreptul s\u0103 decid\u0103 asupra politicii sale de securitate, inclusiv aderarea la diferite alian\u021be. Deci este la latitudinea Ucrainei s\u0103 decid\u0103 rela\u021bia sa viitoare cu NATO \u0219i nu a Rusiei.<\/p>\n<p data-index=\"14\"><strong>Dar a\u021bi declarat c\u0103 NATO este gata s\u0103 sprijine Moldova \u00een modernizarea tehnicii sale militare, ceea ce poate fi privit ca o provocare fa\u021b\u0103 de Rusia. Poate fi interpretat\u0103 declara\u021bia dvs. \u00een acest fel?<\/strong><\/p>\n<p data-index=\"15\">A\u0219 dori s\u0103 subliniez c\u0103, cooperarea noastr\u0103 cu partenerii no\u0219tri nu este o amenin\u021bare fa\u021b\u0103 de Rusia, nu este \u00eendreptat\u0103 \u00eempotriva Rusiei. Dar partenerii no\u0219tri au dreptul s\u0103 decid\u0103 ei \u00een\u0219isi cum doresc s\u0103 coopereze cu NATO. \u00cen ceea ce prive\u0219te Moldova avem rela\u021bii excelente de parteneriat. Moldova este obligat\u0103 prin Costitu\u021bia sa s\u0103 urmeze o politic\u0103 de neutralitate. Dar NATO coopereaz\u0103 cu multe alte \u021b\u0103ri neutre sau neafiliate la o alian\u021b\u0103. Deci noi suntem preg\u0103ti\u021bi s\u0103 sprijinim Moldova, dac\u0103 Moldova va cere acest lucru. Da\u021bi-mi voie s\u0103 men\u021bionez ca un exemplu c\u0103 Moldova a decis de cur\u00e2nd s\u0103 contribuie la opera\u021biuni NATO \u00een Kosovo, ceea ce bine\u00een\u021beles contribuie la modernizarea for\u021belor armate ale Moldovei \u0219i la \u00eembun\u0103t\u0103\u021birea capacit\u0103\u021bii sale de cooperare cu for\u021bele NATO.<\/p>\n<p data-index=\"16\"><strong>A\u021bi recomanda Moldovei s\u0103 \u00ee\u0219i men\u021bin\u0103 statutul de \u021bar\u0103 neutr\u0103?<\/strong><\/p>\n<p data-index=\"17\">Ei nu au nevoie de recomandarea mea. Respect\u0103m \u00een totalitate alegerea Moldovei \u0219i au decis s\u0103 urmeze o politic\u0103 de neutralitate \u0219i noi respect\u0103m \u00een totalitate acest lucru.<\/p>\n<p data-index=\"18\"><strong>\u00centrebam pentru c\u0103 acest lucru ar contribui la men\u021binerea stabilit\u0103\u021bii, a\u0219a fragil\u0103 cum este, a regiunii \u00een rela\u021biile cu Rusia.<\/strong><\/p>\n<p data-index=\"19\">Cert este c\u0103 toate statele membre OSCE au aderat la principiul c\u0103 fiecare na\u021biune are dreptul s\u0103 decid\u0103 asupra politicii sale de securitate \u0219i asupra afilierii la oricare alian\u021b\u0103. \u0218i Rusia a aderat la acest principiu \u00een 1999, \u00een Charta Securit\u0103\u021bii Europene. Deci putem trage concluzia c\u0103 este decizia Moldovei s\u0103 hot\u0103rasc\u0103 cum dore\u0219te s\u0103 \u00ee\u0219i formeze rela\u021biile cu NATO \u0219i Rusia.<\/p>\n<p data-index=\"20\"><strong>A\u021bi vizitat de cur\u00e2nd Rom\u00e2nia. A fost o vizit\u0103 de reafirmare a sprijinului NATO pentru Rom\u00e2nia sau a\u021bi discutat chestiuni concrete cu liderii rom\u00e2ni?<\/strong><\/p>\n<p data-index=\"21\">Bine\u00een\u021beles c\u0103 am discutat \u00een detaliu actuala situa\u021bie de securitate \u00een Ucraina pentru c\u0103 a schimbat fundamental conjunctura securit\u0103\u021bii \u00een Europa dar \u0219i \u00een zona M\u0103rii Negre. Deci acesta a fost unul din punctele principale ale discu\u021biilor noastre. Dar am discutat \u0219i apropiatul summit NATO ce va avea loc \u00een \u021aara Galilor \u00een septembrie \u0219i \u00een sf\u00e2r\u0219it am folosit aceast\u0103 ocazie pentru a mul\u021bumi Rom\u00e2niei pentru angajamentul s\u0103u fa\u021b\u0103 de NATO \u0219i contribu\u021bia ei la opera\u021biuni NATO, mai ales \u00een Afghanistan. Am apreciat totodat\u0103 angajamentul Rom\u00e2niei de a-\u0219i cre\u0219te treptat bugetul ap\u0103r\u0103rii, ceea ce este un bun exemplu care ar trebui urmat \u0219i de alte \u021b\u0103ri aliate.<\/p>\n<p data-index=\"22\"><strong>\u00cen leg\u0103tur\u0103 cu Marea Neagr\u0103, sunt \u00een derulare exerci\u021bii militare \u00een aceast\u0103 zon\u0103. De ce este Marea Neagr\u0103 at\u00e2t de important\u0103 pentru Rusia, Rom\u00e2nia \u0219i alte \u021b\u0103ri?<\/strong><\/p>\n<p data-index=\"23\">De secole Marea Neagr\u0103 a fost o zon\u0103 de mare importan\u021b\u0103 strategic\u0103 \u0219i dup\u0103 anexarea ilegal\u0103 a Crimeei de c\u0103tre Rusia exist\u0103 riscul ca echilibrul de stabilitate din zona M\u0103rii Negre s\u0103 se schimbe \u0219i acesta este motivul pentru care trebuie s\u0103 ne focus\u0103m mai mult pe Marea Neagr\u0103.<\/p>\n<p data-index=\"24\"><strong>Nu este aceasta \u0219i o chestiune a resurselor de petrol \u0219i gaz din Marea Neagr\u0103?<\/strong><\/p>\n<p data-index=\"25\">Da, evident. Securitatea energetic\u0103 joac\u0103 un rol important c\u00e2nd vine vorba despre securitate \u00een general. Personal sunt \u00eengrijorat c\u0103 anexarea ilegal\u0103 a Crimeei va m\u0103ri riscul unor poten\u021biale conflicte \u00een zona M\u0103rii Negre c\u00e2nd se pune problema exploat\u0103rii de resurse energetice.<\/p>\n<p data-index=\"26\"><strong>Dac\u0103 ne \u00eentoarcem la Rom\u00e2nia, se spune c\u0103 este loc pentru \u00eembun\u0103t\u0103\u021birea tehnici militare. Crede\u021bi c\u0103 \u00een cazul unei ac\u021biuni militare deschise, Rom\u00e2nia va fi capabil\u0103 s\u0103 se apere?<\/strong><\/p>\n<p data-index=\"27\">Rom\u00e2nia are o capacitate de ap\u0103rare foarte puternic\u0103, dar cred c\u0103 adev\u0103rata for\u021b\u0103 a statutului de membru NATO este c\u0103 Rom\u00e2nia \u0219tie \u00een cazul unui atac \u00eempotriva ei, toat\u0103 Alian\u021ba ar s\u0103ri \u00een ajutor pe baza principiului solidarit\u0103\u021bii \u0219i de fapt acesta este cel mai puternic element de intimidare. Orice poten\u021bial agresor \u0219tie acest lucru, c\u0103 atacul \u00eempotriva unui membru va fi considerat atac \u00eempotriva tuturor, acest lucru are un puternic efect de intimidare, care ar face orice poten\u021bial agresor s\u0103 se g\u00e2ndeasc\u0103 cel pu\u021bin de dou\u0103 ori \u00eenainte de a lua \u00een considerare posibilitatea unui atac \u00eempotriva oric\u0103rui aliat NATO, inclusiv Rom\u00e2nia.<\/p>\n<p data-index=\"28\"><strong>A\u021bi l\u0103udat Rom\u00e2nia pentru m\u0103rirea cheltuielior pentru ap\u0103rare \u0219i a\u021bi \u00eendemnat alte state membre s\u0103 fac\u0103 la fel. Dar cel pu\u021bin \u021b\u0103rile europene trec printr-o grav\u0103 perioad\u0103 de criz\u0103. Unde crede\u021bi c\u0103 vor g\u0103si resursele pentru a-\u0219i cre\u0219te cheltuielile militare?<\/strong><\/p>\n<p data-index=\"29\">\u00cen\u021beleg pe deplin c\u0103 nu este u\u0219or. Multe guverne \u00eenc\u0103 depun mari eforturi, pentru a-\u0219i echilibra bugetul, pentru a reduce deficitul \u0219i este important \u0219i acest lucru. Pentru c\u0103 \u021b\u0103rile cu o economie slab\u0103 sunt vulnerabile. Deci este important s\u0103 ne punem \u00een ordine sectorul fiscal. Politicile fiscale s\u0103n\u0103toase \u00eenseamn\u0103 \u0219i politici militare s\u0103n\u0103toase. Deci \u00eemi dau seama c\u0103 este dificil. Dar, ceea ce am v\u0103zut \u00een Ucraina trebuie s\u0103 fie un semnal de alarm\u0103. Arat\u0103 c\u0103 nu trebuie s\u0103 lu\u0103m securitatea ca ceva dat. Deci trendul actual trebuie \u00eentors. \u00cen ultimii 5 ani Rusia \u0219i-a crescut cheltuielile militare cu 10% anual \u00een timp ce noi am redus substan\u021bial, mai ales \u00een Europa. De aceea \u00eendemn cu hot\u0103r\u00e2re guvernele s\u0103 opreasc\u0103 imediat reducerea cheltuielilor \u0219i s\u0103 \u00eenceap\u0103 investi\u021biile militare.<\/p>\n<p data-index=\"30\"><strong>Ungaria \u0219i-a \u00eent\u0103rit leg\u0103turile economice cu Rusia. Vedem \u0219i \u00een Bulgaria semne ale str\u00e2ngerii leg\u0103turilor cu Rusia. Putem s\u0103 le privim sau exist\u0103 temeri \u00een interiorul NATO c\u0103 aceste \u021b\u0103ri pot fi \u201ecai troieni\u201d \u00een interiorul Alian\u021bei?<\/strong><\/p>\n<p data-index=\"31\">Da\u0163i-mi voie s\u0103 subliniez c\u0103 aceste \u0163\u0103ri, Ungaria \u015fi Bulgaria, sunt alia\u0163i puternici, cu angajamente puternice c\u0103tre Alian\u0163a noastr\u0103, dar \u00een general vorbind exist\u0103 problema c\u0103 multe \u0163\u0103ri europene sunt prea dependente de energia importat\u0103 din Rusia. Deci vorbind \u00eentr-un context mai larg despre securitatea din aceast\u0103 zon\u0103 a lumii, cred c\u0103 este crucial s\u0103 reducem dependen\u0163a de petrolul \u015fi gazul importat din Rusia. Acest lucru nu este \u00een primul r\u00e2nd sarcina NATO, dar sper c\u0103 UE va lua m\u0103suri clare pentru a cre\u015fte securitatea energetic\u0103 a Europei.<\/p>\n<\/div>\n<p> Source URL: https:\/\/www.digi24.ro\/stiri\/actualitate\/politica\/exclusiv-anders-fogh-rasmussen-exista-riscul-unor-conflicte-in-marea-neagra-pe-exploatarea-resurselor-247314<\/p>\n","protected":false},"excerpt":{"rendered":"<p>Pozi\u021bia Rusiei fa\u021b\u0103 de NATO a fost clar\u0103 cel pu\u021bin din 2008 de la summitul NATO din Bucure\u0219ti, unde pre\u0219edintele Putin a spus c\u0103 dac\u0103 NATO se va apropia de Rusia, va lua m\u0103surile necesare. A subestimat NATO avertismentele Rusiei? \u00cen ultimii 20 de ani ne-am bazat planurile militare pe presupunerea c\u0103 Rusia nu prezint\u0103 [&hellip;]<\/p>\n","protected":false},"author":1,"featured_media":205037,"comment_status":"open","ping_status":"","sticky":false,"template":"","format":"standard","meta":{"footnotes":""},"categories":[2],"tags":[11],"class_list":["post-205036","post","type-post","status-publish","format-standard","has-post-thumbnail","hentry","category-politics","tag-digi24"],"_links":{"self":[{"href":"https:\/\/analyse.optim.biz\/index.php?rest_route=\/wp\/v2\/posts\/205036","targetHints":{"allow":["GET"]}}],"collection":[{"href":"https:\/\/analyse.optim.biz\/index.php?rest_route=\/wp\/v2\/posts"}],"about":[{"href":"https:\/\/analyse.optim.biz\/index.php?rest_route=\/wp\/v2\/types\/post"}],"author":[{"embeddable":true,"href":"https:\/\/analyse.optim.biz\/index.php?rest_route=\/wp\/v2\/users\/1"}],"replies":[{"embeddable":true,"href":"https:\/\/analyse.optim.biz\/index.php?rest_route=%2Fwp%2Fv2%2Fcomments&post=205036"}],"version-history":[{"count":0,"href":"https:\/\/analyse.optim.biz\/index.php?rest_route=\/wp\/v2\/posts\/205036\/revisions"}],"wp:featuredmedia":[{"embeddable":true,"href":"https:\/\/analyse.optim.biz\/index.php?rest_route=\/wp\/v2\/media\/205037"}],"wp:attachment":[{"href":"https:\/\/analyse.optim.biz\/index.php?rest_route=%2Fwp%2Fv2%2Fmedia&parent=205036"}],"wp:term":[{"taxonomy":"category","embeddable":true,"href":"https:\/\/analyse.optim.biz\/index.php?rest_route=%2Fwp%2Fv2%2Fcategories&post=205036"},{"taxonomy":"post_tag","embeddable":true,"href":"https:\/\/analyse.optim.biz\/index.php?rest_route=%2Fwp%2Fv2%2Ftags&post=205036"}],"curies":[{"name":"wp","href":"https:\/\/api.w.org\/{rel}","templated":true}]}}