{"id":2050328,"date":"2026-07-17T14:16:27","date_gmt":"2026-07-17T11:16:27","guid":{"rendered":"https:\/\/analyse.optim.biz\/?p=2050328"},"modified":"2026-07-17T14:16:27","modified_gmt":"2026-07-17T11:16:27","slug":"aur-acuza-un-abuz-dosar-penal-impotriva-deputatului-care-a-cerut-stoparea-importului-de-muncitori-asiatici","status":"publish","type":"post","link":"https:\/\/analyse.optim.biz\/?p=2050328","title":{"rendered":"AUR acuz\u0103 un \u201eabuz\u201d: Dosar penal \u00eempotriva deputatului care a cerut stoparea importului de muncitori asiatici"},"content":{"rendered":"<p>[analyse_image type=&#8221;featured&#8221; src=&#8221;https:\/\/ortodoxinfo.ro\/wp-content\/uploads\/2026\/07\/dan-tanasa-2.jpghttps:\/\/ortodoxinfo.ro\/wp-content\/uploads\/2026\/07\/dan-tanasa-2.jpg&#8221;]<\/p>\n<article id=\"post-249458\" class=\"post-249458 post type-post status-publish format-standard has-post-thumbnail category-asasinii-tarii\">\n<header class=\"single-header\">\n<aside class=\"breadcrumb-wrap breadcrumb-yoast s-breadcrumb\">\n<div class=\"breadcrumb-inner\"><span><span><a href=\"https:\/\/ortodoxinfo.ro\/\">Prima pagin\u0103<\/a><\/span> \u00bb <span><a href=\"https:\/\/ortodoxinfo.ro\/blog\/\">Blog<\/a><\/span> \u00bb <span class=\"breadcrumb_last\" aria-current=\"page\">AUR acuz\u0103 un \u201eabuz\u201d: Dosar penal \u00eempotriva deputatului care a cerut stoparea importului de muncitori asiatici<\/span><\/span><\/div>\n<\/aside>\n<h1 class=\"s-title fw-headline\">AUR acuz\u0103 un \u201eabuz\u201d: Dosar penal \u00eempotriva deputatului care a cerut stoparea importului de muncitori asiatici<\/h1>\n<div class=\"single-meta meta-s-default yes-0\">\n<div class=\"smeta-in\"><a class=\"meta-el meta-avatar\" href=\"https:\/\/ortodoxinfo.ro\/author\/redactor\/\"><img loading=\"lazy\" decoding=\"async\" alt=\"OrtodoxINFO\" src=\"https:\/\/secure.gravatar.com\/avatar\/21010332354a182ce4de6016685c5586f21c51866d0ec5bc8ef383240b3c3e02?s=120&amp;r=g\" class=\"avatar avatar-120 photo\" height=\"120\" width=\"120\"><\/a><\/p>\n<div class=\"smeta-sec\">\n<div class=\"p-meta\">\n<div class=\"meta-inner is-meta\"><span class=\"meta-el meta-date\"><time datetime=\"2026-07-17T17:16:27+03:00\">17 iulie 2026<\/time><\/span><span class=\"meta-el meta-category meta-bold\"><a class=\"meta-separate category-19885\" href=\"https:\/\/ortodoxinfo.ro\/category\/anti-sistem\/anti-romanism\/asasinii-tarii\/\">Asasinii \u021b\u0103rii<\/a><\/span><span class=\"meta-el meta-view\">7.4k vizualiz\u0103ri\t\t<\/span><span class=\"meta-el meta-comment mobile-last-meta tablet-last-meta\"><a href=\"https:\/\/ortodoxinfo.ro\/2026\/07\/17\/aur-acuza-un-abuz-dosar-penal-impotriva-deputatului-care-a-cerut-stoparea-importului-de-muncitori-asiatici\/#comments\">1 comentariu<\/a><\/span><\/div>\n<\/div>\n<\/div>\n<\/div>\n<div class=\"smeta-extra\">\n<div class=\"t-shared-sec tooltips-n has-read-meta is-color\">\n<div class=\"t-shared-header is-meta\"><span class=\"share-label\">Share<\/span><\/div>\n<\/div>\n<div class=\"single-right-meta single-time-read is-meta\"><span class=\"meta-el meta-read\">2 Min Read<\/span><\/div>\n<\/div>\n<\/div>\n<\/header>\n<div class=\"grid-container\">\n<div class=\"s-ct\">\n<div class=\"s-feat-outer\">\n<div class=\"s-feat\">\n<div class=\"featured-lightbox-trigger\" data-source=\"https:\/\/ortodoxinfo.ro\/wp-content\/uploads\/2026\/07\/dan-tanasa-2.jpg\" data-caption data-attribution><img fetchpriority=\"high\" decoding=\"async\" width=\"860\" height=\"573\" src=\"https:\/\/ortodoxinfo.ro\/wp-content\/uploads\/2026\/07\/dan-tanasa-2-860x573.jpg\" class=\"attachment-foxiz_crop_o1 size-foxiz_crop_o1 wp-post-image\" alt loading=\"eager\"><\/div>\n<\/div>\n<\/div>\n<div class=\"s-ct-wrap has-lsl\">\n<div class=\"s-ct-inner\">\n<div class=\"l-shared-sec-outer show-mobile\">\n<div class=\"l-shared-sec\">\n<div class=\"l-shared-header meta-text\"><span class=\"share-label\">SHARE<\/span><\/div>\n<\/div>\n<\/div>\n<div class=\"e-ct-outer\">\n<div class=\"entry-top\">\n<div id=\"custom_html-3\" class=\"widget_text widget entry-widget clearfix widget_custom_html\">\n<div class=\"textwidget custom-html-widget\">\n<div><small><br \/>\n    OrtodoxINFO este supus unui sabotaj sistematic din partea reprezentan\u021bilor Google Rom\u00e2nia, at\u00e2t la afi\u0219\u0103ri c\u00e2t \u0219i \u00een rezultatele de c\u0103utare.<br \/>\n        Astfel c\u0103 veniturile din publicitate au sc\u0103zut de p\u00e2n\u0103 la <strong>10 ori<\/strong>. Situa\u021bia este similar\u0103 \u0219i pe Facebook.<\/p>\n<p>        V\u0103 invit\u0103m s\u0103 accesa\u021bi direct site-ul \u0219i s\u0103 v\u0103 abona\u021bi la notific\u0103ri.<\/p>\n<p>    Dac\u0103 dori\u021bi s\u0103 ne sus\u021bine\u021bi \u00een aceast\u0103 perioad\u0103 dificil\u0103, orice <a href=\"https:\/\/ortodoxinfo.ro\/donatii\/\">dona\u021bie<\/a> este binevenit\u0103.<br \/>\n    Dumnezeu s\u0103 v\u0103 r\u0103spl\u0103teasc\u0103!<br \/>\n<\/small><\/div>\n<\/div>\n<\/div>\n<\/div>\n<div class=\"entry-content rbct clearfix is-highlight-shares\">\n<p>Alian\u021ba pentru Unirea Rom\u00e2nilor a transmis azi un comunicat prin care condamn\u0103 instrumentarea unui dosar penal pentru instigare la ur\u0103 \u00eempotriva deputatului Dan T\u0103nas\u0103, vicepre\u0219edintele partidului. Forma\u021biunea sus\u021bine c\u0103 parlamentarul nu a instigat la violen\u021b\u0103, ci a atras aten\u021bia asupra importului de muncitori necalifica\u021bi din Asia \u0219i Africa, \u0219i cere oprirea oric\u0103rei forme de abuz \u00eempotriva reprezentan\u021bilor AUR.<\/p>\n<p>Cazul are la baz\u0103 un mesaj publicat de T\u0103nas\u0103 pe Facebook \u00een august 2025, prin care \u00eendemna rom\u00e2nii s\u0103 refuze comenzile livrate de curieri asiatici sau africani: <strong>\u201eRefuza\u021bi comanda dac\u0103 nu e livrat\u0103 de un rom\u00e2n. Nu mai \u00eencuraja\u021bi importul de muncitori necalifica\u021bi din Asia \u0219i Africa<\/strong>\u201e.<\/p>\n<p>Postarea a venit \u00een zilele \u00een care un livrator din Bangladesh a fost agresat pe strad\u0103 la Bucure\u0219ti, ceea ce a dus la depunerea mai multor pl\u00e2ngeri penale \u2013 una a poli\u021bistului Marian Godin\u0103, alta a deputatului PNL Alexandru Muraru \u2013 invocate \u00een baza art. 369 din Codul Penal (incitare la ur\u0103 sau discriminare).<\/p>\n<p>T\u0103nas\u0103 a respins constant acuza\u021biile, sus\u021bin\u00e2nd c\u0103 mesajele sale nu vizeaz\u0103 pe nimeni pe criterii de origine \u0219i c\u0103 violen\u021ba stradal\u0103 \u201enu are nevoie\u201d de post\u0103rile lui pentru a exista.<br \/>\n\u00cen comunicatul de azi, AUR calific\u0103 ancheta drept o \u00eencercare de <strong>\u201edescurajare a vocilor critice\u201d<\/strong> \u0219i cere ca <strong>\u201er\u0103spunsul la o opinie politic\u0103\u201d<\/strong> s\u0103 fie o alt\u0103 opinie, nu o procedur\u0103 penal\u0103<strong>. \u201dAcest caz ridic\u0103 serioase semne de \u00eentrebare cu privire la respectarea libert\u0103\u021bii de exprimare \u0219i la riscul ca instrumentele statului s\u0103 fie folosite pentru descurajarea vocilor critice. \u00centr-un stat democratic, r\u0103spunsul la o opinie politic\u0103 trebuie s\u0103 fie o alt\u0103 opinie, nu deschiderea unor proceduri penale care pot avea un efect de intimidare asupra dezbaterii publice\u201d<\/strong> arat\u0103 forma\u021biunea. (B.T.I.)<\/p>\n<\/div>\n<\/div>\n<\/div>\n<div class=\"e-shared-sec entry-sec\">\n<div class=\"e-shared-header h4\"><span>Distribuie<\/span><\/div>\n<div class=\"rbbsl tooltips-n effect-fadeout is-bg\"><a class=\"share-action share-trigger icon-facebook\" aria-label=\"Share on Facebook\" href=\"https:\/\/www.facebook.com\/sharer.php?u=https%3A%2F%2Fortodoxinfo.ro%2F2026%2F07%2F17%2Faur-acuza-un-abuz-dosar-penal-impotriva-deputatului-care-a-cerut-stoparea-importului-de-muncitori-asiatici%2F\" data-title=\"Facebook\" rel=\"nofollow\"><span>Facebook<\/span><\/a><a class=\"share-action share-trigger icon-twitter\" aria-label=\"Share on X\" href=\"https:\/\/twitter.com\/intent\/tweet?text=AUR+acuz%C4%83+un+%E2%80%9Eabuz%E2%80%9D%3A+Dosar+penal+%C3%AEmpotriva+deputatului+care+a+cerut+stoparea+importului+de+muncitori+asiatici&amp;url=https%3A%2F%2Fortodoxinfo.ro%2F2026%2F07%2F17%2Faur-acuza-un-abuz-dosar-penal-impotriva-deputatului-care-a-cerut-stoparea-importului-de-muncitori-asiatici%2F&amp;via=ortodoxinforo\" data-title=\"X\" rel=\"nofollow\"><span>X<\/span><\/a><a class=\"share-action icon-whatsapp is-web\" aria-label=\"Share on Whatsapp\" href=\"https:\/\/web.whatsapp.com\/send?text=AUR+acuz%C4%83+un+%E2%80%9Eabuz%E2%80%9D%3A+Dosar+penal+%C3%AEmpotriva+deputatului+care+a+cerut+stoparea+importului+de+muncitori+asiatici%20%E2%98%9E%20https%3A%2F%2Fortodoxinfo.ro%2F2026%2F07%2F17%2Faur-acuza-un-abuz-dosar-penal-impotriva-deputatului-care-a-cerut-stoparea-importului-de-muncitori-asiatici%2F\" target=\"_blank\" data-title=\"WhatsApp\" rel=\"nofollow\"><span>Whatsapp<\/span><\/a><a class=\"share-action icon-whatsapp is-mobile\" aria-label=\"Share on Whatsapp\" href=\"\/\/send?text=AUR+acuz%C4%83+un+%E2%80%9Eabuz%E2%80%9D%3A+Dosar+penal+%C3%AEmpotriva+deputatului+care+a+cerut+stoparea+importului+de+muncitori+asiatici%20%E2%98%9E%20https%3A%2F%2Fortodoxinfo.ro%2F2026%2F07%2F17%2Faur-acuza-un-abuz-dosar-penal-impotriva-deputatului-care-a-cerut-stoparea-importului-de-muncitori-asiatici%2F\" target=\"_blank\" data-title=\"WhatsApp\" rel=\"nofollow\"><span>Whatsapp<\/span><\/a><a class=\"share-action share-trigger icon-telegram\" aria-label=\"Share on Telegram\" href=\"https:\/\/t.me\/share\/?url=https%3A%2F%2Fortodoxinfo.ro%2F2026%2F07%2F17%2Faur-acuza-un-abuz-dosar-penal-impotriva-deputatului-care-a-cerut-stoparea-importului-de-muncitori-asiatici%2F&amp;text=AUR+acuz%C4%83+un+%E2%80%9Eabuz%E2%80%9D%3A+Dosar+penal+%C3%AEmpotriva+deputatului+care+a+cerut+stoparea+importului+de+muncitori+asiatici\" data-title=\"Telegram\" rel=\"nofollow\"><span>Telegram<\/span><\/a><a class=\"share-action icon-copy copy-trigger\" aria-label=\"Copy Link\" href=\"https:\/\/ortodoxinfo.ro\/2026\/07\/17\/aur-acuza-un-abuz-dosar-penal-impotriva-deputatului-care-a-cerut-stoparea-importului-de-muncitori-asiatici\/\" data-copied=\"Copied!\" data-link=\"https:\/\/ortodoxinfo.ro\/2026\/07\/17\/aur-acuza-un-abuz-dosar-penal-impotriva-deputatului-care-a-cerut-stoparea-importului-de-muncitori-asiatici\/\" rel=\"nofollow\" data-copy=\"Copy Link\"><span>Copy Link<\/span><\/a><a class=\"share-action icon-print\" aria-label=\"Print\" rel=\"nofollow\" data-title=\"Print\"><span>Print<\/span><\/a><\/div>\n<\/div>\n<\/div>\n<div id=\"tabs\" class=\"dntplgn_form_wrapper\"><span><\/p>\n<h2>\u0218tirile sunt sub cenzur\u0103! Sprijini\u021bi OrtodoxINFO!<\/h2>\n<p>Guvernul nu dore\u0219te aflarea adev\u0103rului despre lovitura de stat \u0219i \u00eengenuncherea Rom\u00e2niei. \u00cencerc\u0103m s\u0103 men\u021binem viu acest site \u0219i s\u0103 v\u0103 punem la dispozi\u021bie informa\u021bii care s\u0103 fac\u0103 lumin\u0103 \u00een cea mai mare provocare pe care o tr\u0103im. Jurnalismul independent al portalului OrtodoxINFO func\u021bioneaz\u0103 strict cu ajutorul cititorilor.<br \/>\nNe pute\u021bi sprijini printr-o <b><a href=\"https:\/\/ortodoxinfo.ro\/donatii\/\">dona\u021bie bancar\u0103<\/a> sau prin PayPal, complet\u00e2nd formularul de mai jos.<\/b><\/span><\/p>\n<ul>\n<li><a href=\"https:\/\/ortodoxinfo.ro\/2026\/07\/17\/aur-acuza-un-abuz-dosar-penal-impotriva-deputatului-care-a-cerut-stoparea-importului-de-muncitori-asiatici\/#tabs-1\">Dona\u021bie lunar\u0103<\/a><\/li>\n<li><a href=\"https:\/\/ortodoxinfo.ro\/2026\/07\/17\/aur-acuza-un-abuz-dosar-penal-impotriva-deputatului-care-a-cerut-stoparea-importului-de-muncitori-asiatici\/#tabs-2\">Doar acum<\/a><\/li>\n<\/ul>\n<div id=\"tabs-1\"><img loading=\"lazy\" decoding=\"async\" alt border=\"0\" src=\"https:\/\/www.paypalobjects.com\/en_US\/i\/scr\/pixel.gif\" width=\"1\" height=\"1\"><\/div>\n<div id=\"tabs-2\">\n<p>\t\t     \u20ac<\/p>\n<p>\t\t    <img loading=\"lazy\" decoding=\"async\" alt border=\"0\" src=\"https:\/\/www.paypalobjects.com\/en_US\/i\/scr\/pixel.gif\" width=\"1\" height=\"1\"><\/div>\n<p>Mul\u021bumim celor care ne-au ajutat p\u00e2n\u0103 acum!\n\t<\/p><\/div>\n<div class=\"comment-box-wrap entry-sec\">\n<div class=\"comment-box-header\"><span class=\"h3\">1 comentariu<\/span><\/div>\n<div class=\"comment-holder\">\n<div id=\"comments\" class=\"comments-area\">\n<div class=\"rb-section\">\n<ul class=\"comment-list entry\">\n<li id=\"comment-250492\" class=\"comment even thread-even depth-1\">\n<article id=\"div-comment-250492\" class=\"comment-body\">\n<footer class=\"comment-meta\">\n<div class=\"comment-author vcard\"><img loading=\"lazy\" decoding=\"async\" alt src=\"https:\/\/secure.gravatar.com\/avatar\/bff9d13d115e9052cd38131f68df9b6014a532e7fe5cf089f786b7a40bc6f282?s=100&amp;r=g\" class=\"avatar avatar-100 photo\" height=\"100\" width=\"100\"><b class=\"fn\">Maria<\/b><span class=\"says\">spune:<\/span><\/div>\n<div class=\"comment-metadata\"><a href=\"https:\/\/ortodoxinfo.ro\/2026\/07\/17\/aur-acuza-un-abuz-dosar-penal-impotriva-deputatului-care-a-cerut-stoparea-importului-de-muncitori-asiatici\/#comment-250492\"><time datetime=\"2026-07-17T19:14:20+03:00\">17 iulie 2026 la 19:14<\/time><\/a><\/div>\n<\/footer>\n<div class=\"comment-content\">\n<p>faptul ca il fac pe CG in fel si chip si instiga la ura si chiar violenta impotriva dumnealui si a familiei(chiar au difuzat mesajul in care i se doarea soarta lui Ceausescu la TV,plus postarea lui Buhnici cu o poza editata in care sotii Georgescu erau pusi in locul sotilor Ceausescu etc.),nu conteaza pt autoritati si nici nu fac nimanui dosar penal din aceasta pricina.Da,nici nu vedem dubla masura decat din avion.Statul roman a devanit nici macar o gluma proasta iar institutiile lui sunt absolut capturate.<\/p>\n<\/div>\n<div class=\"reply\"><a rel=\"nofollow\" class=\"comment-reply-link\" href=\"https:\/\/ortodoxinfo.ro\/2026\/07\/17\/aur-acuza-un-abuz-dosar-penal-impotriva-deputatului-care-a-cerut-stoparea-importului-de-muncitori-asiatici\/#comment-250492\" data-commentid=\"250492\" data-postid=\"249458\" data-belowelement=\"div-comment-250492\" data-respondelement=\"respond\" data-replyto=\"R\u0103spunde-i lui Maria\" aria-label=\"R\u0103spunde-i lui Maria\">R\u0103spunde<\/a><\/div>\n<\/article>\n<\/li>\n<\/ul>\n<\/div>\n<div id=\"respond\" class=\"comment-respond\">\n<h3 id=\"reply-title\" class=\"comment-reply-title\">Las\u0103 un r\u0103spuns <small><a rel=\"nofollow\" id=\"cancel-comment-reply-link\" href=\"https:\/\/ortodoxinfo.ro\/2026\/07\/17\/aur-acuza-un-abuz-dosar-penal-impotriva-deputatului-care-a-cerut-stoparea-importului-de-muncitori-asiatici\/#respond\">Anuleaz\u0103 r\u0103spunsul<\/a><\/small><\/h3>\n<p class=\"comment-notes\"><span id=\"email-notes\">Adresa ta de email nu va fi publicat\u0103.<\/span><span class=\"required-field-message\">C\u00e2mpurile obligatorii sunt marcate cu <span class=\"required\">*<\/span><\/span><\/p>\n<\/div>\n<\/div>\n<\/div>\n<\/div>\n<\/div>\n<div class=\"sidebar-wrap single-sidebar\">\n<div class=\"sidebar-inner clearfix\">\n<div id=\"widget-post-2\" class=\"widget rb-section w-sidebar clearfix widget-post\">\n<div class=\"block-h widget-heading heading-layout-1\">\n<div class=\"heading-inner\">\n<h4 class=\"heading-title\"><span>Articole recente<\/span><\/h4>\n<\/div>\n<\/div>\n<div class=\"widget-p-listing\">\n<div class=\"p-wrap p-small p-list-small-2\" data-pid=\"249516\">\n<div class=\"feat-holder\">\n<div class=\"p-featured ratio-v1\"><a class=\"p-flink\" href=\"https:\/\/ortodoxinfo.ro\/2026\/07\/18\/petrisor-peiu-nicusor-dan-isi-aroga-singur-un-drept-pe-care-constitutia-nu-i-l-ofera-acela-de-a-secretiza-o-parte-din-cheltuielile-publice\/\" title=\"Petri\u0219or Peiu: Nicu\u0219or Dan \u00ee\u0219i arog\u0103 singur un drept pe care Constitu\u021bia nu i-l ofer\u0103: acela de a secretiza o parte din cheltuielile publice\"><img decoding=\"async\" width=\"150\" height=\"150\" src=\"https:\/\/ortodoxinfo.ro\/wp-content\/uploads\/2026\/07\/petrisor-peiu-ingrasaminte-e1780155968127-150x150.jpeg\" class=\"featured-img wp-post-image\" alt loading=\"lazy\"><\/a><\/div>\n<\/div>\n<div class=\"p-content\">\n<h5 class=\"entry-title\"><a class=\"p-url\" href=\"https:\/\/ortodoxinfo.ro\/2026\/07\/18\/petrisor-peiu-nicusor-dan-isi-aroga-singur-un-drept-pe-care-constitutia-nu-i-l-ofera-acela-de-a-secretiza-o-parte-din-cheltuielile-publice\/\" rel=\"bookmark\">Petri\u0219or Peiu: Nicu\u0219or Dan \u00ee\u0219i arog\u0103 singur un drept pe care Constitu\u021bia nu i-l ofer\u0103: acela de a secretiza o parte din cheltuielile publice<\/a><\/h5>\n<div class=\"p-meta\">\n<div class=\"meta-inner is-meta\"><span class=\"meta-el meta-date\"><time datetime=\"2026-07-18T08:08:56+03:00\">18 iulie 2026<\/time><\/span><span class=\"meta-el meta-category meta-bold\"><a class=\"meta-separate category-19866\" href=\"https:\/\/ortodoxinfo.ro\/category\/lupta-pentru-romania\/\">Lupt\u0103 pentru Rom\u00e2nia<\/a><\/span><span class=\"meta-el meta-view\">4.7k vizualiz\u0103ri\t\t<\/span><\/div>\n<\/div>\n<\/div>\n<\/div>\n<div class=\"p-wrap p-small p-list-small-2\" data-pid=\"249473\">\n<div class=\"feat-holder\">\n<div class=\"p-featured ratio-v1\"><a class=\"p-flink\" href=\"https:\/\/ortodoxinfo.ro\/2026\/07\/17\/romania-suverana-inainte-de-toate-olanda-recunoaste-limita-iar-bucurestiul-continua-sa-taie-din-bugetul-poporului\/\" title=\"Rom\u00e2nia suveran\u0103 \u00eenainte de toate: Olanda recunoa\u0219te limita, iar Bucure\u0219tiul continu\u0103 s\u0103 taie din bugetul poporului\"><img decoding=\"async\" width=\"150\" height=\"150\" src=\"https:\/\/ortodoxinfo.ro\/wp-content\/uploads\/2026\/07\/Patriot-1.webp-150x150.webp\" class=\"featured-img wp-post-image\" alt loading=\"lazy\"><\/a><\/div>\n<\/div>\n<div class=\"p-content\">\n<h5 class=\"entry-title\"><a class=\"p-url\" href=\"https:\/\/ortodoxinfo.ro\/2026\/07\/17\/romania-suverana-inainte-de-toate-olanda-recunoaste-limita-iar-bucurestiul-continua-sa-taie-din-bugetul-poporului\/\" rel=\"bookmark\">Rom\u00e2nia suveran\u0103 \u00eenainte de toate: Olanda recunoa\u0219te limita, iar Bucure\u0219tiul continu\u0103 s\u0103 taie din bugetul poporului<\/a><\/h5>\n<div class=\"p-meta\">\n<div class=\"meta-inner is-meta\"><span class=\"meta-el meta-date\"><time datetime=\"2026-07-17T17:20:11+03:00\">17 iulie 2026<\/time><\/span><span class=\"meta-el meta-category meta-bold\"><a class=\"meta-separate category-15871\" href=\"https:\/\/ortodoxinfo.ro\/category\/anti-sistem\/al-iii-lea-razboi-mondial\/ucraina\/\">Ucraina<\/a><\/span><span class=\"meta-el meta-view\">9.3k vizualiz\u0103ri\t\t<\/span><\/div>\n<\/div>\n<\/div>\n<\/div>\n<div class=\"p-wrap p-small p-list-small-2\" data-pid=\"249395\">\n<div class=\"feat-holder\">\n<div class=\"p-featured ratio-v1\"><a class=\"p-flink\" href=\"https:\/\/ortodoxinfo.ro\/2026\/07\/17\/ion-cristoiu-si-a-revenit-dupa-betia-vestea-romania-nu-se-reseteaza-fara-alegeri-anticipate\/\" title=\"Ion Cristoiu \u0219i-a revenit dup\u0103 be\u021bia Ve\u0219tea: \u201eRom\u00e2nia nu se reseteaz\u0103 f\u0103r\u0103 alegeri anticipate\u201d\"><img decoding=\"async\" width=\"150\" height=\"150\" src=\"https:\/\/ortodoxinfo.ro\/wp-content\/uploads\/2026\/07\/2-19-150x150.png\" class=\"featured-img wp-post-image\" alt loading=\"lazy\"><\/a><\/div>\n<\/div>\n<div class=\"p-content\">\n<h5 class=\"entry-title\"><a class=\"p-url\" href=\"https:\/\/ortodoxinfo.ro\/2026\/07\/17\/ion-cristoiu-si-a-revenit-dupa-betia-vestea-romania-nu-se-reseteaza-fara-alegeri-anticipate\/\" rel=\"bookmark\">Ion Cristoiu \u0219i-a revenit dup\u0103 be\u021bia Ve\u0219tea: \u201eRom\u00e2nia nu se reseteaz\u0103 f\u0103r\u0103 alegeri anticipate\u201d<\/a><\/h5>\n<div class=\"p-meta\">\n<div class=\"meta-inner is-meta\"><span class=\"meta-el meta-date\"><time datetime=\"2026-07-17T12:15:42+03:00\">17 iulie 2026<\/time><\/span><span class=\"meta-el meta-category meta-bold\"><a class=\"meta-separate category-19885\" href=\"https:\/\/ortodoxinfo.ro\/category\/anti-sistem\/anti-romanism\/asasinii-tarii\/\">Asasinii \u021b\u0103rii<\/a><\/span><span class=\"meta-el meta-view\">6.4k vizualiz\u0103ri\t\t<\/span><\/div>\n<\/div>\n<\/div>\n<\/div>\n<div class=\"p-wrap p-small p-list-small-2\" data-pid=\"249327\">\n<div class=\"feat-holder\">\n<div class=\"p-featured ratio-v1\"><a class=\"p-flink\" href=\"https:\/\/ortodoxinfo.ro\/2026\/07\/17\/trump-declasifica-documente-secrete-despre-alegeri-si-acuza-china-de-cel-mai-mare-atac-cibernetic-electoral-din-istorie\/\" title=\"Trump declasific\u0103 documente secrete despre alegeri \u0219i acuz\u0103 China de cel mai mare atac cibernetic electoral din istorie\"><img decoding=\"async\" width=\"150\" height=\"150\" src=\"https:\/\/ortodoxinfo.ro\/wp-content\/uploads\/2026\/07\/donald-trump-2.webp-150x150.webp\" class=\"featured-img wp-post-image\" alt loading=\"lazy\"><\/a><\/div>\n<\/div>\n<div class=\"p-content\">\n<h5 class=\"entry-title\"><a class=\"p-url\" href=\"https:\/\/ortodoxinfo.ro\/2026\/07\/17\/trump-declasifica-documente-secrete-despre-alegeri-si-acuza-china-de-cel-mai-mare-atac-cibernetic-electoral-din-istorie\/\" rel=\"bookmark\">Trump declasific\u0103 documente secrete despre alegeri \u0219i acuz\u0103 China de cel mai mare atac cibernetic electoral din istorie<\/a><\/h5>\n<div class=\"p-meta\">\n<div class=\"meta-inner is-meta\"><span class=\"meta-el meta-date\"><time datetime=\"2026-07-17T11:10:19+03:00\">17 iulie 2026<\/time><\/span><span class=\"meta-el meta-category meta-bold\"><a class=\"meta-separate category-585\" href=\"https:\/\/ortodoxinfo.ro\/category\/stiri\/externe\/\">Externe<\/a><\/span><span class=\"meta-el meta-view\">4.3k vizualiz\u0103ri\t\t<\/span><\/div>\n<\/div>\n<\/div>\n<\/div>\n<\/div>\n<\/div>\n<div id=\"custom_html-2\" class=\"widget_text widget rb-section w-sidebar clearfix widget_custom_html\">\n<div class=\"block-h widget-heading heading-layout-1\">\n<div class=\"heading-inner\">\n<h4 class=\"heading-title\"><span>DONA\u021aII \u00een cont bancar<\/span><\/h4>\n<\/div>\n<\/div>\n<div class=\"textwidget custom-html-widget\">\n<table class=\"donatii\">\n<tbody>\n<tr>\n<th colspan=\"2\"><strong><span>Asicia\u021bia SMI-B<\/span><\/strong><\/th>\n<\/tr>\n<tr>\n<th>Cont LEI<\/th>\n<td>RO67CECEB00030RON2081955<\/td>\n<\/tr>\n<tr>\n<th>Cont EURO<\/th>\n<td>RO33CECEB000C1EUR2081978<\/td>\n<\/tr>\n<tr>\n<th>Cod SWIFT<\/th>\n<td>CECEROBU<\/td>\n<\/tr>\n<tr>\n<th colspan=\"2\"><strong>CEC BANK SA<\/strong><\/th>\n<\/tr>\n<\/tbody>\n<\/table>\n<\/div>\n<\/div>\n<\/div>\n<\/div>\n<\/div>\n<\/article>\n<div class=\"entry-content rbct clearfix is-highlight-shares\">\n<p>Alian\u021ba pentru Unirea Rom\u00e2nilor a transmis azi un comunicat prin care condamn\u0103 instrumentarea unui dosar penal pentru instigare la ur\u0103 \u00eempotriva deputatului Dan T\u0103nas\u0103, vicepre\u0219edintele partidului. Forma\u021biunea sus\u021bine c\u0103 parlamentarul nu a instigat la violen\u021b\u0103, ci a atras aten\u021bia asupra importului de muncitori necalifica\u021bi din Asia \u0219i Africa, \u0219i cere oprirea oric\u0103rei forme de abuz \u00eempotriva reprezentan\u021bilor AUR.<\/p>\n<p>Cazul are la baz\u0103 un mesaj publicat de T\u0103nas\u0103 pe Facebook \u00een august 2025, prin care \u00eendemna rom\u00e2nii s\u0103 refuze comenzile livrate de curieri asiatici sau africani: <strong>\u201eRefuza\u021bi comanda dac\u0103 nu e livrat\u0103 de un rom\u00e2n. Nu mai \u00eencuraja\u021bi importul de muncitori necalifica\u021bi din Asia \u0219i Africa<\/strong>\u201e.<\/p>\n<p>Postarea a venit \u00een zilele \u00een care un livrator din Bangladesh a fost agresat pe strad\u0103 la Bucure\u0219ti, ceea ce a dus la depunerea mai multor pl\u00e2ngeri penale \u2013 una a poli\u021bistului Marian Godin\u0103, alta a deputatului PNL Alexandru Muraru \u2013 invocate \u00een baza art. 369 din Codul Penal (incitare la ur\u0103 sau discriminare).<\/p>\n<p>T\u0103nas\u0103 a respins constant acuza\u021biile, sus\u021bin\u00e2nd c\u0103 mesajele sale nu vizeaz\u0103 pe nimeni pe criterii de origine \u0219i c\u0103 violen\u021ba stradal\u0103 \u201enu are nevoie\u201d de post\u0103rile lui pentru a exista.<br \/>\n\u00cen comunicatul de azi, AUR calific\u0103 ancheta drept o \u00eencercare de <strong>\u201edescurajare a vocilor critice\u201d<\/strong> \u0219i cere ca <strong>\u201er\u0103spunsul la o opinie politic\u0103\u201d<\/strong> s\u0103 fie o alt\u0103 opinie, nu o procedur\u0103 penal\u0103<strong>. \u201dAcest caz ridic\u0103 serioase semne de \u00eentrebare cu privire la respectarea libert\u0103\u021bii de exprimare \u0219i la riscul ca instrumentele statului s\u0103 fie folosite pentru descurajarea vocilor critice. \u00centr-un stat democratic, r\u0103spunsul la o opinie politic\u0103 trebuie s\u0103 fie o alt\u0103 opinie, nu deschiderea unor proceduri penale care pot avea un efect de intimidare asupra dezbaterii publice\u201d<\/strong> arat\u0103 forma\u021biunea. (B.T.I.)<\/p>\n<\/div>\n<p>[analyse_source url=&#8221;https:\/\/ortodoxinfo.ro\/2026\/07\/17\/aur-acuza-un-abuz-dosar-penal-impotriva-deputatului-care-a-cerut-stoparea-importului-de-muncitori-asiatici\/&#8221;]<\/p>\n","protected":false},"excerpt":{"rendered":"<p>[analyse_image type=&#8221;featured&#8221; src=&#8221;https:\/\/ortodoxinfo.ro\/wp-content\/uploads\/2026\/07\/dan-tanasa-2.jpghttps:\/\/ortodoxinfo.ro\/wp-content\/uploads\/2026\/07\/dan-tanasa-2.jpg&#8221;] Prima pagin\u0103 \u00bb Blog \u00bb AUR acuz\u0103 un \u201eabuz\u201d: Dosar penal \u00eempotriva deputatului care a cerut stoparea importului de muncitori asiatici AUR acuz\u0103 un \u201eabuz\u201d: Dosar penal \u00eempotriva deputatului care a cerut stoparea importului de muncitori asiatici 17 iulie 2026Asasinii \u021b\u0103rii7.4k vizualiz\u0103ri 1 comentariu Share 2 Min Read SHARE OrtodoxINFO este supus [&hellip;]<\/p>\n","protected":false},"author":1,"featured_media":0,"comment_status":"open","ping_status":"","sticky":false,"template":"","format":"standard","meta":{"footnotes":""},"categories":[89],"tags":[226,94],"class_list":["post-2050328","post","type-post","status-publish","format-standard","hentry","category-romania","tag-crawlmanager","tag-ortodoxinfo-ro"],"_links":{"self":[{"href":"https:\/\/analyse.optim.biz\/index.php?rest_route=\/wp\/v2\/posts\/2050328","targetHints":{"allow":["GET"]}}],"collection":[{"href":"https:\/\/analyse.optim.biz\/index.php?rest_route=\/wp\/v2\/posts"}],"about":[{"href":"https:\/\/analyse.optim.biz\/index.php?rest_route=\/wp\/v2\/types\/post"}],"author":[{"embeddable":true,"href":"https:\/\/analyse.optim.biz\/index.php?rest_route=\/wp\/v2\/users\/1"}],"replies":[{"embeddable":true,"href":"https:\/\/analyse.optim.biz\/index.php?rest_route=%2Fwp%2Fv2%2Fcomments&post=2050328"}],"version-history":[{"count":0,"href":"https:\/\/analyse.optim.biz\/index.php?rest_route=\/wp\/v2\/posts\/2050328\/revisions"}],"wp:attachment":[{"href":"https:\/\/analyse.optim.biz\/index.php?rest_route=%2Fwp%2Fv2%2Fmedia&parent=2050328"}],"wp:term":[{"taxonomy":"category","embeddable":true,"href":"https:\/\/analyse.optim.biz\/index.php?rest_route=%2Fwp%2Fv2%2Fcategories&post=2050328"},{"taxonomy":"post_tag","embeddable":true,"href":"https:\/\/analyse.optim.biz\/index.php?rest_route=%2Fwp%2Fv2%2Ftags&post=2050328"}],"curies":[{"name":"wp","href":"https:\/\/api.w.org\/{rel}","templated":true}]}}