{"id":2050326,"date":"2026-07-17T09:15:42","date_gmt":"2026-07-17T06:15:42","guid":{"rendered":"https:\/\/analyse.optim.biz\/?p=2050326"},"modified":"2026-07-17T09:15:42","modified_gmt":"2026-07-17T06:15:42","slug":"ion-cristoiu-si-a-revenit-dupa-betia-vestea-romania-nu-se-reseteaza-fara-alegeri-anticipate","status":"publish","type":"post","link":"https:\/\/analyse.optim.biz\/?p=2050326","title":{"rendered":"Ion Cristoiu \u0219i-a revenit dup\u0103 be\u021bia Ve\u0219tea: \u201eRom\u00e2nia nu se reseteaz\u0103 f\u0103r\u0103 alegeri anticipate\u201d"},"content":{"rendered":"<p>[analyse_image type=&#8221;featured&#8221; src=&#8221;https:\/\/ortodoxinfo.ro\/wp-content\/uploads\/2026\/07\/2-19.pnghttps:\/\/ortodoxinfo.ro\/wp-content\/uploads\/2026\/07\/2-19.png&#8221;]<\/p>\n<article id=\"post-249395\" class=\"post-249395 post type-post status-publish format-standard has-post-thumbnail category-asasinii-tarii\">\n<header class=\"single-header\">\n<aside class=\"breadcrumb-wrap breadcrumb-yoast s-breadcrumb\">\n<div class=\"breadcrumb-inner\"><span><span><a href=\"https:\/\/ortodoxinfo.ro\/\">Prima pagin\u0103<\/a><\/span> \u00bb <span><a href=\"https:\/\/ortodoxinfo.ro\/blog\/\">Blog<\/a><\/span> \u00bb <span class=\"breadcrumb_last\" aria-current=\"page\">Ion Cristoiu \u0219i-a revenit dup\u0103 be\u021bia Ve\u0219tea: \u201eRom\u00e2nia nu se reseteaz\u0103 f\u0103r\u0103 alegeri anticipate\u201d<\/span><\/span><\/div>\n<\/aside>\n<h1 class=\"s-title fw-headline\">Ion Cristoiu \u0219i-a revenit dup\u0103 be\u021bia Ve\u0219tea: \u201eRom\u00e2nia nu se reseteaz\u0103 f\u0103r\u0103 alegeri anticipate\u201d<\/h1>\n<div class=\"single-meta meta-s-default yes-0\">\n<div class=\"smeta-in\"><a class=\"meta-el meta-avatar\" href=\"https:\/\/ortodoxinfo.ro\/author\/redactor\/\"><img loading=\"lazy\" decoding=\"async\" alt=\"OrtodoxINFO\" src=\"https:\/\/secure.gravatar.com\/avatar\/21010332354a182ce4de6016685c5586f21c51866d0ec5bc8ef383240b3c3e02?s=120&amp;r=g\" class=\"avatar avatar-120 photo\" height=\"120\" width=\"120\"><\/a><\/p>\n<div class=\"smeta-sec\">\n<div class=\"p-meta\">\n<div class=\"meta-inner is-meta\"><span class=\"meta-el meta-date\"><time datetime=\"2026-07-17T12:15:42+03:00\">17 iulie 2026<\/time><\/span><span class=\"meta-el meta-category meta-bold\"><a class=\"meta-separate category-19885\" href=\"https:\/\/ortodoxinfo.ro\/category\/anti-sistem\/anti-romanism\/asasinii-tarii\/\">Asasinii \u021b\u0103rii<\/a><\/span><span class=\"meta-el meta-view\">6.4k vizualiz\u0103ri\t\t<\/span><span class=\"meta-el meta-comment mobile-last-meta tablet-last-meta\"><a href=\"https:\/\/ortodoxinfo.ro\/2026\/07\/17\/ion-cristoiu-si-a-revenit-dupa-betia-vestea-romania-nu-se-reseteaza-fara-alegeri-anticipate\/#respond\">Comentarii<\/a><\/span><\/div>\n<\/div>\n<\/div>\n<\/div>\n<div class=\"smeta-extra\">\n<div class=\"t-shared-sec tooltips-n has-read-meta is-color\">\n<div class=\"t-shared-header is-meta\"><span class=\"share-label\">Share<\/span><\/div>\n<\/div>\n<div class=\"single-right-meta single-time-read is-meta\"><span class=\"meta-el meta-read\">2 Min Read<\/span><\/div>\n<\/div>\n<\/div>\n<\/header>\n<div class=\"grid-container\">\n<div class=\"s-ct\">\n<div class=\"s-feat-outer\">\n<div class=\"s-feat\">\n<div class=\"featured-lightbox-trigger\" data-source=\"https:\/\/ortodoxinfo.ro\/wp-content\/uploads\/2026\/07\/2-19.png\" data-caption data-attribution><img fetchpriority=\"high\" decoding=\"async\" width=\"820\" height=\"460\" src=\"https:\/\/ortodoxinfo.ro\/wp-content\/uploads\/2026\/07\/2-19.png\" class=\"attachment-foxiz_crop_o1 size-foxiz_crop_o1 wp-post-image\" alt loading=\"eager\"><\/div>\n<\/div>\n<\/div>\n<div class=\"s-ct-wrap has-lsl\">\n<div class=\"s-ct-inner\">\n<div class=\"l-shared-sec-outer show-mobile\">\n<div class=\"l-shared-sec\">\n<div class=\"l-shared-header meta-text\"><span class=\"share-label\">SHARE<\/span><\/div>\n<\/div>\n<\/div>\n<div class=\"e-ct-outer\">\n<div class=\"entry-top\">\n<div id=\"custom_html-3\" class=\"widget_text widget entry-widget clearfix widget_custom_html\">\n<div class=\"textwidget custom-html-widget\">\n<div><small><br \/>\n    OrtodoxINFO este supus unui sabotaj sistematic din partea reprezentan\u021bilor Google Rom\u00e2nia, at\u00e2t la afi\u0219\u0103ri c\u00e2t \u0219i \u00een rezultatele de c\u0103utare.<br \/>\n        Astfel c\u0103 veniturile din publicitate au sc\u0103zut de p\u00e2n\u0103 la <strong>10 ori<\/strong>. Situa\u021bia este similar\u0103 \u0219i pe Facebook.<\/p>\n<p>        V\u0103 invit\u0103m s\u0103 accesa\u021bi direct site-ul \u0219i s\u0103 v\u0103 abona\u021bi la notific\u0103ri.<\/p>\n<p>    Dac\u0103 dori\u021bi s\u0103 ne sus\u021bine\u021bi \u00een aceast\u0103 perioad\u0103 dificil\u0103, orice <a href=\"https:\/\/ortodoxinfo.ro\/donatii\/\">dona\u021bie<\/a> este binevenit\u0103.<br \/>\n    Dumnezeu s\u0103 v\u0103 r\u0103spl\u0103teasc\u0103!<br \/>\n<\/small><\/div>\n<\/div>\n<\/div>\n<\/div>\n<div class=\"entry-content rbct clearfix is-highlight-shares\">\n<div class=\"ruby-table-contents rbtoc table-left table-fw-single-col\">\n<div class=\"toc-header\"><span class=\"h3\">Sumar<\/span><\/div>\n<div class=\"toc-content h5\"><a href=\"https:\/\/ortodoxinfo.ro\/2026\/07\/17\/ion-cristoiu-si-a-revenit-dupa-betia-vestea-romania-nu-se-reseteaza-fara-alegeri-anticipate\/#sunt-cel-mai-mare-fan-al-alegerilor-anticipate\" class=\"table-link no-link anchor-link\" data-index=\"rb-heading-index-0\">\u201eSunt cel mai mare fan al alegerilor anticipate\u201d<\/a><a href=\"https:\/\/ortodoxinfo.ro\/2026\/07\/17\/ion-cristoiu-si-a-revenit-dupa-betia-vestea-romania-nu-se-reseteaza-fara-alegeri-anticipate\/#cristoiu-compara-tensiunile-actuale-cu-perioada-dinaintea-primului-razboi-mondial\" class=\"table-link no-link anchor-link\" data-index=\"rb-heading-index-1\">Cristoiu compar\u0103 tensiunile actuale cu perioada dinaintea Primului R\u0103zboi Mondial<\/a><\/div>\n<\/div>\n<p>Analistul <span class=\"hover:entity-accent entity-underline inline cursor-pointer align-baseline\"><span class=\"whitespace-normal\">Ion Cristoiu<\/span><\/span> sus\u021bine c\u0103 Rom\u00e2nia nu \u00ee\u0219i poate schimba direc\u021bia politic\u0103 f\u0103r\u0103 alegeri anticipate, despre care spune c\u0103 ar putea reprezenta o solu\u021bie pentru \u201eresetarea\u201d clasei politice.<\/p>\n<h3 id=\"sunt-cel-mai-mare-fan-al-alegerilor-anticipate\" class=\"rb-heading-index-0 PDq2pG_selectionAnchorContainer\">\u201eSunt cel mai mare fan al alegerilor anticipate\u201d<\/h3>\n<p id=\"p-7\" data-start=\"670\" data-end=\"892\">Ion Cristoiu sus\u021bine c\u0103 alegerile anticipate sunt singura cale pentru o schimbare politic\u0103 real\u0103 \u00een Rom\u00e2nia. El respinge ideea c\u0103 acestea ar fi inutile, chiar dac\u0103 Parlamentul ar r\u0103m\u00e2ne similar.<\/p>\n<blockquote>\n<p id=\"p-8\" data-start=\"670\" data-end=\"892\"><em>\u201eSunt cel mai mare fan al alegerilor anticipate. Domnul Nicu\u0219or Dan are o teorie, care este o prostie, c\u0103 \u0219i rimeaz\u0103. El spune a\u0219a: \u201eAlegerile anticipate nu vor modifica structura parlamentar\u0103.\u201d Sunt \u00eentru totul de acord\u201d , spune publicistul Ion Cristoiu<\/em><\/p>\n<\/blockquote>\n<h3 id=\"cristoiu-compara-tensiunile-actuale-cu-perioada-dinaintea-primului-razboi-mondial\" class=\"rb-heading-index-1\"><strong>Cristoiu compar\u0103 tensiunile actuale cu perioada dinaintea Primului R\u0103zboi Mondial<\/strong><\/h3>\n<p id=\"p-9\">Analistul a comparat situa\u021bia actual\u0103 cu marile schimb\u0103ri geopolitice din trecut. El a sus\u021binut c\u0103 Rom\u00e2nia are nevoie de o schimbare de direc\u021bie.<\/p>\n<blockquote>\n<p id=\"p-10\"><em>\u201ePrimul R\u0103zboi Mondial, repet, a avut loc pentru c\u0103, deja la \u00eenceputul secolului XX, la masa marilor puteri a ap\u0103rut Germania, care \u00ee\u0219i dorea \u0219i ea un loc. Nu i s-a oferit acel loc. Problema putea fi rezolvat\u0103, teoretic, pe cale diplomatic\u0103, dar de regul\u0103 astfel de tensiuni duc la conflicte majore, motiv pentru care ar putea exista \u0219i un al Treilea R\u0103zboi Mondial\u201d, conchide Ion Cristoiu.<\/em><\/p>\n<\/blockquote>\n<p id=\"p-11\">Prin urmare, Ion Cristoiu sus\u021bine c\u0103 Rom\u00e2nia are nevoie de o resetare politic\u0103, iar alegerile anticipate ar putea reprezenta o solu\u021bie pentru schimbarea direc\u021biei actuale.<\/p>\n<\/div>\n<\/div>\n<\/div>\n<div class=\"e-shared-sec entry-sec\">\n<div class=\"e-shared-header h4\"><span>Distribuie<\/span><\/div>\n<div class=\"rbbsl tooltips-n effect-fadeout is-bg\"><a class=\"share-action share-trigger icon-facebook\" aria-label=\"Share on Facebook\" href=\"https:\/\/www.facebook.com\/sharer.php?u=https%3A%2F%2Fortodoxinfo.ro%2F2026%2F07%2F17%2Fion-cristoiu-si-a-revenit-dupa-betia-vestea-romania-nu-se-reseteaza-fara-alegeri-anticipate%2F\" data-title=\"Facebook\" rel=\"nofollow\"><span>Facebook<\/span><\/a><a class=\"share-action share-trigger icon-twitter\" aria-label=\"Share on X\" href=\"https:\/\/twitter.com\/intent\/tweet?text=Ion+Cristoiu+%C8%99i-a+revenit+dup%C4%83+be%C8%9Bia+Ve%C8%99tea%3A+%E2%80%9ERom%C3%A2nia+nu+se+reseteaz%C4%83+f%C4%83r%C4%83+alegeri+anticipate%E2%80%9D&amp;url=https%3A%2F%2Fortodoxinfo.ro%2F2026%2F07%2F17%2Fion-cristoiu-si-a-revenit-dupa-betia-vestea-romania-nu-se-reseteaza-fara-alegeri-anticipate%2F&amp;via=ortodoxinforo\" data-title=\"X\" rel=\"nofollow\"><span>X<\/span><\/a><a class=\"share-action icon-whatsapp is-web\" aria-label=\"Share on Whatsapp\" href=\"https:\/\/web.whatsapp.com\/send?text=Ion+Cristoiu+%C8%99i-a+revenit+dup%C4%83+be%C8%9Bia+Ve%C8%99tea%3A+%E2%80%9ERom%C3%A2nia+nu+se+reseteaz%C4%83+f%C4%83r%C4%83+alegeri+anticipate%E2%80%9D%20%E2%98%9E%20https%3A%2F%2Fortodoxinfo.ro%2F2026%2F07%2F17%2Fion-cristoiu-si-a-revenit-dupa-betia-vestea-romania-nu-se-reseteaza-fara-alegeri-anticipate%2F\" target=\"_blank\" data-title=\"WhatsApp\" rel=\"nofollow\"><span>Whatsapp<\/span><\/a><a class=\"share-action icon-whatsapp is-mobile\" aria-label=\"Share on Whatsapp\" href=\"\/\/send?text=Ion+Cristoiu+%C8%99i-a+revenit+dup%C4%83+be%C8%9Bia+Ve%C8%99tea%3A+%E2%80%9ERom%C3%A2nia+nu+se+reseteaz%C4%83+f%C4%83r%C4%83+alegeri+anticipate%E2%80%9D%20%E2%98%9E%20https%3A%2F%2Fortodoxinfo.ro%2F2026%2F07%2F17%2Fion-cristoiu-si-a-revenit-dupa-betia-vestea-romania-nu-se-reseteaza-fara-alegeri-anticipate%2F\" target=\"_blank\" data-title=\"WhatsApp\" rel=\"nofollow\"><span>Whatsapp<\/span><\/a><a class=\"share-action share-trigger icon-telegram\" aria-label=\"Share on Telegram\" href=\"https:\/\/t.me\/share\/?url=https%3A%2F%2Fortodoxinfo.ro%2F2026%2F07%2F17%2Fion-cristoiu-si-a-revenit-dupa-betia-vestea-romania-nu-se-reseteaza-fara-alegeri-anticipate%2F&amp;text=Ion+Cristoiu+%C8%99i-a+revenit+dup%C4%83+be%C8%9Bia+Ve%C8%99tea%3A+%E2%80%9ERom%C3%A2nia+nu+se+reseteaz%C4%83+f%C4%83r%C4%83+alegeri+anticipate%E2%80%9D\" data-title=\"Telegram\" rel=\"nofollow\"><span>Telegram<\/span><\/a><a class=\"share-action icon-copy copy-trigger\" aria-label=\"Copy Link\" href=\"https:\/\/ortodoxinfo.ro\/2026\/07\/17\/ion-cristoiu-si-a-revenit-dupa-betia-vestea-romania-nu-se-reseteaza-fara-alegeri-anticipate\/\" data-copied=\"Copied!\" data-link=\"https:\/\/ortodoxinfo.ro\/2026\/07\/17\/ion-cristoiu-si-a-revenit-dupa-betia-vestea-romania-nu-se-reseteaza-fara-alegeri-anticipate\/\" rel=\"nofollow\" data-copy=\"Copy Link\"><span>Copy Link<\/span><\/a><a class=\"share-action icon-print\" aria-label=\"Print\" rel=\"nofollow\" data-title=\"Print\"><span>Print<\/span><\/a><\/div>\n<\/div>\n<\/div>\n<div id=\"tabs\" class=\"dntplgn_form_wrapper\"><span><\/p>\n<h2>\u0218tirile sunt sub cenzur\u0103! Sprijini\u021bi OrtodoxINFO!<\/h2>\n<p>Guvernul nu dore\u0219te aflarea adev\u0103rului despre lovitura de stat \u0219i \u00eengenuncherea Rom\u00e2niei. \u00cencerc\u0103m s\u0103 men\u021binem viu acest site \u0219i s\u0103 v\u0103 punem la dispozi\u021bie informa\u021bii care s\u0103 fac\u0103 lumin\u0103 \u00een cea mai mare provocare pe care o tr\u0103im. Jurnalismul independent al portalului OrtodoxINFO func\u021bioneaz\u0103 strict cu ajutorul cititorilor.<br \/>\nNe pute\u021bi sprijini printr-o <b><a href=\"https:\/\/ortodoxinfo.ro\/donatii\/\">dona\u021bie bancar\u0103<\/a> sau prin PayPal, complet\u00e2nd formularul de mai jos.<\/b><\/span><\/p>\n<ul>\n<li><a href=\"https:\/\/ortodoxinfo.ro\/2026\/07\/17\/ion-cristoiu-si-a-revenit-dupa-betia-vestea-romania-nu-se-reseteaza-fara-alegeri-anticipate\/#tabs-1\">Dona\u021bie lunar\u0103<\/a><\/li>\n<li><a href=\"https:\/\/ortodoxinfo.ro\/2026\/07\/17\/ion-cristoiu-si-a-revenit-dupa-betia-vestea-romania-nu-se-reseteaza-fara-alegeri-anticipate\/#tabs-2\">Doar acum<\/a><\/li>\n<\/ul>\n<div id=\"tabs-1\"><img loading=\"lazy\" decoding=\"async\" alt border=\"0\" src=\"https:\/\/www.paypalobjects.com\/en_US\/i\/scr\/pixel.gif\" width=\"1\" height=\"1\"><\/div>\n<div id=\"tabs-2\">\n<p>\t\t     \u20ac<\/p>\n<p>\t\t    <img loading=\"lazy\" decoding=\"async\" alt border=\"0\" src=\"https:\/\/www.paypalobjects.com\/en_US\/i\/scr\/pixel.gif\" width=\"1\" height=\"1\"><\/div>\n<p>Mul\u021bumim celor care ne-au ajutat p\u00e2n\u0103 acum!\n\t<\/p><\/div>\n<div class=\"comment-box-wrap entry-sec\">\n<div class=\"comment-box-header\"><span class=\"h3\">Las\u0103 un comentariu<\/span><\/div>\n<div class=\"comment-holder no-comment\">\n<div id=\"comments\" class=\"comments-area\">\n<div id=\"respond\" class=\"comment-respond\">\n<h3 id=\"reply-title\" class=\"comment-reply-title\">Las\u0103 un r\u0103spuns <small><a rel=\"nofollow\" id=\"cancel-comment-reply-link\" href=\"https:\/\/ortodoxinfo.ro\/2026\/07\/17\/ion-cristoiu-si-a-revenit-dupa-betia-vestea-romania-nu-se-reseteaza-fara-alegeri-anticipate\/#respond\">Anuleaz\u0103 r\u0103spunsul<\/a><\/small><\/h3>\n<p class=\"comment-notes\"><span id=\"email-notes\">Adresa ta de email nu va fi publicat\u0103.<\/span><span class=\"required-field-message\">C\u00e2mpurile obligatorii sunt marcate cu <span class=\"required\">*<\/span><\/span><\/p>\n<\/div>\n<\/div>\n<\/div>\n<\/div>\n<\/div>\n<div class=\"sidebar-wrap single-sidebar\">\n<div class=\"sidebar-inner clearfix\">\n<div id=\"widget-post-2\" class=\"widget rb-section w-sidebar clearfix widget-post\">\n<div class=\"block-h widget-heading heading-layout-1\">\n<div class=\"heading-inner\">\n<h4 class=\"heading-title\"><span>Articole recente<\/span><\/h4>\n<\/div>\n<\/div>\n<div class=\"widget-p-listing\">\n<div class=\"p-wrap p-small p-list-small-2\" data-pid=\"249516\">\n<div class=\"feat-holder\">\n<div class=\"p-featured ratio-v1\"><a class=\"p-flink\" href=\"https:\/\/ortodoxinfo.ro\/2026\/07\/18\/petrisor-peiu-nicusor-dan-isi-aroga-singur-un-drept-pe-care-constitutia-nu-i-l-ofera-acela-de-a-secretiza-o-parte-din-cheltuielile-publice\/\" title=\"Petri\u0219or Peiu: Nicu\u0219or Dan \u00ee\u0219i arog\u0103 singur un drept pe care Constitu\u021bia nu i-l ofer\u0103: acela de a secretiza o parte din cheltuielile publice\"><img decoding=\"async\" width=\"150\" height=\"150\" src=\"https:\/\/ortodoxinfo.ro\/wp-content\/uploads\/2026\/07\/petrisor-peiu-ingrasaminte-e1780155968127-150x150.jpeg\" class=\"featured-img wp-post-image\" alt loading=\"lazy\"><\/a><\/div>\n<\/div>\n<div class=\"p-content\">\n<h5 class=\"entry-title\"><a class=\"p-url\" href=\"https:\/\/ortodoxinfo.ro\/2026\/07\/18\/petrisor-peiu-nicusor-dan-isi-aroga-singur-un-drept-pe-care-constitutia-nu-i-l-ofera-acela-de-a-secretiza-o-parte-din-cheltuielile-publice\/\" rel=\"bookmark\">Petri\u0219or Peiu: Nicu\u0219or Dan \u00ee\u0219i arog\u0103 singur un drept pe care Constitu\u021bia nu i-l ofer\u0103: acela de a secretiza o parte din cheltuielile publice<\/a><\/h5>\n<div class=\"p-meta\">\n<div class=\"meta-inner is-meta\"><span class=\"meta-el meta-date\"><time datetime=\"2026-07-18T08:08:56+03:00\">18 iulie 2026<\/time><\/span><span class=\"meta-el meta-category meta-bold\"><a class=\"meta-separate category-19866\" href=\"https:\/\/ortodoxinfo.ro\/category\/lupta-pentru-romania\/\">Lupt\u0103 pentru Rom\u00e2nia<\/a><\/span><span class=\"meta-el meta-view\">4.7k vizualiz\u0103ri\t\t<\/span><\/div>\n<\/div>\n<\/div>\n<\/div>\n<div class=\"p-wrap p-small p-list-small-2\" data-pid=\"249473\">\n<div class=\"feat-holder\">\n<div class=\"p-featured ratio-v1\"><a class=\"p-flink\" href=\"https:\/\/ortodoxinfo.ro\/2026\/07\/17\/romania-suverana-inainte-de-toate-olanda-recunoaste-limita-iar-bucurestiul-continua-sa-taie-din-bugetul-poporului\/\" title=\"Rom\u00e2nia suveran\u0103 \u00eenainte de toate: Olanda recunoa\u0219te limita, iar Bucure\u0219tiul continu\u0103 s\u0103 taie din bugetul poporului\"><img decoding=\"async\" width=\"150\" height=\"150\" src=\"https:\/\/ortodoxinfo.ro\/wp-content\/uploads\/2026\/07\/Patriot-1.webp-150x150.webp\" class=\"featured-img wp-post-image\" alt loading=\"lazy\"><\/a><\/div>\n<\/div>\n<div class=\"p-content\">\n<h5 class=\"entry-title\"><a class=\"p-url\" href=\"https:\/\/ortodoxinfo.ro\/2026\/07\/17\/romania-suverana-inainte-de-toate-olanda-recunoaste-limita-iar-bucurestiul-continua-sa-taie-din-bugetul-poporului\/\" rel=\"bookmark\">Rom\u00e2nia suveran\u0103 \u00eenainte de toate: Olanda recunoa\u0219te limita, iar Bucure\u0219tiul continu\u0103 s\u0103 taie din bugetul poporului<\/a><\/h5>\n<div class=\"p-meta\">\n<div class=\"meta-inner is-meta\"><span class=\"meta-el meta-date\"><time datetime=\"2026-07-17T17:20:11+03:00\">17 iulie 2026<\/time><\/span><span class=\"meta-el meta-category meta-bold\"><a class=\"meta-separate category-15871\" href=\"https:\/\/ortodoxinfo.ro\/category\/anti-sistem\/al-iii-lea-razboi-mondial\/ucraina\/\">Ucraina<\/a><\/span><span class=\"meta-el meta-view\">9.3k vizualiz\u0103ri\t\t<\/span><\/div>\n<\/div>\n<\/div>\n<\/div>\n<div class=\"p-wrap p-small p-list-small-2\" data-pid=\"249458\">\n<div class=\"feat-holder\">\n<div class=\"p-featured ratio-v1\"><a class=\"p-flink\" href=\"https:\/\/ortodoxinfo.ro\/2026\/07\/17\/aur-acuza-un-abuz-dosar-penal-impotriva-deputatului-care-a-cerut-stoparea-importului-de-muncitori-asiatici\/\" title=\"AUR acuz\u0103 un \u201eabuz\u201d: Dosar penal \u00eempotriva deputatului care a cerut stoparea importului de muncitori asiatici\"><img decoding=\"async\" width=\"150\" height=\"150\" src=\"https:\/\/ortodoxinfo.ro\/wp-content\/uploads\/2026\/07\/dan-tanasa-2-150x150.jpg\" class=\"featured-img wp-post-image\" alt loading=\"lazy\"><\/a><\/div>\n<\/div>\n<div class=\"p-content\">\n<h5 class=\"entry-title\"><a class=\"p-url\" href=\"https:\/\/ortodoxinfo.ro\/2026\/07\/17\/aur-acuza-un-abuz-dosar-penal-impotriva-deputatului-care-a-cerut-stoparea-importului-de-muncitori-asiatici\/\" rel=\"bookmark\">AUR acuz\u0103 un \u201eabuz\u201d: Dosar penal \u00eempotriva deputatului care a cerut stoparea importului de muncitori asiatici<\/a><\/h5>\n<div class=\"p-meta\">\n<div class=\"meta-inner is-meta\"><span class=\"meta-el meta-date\"><time datetime=\"2026-07-17T17:16:27+03:00\">17 iulie 2026<\/time><\/span><span class=\"meta-el meta-category meta-bold\"><a class=\"meta-separate category-19885\" href=\"https:\/\/ortodoxinfo.ro\/category\/anti-sistem\/anti-romanism\/asasinii-tarii\/\">Asasinii \u021b\u0103rii<\/a><\/span><span class=\"meta-el meta-view\">7.4k vizualiz\u0103ri\t\t<\/span><\/div>\n<\/div>\n<\/div>\n<\/div>\n<div class=\"p-wrap p-small p-list-small-2\" data-pid=\"249327\">\n<div class=\"feat-holder\">\n<div class=\"p-featured ratio-v1\"><a class=\"p-flink\" href=\"https:\/\/ortodoxinfo.ro\/2026\/07\/17\/trump-declasifica-documente-secrete-despre-alegeri-si-acuza-china-de-cel-mai-mare-atac-cibernetic-electoral-din-istorie\/\" title=\"Trump declasific\u0103 documente secrete despre alegeri \u0219i acuz\u0103 China de cel mai mare atac cibernetic electoral din istorie\"><img decoding=\"async\" width=\"150\" height=\"150\" src=\"https:\/\/ortodoxinfo.ro\/wp-content\/uploads\/2026\/07\/donald-trump-2.webp-150x150.webp\" class=\"featured-img wp-post-image\" alt loading=\"lazy\"><\/a><\/div>\n<\/div>\n<div class=\"p-content\">\n<h5 class=\"entry-title\"><a class=\"p-url\" href=\"https:\/\/ortodoxinfo.ro\/2026\/07\/17\/trump-declasifica-documente-secrete-despre-alegeri-si-acuza-china-de-cel-mai-mare-atac-cibernetic-electoral-din-istorie\/\" rel=\"bookmark\">Trump declasific\u0103 documente secrete despre alegeri \u0219i acuz\u0103 China de cel mai mare atac cibernetic electoral din istorie<\/a><\/h5>\n<div class=\"p-meta\">\n<div class=\"meta-inner is-meta\"><span class=\"meta-el meta-date\"><time datetime=\"2026-07-17T11:10:19+03:00\">17 iulie 2026<\/time><\/span><span class=\"meta-el meta-category meta-bold\"><a class=\"meta-separate category-585\" href=\"https:\/\/ortodoxinfo.ro\/category\/stiri\/externe\/\">Externe<\/a><\/span><span class=\"meta-el meta-view\">4.3k vizualiz\u0103ri\t\t<\/span><\/div>\n<\/div>\n<\/div>\n<\/div>\n<\/div>\n<\/div>\n<div id=\"custom_html-2\" class=\"widget_text widget rb-section w-sidebar clearfix widget_custom_html\">\n<div class=\"block-h widget-heading heading-layout-1\">\n<div class=\"heading-inner\">\n<h4 class=\"heading-title\"><span>DONA\u021aII \u00een cont bancar<\/span><\/h4>\n<\/div>\n<\/div>\n<div class=\"textwidget custom-html-widget\">\n<table class=\"donatii\">\n<tbody>\n<tr>\n<th colspan=\"2\"><strong><span>Asicia\u021bia SMI-B<\/span><\/strong><\/th>\n<\/tr>\n<tr>\n<th>Cont LEI<\/th>\n<td>RO67CECEB00030RON2081955<\/td>\n<\/tr>\n<tr>\n<th>Cont EURO<\/th>\n<td>RO33CECEB000C1EUR2081978<\/td>\n<\/tr>\n<tr>\n<th>Cod SWIFT<\/th>\n<td>CECEROBU<\/td>\n<\/tr>\n<tr>\n<th colspan=\"2\"><strong>CEC BANK SA<\/strong><\/th>\n<\/tr>\n<\/tbody>\n<\/table>\n<\/div>\n<\/div>\n<\/div>\n<\/div>\n<\/div>\n<\/article>\n<div class=\"entry-content rbct clearfix is-highlight-shares\">\n<div class=\"ruby-table-contents rbtoc table-left table-fw-single-col\">\n<div class=\"toc-header\"><span class=\"h3\">Sumar<\/span><\/div>\n<div class=\"toc-content h5\"><a href=\"https:\/\/ortodoxinfo.ro\/2026\/07\/17\/ion-cristoiu-si-a-revenit-dupa-betia-vestea-romania-nu-se-reseteaza-fara-alegeri-anticipate\/#sunt-cel-mai-mare-fan-al-alegerilor-anticipate\" class=\"table-link no-link anchor-link\" data-index=\"rb-heading-index-0\">\u201eSunt cel mai mare fan al alegerilor anticipate\u201d<\/a><a href=\"https:\/\/ortodoxinfo.ro\/2026\/07\/17\/ion-cristoiu-si-a-revenit-dupa-betia-vestea-romania-nu-se-reseteaza-fara-alegeri-anticipate\/#cristoiu-compara-tensiunile-actuale-cu-perioada-dinaintea-primului-razboi-mondial\" class=\"table-link no-link anchor-link\" data-index=\"rb-heading-index-1\">Cristoiu compar\u0103 tensiunile actuale cu perioada dinaintea Primului R\u0103zboi Mondial<\/a><\/div>\n<\/div>\n<p>Analistul <span class=\"hover:entity-accent entity-underline inline cursor-pointer align-baseline\"><span class=\"whitespace-normal\">Ion Cristoiu<\/span><\/span> sus\u021bine c\u0103 Rom\u00e2nia nu \u00ee\u0219i poate schimba direc\u021bia politic\u0103 f\u0103r\u0103 alegeri anticipate, despre care spune c\u0103 ar putea reprezenta o solu\u021bie pentru \u201eresetarea\u201d clasei politice.<\/p>\n<h3 id=\"sunt-cel-mai-mare-fan-al-alegerilor-anticipate\" class=\"rb-heading-index-0 PDq2pG_selectionAnchorContainer\">\u201eSunt cel mai mare fan al alegerilor anticipate\u201d<\/h3>\n<p id=\"p-7\" data-start=\"670\" data-end=\"892\">Ion Cristoiu sus\u021bine c\u0103 alegerile anticipate sunt singura cale pentru o schimbare politic\u0103 real\u0103 \u00een Rom\u00e2nia. El respinge ideea c\u0103 acestea ar fi inutile, chiar dac\u0103 Parlamentul ar r\u0103m\u00e2ne similar.<\/p>\n<blockquote>\n<p id=\"p-8\" data-start=\"670\" data-end=\"892\"><em>\u201eSunt cel mai mare fan al alegerilor anticipate. Domnul Nicu\u0219or Dan are o teorie, care este o prostie, c\u0103 \u0219i rimeaz\u0103. El spune a\u0219a: \u201eAlegerile anticipate nu vor modifica structura parlamentar\u0103.\u201d Sunt \u00eentru totul de acord\u201d , spune publicistul Ion Cristoiu<\/em><\/p>\n<\/blockquote>\n<h3 id=\"cristoiu-compara-tensiunile-actuale-cu-perioada-dinaintea-primului-razboi-mondial\" class=\"rb-heading-index-1\"><strong>Cristoiu compar\u0103 tensiunile actuale cu perioada dinaintea Primului R\u0103zboi Mondial<\/strong><\/h3>\n<p id=\"p-9\">Analistul a comparat situa\u021bia actual\u0103 cu marile schimb\u0103ri geopolitice din trecut. El a sus\u021binut c\u0103 Rom\u00e2nia are nevoie de o schimbare de direc\u021bie.<\/p>\n<blockquote>\n<p id=\"p-10\"><em>\u201ePrimul R\u0103zboi Mondial, repet, a avut loc pentru c\u0103, deja la \u00eenceputul secolului XX, la masa marilor puteri a ap\u0103rut Germania, care \u00ee\u0219i dorea \u0219i ea un loc. Nu i s-a oferit acel loc. Problema putea fi rezolvat\u0103, teoretic, pe cale diplomatic\u0103, dar de regul\u0103 astfel de tensiuni duc la conflicte majore, motiv pentru care ar putea exista \u0219i un al Treilea R\u0103zboi Mondial\u201d, conchide Ion Cristoiu.<\/em><\/p>\n<\/blockquote>\n<p id=\"p-11\">Prin urmare, Ion Cristoiu sus\u021bine c\u0103 Rom\u00e2nia are nevoie de o resetare politic\u0103, iar alegerile anticipate ar putea reprezenta o solu\u021bie pentru schimbarea direc\u021biei actuale.<\/p>\n<\/div>\n<p>[analyse_source url=&#8221;https:\/\/ortodoxinfo.ro\/2026\/07\/17\/ion-cristoiu-si-a-revenit-dupa-betia-vestea-romania-nu-se-reseteaza-fara-alegeri-anticipate\/&#8221;]<\/p>\n","protected":false},"excerpt":{"rendered":"<p>[analyse_image type=&#8221;featured&#8221; src=&#8221;https:\/\/ortodoxinfo.ro\/wp-content\/uploads\/2026\/07\/2-19.pnghttps:\/\/ortodoxinfo.ro\/wp-content\/uploads\/2026\/07\/2-19.png&#8221;] Prima pagin\u0103 \u00bb Blog \u00bb Ion Cristoiu \u0219i-a revenit dup\u0103 be\u021bia Ve\u0219tea: \u201eRom\u00e2nia nu se reseteaz\u0103 f\u0103r\u0103 alegeri anticipate\u201d Ion Cristoiu \u0219i-a revenit dup\u0103 be\u021bia Ve\u0219tea: \u201eRom\u00e2nia nu se reseteaz\u0103 f\u0103r\u0103 alegeri anticipate\u201d 17 iulie 2026Asasinii \u021b\u0103rii6.4k vizualiz\u0103ri Comentarii Share 2 Min Read SHARE OrtodoxINFO este supus unui sabotaj sistematic din partea [&hellip;]<\/p>\n","protected":false},"author":1,"featured_media":0,"comment_status":"open","ping_status":"","sticky":false,"template":"","format":"standard","meta":{"footnotes":""},"categories":[89],"tags":[226,94],"class_list":["post-2050326","post","type-post","status-publish","format-standard","hentry","category-romania","tag-crawlmanager","tag-ortodoxinfo-ro"],"_links":{"self":[{"href":"https:\/\/analyse.optim.biz\/index.php?rest_route=\/wp\/v2\/posts\/2050326","targetHints":{"allow":["GET"]}}],"collection":[{"href":"https:\/\/analyse.optim.biz\/index.php?rest_route=\/wp\/v2\/posts"}],"about":[{"href":"https:\/\/analyse.optim.biz\/index.php?rest_route=\/wp\/v2\/types\/post"}],"author":[{"embeddable":true,"href":"https:\/\/analyse.optim.biz\/index.php?rest_route=\/wp\/v2\/users\/1"}],"replies":[{"embeddable":true,"href":"https:\/\/analyse.optim.biz\/index.php?rest_route=%2Fwp%2Fv2%2Fcomments&post=2050326"}],"version-history":[{"count":0,"href":"https:\/\/analyse.optim.biz\/index.php?rest_route=\/wp\/v2\/posts\/2050326\/revisions"}],"wp:attachment":[{"href":"https:\/\/analyse.optim.biz\/index.php?rest_route=%2Fwp%2Fv2%2Fmedia&parent=2050326"}],"wp:term":[{"taxonomy":"category","embeddable":true,"href":"https:\/\/analyse.optim.biz\/index.php?rest_route=%2Fwp%2Fv2%2Fcategories&post=2050326"},{"taxonomy":"post_tag","embeddable":true,"href":"https:\/\/analyse.optim.biz\/index.php?rest_route=%2Fwp%2Fv2%2Ftags&post=2050326"}],"curies":[{"name":"wp","href":"https:\/\/api.w.org\/{rel}","templated":true}]}}