{"id":2050325,"date":"2026-07-17T14:46:40","date_gmt":"2026-07-17T11:46:40","guid":{"rendered":"https:\/\/analyse.optim.biz\/?p=2050325"},"modified":"2026-07-17T14:46:40","modified_gmt":"2026-07-17T11:46:40","slug":"romania-suverana-inainte-de-toate-olanda-recunoaste-limita-iar-bucurestiul-continua-sa-taie-din-bugetul-poporului","status":"publish","type":"post","link":"https:\/\/analyse.optim.biz\/?p=2050325","title":{"rendered":"Rom\u00e2nia suveran\u0103 \u00eenainte de toate: Olanda recunoa\u0219te limita, iar Bucure\u0219tiul continu\u0103 s\u0103 taie din bugetul poporului"},"content":{"rendered":"<p>[analyse_image type=&#8221;featured&#8221; src=&#8221;https:\/\/ortodoxinfo.ro\/wp-content\/uploads\/2026\/07\/Patriot-1.webp.webphttps:\/\/ortodoxinfo.ro\/wp-content\/uploads\/2026\/07\/Patriot-1.webp.webp&#8221;]<\/p>\n<article id=\"post-249473\" class=\"post-249473 post type-post status-publish format-standard has-post-thumbnail category-ucraina\">\n<header class=\"single-header\">\n<aside class=\"breadcrumb-wrap breadcrumb-yoast s-breadcrumb\">\n<div class=\"breadcrumb-inner\"><span><span><a href=\"https:\/\/ortodoxinfo.ro\/\">Prima pagin\u0103<\/a><\/span> \u00bb <span><a href=\"https:\/\/ortodoxinfo.ro\/blog\/\">Blog<\/a><\/span> \u00bb <span class=\"breadcrumb_last\" aria-current=\"page\">Rom\u00e2nia suveran\u0103 \u00eenainte de toate: Olanda recunoa\u0219te limita, iar Bucure\u0219tiul continu\u0103 s\u0103 taie din bugetul poporului<\/span><\/span><\/div>\n<\/aside>\n<h1 class=\"s-title fw-headline\">Rom\u00e2nia suveran\u0103 \u00eenainte de toate: Olanda recunoa\u0219te limita, iar Bucure\u0219tiul continu\u0103 s\u0103 taie din bugetul poporului<\/h1>\n<div class=\"single-meta meta-s-default yes-0\">\n<div class=\"smeta-in\"><a class=\"meta-el meta-avatar\" href=\"https:\/\/ortodoxinfo.ro\/author\/redactor\/\"><img loading=\"lazy\" decoding=\"async\" alt=\"OrtodoxINFO\" src=\"https:\/\/secure.gravatar.com\/avatar\/21010332354a182ce4de6016685c5586f21c51866d0ec5bc8ef383240b3c3e02?s=120&amp;r=g\" class=\"avatar avatar-120 photo\" height=\"120\" width=\"120\"><\/a><\/p>\n<div class=\"smeta-sec\">\n<div class=\"p-meta\">\n<div class=\"meta-inner is-meta\"><span class=\"meta-el meta-date\"><time datetime=\"2026-07-17T17:20:11+03:00\">17 iulie 2026<\/time><\/span><span class=\"meta-el meta-category meta-bold\"><a class=\"meta-separate category-15871\" href=\"https:\/\/ortodoxinfo.ro\/category\/anti-sistem\/al-iii-lea-razboi-mondial\/ucraina\/\">Ucraina<\/a><\/span><span class=\"meta-el meta-view\">9.3k vizualiz\u0103ri\t\t<\/span><span class=\"meta-el meta-comment mobile-last-meta tablet-last-meta\"><a href=\"https:\/\/ortodoxinfo.ro\/2026\/07\/17\/romania-suverana-inainte-de-toate-olanda-recunoaste-limita-iar-bucurestiul-continua-sa-taie-din-bugetul-poporului\/#respond\">Comentarii<\/a><\/span><\/div>\n<\/div>\n<\/div>\n<\/div>\n<div class=\"smeta-extra\">\n<div class=\"t-shared-sec tooltips-n has-read-meta is-color\">\n<div class=\"t-shared-header is-meta\"><span class=\"share-label\">Share<\/span><\/div>\n<\/div>\n<div class=\"single-right-meta single-time-read is-meta\"><span class=\"meta-el meta-read\">4 Min Read<\/span><\/div>\n<\/div>\n<\/div>\n<\/header>\n<div class=\"grid-container\">\n<div class=\"s-ct\">\n<div class=\"s-feat-outer\">\n<div class=\"s-feat\">\n<div class=\"featured-lightbox-trigger\" data-source=\"https:\/\/ortodoxinfo.ro\/wp-content\/uploads\/2026\/07\/Patriot-1.webp.webp\" data-caption data-attribution><img fetchpriority=\"high\" decoding=\"async\" width=\"860\" height=\"475\" src=\"https:\/\/ortodoxinfo.ro\/wp-content\/uploads\/2026\/07\/Patriot-1.webp-860x475.webp\" class=\"attachment-foxiz_crop_o1 size-foxiz_crop_o1 wp-post-image\" alt loading=\"eager\"><\/div>\n<\/div>\n<\/div>\n<div class=\"s-ct-wrap has-lsl\">\n<div class=\"s-ct-inner\">\n<div class=\"l-shared-sec-outer show-mobile\">\n<div class=\"l-shared-sec\">\n<div class=\"l-shared-header meta-text\"><span class=\"share-label\">SHARE<\/span><\/div>\n<\/div>\n<\/div>\n<div class=\"e-ct-outer\">\n<div class=\"entry-top\">\n<div id=\"custom_html-3\" class=\"widget_text widget entry-widget clearfix widget_custom_html\">\n<div class=\"textwidget custom-html-widget\">\n<div><small><br \/>\n    OrtodoxINFO este supus unui sabotaj sistematic din partea reprezentan\u021bilor Google Rom\u00e2nia, at\u00e2t la afi\u0219\u0103ri c\u00e2t \u0219i \u00een rezultatele de c\u0103utare.<br \/>\n        Astfel c\u0103 veniturile din publicitate au sc\u0103zut de p\u00e2n\u0103 la <strong>10 ori<\/strong>. Situa\u021bia este similar\u0103 \u0219i pe Facebook.<\/p>\n<p>        V\u0103 invit\u0103m s\u0103 accesa\u021bi direct site-ul \u0219i s\u0103 v\u0103 abona\u021bi la notific\u0103ri.<\/p>\n<p>    Dac\u0103 dori\u021bi s\u0103 ne sus\u021bine\u021bi \u00een aceast\u0103 perioad\u0103 dificil\u0103, orice <a href=\"https:\/\/ortodoxinfo.ro\/donatii\/\">dona\u021bie<\/a> este binevenit\u0103.<br \/>\n    Dumnezeu s\u0103 v\u0103 r\u0103spl\u0103teasc\u0103!<br \/>\n<\/small><\/div>\n<\/div>\n<\/div>\n<\/div>\n<div class=\"entry-content rbct clearfix is-highlight-shares\">\n<p>La summitul NATO de la Ankara, pe 7 iulie 2026, ministrul olandez al Ap\u0103r\u0103rii, Dilan Ye\u015filg\u00f6z-Zegerius, a avut curajul s\u0103 spun\u0103 ceea ce mul\u021bi lideri europeni evit\u0103: **\u201eWe are at our limit\u201d**. Olanda a ajuns la cap\u0103tul resurselor. Stocurile de echipamente militare sunt epuizate, \u021bara a f\u0103cut deja \u201eprea mult\u201d \u0219i nu mai exist\u0103 posibilitatea de a livra rachete suplimentare pentru sistemele Patriot destinate Ucrainei. Mesajul este clar, pragmatic \u0219i suveranist: un stat na\u021bional are datoria s\u0103-\u0219i apere propriile limite \u00eenainte de a se ruina pentru al\u021bii.<\/p>\n<p>\u00cen loc s\u0103 aplaude aceast\u0103 onestitate, prima reac\u021bie notabil\u0103 a venit din partea Rom\u00e2niei. Prin vocea pre\u0219edintelui Nicu\u0219or Dan (sau \u201eDan Daniel \u2013 Nicu\u0219or\u201d, cum \u00eel numesc unii cu ironie amar\u0103), Bucure\u0219tiul pare decis s\u0103 ocupe locul l\u0103sat liber de olandezi. Pre\u0219edintele a transmis, practic, c\u0103 este **mai bine ca poporul s\u0103 nu \u0219tie** c\u00e2\u021bi bani se taie din s\u0103n\u0103tate, educa\u021bie, pensii sau investi\u021bii \u00een infrastructura rom\u00e2neasc\u0103 pentru a trimite \u201evagoane de bani\u201d Ucrainei. Unele secrete, a sugerat el, e bine s\u0103 r\u0103m\u00e2n\u0103 secrete.<\/p>\n<p>Aceast\u0103 abordare este exact opusul suveranismului. Un stat suveran nu ascunde de cet\u0103\u021benii s\u0103i deciziile care le afecteaz\u0103 traiul zilnic. Un stat suveran pune **interesul na\u021bional rom\u00e2nesc pe primul loc**, nu pe al doilea sau al treilea dup\u0103 priorit\u0103\u021bile Washingtonului, Bruxelles-ului sau Kievului.<\/p>\n<h3>De ce este grav ce se \u00eent\u00e2mpl\u0103 la Bucure\u0219ti<\/h3>\n<p>\u2013 **Transparen\u021b\u0103 zero.** Cet\u0103\u021benii rom\u00e2ni au dreptul s\u0103 \u0219tie exact c\u00e2t cost\u0103 acest ajutor, de unde se taie banii \u0219i care sunt criteriile. Secretomania elitist\u0103 aminte\u0219te de vremuri pe care mul\u021bi le credeam dep\u0103\u0219ite.<\/p>\n<p>\u2013 **Resurse limitate.** Rom\u00e2nia nu este Olanda. Avem spitale care se pr\u0103bu\u0219esc, \u0219coli f\u0103r\u0103 c\u0103ldur\u0103, drumuri dezastruoase \u0219i o armat\u0103 care are \u00eenc\u0103 nevoie de modernizare serioas\u0103 pentru a-\u0219i ap\u0103ra propriul teritoriu. S\u0103 \u201eumplem golul\u201d l\u0103sat de olandezi \u00eenseamn\u0103 s\u0103 ne sl\u0103bim capacitatea de ap\u0103rare real\u0103 a Rom\u00e2niei.<\/p>\n<p>\u2013 **Priorit\u0103\u021bi suverane.** Ajutorul umanitar, sprijinul diplomatic sau cooperarea tehnic\u0103 sunt acceptabile. Dar transformarea Rom\u00e2niei \u00eentr-un contributor nelimitat la un conflict prelungit, \u00een timp ce propriii no\u0219tri cet\u0103\u021beni str\u00e2ng cureaua, este o abdicare de la suveranitate. Suveranismul \u00eenseamn\u0103 s\u0103 fii un aliat serios, nu un vasal generos cu banii altora.<\/p>\n<p>Ministrul olandez a ar\u0103tat o minim\u0103 responsabilitate fa\u021b\u0103 de contribuabilii ei. Ar fi cazul ca \u0219i liderii de la Bucure\u0219ti s\u0103 arate aceea\u0219i responsabilitate fa\u021b\u0103 de contribuabilii rom\u00e2ni. Poporul rom\u00e2n nu este o vac\u0103 de muls infinit\u0103 pentru proiecte geopolitice care nu au termen clar de finalizare \u0219i al c\u0103ror succes este tot mai incert.<\/p>\n<p>Rom\u00e2nia suveran\u0103 \u00eenseamn\u0103 s\u0103 ne ap\u0103r\u0103m grani\u021bele, s\u0103 ne consolid\u0103m economia, s\u0103 ne moderniz\u0103m armata **pentru noi \u00een\u0219ine** \u0219i s\u0103 ajut\u0103m doar \u00een m\u0103sura \u00een care nu ne punem propria supravie\u021buire \u00een pericol. Nu \u00eenseamn\u0103 s\u0103 t\u0103iem din bugetul na\u021bional pe ascuns \u0219i s\u0103 invoc\u0103m \u201esecrete de stat\u201d ca s\u0103 justific\u0103m decizii proaste.<\/p>\n<p>Este momentul ca vocea suveranist\u0103 a Rom\u00e2niei s\u0103 se aud\u0103 mai tare: **ajutor da, dar nu cu orice pre\u021b \u0219i nu pe spinarea rom\u00e2nilor de r\u00e2nd**. Prioritatea num\u0103rul unu r\u0103m\u00e2ne Rom\u00e2nia. Restul vine dup\u0103.<\/p>\n<div class=\"inline-single-ad ad_single_3_index alignfull\">\n<div class=\"ad-wrap ad-script-wrap\">\n<div class=\"ad-script non-adsense edge-padding\">\n<div>\n\u203c\ufe0f\u203c\ufe0f NU recunoa\u0219tem ca pre\u0219edinte al Rom\u00e2niei pe marioneta retard\u0103 Nicu\u0219or Dan! Rom\u00e2ni, boicota\u021bi aceast\u0103 f\u0103c\u0103tur\u0103, care ne face \u021bara de r\u00e2s! NU rom\u00e2nii l-au votat pe Nicusoro\u0219 &#8211; cu unele excep\u021bii de persoane infantile, manipulabile \u0219i chiar idioate &#8211; ci l-au ajutat Maia Soro\u0219, Emanuel Macrou \u0219i tr\u0103d\u0103torii de la B.E.C. \u0219i CCR!<br \/>\n La \u00eenchisoare cu cei care au fraudat alegerile!\n<\/div>\n<\/div>\n<\/div>\n<\/div>\n<\/div>\n<\/div>\n<\/div>\n<div class=\"e-shared-sec entry-sec\">\n<div class=\"e-shared-header h4\"><span>Distribuie<\/span><\/div>\n<div class=\"rbbsl tooltips-n effect-fadeout is-bg\"><a class=\"share-action share-trigger icon-facebook\" aria-label=\"Share on Facebook\" href=\"https:\/\/www.facebook.com\/sharer.php?u=https%3A%2F%2Fortodoxinfo.ro%2F2026%2F07%2F17%2Fromania-suverana-inainte-de-toate-olanda-recunoaste-limita-iar-bucurestiul-continua-sa-taie-din-bugetul-poporului%2F\" data-title=\"Facebook\" rel=\"nofollow\"><span>Facebook<\/span><\/a><a class=\"share-action share-trigger icon-twitter\" aria-label=\"Share on X\" href=\"https:\/\/twitter.com\/intent\/tweet?text=Rom%C3%A2nia+suveran%C4%83+%C3%AEnainte+de+toate%3A+Olanda+recunoa%C8%99te+limita%2C+iar+Bucure%C8%99tiul+continu%C4%83+s%C4%83+taie+din+bugetul+poporului&amp;url=https%3A%2F%2Fortodoxinfo.ro%2F2026%2F07%2F17%2Fromania-suverana-inainte-de-toate-olanda-recunoaste-limita-iar-bucurestiul-continua-sa-taie-din-bugetul-poporului%2F&amp;via=ortodoxinforo\" data-title=\"X\" rel=\"nofollow\"><span>X<\/span><\/a><a class=\"share-action icon-whatsapp is-web\" aria-label=\"Share on Whatsapp\" href=\"https:\/\/web.whatsapp.com\/send?text=Rom%C3%A2nia+suveran%C4%83+%C3%AEnainte+de+toate%3A+Olanda+recunoa%C8%99te+limita%2C+iar+Bucure%C8%99tiul+continu%C4%83+s%C4%83+taie+din+bugetul+poporului%20%E2%98%9E%20https%3A%2F%2Fortodoxinfo.ro%2F2026%2F07%2F17%2Fromania-suverana-inainte-de-toate-olanda-recunoaste-limita-iar-bucurestiul-continua-sa-taie-din-bugetul-poporului%2F\" target=\"_blank\" data-title=\"WhatsApp\" rel=\"nofollow\"><span>Whatsapp<\/span><\/a><a class=\"share-action icon-whatsapp is-mobile\" aria-label=\"Share on Whatsapp\" href=\"\/\/send?text=Rom%C3%A2nia+suveran%C4%83+%C3%AEnainte+de+toate%3A+Olanda+recunoa%C8%99te+limita%2C+iar+Bucure%C8%99tiul+continu%C4%83+s%C4%83+taie+din+bugetul+poporului%20%E2%98%9E%20https%3A%2F%2Fortodoxinfo.ro%2F2026%2F07%2F17%2Fromania-suverana-inainte-de-toate-olanda-recunoaste-limita-iar-bucurestiul-continua-sa-taie-din-bugetul-poporului%2F\" target=\"_blank\" data-title=\"WhatsApp\" rel=\"nofollow\"><span>Whatsapp<\/span><\/a><a class=\"share-action share-trigger icon-telegram\" aria-label=\"Share on Telegram\" href=\"https:\/\/t.me\/share\/?url=https%3A%2F%2Fortodoxinfo.ro%2F2026%2F07%2F17%2Fromania-suverana-inainte-de-toate-olanda-recunoaste-limita-iar-bucurestiul-continua-sa-taie-din-bugetul-poporului%2F&amp;text=Rom%C3%A2nia+suveran%C4%83+%C3%AEnainte+de+toate%3A+Olanda+recunoa%C8%99te+limita%2C+iar+Bucure%C8%99tiul+continu%C4%83+s%C4%83+taie+din+bugetul+poporului\" data-title=\"Telegram\" rel=\"nofollow\"><span>Telegram<\/span><\/a><a class=\"share-action icon-copy copy-trigger\" aria-label=\"Copy Link\" href=\"https:\/\/ortodoxinfo.ro\/2026\/07\/17\/romania-suverana-inainte-de-toate-olanda-recunoaste-limita-iar-bucurestiul-continua-sa-taie-din-bugetul-poporului\/\" data-copied=\"Copied!\" data-link=\"https:\/\/ortodoxinfo.ro\/2026\/07\/17\/romania-suverana-inainte-de-toate-olanda-recunoaste-limita-iar-bucurestiul-continua-sa-taie-din-bugetul-poporului\/\" rel=\"nofollow\" data-copy=\"Copy Link\"><span>Copy Link<\/span><\/a><a class=\"share-action icon-print\" aria-label=\"Print\" rel=\"nofollow\" data-title=\"Print\"><span>Print<\/span><\/a><\/div>\n<\/div>\n<\/div>\n<div id=\"tabs\" class=\"dntplgn_form_wrapper\"><span><\/p>\n<h2>\u0218tirile sunt sub cenzur\u0103! Sprijini\u021bi OrtodoxINFO!<\/h2>\n<p>Guvernul nu dore\u0219te aflarea adev\u0103rului despre lovitura de stat \u0219i \u00eengenuncherea Rom\u00e2niei. \u00cencerc\u0103m s\u0103 men\u021binem viu acest site \u0219i s\u0103 v\u0103 punem la dispozi\u021bie informa\u021bii care s\u0103 fac\u0103 lumin\u0103 \u00een cea mai mare provocare pe care o tr\u0103im. Jurnalismul independent al portalului OrtodoxINFO func\u021bioneaz\u0103 strict cu ajutorul cititorilor.<br \/>\nNe pute\u021bi sprijini printr-o <b><a href=\"https:\/\/ortodoxinfo.ro\/donatii\/\">dona\u021bie bancar\u0103<\/a> sau prin PayPal, complet\u00e2nd formularul de mai jos.<\/b><\/span><\/p>\n<ul>\n<li><a href=\"https:\/\/ortodoxinfo.ro\/2026\/07\/17\/romania-suverana-inainte-de-toate-olanda-recunoaste-limita-iar-bucurestiul-continua-sa-taie-din-bugetul-poporului\/#tabs-1\">Dona\u021bie lunar\u0103<\/a><\/li>\n<li><a href=\"https:\/\/ortodoxinfo.ro\/2026\/07\/17\/romania-suverana-inainte-de-toate-olanda-recunoaste-limita-iar-bucurestiul-continua-sa-taie-din-bugetul-poporului\/#tabs-2\">Doar acum<\/a><\/li>\n<\/ul>\n<div id=\"tabs-1\"><img loading=\"lazy\" decoding=\"async\" alt border=\"0\" src=\"https:\/\/www.paypalobjects.com\/en_US\/i\/scr\/pixel.gif\" width=\"1\" height=\"1\"><\/div>\n<div id=\"tabs-2\">\n<p>\t\t     \u20ac<\/p>\n<p>\t\t    <img loading=\"lazy\" decoding=\"async\" alt border=\"0\" src=\"https:\/\/www.paypalobjects.com\/en_US\/i\/scr\/pixel.gif\" width=\"1\" height=\"1\"><\/div>\n<p>Mul\u021bumim celor care ne-au ajutat p\u00e2n\u0103 acum!\n\t<\/p><\/div>\n<div class=\"comment-box-wrap entry-sec\">\n<div class=\"comment-box-header\"><span class=\"h3\">Las\u0103 un comentariu<\/span><\/div>\n<div class=\"comment-holder no-comment\">\n<div id=\"comments\" class=\"comments-area\">\n<div id=\"respond\" class=\"comment-respond\">\n<h3 id=\"reply-title\" class=\"comment-reply-title\">Las\u0103 un r\u0103spuns <small><a rel=\"nofollow\" id=\"cancel-comment-reply-link\" href=\"https:\/\/ortodoxinfo.ro\/2026\/07\/17\/romania-suverana-inainte-de-toate-olanda-recunoaste-limita-iar-bucurestiul-continua-sa-taie-din-bugetul-poporului\/#respond\">Anuleaz\u0103 r\u0103spunsul<\/a><\/small><\/h3>\n<p class=\"comment-notes\"><span id=\"email-notes\">Adresa ta de email nu va fi publicat\u0103.<\/span><span class=\"required-field-message\">C\u00e2mpurile obligatorii sunt marcate cu <span class=\"required\">*<\/span><\/span><\/p>\n<\/div>\n<\/div>\n<\/div>\n<\/div>\n<\/div>\n<div class=\"sidebar-wrap single-sidebar\">\n<div class=\"sidebar-inner clearfix\">\n<div id=\"widget-post-2\" class=\"widget rb-section w-sidebar clearfix widget-post\">\n<div class=\"block-h widget-heading heading-layout-1\">\n<div class=\"heading-inner\">\n<h4 class=\"heading-title\"><span>Articole recente<\/span><\/h4>\n<\/div>\n<\/div>\n<div class=\"widget-p-listing\">\n<div class=\"p-wrap p-small p-list-small-2\" data-pid=\"249516\">\n<div class=\"feat-holder\">\n<div class=\"p-featured ratio-v1\"><a class=\"p-flink\" href=\"https:\/\/ortodoxinfo.ro\/2026\/07\/18\/petrisor-peiu-nicusor-dan-isi-aroga-singur-un-drept-pe-care-constitutia-nu-i-l-ofera-acela-de-a-secretiza-o-parte-din-cheltuielile-publice\/\" title=\"Petri\u0219or Peiu: Nicu\u0219or Dan \u00ee\u0219i arog\u0103 singur un drept pe care Constitu\u021bia nu i-l ofer\u0103: acela de a secretiza o parte din cheltuielile publice\"><img decoding=\"async\" width=\"150\" height=\"150\" src=\"https:\/\/ortodoxinfo.ro\/wp-content\/uploads\/2026\/07\/petrisor-peiu-ingrasaminte-e1780155968127-150x150.jpeg\" class=\"featured-img wp-post-image\" alt loading=\"lazy\"><\/a><\/div>\n<\/div>\n<div class=\"p-content\">\n<h5 class=\"entry-title\"><a class=\"p-url\" href=\"https:\/\/ortodoxinfo.ro\/2026\/07\/18\/petrisor-peiu-nicusor-dan-isi-aroga-singur-un-drept-pe-care-constitutia-nu-i-l-ofera-acela-de-a-secretiza-o-parte-din-cheltuielile-publice\/\" rel=\"bookmark\">Petri\u0219or Peiu: Nicu\u0219or Dan \u00ee\u0219i arog\u0103 singur un drept pe care Constitu\u021bia nu i-l ofer\u0103: acela de a secretiza o parte din cheltuielile publice<\/a><\/h5>\n<div class=\"p-meta\">\n<div class=\"meta-inner is-meta\"><span class=\"meta-el meta-date\"><time datetime=\"2026-07-18T08:08:56+03:00\">18 iulie 2026<\/time><\/span><span class=\"meta-el meta-category meta-bold\"><a class=\"meta-separate category-19866\" href=\"https:\/\/ortodoxinfo.ro\/category\/lupta-pentru-romania\/\">Lupt\u0103 pentru Rom\u00e2nia<\/a><\/span><span class=\"meta-el meta-view\">4.7k vizualiz\u0103ri\t\t<\/span><\/div>\n<\/div>\n<\/div>\n<\/div>\n<div class=\"p-wrap p-small p-list-small-2\" data-pid=\"249458\">\n<div class=\"feat-holder\">\n<div class=\"p-featured ratio-v1\"><a class=\"p-flink\" href=\"https:\/\/ortodoxinfo.ro\/2026\/07\/17\/aur-acuza-un-abuz-dosar-penal-impotriva-deputatului-care-a-cerut-stoparea-importului-de-muncitori-asiatici\/\" title=\"AUR acuz\u0103 un \u201eabuz\u201d: Dosar penal \u00eempotriva deputatului care a cerut stoparea importului de muncitori asiatici\"><img decoding=\"async\" width=\"150\" height=\"150\" src=\"https:\/\/ortodoxinfo.ro\/wp-content\/uploads\/2026\/07\/dan-tanasa-2-150x150.jpg\" class=\"featured-img wp-post-image\" alt loading=\"lazy\"><\/a><\/div>\n<\/div>\n<div class=\"p-content\">\n<h5 class=\"entry-title\"><a class=\"p-url\" href=\"https:\/\/ortodoxinfo.ro\/2026\/07\/17\/aur-acuza-un-abuz-dosar-penal-impotriva-deputatului-care-a-cerut-stoparea-importului-de-muncitori-asiatici\/\" rel=\"bookmark\">AUR acuz\u0103 un \u201eabuz\u201d: Dosar penal \u00eempotriva deputatului care a cerut stoparea importului de muncitori asiatici<\/a><\/h5>\n<div class=\"p-meta\">\n<div class=\"meta-inner is-meta\"><span class=\"meta-el meta-date\"><time datetime=\"2026-07-17T17:16:27+03:00\">17 iulie 2026<\/time><\/span><span class=\"meta-el meta-category meta-bold\"><a class=\"meta-separate category-19885\" href=\"https:\/\/ortodoxinfo.ro\/category\/anti-sistem\/anti-romanism\/asasinii-tarii\/\">Asasinii \u021b\u0103rii<\/a><\/span><span class=\"meta-el meta-view\">7.4k vizualiz\u0103ri\t\t<\/span><\/div>\n<\/div>\n<\/div>\n<\/div>\n<div class=\"p-wrap p-small p-list-small-2\" data-pid=\"249395\">\n<div class=\"feat-holder\">\n<div class=\"p-featured ratio-v1\"><a class=\"p-flink\" href=\"https:\/\/ortodoxinfo.ro\/2026\/07\/17\/ion-cristoiu-si-a-revenit-dupa-betia-vestea-romania-nu-se-reseteaza-fara-alegeri-anticipate\/\" title=\"Ion Cristoiu \u0219i-a revenit dup\u0103 be\u021bia Ve\u0219tea: \u201eRom\u00e2nia nu se reseteaz\u0103 f\u0103r\u0103 alegeri anticipate\u201d\"><img decoding=\"async\" width=\"150\" height=\"150\" src=\"https:\/\/ortodoxinfo.ro\/wp-content\/uploads\/2026\/07\/2-19-150x150.png\" class=\"featured-img wp-post-image\" alt loading=\"lazy\"><\/a><\/div>\n<\/div>\n<div class=\"p-content\">\n<h5 class=\"entry-title\"><a class=\"p-url\" href=\"https:\/\/ortodoxinfo.ro\/2026\/07\/17\/ion-cristoiu-si-a-revenit-dupa-betia-vestea-romania-nu-se-reseteaza-fara-alegeri-anticipate\/\" rel=\"bookmark\">Ion Cristoiu \u0219i-a revenit dup\u0103 be\u021bia Ve\u0219tea: \u201eRom\u00e2nia nu se reseteaz\u0103 f\u0103r\u0103 alegeri anticipate\u201d<\/a><\/h5>\n<div class=\"p-meta\">\n<div class=\"meta-inner is-meta\"><span class=\"meta-el meta-date\"><time datetime=\"2026-07-17T12:15:42+03:00\">17 iulie 2026<\/time><\/span><span class=\"meta-el meta-category meta-bold\"><a class=\"meta-separate category-19885\" href=\"https:\/\/ortodoxinfo.ro\/category\/anti-sistem\/anti-romanism\/asasinii-tarii\/\">Asasinii \u021b\u0103rii<\/a><\/span><span class=\"meta-el meta-view\">6.4k vizualiz\u0103ri\t\t<\/span><\/div>\n<\/div>\n<\/div>\n<\/div>\n<div class=\"p-wrap p-small p-list-small-2\" data-pid=\"249327\">\n<div class=\"feat-holder\">\n<div class=\"p-featured ratio-v1\"><a class=\"p-flink\" href=\"https:\/\/ortodoxinfo.ro\/2026\/07\/17\/trump-declasifica-documente-secrete-despre-alegeri-si-acuza-china-de-cel-mai-mare-atac-cibernetic-electoral-din-istorie\/\" title=\"Trump declasific\u0103 documente secrete despre alegeri \u0219i acuz\u0103 China de cel mai mare atac cibernetic electoral din istorie\"><img decoding=\"async\" width=\"150\" height=\"150\" src=\"https:\/\/ortodoxinfo.ro\/wp-content\/uploads\/2026\/07\/donald-trump-2.webp-150x150.webp\" class=\"featured-img wp-post-image\" alt loading=\"lazy\"><\/a><\/div>\n<\/div>\n<div class=\"p-content\">\n<h5 class=\"entry-title\"><a class=\"p-url\" href=\"https:\/\/ortodoxinfo.ro\/2026\/07\/17\/trump-declasifica-documente-secrete-despre-alegeri-si-acuza-china-de-cel-mai-mare-atac-cibernetic-electoral-din-istorie\/\" rel=\"bookmark\">Trump declasific\u0103 documente secrete despre alegeri \u0219i acuz\u0103 China de cel mai mare atac cibernetic electoral din istorie<\/a><\/h5>\n<div class=\"p-meta\">\n<div class=\"meta-inner is-meta\"><span class=\"meta-el meta-date\"><time datetime=\"2026-07-17T11:10:19+03:00\">17 iulie 2026<\/time><\/span><span class=\"meta-el meta-category meta-bold\"><a class=\"meta-separate category-585\" href=\"https:\/\/ortodoxinfo.ro\/category\/stiri\/externe\/\">Externe<\/a><\/span><span class=\"meta-el meta-view\">4.3k vizualiz\u0103ri\t\t<\/span><\/div>\n<\/div>\n<\/div>\n<\/div>\n<\/div>\n<\/div>\n<div id=\"custom_html-2\" class=\"widget_text widget rb-section w-sidebar clearfix widget_custom_html\">\n<div class=\"block-h widget-heading heading-layout-1\">\n<div class=\"heading-inner\">\n<h4 class=\"heading-title\"><span>DONA\u021aII \u00een cont bancar<\/span><\/h4>\n<\/div>\n<\/div>\n<div class=\"textwidget custom-html-widget\">\n<table class=\"donatii\">\n<tbody>\n<tr>\n<th colspan=\"2\"><strong><span>Asicia\u021bia SMI-B<\/span><\/strong><\/th>\n<\/tr>\n<tr>\n<th>Cont LEI<\/th>\n<td>RO67CECEB00030RON2081955<\/td>\n<\/tr>\n<tr>\n<th>Cont EURO<\/th>\n<td>RO33CECEB000C1EUR2081978<\/td>\n<\/tr>\n<tr>\n<th>Cod SWIFT<\/th>\n<td>CECEROBU<\/td>\n<\/tr>\n<tr>\n<th colspan=\"2\"><strong>CEC BANK SA<\/strong><\/th>\n<\/tr>\n<\/tbody>\n<\/table>\n<\/div>\n<\/div>\n<\/div>\n<\/div>\n<\/div>\n<\/article>\n<div class=\"entry-content rbct clearfix is-highlight-shares\">\n<p>La summitul NATO de la Ankara, pe 7 iulie 2026, ministrul olandez al Ap\u0103r\u0103rii, Dilan Ye\u015filg\u00f6z-Zegerius, a avut curajul s\u0103 spun\u0103 ceea ce mul\u021bi lideri europeni evit\u0103: **\u201eWe are at our limit\u201d**. Olanda a ajuns la cap\u0103tul resurselor. Stocurile de echipamente militare sunt epuizate, \u021bara a f\u0103cut deja \u201eprea mult\u201d \u0219i nu mai exist\u0103 posibilitatea de a livra rachete suplimentare pentru sistemele Patriot destinate Ucrainei. Mesajul este clar, pragmatic \u0219i suveranist: un stat na\u021bional are datoria s\u0103-\u0219i apere propriile limite \u00eenainte de a se ruina pentru al\u021bii.<\/p>\n<p>\u00cen loc s\u0103 aplaude aceast\u0103 onestitate, prima reac\u021bie notabil\u0103 a venit din partea Rom\u00e2niei. Prin vocea pre\u0219edintelui Nicu\u0219or Dan (sau \u201eDan Daniel \u2013 Nicu\u0219or\u201d, cum \u00eel numesc unii cu ironie amar\u0103), Bucure\u0219tiul pare decis s\u0103 ocupe locul l\u0103sat liber de olandezi. Pre\u0219edintele a transmis, practic, c\u0103 este **mai bine ca poporul s\u0103 nu \u0219tie** c\u00e2\u021bi bani se taie din s\u0103n\u0103tate, educa\u021bie, pensii sau investi\u021bii \u00een infrastructura rom\u00e2neasc\u0103 pentru a trimite \u201evagoane de bani\u201d Ucrainei. Unele secrete, a sugerat el, e bine s\u0103 r\u0103m\u00e2n\u0103 secrete.<\/p>\n<p>Aceast\u0103 abordare este exact opusul suveranismului. Un stat suveran nu ascunde de cet\u0103\u021benii s\u0103i deciziile care le afecteaz\u0103 traiul zilnic. Un stat suveran pune **interesul na\u021bional rom\u00e2nesc pe primul loc**, nu pe al doilea sau al treilea dup\u0103 priorit\u0103\u021bile Washingtonului, Bruxelles-ului sau Kievului.<\/p>\n<h3>De ce este grav ce se \u00eent\u00e2mpl\u0103 la Bucure\u0219ti<\/h3>\n<p>\u2013 **Transparen\u021b\u0103 zero.** Cet\u0103\u021benii rom\u00e2ni au dreptul s\u0103 \u0219tie exact c\u00e2t cost\u0103 acest ajutor, de unde se taie banii \u0219i care sunt criteriile. Secretomania elitist\u0103 aminte\u0219te de vremuri pe care mul\u021bi le credeam dep\u0103\u0219ite.<\/p>\n<p>\u2013 **Resurse limitate.** Rom\u00e2nia nu este Olanda. Avem spitale care se pr\u0103bu\u0219esc, \u0219coli f\u0103r\u0103 c\u0103ldur\u0103, drumuri dezastruoase \u0219i o armat\u0103 care are \u00eenc\u0103 nevoie de modernizare serioas\u0103 pentru a-\u0219i ap\u0103ra propriul teritoriu. S\u0103 \u201eumplem golul\u201d l\u0103sat de olandezi \u00eenseamn\u0103 s\u0103 ne sl\u0103bim capacitatea de ap\u0103rare real\u0103 a Rom\u00e2niei.<\/p>\n<p>\u2013 **Priorit\u0103\u021bi suverane.** Ajutorul umanitar, sprijinul diplomatic sau cooperarea tehnic\u0103 sunt acceptabile. Dar transformarea Rom\u00e2niei \u00eentr-un contributor nelimitat la un conflict prelungit, \u00een timp ce propriii no\u0219tri cet\u0103\u021beni str\u00e2ng cureaua, este o abdicare de la suveranitate. Suveranismul \u00eenseamn\u0103 s\u0103 fii un aliat serios, nu un vasal generos cu banii altora.<\/p>\n<p>Ministrul olandez a ar\u0103tat o minim\u0103 responsabilitate fa\u021b\u0103 de contribuabilii ei. Ar fi cazul ca \u0219i liderii de la Bucure\u0219ti s\u0103 arate aceea\u0219i responsabilitate fa\u021b\u0103 de contribuabilii rom\u00e2ni. Poporul rom\u00e2n nu este o vac\u0103 de muls infinit\u0103 pentru proiecte geopolitice care nu au termen clar de finalizare \u0219i al c\u0103ror succes este tot mai incert.<\/p>\n<p>Rom\u00e2nia suveran\u0103 \u00eenseamn\u0103 s\u0103 ne ap\u0103r\u0103m grani\u021bele, s\u0103 ne consolid\u0103m economia, s\u0103 ne moderniz\u0103m armata **pentru noi \u00een\u0219ine** \u0219i s\u0103 ajut\u0103m doar \u00een m\u0103sura \u00een care nu ne punem propria supravie\u021buire \u00een pericol. Nu \u00eenseamn\u0103 s\u0103 t\u0103iem din bugetul na\u021bional pe ascuns \u0219i s\u0103 invoc\u0103m \u201esecrete de stat\u201d ca s\u0103 justific\u0103m decizii proaste.<\/p>\n<p>Este momentul ca vocea suveranist\u0103 a Rom\u00e2niei s\u0103 se aud\u0103 mai tare: **ajutor da, dar nu cu orice pre\u021b \u0219i nu pe spinarea rom\u00e2nilor de r\u00e2nd**. Prioritatea num\u0103rul unu r\u0103m\u00e2ne Rom\u00e2nia. Restul vine dup\u0103.<\/p>\n<div class=\"inline-single-ad ad_single_3_index alignfull\">\n<div class=\"ad-wrap ad-script-wrap\">\n<div class=\"ad-script non-adsense edge-padding\">\n<div>\n\u203c\ufe0f\u203c\ufe0f NU recunoa\u0219tem ca pre\u0219edinte al Rom\u00e2niei pe marioneta retard\u0103 Nicu\u0219or Dan! Rom\u00e2ni, boicota\u021bi aceast\u0103 f\u0103c\u0103tur\u0103, care ne face \u021bara de r\u00e2s! NU rom\u00e2nii l-au votat pe Nicusoro\u0219 &#8211; cu unele excep\u021bii de persoane infantile, manipulabile \u0219i chiar idioate &#8211; ci l-au ajutat Maia Soro\u0219, Emanuel Macrou \u0219i tr\u0103d\u0103torii de la B.E.C. \u0219i CCR!<br \/>\n La \u00eenchisoare cu cei care au fraudat alegerile!\n<\/div>\n<\/div>\n<\/div>\n<\/div>\n<\/div>\n<p>[analyse_source url=&#8221;https:\/\/ortodoxinfo.ro\/2026\/07\/17\/romania-suverana-inainte-de-toate-olanda-recunoaste-limita-iar-bucurestiul-continua-sa-taie-din-bugetul-poporului\/&#8221;]<\/p>\n","protected":false},"excerpt":{"rendered":"<p>[analyse_image type=&#8221;featured&#8221; src=&#8221;https:\/\/ortodoxinfo.ro\/wp-content\/uploads\/2026\/07\/Patriot-1.webp.webphttps:\/\/ortodoxinfo.ro\/wp-content\/uploads\/2026\/07\/Patriot-1.webp.webp&#8221;] Prima pagin\u0103 \u00bb Blog \u00bb Rom\u00e2nia suveran\u0103 \u00eenainte de toate: Olanda recunoa\u0219te limita, iar Bucure\u0219tiul continu\u0103 s\u0103 taie din bugetul poporului Rom\u00e2nia suveran\u0103 \u00eenainte de toate: Olanda recunoa\u0219te limita, iar Bucure\u0219tiul continu\u0103 s\u0103 taie din bugetul poporului 17 iulie 2026Ucraina9.3k vizualiz\u0103ri Comentarii Share 4 Min Read SHARE OrtodoxINFO este supus unui sabotaj [&hellip;]<\/p>\n","protected":false},"author":1,"featured_media":0,"comment_status":"open","ping_status":"","sticky":false,"template":"","format":"standard","meta":{"footnotes":""},"categories":[89],"tags":[226,94],"class_list":["post-2050325","post","type-post","status-publish","format-standard","hentry","category-romania","tag-crawlmanager","tag-ortodoxinfo-ro"],"_links":{"self":[{"href":"https:\/\/analyse.optim.biz\/index.php?rest_route=\/wp\/v2\/posts\/2050325","targetHints":{"allow":["GET"]}}],"collection":[{"href":"https:\/\/analyse.optim.biz\/index.php?rest_route=\/wp\/v2\/posts"}],"about":[{"href":"https:\/\/analyse.optim.biz\/index.php?rest_route=\/wp\/v2\/types\/post"}],"author":[{"embeddable":true,"href":"https:\/\/analyse.optim.biz\/index.php?rest_route=\/wp\/v2\/users\/1"}],"replies":[{"embeddable":true,"href":"https:\/\/analyse.optim.biz\/index.php?rest_route=%2Fwp%2Fv2%2Fcomments&post=2050325"}],"version-history":[{"count":0,"href":"https:\/\/analyse.optim.biz\/index.php?rest_route=\/wp\/v2\/posts\/2050325\/revisions"}],"wp:attachment":[{"href":"https:\/\/analyse.optim.biz\/index.php?rest_route=%2Fwp%2Fv2%2Fmedia&parent=2050325"}],"wp:term":[{"taxonomy":"category","embeddable":true,"href":"https:\/\/analyse.optim.biz\/index.php?rest_route=%2Fwp%2Fv2%2Fcategories&post=2050325"},{"taxonomy":"post_tag","embeddable":true,"href":"https:\/\/analyse.optim.biz\/index.php?rest_route=%2Fwp%2Fv2%2Ftags&post=2050325"}],"curies":[{"name":"wp","href":"https:\/\/api.w.org\/{rel}","templated":true}]}}