{"id":205025,"date":"2014-05-24T23:28:55","date_gmt":"2014-05-24T20:28:55","guid":{"rendered":"https:\/\/analyse.optim.biz\/?p=205025"},"modified":"2014-05-24T23:28:55","modified_gmt":"2014-05-24T20:28:55","slug":"romanii-din-strainatate-au-inceput-votarea-sectiile-de-vot-din-romania-se-deschid-la-ora-700","status":"publish","type":"post","link":"https:\/\/analyse.optim.biz\/?p=205025","title":{"rendered":"Rom\u00e2nii din str\u0103in\u0103tate au \u00eenceput votarea. Sec\u021biile de vot din Rom\u00e2nia se deschid la ora 7:00"},"content":{"rendered":"<div class=\"entry data-app-meta data-app-meta-article\" data-embed-base-url-canonical=\"https:\/\/www.digi24.ro\/embed\/stiri\/actualitate\/politica\/romanii-din-strainatate-au-inceput-votarea-sectiile-de-vot-din-romania-se-deschid-la-ora-700-247326\">\n<p data-index=\"1\">\u00cen Cehia, Letonia, Malta \u015fi Slovacia au fost chema\u0163i la urne cu o zi \u00eenaintea noastr\u0103 ca s\u0103 \u00eei desemneze pe cei care \u00eei vor reprezenta \u00een legislativul comunitar. \u00cen Marea Britanie, Irlanda \u015fi Olanda, scrutinul s-a desf\u0103\u015furat \u00een cursul s\u0103pt\u0103m\u00e2nii, dar \u00een cele mai multe state ale Uniunii Europene alegerile au loc duminic\u0103. \u00cen total, cele 28 de popoare ale Uniunii Europene aleg 751 de deputa\u0163i pentru legislatura 2014 &#8211; 2019.<\/p>\n<p data-index=\"2\">\u201e<em><strong>Pentru a \u00een\u0163elege imensitatea spa\u0163iului Uniunii Europene, v\u0103 pot spune c\u0103, de aici, din Cabo da Roca Portugalia locul cel mai vestic al Europei continentale \u0219i p\u00e2n\u0103 la Sulina, \u00een Rom\u00e2nia, locul cel mai estic al Europei, sunt 4.361 de kilometri. \u00cen acest spa\u021biu imens aproape 400 de milioane de europeni sunt a\u0219tepta\u021bi duminic\u0103 la alegerile europarlamentare. Alegeri extrem de importante de vreme ce Europa se confrunt\u0103 cu probleme nu doar economice \u0219i sociale, ci \u0219i cu amenin\u021b\u0103ri venite din partea Rusiei<\/strong><\/em>\u201d, transmite Ciprian B\u0103l\u0163oiu, corespondent <span><strong>Digi24<\/strong><\/span> la Madrid.<\/p>\n<p data-index=\"3\">Alegerile europarlamentare de anul acesta stau sub semnul extremismului \u015fi euroscepticismului. \u00cen Portugalia, de exemplu, m\u0103surile de austeritate i-au f\u0103cut pe locuitori s\u0103-\u015fi doreasc\u0103 \u00eendep\u0103rtare de Uniunea European\u0103.<\/p>\n<p data-index=\"4\">Totodat\u0103, mi\u015fc\u0103rile populiste din state precum Fran\u0163a, Austria \u015fi Italia sper\u0103 s\u0103 ob\u0163in\u0103 rezultate bune \u00een cadrul scrutinului. Este \u015fi cazul Mi\u015fc\u0103rii Cinci Stele a lui Beppe Grillo din Italia care a promis c\u0103 va \u00eencerca s\u0103 cear\u0103 organizarea unui referendum pentru ie\u015firea \u0163\u0103rii sale din zona euro.<\/p>\n<p data-index=\"5\">\u201e<em><strong>Vom renegocia totul \u015fi, dac\u0103 nu vor fi de acord, vom organiza un referendum dup\u0103 alegeri. Nu conteaz\u0103 dac\u0103 este valid, ilegal sau neconstitu\u0163ional. Vom informa milioane de italieni \u015fi ei vor decide dac\u0103 vor \u00een sau afar\u0103 din zona euro. Oamenii vor fi cei care vor decide \u00een ceea ce prive\u015fte propria lor suveranitate fie monetar\u0103, economic\u0103 sau cultural\u0103<\/strong><\/em>\u201d, a \u00eendemnat el la vot.<\/p>\n<p data-index=\"6\">\u00cen Olanda, alegerile europarlamentare au adus o surpriz\u0103: extrema dreapt\u0103 a \u00eenregistrat un e\u015fec nea\u015fteptat \u00een condi\u0163iile \u00een care sondajele o d\u0103deau drept favorit\u0103.<\/p>\n<p data-index=\"7\">\u00cen total, 375 de milioane de oameni sunt a\u015ftepta\u0163i la urne, pentru a-i alege pe cei 751 de membri ai Parlamentului European. Cele mai multe state ale Uniunii Europene organizeaz\u0103 scrutinul pe 25 mai, iar \u00een Belgia, Cipru, Grecia \u015fi Luxemburg votul este obligatoriu.<\/p>\n<p data-index=\"8\"><span><strong><span>Alege Digi24<\/span><\/strong><\/span><\/p>\n<p data-index=\"9\"><span><strong>Digi24<\/strong><\/span> v\u0103 invit\u0103 la un maraton jurnalistic: jurnale de \u015ftiri, dar \u015fi edi\u0163ii speciale. \u00cencep\u00e2nd cu ora 10, \u00een Pia\u0163a Victoriei este amplasat un ecran uria\u015f, pe care pute\u0163i urm\u0103ri \u015ftirile \u015fi emisiunile <span><strong>Digi24<\/strong><\/span>.<\/p>\n<p data-index=\"10\">Coresponden\u0163ii no\u015ftrii din toate cele \u015fapte sta\u0163ii locale v\u0103 \u0163in la curent cu ce se \u00eent\u00e2mpl\u0103 la urne.<\/p>\n<p data-index=\"11\">Suntem \u015fi la Bruxelles, acolo unde lucreaz\u0103 Comisia European\u0103 \u015fi unde se afl\u0103 unul din cele dou\u0103 sedii ale Parlamentului European. De acolo afla\u0163i de ce sunt importante aceste alegeri, mai exact de ce este important s\u0103 mergem la vot.<\/p>\n<p data-index=\"12\">Suntem prezen\u0163i \u015fi la Dublin, Madrid \u015fi Budapesta. Tot din jurnalele \u015fi emisiunile <span><strong>Digi24<\/strong><\/span>\u00a0afla\u0163i ce se \u00eent\u00e2mpl\u0103 \u00een Ucraina, acolo unde au loc alegeri preziden\u0163iale. Coresponden\u0163ii no\u015ftrii transmit informa\u0163ii din Kiev \u015fi Odessa. Seara, revenim \u00een Pia\u0163a Victoriei, unde Cosmin Prelipceanu \u015fi invita\u0163ii s\u0103i comentaeaz\u0103 primele rezultate ale scrutinului \u00eentr-o edi\u0163ie special\u0103.<\/p>\n<\/div>\n<p> Source URL: https:\/\/www.digi24.ro\/stiri\/actualitate\/politica\/romanii-din-strainatate-au-inceput-votarea-sectiile-de-vot-din-romania-se-deschid-la-ora-700-247326<\/p>\n","protected":false},"excerpt":{"rendered":"<p>\u00cen Cehia, Letonia, Malta \u015fi Slovacia au fost chema\u0163i la urne cu o zi \u00eenaintea noastr\u0103 ca s\u0103 \u00eei desemneze pe cei care \u00eei vor reprezenta \u00een legislativul comunitar. \u00cen Marea Britanie, Irlanda \u015fi Olanda, scrutinul s-a desf\u0103\u015furat \u00een cursul s\u0103pt\u0103m\u00e2nii, dar \u00een cele mai multe state ale Uniunii Europene alegerile au loc duminic\u0103. \u00cen [&hellip;]<\/p>\n","protected":false},"author":1,"featured_media":205026,"comment_status":"open","ping_status":"","sticky":false,"template":"","format":"standard","meta":{"footnotes":""},"categories":[2],"tags":[11],"class_list":["post-205025","post","type-post","status-publish","format-standard","has-post-thumbnail","hentry","category-politics","tag-digi24"],"_links":{"self":[{"href":"https:\/\/analyse.optim.biz\/index.php?rest_route=\/wp\/v2\/posts\/205025","targetHints":{"allow":["GET"]}}],"collection":[{"href":"https:\/\/analyse.optim.biz\/index.php?rest_route=\/wp\/v2\/posts"}],"about":[{"href":"https:\/\/analyse.optim.biz\/index.php?rest_route=\/wp\/v2\/types\/post"}],"author":[{"embeddable":true,"href":"https:\/\/analyse.optim.biz\/index.php?rest_route=\/wp\/v2\/users\/1"}],"replies":[{"embeddable":true,"href":"https:\/\/analyse.optim.biz\/index.php?rest_route=%2Fwp%2Fv2%2Fcomments&post=205025"}],"version-history":[{"count":0,"href":"https:\/\/analyse.optim.biz\/index.php?rest_route=\/wp\/v2\/posts\/205025\/revisions"}],"wp:featuredmedia":[{"embeddable":true,"href":"https:\/\/analyse.optim.biz\/index.php?rest_route=\/wp\/v2\/media\/205026"}],"wp:attachment":[{"href":"https:\/\/analyse.optim.biz\/index.php?rest_route=%2Fwp%2Fv2%2Fmedia&parent=205025"}],"wp:term":[{"taxonomy":"category","embeddable":true,"href":"https:\/\/analyse.optim.biz\/index.php?rest_route=%2Fwp%2Fv2%2Fcategories&post=205025"},{"taxonomy":"post_tag","embeddable":true,"href":"https:\/\/analyse.optim.biz\/index.php?rest_route=%2Fwp%2Fv2%2Ftags&post=205025"}],"curies":[{"name":"wp","href":"https:\/\/api.w.org\/{rel}","templated":true}]}}