{"id":205013,"date":"2014-05-25T03:53:41","date_gmt":"2014-05-25T00:53:41","guid":{"rendered":"https:\/\/analyse.optim.biz\/?p=205013"},"modified":"2014-05-25T03:53:41","modified_gmt":"2014-05-25T00:53:41","slug":"live-blog-alegeri-europarlamentare-2014-sondaj-psd-castigator-al-scrutinului-cu-40-prezenta-la-vot-mai-mare-ca-in-2009","status":"publish","type":"post","link":"https:\/\/analyse.optim.biz\/?p=205013","title":{"rendered":"LIVE BLOG Alegeri europarlamentare 2014. SONDAJ: PSD, c\u00e2\u0219tig\u0103tor al scrutinului cu 40%. Prezen\u021ba la vot, mai mare ca \u00een 2009"},"content":{"rendered":"<div class=\"entry data-app-meta data-app-meta-article\" data-embed-base-url-canonical=\"https:\/\/www.digi24.ro\/embed\/stiri\/actualitate\/politica\/live-blog-alegeri-europarlamentare-2014-sondaj-psd-castigator-al-scrutinului-cu-40-prezenta-la-vot-mai-mare-ca-in-2009-247353\">\n<p data-index=\"1\"><span><strong><span>Alegerile europarlamentare 2014, cel mai amplu proces electoral din spa\u0163iul vechiului continent, s-au \u00eencheiat \u00een aceast\u0103 sear\u0103. Sondajele arat\u0103 c\u0103 PSD a ob\u021binut cel mai mare num\u0103r de voturi, aproximativ 40%, \u00een timp ce liberalii nu au ajuns nici la 15 procente.<\/span><\/strong><\/span><\/p>\n<p data-index=\"2\"><img decoding=\"async\" src=\"https:\/\/analyse.optim.biz\/wp-content\/uploads\/2024\/09\/odviywm4nty0ngrlmdi2ntmynjlmndzkytixytu-thumb_.jpg\" data-skip-htmlfix=\"1\" title=\"odviywm4nty0ngrlmdi2ntmynjlmndzkytixytu-thumb_\"><\/p>\n<p data-index=\"3\"><span><strong>Ministerul rom\u00e2n al Afacerilor Externe a organizat pentru aceste alegeri europarlamentare\u00a0190 de sec\u021bii de votare \u00een afara \u0163\u0103rii.<span><span><a href=\"http:\/\/www.mae.ro\/sites\/default\/files\/file\/2014\/alegeri_europarlamentare\/2014.04.30_lista_sectiilor_de_votare.pdf\" target=\"_blank\" data-skip-linkfix=\"1\" rel=\"noopener\"><span><br \/><\/span><\/a><\/span><\/span><\/strong><strong><span><span><span><a href=\"http:\/\/www.mae.ro\/sites\/default\/files\/file\/2014\/alegeri_europarlamentare\/2014.04.30_lista_sectiilor_de_votare.pdf\" target=\"_blank\" data-skip-linkfix=\"1\" rel=\"noopener\">Click pentru adresa fiec\u0103rei sec\u0163ii<\/a><\/span><\/span><\/span><\/strong><\/span><\/p>\n<p data-index=\"4\"><strong><span>ORA 22:35.<\/span><\/strong><strong>Prezen\u021ba la vot la alegerile europarlamentare 2014 a fost de 32,16%<\/strong>, <a href=\"http:\/\/www.bec2014.ro\/wp-content\/uploads\/2014\/05\/Comunicat-PV-22.30.pdf\" target=\"_blank\" data-skip-linkfix=\"1\" rel=\"noopener\">a anun\u021bat Biroul Electoral Central<\/a>. \u00cen mediul urban s-au prezentat la urne 28,69%, \u00een timp ce \u00een mediul rural au votat 36,88%.\u00a0<em>Prezen\u021ba la vot la alegerile europarlamentare din 2009 a fost de 27,21%.<\/em><\/p>\n<p data-index=\"5\">\u00cen 23 de jude\u021be prezen\u021ba la vot a fost superioar\u0103 mediei calculate la nivel na\u021bional.<\/p>\n<p data-index=\"6\"><span>Prezen\u021be mai mari s-au \u00eenregistrat \u00een jude\u021bele:<\/span><\/p>\n<p data-index=\"7\">Olt: 46,57%<\/p>\n<p data-index=\"8\">Ilfov: 42,26%<\/p>\n<p data-index=\"9\">Mehedin\u021bi: 40,17%<\/p>\n<p data-index=\"10\">Teleorman: 39,84%<\/p>\n<p data-index=\"11\">Giurgiu: 39,12%<\/p>\n<p data-index=\"12\"><span>Participare mai redus\u0103 la vot s-a \u00eenregistrat \u00een jude\u021bele:<\/span><\/p>\n<p data-index=\"13\">Maramure\u0219: 25,31%<\/p>\n<p data-index=\"14\">Tulcea: 27,12%<\/p>\n<p data-index=\"15\">Ialomi\u021ba: 27,66%<\/p>\n<p data-index=\"16\">Timi\u0219: 27,94%<\/p>\n<p data-index=\"17\">Vaslui: 28,22%<\/p>\n<p data-index=\"18\"><strong>\u00cen Bucure\u0219ti prezen\u021ba la vot a fost de 26,93%<\/strong>, iar pe sectoare situa\u021bia se prezint\u0103 astfel:<\/p>\n<p data-index=\"19\">Sectorul 1: 34,53%<\/p>\n<p data-index=\"20\">Sectorul 2: 27,69%<\/p>\n<p data-index=\"21\">Sectorul 3: 24,98%<\/p>\n<p data-index=\"22\">Sectorul 4: 26,62%<\/p>\n<p data-index=\"23\">Sectorul 5: 21,93%<\/p>\n<p data-index=\"24\">Sectorul 6: 27,78%<\/p>\n<p data-index=\"25\"><strong><span>ORA 21.44.\u00a0<\/span>EXIT POLL europarlamentare 2014<\/strong>. \u00cen mai multe state membre ale UE au fost publicate estim\u0103ri privind prezen\u021ba la vot \u0219i rezultatele alegerilor.<\/p>\n<p data-index=\"26\">\u00cen <strong>Fran\u021ba<\/strong>, partidul ultrana\u0163ionalist Frontul Na\u0163ional se claseaz\u0103 pe primul loc cu 25%, conform sondajelor exit-poll difuzate de Le Monde. Conform sondajelor efectuate de institutele Ipsos\/Steria, pe locul al doilea se situeaz\u0103 partidul de centru-dreapta Uniunea pentru o Mi\u015fcare Popular\u0103 (UMP, de opozi\u0163ie), cu 20,3%, potrivit Mediafax.<\/p>\n<p data-index=\"27\">Conservatorii din CDU\/CSU, condu\u015fi de cancelarul Angela Merkel, sunt pe primul loc \u00een scrutinul europarlamentar din<strong> Germania<\/strong>, arat\u0103 exit poll-urile.<\/p>\n<p data-index=\"28\">Alian\u0163a CDU\/CSU este creditat\u0103 cu 36% din voturi (fa\u0163\u0103 de 37,9% \u00een 2009), iar social-democra\u0163ii (SPD), cu 27,5%, fa\u0163\u0103 de 20,8% \u00een 2009.<\/p>\n<p data-index=\"29\">\u00cen <strong>Grecia<\/strong>, st\u00e2nga radical\u0103 se claseaz\u0103 pe primul loc la europarlamentare, cu 26% \u015fi 30% din voturi , iar Noua Democra\u0163ie (ND, dreapta), a premierului Antonis Samaras, ar avea \u00eentre 23% \u015fi 27%, conform sondajelor.<\/p>\n<p data-index=\"30\">\u00cen <strong>Austria<\/strong>, partidul de centru-dreapta OVP (cre\u015ftin-democrat) se claseaz\u0103 pe primul loc \u00een scrutinul europarlamentar, cu 27,9%, conform sondajelor efectuate la ie\u015firea de la urne, informeaz\u0103 AFP.<\/p>\n<p data-index=\"31\">Partidul Libert\u0103\u0163ii (FPOe, extrem\u0103-dreapta) este pe locul al treilea, cu 19,9% din voturi, fa\u0163\u0103 de 12,7% \u00een 2009.<\/p>\n<p data-index=\"32\"><strong><span>ORA 21.11.\u00a0<\/span><\/strong>Potrivit unui sondaj telefonic efectuat de IRES,<a href=\"https:\/\/www.digi24.ro\/Stiri\/Digi24\/Actualitate\/Politica\/REZULTATE+ALEGERI+EUROPARLAMENTARE+2014\" target=\"_blank\" data-skip-linkfix=\"1\" rel=\"noopener\"> Alian\u021ba PSD-UNPR-PC a ob\u021binut cele mai multe voturi<\/a>, respectiv 41%. Pe locul doi, la mare distan\u021b\u0103, a ie\u0219it PNL, cu 14%, urmat la mic\u0103 distan\u021b\u0103 de PDL, care a fost votat de 10%.<\/p>\n<p data-index=\"33\"><strong><span>ORA 20.30.\u00a0<\/span><\/strong>P\u00e2n\u0103 la ora 19.00 au votat 26,52% dintre aleg\u0103torii \u00eenscri\u0219i pe listele de electorale, a anun\u021bat Biroul Electoral Central. \u00cen urm\u0103 cu cinci ani, prezen\u021ba la vot la ora 19.00 era mai mic\u0103 cu cinci procente (21,63%).<\/p>\n<p data-index=\"34\">\u00cen mediul urban au votat 23,69% dintre aleg\u0103tori, iar \u00een mediul rural \u2013 30.37%.<\/p>\n<p data-index=\"35\"><span><strong>ORA 20.20.\u00a0<\/strong><\/span>Num\u0103rul incidentelor electorale \u00eenregistrate de Ministerul Afacerilor Interne cre\u015fte de la o or\u0103 la alta. Oficialii institu\u0163iei au anun\u0163at c\u0103<a href=\"https:\/\/www.digi24.ro\/Stiri\/Digi24\/Actualitate\/Stiri\/Suspiciuni+de+frauda+la+vot+40+dintre+sesizari+sunt+anchetate+ca\" target=\"_blank\" data-skip-linkfix=\"1\" rel=\"noopener\"> 40 dintre sesiz\u0103rile de ast\u0103zi<\/a> sunt anchetate ca posibile infrac\u0163iuni. Cele mai multe au fost \u00een Bucure\u015fti, D\u00e2mbovi\u0163a, Mehedin\u0163i, Dolj \u015fi Teleorman.<\/p>\n<p data-index=\"36\"><strong><span>ORA 20.05.\u00a0<\/span><\/strong>P\u00e2n\u0103 la ora 18.00, \u00een cele 18 sec\u021bii de votare din Spania s-au prezentat aproximativ 1.600 de rom\u00e2ni, iar \u00een cele dou\u0103 sec\u021bii de la Lisabona \u2013 sub 500.<\/p>\n<p data-index=\"37\">Exist\u0103 \u00eens\u0103 \u0219i <a href=\"https:\/\/www.digi24.ro\/Stiri\/Digi24\/Actualitate\/Stiri\/Probleme+la+votul+romanilor+din+strainatate+Sistemul+permite+vot\" target=\"_blank\" data-skip-linkfix=\"1\" rel=\"noopener\">probleme \u00een cazul rom\u00e2nilor care voteaz\u0103 \u00een alt\u0103 \u021bar\u0103<\/a> dec\u00e2t cea de origine. Ace\u0219tia pot vota \u00een mai multe \u021b\u0103ri pentru candida\u021bii din Rom\u00e2inia, chiar dac\u0103 au decis s\u0103 voteze candida\u021bii din \u021bara de reziden\u021b\u0103.<\/p>\n<p data-index=\"38\"><strong><span>ORA 18.40.\u00a0<\/span><\/strong>46 de persoane aflate \u00een arestul Poli\u0163iei Jude\u0163ene Constan\u0163a \u015fi alte trei persoane arestate la domiciliu au votat, duminic\u0103, la alegerile europarlamentare. La Penitenciarul Poarta Alb\u0103 \u015fi-au exprimat acest drept aproape 1.000 de de\u0163inu\u0163i, \u00eentre care Cristian Borcea \u015fi Victor Becali.<\/p>\n<p data-index=\"39\"><strong><span>ORA 17.30<\/span>.\u00a0<\/strong>P\u00e2n\u0103 la ora 16.00 au votat 18,41% dintre aleg\u0103torii \u00eenscri\u0219i pe listele de electorale, a anun\u021bat Biroul Electoral Central.<\/p>\n<p data-index=\"40\">\u00cen mediul urban au votat 17,11% dintre aleg\u0103tori, iar \u00een mediul rural \u2013 20.18%.<\/p>\n<p data-index=\"41\">Cea mai mare participare s-a \u00eenregistrat \u00een jude\u021bele Olt (25,07%), Ilfov (23,75%), Mehedin\u021bi (22,92%), D\u00e2mbovi\u021ba (22,51 %) \u0219i Prahova (21,39%).<\/p>\n<p data-index=\"42\">\u00cen schimb, cea mai sc\u0103zut\u0103 prezen\u021b\u0103 s-a \u00eenregistrat \u00een Ialomi\u021ba (14,11%), Maramure\u0219 (14,52%), Timi\u0219 (15,38%), Arad (15,59%) \u0219i Buz\u0103u (15,62%). \u00a0<\/p>\n<p data-index=\"43\">\u00cen Bucure\u0219ti, prezen\u021ba la vot a fost mai mic\u0103 dec\u00e2t media pe \u021bar\u0103 \u2013 16,36%. Cei mai mul\u021bi aleg\u0103tori au votat \u00een Sectorul 1 (21,04%), iar cei mai pu\u021bini \u2013 \u00een Sectorul 5 (13,20%).<\/p>\n<p data-index=\"44\"><span><strong>ORA 16.55.<\/strong><\/span> PDL a sesizat BEJ Prahova c\u0103 <strong>la C\u00e2mpina se face turism electoral, dup\u0103 ce zeci de persoane din localit\u0103\u0163i \u00eenvecinate au votat pe liste suplimentare \u00een sec\u0163ia de votare amenajat\u0103 \u00een incinta unei rafin\u0103rii.<\/strong><\/p>\n<p data-index=\"45\">Potrivit reprezentan\u0163ilor Biroului Electoral Jude\u0163ean (BEJ) Prahova, sesizarea depus\u0103 de PDL a fost \u00eenaintat\u0103 Inspectoratului de Poli\u0163ie Jude\u0163ean Prahova.<\/p>\n<p data-index=\"46\"><span><strong>ORA 16.35.<\/strong><\/span><strong>PDL Cluj a depus o pl\u00e2ngere la BEJ, reclam\u00e2nd c\u0103 viceprimarul comunei Chinteni, Teodor Miron (PSD), a dus mai multe persoane la vot cu microbuzul \u015fcolii, apoi le-a oferit \u00eenghe\u0163at\u0103.<\/strong><\/p>\n<p data-index=\"47\">\u00cen replic\u0103, primarul din localitate spune c\u0103 transportul aleg\u0103torilor este obliga\u0163ia autorit\u0103\u0163ilor.<\/p>\n<p data-index=\"48\">Purt\u0103torul de cuv\u00e2nt al BEJ Cluj, Dan Tegze\u015fiu, a declarat c\u0103 pl\u00e2ngerea PDL a fost \u00eenregistrat\u0103 \u015fi va fi analizat\u0103.<\/p>\n<p data-index=\"49\"><span><strong>ORA 15.45<\/strong>.<\/span> BEC a emis o <strong>circular\u0103 prin care se interzice eliberarea c\u0103tre reprezentan\u0163ii partidelor politice de copii ale listelor electorale suplimentare din sec\u0163iile de votare<\/strong>, a anun\u0163at, purt\u0103torul de cuv\u00e2nt al BEC, Marian Muhule\u0163.<\/p>\n<p data-index=\"50\">Muhule\u021b a precizat c\u0103 p\u00e2n\u0103 acum la Biroul Electoral Central a fost depus\u0103 o singur\u0103 sesizare, respectiv o contesta\u0163ie de la Br\u0103ila, depus\u0103 de PDL la o decizie BEJ prin care s-a respins solicitarea de eliberare a copiilor listelor electorale suplimentare de la fiecare sec\u0163ie de votare din Br\u0103ila.<\/p>\n<p data-index=\"51\">\u201e\u00cen acest sens, BEC a respins contesta\u0163ia PDL Br\u0103ila \u015fi, ca urmare a unei solicit\u0103ri de la BEJ V\u00e2lcea cu un subiect similar, am emis o circular\u0103 prin care nu se d\u0103 acordul pentru ob\u0163inerea de copii ale listelor electorale suplimentare din sec\u0163iile de votare de c\u0103tre reprezentan\u0163ii partidelor politice\u201d, a precizat Muhule\u021b.<\/p>\n<p data-index=\"52\"><span><strong>ORA 15.35.<\/strong>\u00a0<\/span><span>Reprezentan\u0163ii Alian\u0163ei PSD-UNPR-PC au reclamat Biroului Electoral Jude\u0163ean (BEJ) Dolj c\u0103\u00a0<\/span><strong>pre\u015fedintele unei sec\u0163ii de votare din Craiova a refuzat solicit\u0103rile de urn\u0103 mobil\u0103 pentru pacien\u0163ii interna\u0163i la Spitalul \u201eFilantropia\u201d<\/strong><span>\u00a0din ora\u015f.<\/span><\/p>\n<p data-index=\"53\"><span><strong>ORA 15.05.<\/strong><\/span><strong>Pacien\u0163ii de la Spitalul \u201eSf\u00e2ntul Spiridon\u201d \u015fi Institutul de Oncologie din Ia\u015fi nu pot vota<\/strong> la alegerile europarlamentare.<\/p>\n<p data-index=\"54\">Reprezentan\u0163ii Biroului Electoral Jude\u0163ean sus\u0163in c\u0103 listele nominale cu bolnavii care ar fi vrut s\u0103 voteze nu au fost depuse \u00een termenul legal.<\/p>\n<p data-index=\"55\"><span><strong>ORA 14.35.<\/strong><\/span> Potrivit unui <a href=\"http:\/\/www.antena3.ro\/politica\/romania-la-vot\/alegeri-europarlamentare-rezultate-partiale-exit-poll-ora-12-30-254573.html\" target=\"_blank\" data-skip-linkfix=\"1\" rel=\"noopener\"><strong>exit poll Operations Research<\/strong><\/a>, PSD este cotat cu 43% din sufragii, fiind urmat de PDL (14%), PNL (14%), PMP (9%), UDMR (4%), For\u021ba Civic\u0103 (4%), PP-DD (4%) \u0219i Mircea Diaconu (4%), \u00een condi\u021biile unei prezen\u021be la vot de 11,8%.<\/p>\n<p data-index=\"56\"><span><strong>ORA 14.30.<\/strong><\/span><strong><a href=\"http:\/\/www.bec2014.ro\/wp-content\/uploads\/2014\/05\/Comunicat-PV-ora-14.30.pdf\" target=\"_blank\" data-skip-linkfix=\"1\" rel=\"noopener\"> Potrivit BEC<\/a><\/strong>, prezen\u0163a la vot p\u00e2n\u0103 la ora 13.00 a fost de 12,54%.<\/p>\n<p data-index=\"57\">Cei mai mul\u0163i aleg\u0103tori prezen\u0163i la urne au fost din Olt (17,62%), D\u00e2mbovi\u0163a (15,92%), Ilfov (15,69%), Teleorman (15,31%) \u015fi cei mai pu\u0163ini din Maramure\u015f (9,02%), Timi\u015f (9,94%), Arad (10,27%), Ialomi\u0163a (10,47%).\u00a0<\/p>\n<p data-index=\"58\">\u00cen Bucure\u015fti, prezen\u0163a la vot a fost p\u00e2n\u0103 la ora 13.00, de 11,3%.<\/p>\n<p data-index=\"59\"><span><strong>ORA 14.15.<\/strong><\/span> \u00centr-o comun\u0103 din <a href=\"https:\/\/www.digi24.ro\/Stiri\/Digi24\/Actualitate\/Politica\/VIDEO+Dusi+la+vot+cu+microbuzul+in+Gorj\" target=\"_blank\" data-skip-linkfix=\"1\" rel=\"noopener\"><strong>Gorj aleg\u0103torii au fost ademeni\u0163i cu papuci de cas\u0103 \u015fi bere<\/strong><\/a>. Iar \u015foferul unui microbuz este cercetat de poli\u0163i\u015fti c\u0103 ar fi dus cu ma\u015fina la vot \u015fase persoane.<\/p>\n<p data-index=\"60\"><span><strong>ORA 14.05. <span>Potrivit MAI, au fost depuse <a href=\"https:\/\/www.digi24.ro\/Stiri\/Digi24\/Actualitate\/Politica\/Zeci+de+incidente+la+vot+S-a+impartit+paine+cineva+a+introdus+ma\" target=\"_blank\" data-skip-linkfix=\"1\" rel=\"noopener\">59 de sesiz\u0103ri<\/a> privind incidente la vot. Cele mai multe au fost depuse la Bucure\u015fti.\u00a0<\/span><\/strong><\/span><\/p>\n<p data-index=\"61\">Se fac cercet\u0103ri \u00een \u015fase situa\u0163ii reprezent\u00e2nd posibile infrac\u0163iuni.<\/p>\n<p data-index=\"62\">Viceprimarul din Cogealac a sesizat c\u0103 se distribuie p\u00e2ine \u00een scop electoral.<\/p>\n<p data-index=\"63\"><span><strong>ORA 13.40.<\/strong><\/span> \u00cen jude\u0163ul <strong>Olt a fost semnalat\u0103 prezen\u0163a unor microbuze albe, f\u0103r\u0103 numere de \u00eenmatriculare<\/strong> care se deplaseaz\u0103 \u00eentre trei sec\u0163ii de votare.<\/p>\n<p data-index=\"64\">La <span>sediul \u00een care func\u0163ioneaz\u0103 call center-ul Pro Democra\u0163ia au fost primite m<\/span>ulte sesiz\u0103ri din teritoriu conform c\u0103rora, \u00een afara sec\u0163iilor se \u00eempart afi\u015fe \u015fi pliante cu partidele prezente pe liste.<\/p>\n<p data-index=\"65\">Totodat\u0103, <strong>o student\u0103 care st\u0103 la c\u0103minul de l\u00e2ng\u0103 Liceul Henri Coand\u0103 a semnalat c\u0103 reprezentan\u0163ii unui partid ar fi promis studen\u0163ilor sume cuprinse \u00eentre 30 \u015fi 50 de lei<\/strong> pentru acordarea votului.<\/p>\n<p data-index=\"66\"><span><strong>ORA 13.30.<\/strong><\/span><strong><a href=\"https:\/\/www.digi24.ro\/Stiri\/Digi24\/Actualitate\/Politica\/Sesizare+la+Cluj+PSD+acuza+PDL+ca+trimite+SMS-uri+cu+Votati+Dani\" target=\"_blank\" data-skip-linkfix=\"1\" rel=\"noopener\">PSD Cluj a depus o sesizare la Biroul Electoral Jude\u0163ean (BEJ) Cluj<\/a>,<\/strong> reclam\u00e2nd c\u0103 reprezentan\u0163i ai PDL trimit oamenilor SMS-uri prin care \u00eei \u00eendeamn\u0103 s\u0103 voteze la europarlamentare cu liderul filialei jude\u0163e, Daniel Buda.<\/p>\n<p data-index=\"67\"><span><strong>ORA 13.00.<\/strong><\/span> \u00cen sectorul 1, la sec\u0163ia de votare de la \u015fcoala Uruguay<strong> votul a fost oprit pentru 10 minute<\/strong>. 40 de persoane sunt verificate dac\u0103 au votat de mai multe ori.<\/p>\n<p data-index=\"68\">Ele aveau <strong>domiciliul \u00een Giurgiu.<\/strong><\/p>\n<p data-index=\"69\"><span><strong>ORA 12.50. <\/strong><span>Fiica lui <strong><a href=\"https:\/\/www.digi24.ro\/Stiri\/Digi24\/Actualitate\/Politica\/Fiica+lui+M+Geoana+la+primul+vot+Europarlamentarul+ideal+trebuie\" target=\"_blank\" data-skip-linkfix=\"1\" rel=\"noopener\">Mircea Geoan\u0103<\/a><\/strong> a votat pentru prima oar\u0103. Ea a vorbit despre europarlamentarul ideal, care trebuie s\u0103 \u015ftie s\u0103 se exprime \u015fi s\u0103 capete ce e mai bun pentru Rom\u00e2nia.<\/span><\/span><\/p>\n<p data-index=\"70\"><span><strong>ORA 12.20.<\/strong><\/span><strong><a href=\"https:\/\/www.digi24.ro\/Stiri\/Digi24\/Actualitate\/Politica\/Incident+electoral+in+Bucuresti+Au+vrut+sa+voteze+pentru+europar\" target=\"_blank\" data-skip-linkfix=\"1\" rel=\"noopener\">Poli\u0163i\u015ftii Sec\u0163iei 16 din Capital\u0103 verific\u0103 un incident<\/a><\/strong> care a avut loc \u00eentr-o sec\u0163ie de votare din \u015ecoala nr. 99, \u00een Sectorul 4, unde membri ai altei sec\u0163ii au vrut s\u0103 voteze pentru europarlamentare pe listele suplimentare, dar au primit buletine de vot pentru parlamentarele din Colegiul 8.<\/p>\n<p data-index=\"71\"><span><strong>ORA 12.09.<\/strong><\/span> Dup\u0103 ce a votat, Traian B\u0103sescu a fost \u00eent\u00e2mpinat de mai multe persoane care l-au huiduit.<\/p>\n<p data-index=\"72\"><span><strong>ORA 12.00.<\/strong><\/span> Pre\u015fedintele <strong>Traian B\u0103sescu<\/strong> a votat la Liceul A. D. Xenopol. El a venit \u00eempreun\u0103 cu so\u0163ia sa, Maria.<\/p>\n<p data-index=\"73\">Elena B\u0103sescu a venit mai devreme la vot. \u00centrebat \u00een leg\u0103tur\u0103 cu acest lucru, pre\u015fedintele a r\u0103spuns: &#8220;A plecat din cuib&#8221;.<\/p>\n<p data-index=\"74\">\u201e<span>Am votat pentru un partid nou care sper eu, va reu\u015fi s\u0103 continue procesele de reformare a statului, astfel ca Rom\u00e2nia s\u0103 devin\u0103 un stat cu o justi\u0163ie credibil\u0103, cu institu\u0163ii credibile, care s\u0103 fie la dispozi\u0163ia cet\u0103\u0163enilor, nu la a partidelor.<\/span><\/p>\n<p data-index=\"75\">Le \u015ftiu deja entuziasmul, \u015fi mi-a\u015f dori enorm s\u0103 contamineze Rom\u00e2nia.<\/p>\n<p data-index=\"76\"><strong>Ast\u0103zi, la ora 10.00, avem o prezen\u0163\u0103 mai bun\u0103 dec\u00e2t cea din 2009.<\/strong> Este esen\u0163ial, ca <strong>prin participare, rom\u00e2nii s\u0103 arate c\u0103 sunt ata\u015fa\u0163i UE. Dac\u0103 nu au nicio op\u0163iune pentru niciun partid, tot trebuie s\u0103 vin\u0103 la vot \u015fi s\u0103 anuleze tot buletinul. Dar trebuie s\u0103 demonstreze, prin prezen\u0163\u0103, c\u0103 sunt interesa\u0163i de UE.<\/strong><\/p>\n<p data-index=\"77\">Ani de zile, de c\u00e2te ori se vorbea de ata\u015famentul Rom\u00e2niei la valorile UE se scotea \u00een eviden\u0163\u0103 participarea foarte slab\u0103. <strong>Participarea e cel mai important lucru pe care Rom\u00e2nia poate s\u0103 \u00eel dea UE fa\u0163\u0103 de ata\u015famentul la aceast\u0103 structur\u0103<\/strong>\u201d, a declarat Traian B\u0103sescu.<\/p>\n<p data-index=\"78\"><strong><span>ORA 11.35.<\/span> P\u00e2n\u0103 la ora 10.00 au votat 4,61 din num\u0103rul aleg\u0103torilor<\/strong>, 4,30% \u00een mediul urban \u015fi 5,03% \u00een mediul rural, potrivit <strong><a href=\"http:\/\/www.bec2014.ro\/wp-content\/uploads\/2014\/05\/Comunicat-PV-ora-11.30.pdf\" target=\"_blank\" data-skip-linkfix=\"1\" rel=\"noopener\">Biroului Electoral Central.<\/a><\/strong><\/p>\n<p data-index=\"79\">\u00cen 22 de jude\u0163e prezen\u0163a a fost superioar\u0103 fa\u0163\u0103 de media la nivel na\u0163ional.<\/p>\n<p data-index=\"80\">Cei mai mul\u0163i aleg\u0103tori au venit la vot \u00een jude\u0163ele Olt (7,8%), Teleorman (6,72%), Ilfov (6,19%), D\u00e2mbovi\u0163a (6,13%), Mehedin\u0163i (6,03%) \u015fi cei mai pu\u0163ini \u00een Maramure\u015f (3,09%), Timi\u015f (3,52%), Sibiu (3,54%), Ia\u015fi (3,69%).<\/p>\n<p data-index=\"81\"><strong>\u00cen Bucure\u015fti, prezen\u0163a la vot a fost de 3,64%<\/strong> (sectorul 1 &#8211; 4,1%, sectorul 2 &#8211; 3,81%, sectorul 3 &#8211; 3,38%, sectorul 4 &#8211; 3,66%, sectorul 5 &#8211; 2,98%, sectorul 6 &#8211; 3,97%).<\/p>\n<p data-index=\"82\"><span><strong>ORA 11.17.<\/strong><\/span><strong>Daniel Constantin<\/strong> a votat la \u015ecoala nr.1, \u00een Corbeanca.<\/p>\n<p data-index=\"83\">\u201e<span>Cred c\u0103 este un vot mult mai important dec\u00e2t con\u015ftientiz\u0103m \u00een anumite zile, suntem parte a Europei, suntem un stat care am \u00eenceput s\u0103 ne manifest\u0103m, cu c\u00e2t suntem mai mul\u0163i la vot cu at\u00e2t ap\u0103r\u0103m mai bine cet\u0103\u0163enii Rom\u00e2niei. A<\/span>m remarcat c\u0103 \u00een anumite sec\u0163ii de votare se folosesc anumite culori, este un lucru regretabil\u201d, a spus Daniel Constantin.<\/p>\n<p data-index=\"84\"><span><strong>ORA 11.16.<\/strong><\/span><strong>Ion Iliescu<\/strong>, fostul pre\u0219edinte al Rom\u00e2niei, a votat la Liceul \u201eJean Monnet\u201d, din Bucure\u0219ti. Ion Iliescu a declarat c\u0103 a votat \u201epentru ca s\u0103 ne consolid\u0103m statutul nostru de membru al UE\u201d. \u201ePe de alt\u0103 parte, a\u0219 vrea ca, prin contribu\u021bia noastr\u0103, s\u0103 consolid\u0103m locul \u0219i rolul grupului socialist \u0219i social-democrat din Parlamentul European\u201d, a mai spus Ion Iliescu. \u00a0<\/p>\n<p data-index=\"85\"><span><strong>ORA 10.57.<\/strong><\/span>\u201eFiecare rom\u00e2n \u00ee\u015fi poate ajuta \u0163ara ie\u015find \u015fi vot\u00e2nd pentru un viitor european, pentru un viitor prosper. Sunt convins c\u0103 la sf\u00e2r\u015fitul acestei zile for\u0163ele binelui vor fi \u00eenaintea celor ale r\u0103ului, celor care vor s\u0103 \u0163in\u0103 Rom\u00e2nia \u00een afara unui destin european\u201d, a declarat, dup\u0103 vot, <strong>C\u0103t\u0103lin Predoiu, candidatul PDL la preziden\u0163iale.\u00a0<\/strong><\/p>\n<p data-index=\"86\"><span><strong>ORA 10.21.<\/strong><\/span> Deputatul <strong>Elena Udrea<\/strong> a votat la Colegiul \u201eMihai Eminescu\u201d din Bucure\u0219ti. \u201eAm votat pentru energie, pentru tinere\u021be. A<span>m votat pentru competen\u021b\u0103 \u0219i performan\u021b\u0103\u201d, a declarat Elena Udrea, la ie\u0219irea de la urne.<\/span><\/p>\n<p data-index=\"87\"><strong><span>ORA 10.10<\/span>.<\/strong><span> \u201eCu siguran\u0163\u0103 to\u0163i cei care doresc s\u0103 fie implica\u0163i \u00een Europa vor veni la vot, m\u0103 a\u015ftept ca schimb\u0103rile dup\u0103 10 ani s\u0103 fie \u00een bine. 2014 este anul \u00een care se schimb\u0103 Rom\u00e2nia \u015fi Europa sunt convins c\u0103 vor fi schimb\u0103ri \u00een bine\u201d, a declarat <\/span><a href=\"https:\/\/www.digi24.ro\/Stiri\/Digi24\/Actualitate\/Politica\/Premierul+victor+Ponta+a+votat+la+alegeri+europarlamentare\" target=\"_blank\" data-skip-linkfix=\"1\" rel=\"noopener\"><strong>Victor Ponta<\/strong><\/a><span>, care a votat al\u0103turi de so\u0163ia sa, Daciana, la \u015ecoala 17 din Bucure\u015fti.<\/span><\/p>\n<p data-index=\"88\">Potrivit acestuia, miza alegerilor de duminic\u0103 este extrem de important\u0103 \u015fi pentru cei care nu voteaz\u0103, nu doar pentru cei care voteaz\u0103.<\/p>\n<p data-index=\"89\"><span><strong>ORA 9.31. <\/strong><span>&#8220;Am votat pentru bun\u0103stare. \u00cei invit pe rom\u00e2ni s\u0103 voteze&#8221;, a declarat <strong>Lucian Blaga,<\/strong> care a votat \u00eempreun\u0103 cu Gheorghe Flutur, la Liceul I.L. Caragiale din Bucure\u015fti.<\/span><\/span><\/p>\n<p data-index=\"90\"><span><strong>ORA 9.13<\/strong>.<\/span> Liderul PNL <a href=\"https:\/\/www.digi24.ro\/Stiri\/Digi24\/Actualitate\/Politica\/Crin+Antonescu+Votul+de+azi+e+mai+important+decat+cel+din+aleger\" target=\"_blank\" data-skip-linkfix=\"1\" rel=\"noopener\"><strong>Crin Antonescu<\/strong><\/a> a votat la \u015ecoala 73 din Bucure\u015fti.<\/p>\n<p data-index=\"91\">\u201e\u015eti\u0163i bine pentru ce am votat. Cel mai important lucru este c\u0103 m-am prezentat s\u0103 votez. Cred c\u0103 e un gest civic \u015fi cet\u0103\u0163enesc \u015fi elementar s\u0103 d\u0103m acest vot. <strong>Este clar din toate evalu\u0103rile c\u0103 vom avea o prezen\u0163\u0103 mic\u0103 la vot. Sper s\u0103 nu fie extrem de mic\u0103<\/strong>\u201d, a declarat Crin Antonescu.<\/p>\n<p data-index=\"92\"><span><strong>ORA 9.00.<\/strong><\/span><strong>Liviu Dragnea<\/strong> a votat la Liceul Xenopol: \u201eAm votat pentru viitorul Rom\u00e2niei, pentru europarlamentarii care vor fi m\u00e2ndri de \u0163ara lor, pentru cei ce vor merge la Bruxelles s\u0103 spun\u0103 tuturor c\u0103 Rom\u00e2nia e o \u0163ar\u0103 cu drepturi egale, care vor merge s\u0103 spun\u0103 c\u0103 avem acelea\u015fi drepturi\u201d.<\/p>\n<p data-index=\"93\">\u201eDin discu\u0163iile cu Oprea, lucrurile sunt foarte bine organizate. L-a asigurat pe premier c\u0103 alegerile vor fi organizate bine \u015fi dac\u0103 apar incidente, structurile MAI sunt preg\u0103tite s\u0103 intervin\u0103\u201d, a spus Liviu Dragnea. \u00a0<\/p>\n<p data-index=\"94\"><span><strong>ORA 8.50.<\/strong><\/span> Procesul de votare la sec\u0163iile 158 \u015fi 159, din cadrul \u015ecolii nr. 181, din Sectorul 1 al Capitalei, a fost<strong><a href=\"https:\/\/www.digi24.ro\/Stiri\/Digi24\/Actualitate\/Politica\/Proces+de+vot+intrerupt+zece+minute+la+doua+sectii+din+Bucuresti\" target=\"_blank\" data-skip-linkfix=\"1\" rel=\"noopener\"> \u00eentrerupt<\/a><\/strong>pentru zece minute.<\/p>\n<p data-index=\"95\"><span><strong>ORA 8.46.<\/strong><\/span> \u201eAm votat pentru o Europ\u0103 puternic\u0103, pentru o prezen\u0163\u0103 echilibrat\u0103 \u015fi o prezen\u0163\u0103 a comunit\u0103\u0163ii maghiare \u00een PE \u015fi cu g\u00e2ndul la viitorul nostru comun.<\/p>\n<p data-index=\"96\"><strong>Eu cred c\u0103 undeva la nivelul anului 2009 va fi prezen\u0163a<\/strong>. Eu a\u015f dori o prezen\u0163\u0103 c\u00e2t mai mare fiindc\u0103 legitimitatea e extrem de important\u0103 \u015fi mesajul c\u0103 suntem o \u0163ar\u0103 \u015fi o comunitate care ia \u00een serios rolul UE\u201d, a declarat <strong>Kelemen Hunor,<\/strong> dup\u0103 ce \u015fi-a exprimat op\u0163iunea electoral\u0103.<\/p>\n<p data-index=\"97\"><strong><span>ORA 8:05 <span>Subcomisarul\u00a0<\/span><\/span><span>Monica Dajbog<\/span><\/strong><span>, purt\u0103tor de cuv\u00e2nt al <strong>MAI<\/strong>, a transmis primele date ale zilei privind desf\u0103\u015furarea procesului electoral.<\/span><\/p>\n<p data-index=\"98\"><strong><span>ORA 7:19 <span>Ministrul de Interne Gabriel Oprea <\/span><\/span><\/strong><span><span>este matinal, tocmai a votat, la <strong>\u015ecoala Nr.150 Eroii Sanitari<\/strong> din Capital\u0103. &#8220;<em><strong>Am votat pentru Rom\u00e2nia \u015fi pentru Europa<\/strong><\/em>&#8220;, a spus oficialul. &#8220;<\/span><\/span><span><span><em><strong>Eu sunt de obicei matinal. De aici merg la Ministerul de Interne. Ministerul are obliga\u0163ia ca alegerile de azi s\u0103 fie perfect legale \u015fi s\u0103 exprime voin\u0163a rom\u00e2nilor. Cred \u00een viitorul Rom\u00e2niei \u00een Europa \u015fi al locului Rom\u00e2niei \u00een Europa<\/strong><\/em><\/span><\/span>&#8220;, a ad\u0103ugat Gabriel Oprea.<\/p>\n<p data-index=\"99\"><strong><span>ORA 7:00<\/span> Sec\u0163iile de votare s-au deschis oficial si pe teritoriul Rom\u00e2niei.<\/strong><\/p>\n<p data-index=\"100\"><span>&#8212;&#8212;&#8212;&#8212;&#8212;&#8212;&#8212;&#8212;&#8212;<\/span><\/p>\n<p data-index=\"101\"><span><strong>Cum vot\u0103m<\/strong><\/span><\/p>\n<p data-index=\"102\">\u00cenainte de a pleca de acas\u0103, asigura\u0163i-v\u0103 c\u0103 ave\u0163i la dumneavoastr\u0103 <strong>cartea de identitate<\/strong>, f\u0103r\u0103 de care nu pute\u0163i vota. Rom\u00e2nii din str\u0103in\u0103tate pot folosi \u015fi <strong>pa\u015faportul<\/strong> pentru a se legitima.<\/p>\n<p data-index=\"103\">\u00cenainte de a intra \u00een sec\u0163ia de votare, verifica\u0163i <strong>listele de aleg\u0103tori<\/strong> afi\u015fate la intrare pentru a v\u0103 asigura c\u0103 sunte\u0163i \u00eenscri\u015fi la respectiva sec\u0163ie.<\/p>\n<p data-index=\"104\"><span>Dac\u0103 nu v\u0103 afla\u0163i \u00een localitatea de domiciliu, pute\u0163i solicita <\/span><span><strong>s\u0103 fi\u0163i trecu\u0163i pe listele suplimentare<\/strong><\/span><span> la orice alt\u0103 sec\u0163ie.<\/span><\/p>\n<p data-index=\"105\">Dac\u0103 v\u0103 gr\u0103bi\u0163i s\u0103 vota\u0163i diminea\u0163\u0103, o pute\u0163i face \u00eenc\u0103 de la <strong>ora 7<\/strong>, c\u00e2nd se deschid toate sec\u0163iile de vot din Rom\u00e2nia. Ele se \u00eenchid la <strong>ora 21<\/strong>. Cei care se afl\u0103 \u00eenc\u0103 \u00een interiorul sec\u0163iei la ora 21 \u00ee\u015fi pot exercita dreptul de vot.<\/p>\n<p data-index=\"106\">Odat\u0103 intra\u0163i \u00een incinta sec\u0163iei \u015fi identifica\u0163i pe liste, <strong>primi\u0163i \u00een schimbul c\u0103r\u0163ii de identitate buletinul \u015fi stampila<\/strong>, dup\u0103 care intra\u0163i singuri \u00een cabina de vot. Potrivit legii, nimeni, sub nici un motiv sau pretext, nu are voie s\u0103 intre cu dumneavoastr\u0103.<\/p>\n<p data-index=\"107\"><strong>Uita\u0163i-v\u0103 cu aten\u0163ie pe toate paginile buletinului<\/strong> pentru a g\u0103si candidatul sau partidul preferat. <strong>Aplica\u0163i \u015ftampila strict \u00een interiorul chenarului, altfel votul dumneavostr\u0103 poate fi anulat.<\/strong><\/p>\n<p data-index=\"108\">Mare aten\u0163ie: nu ave\u0163i voie s\u0103 filma\u0163i sau s\u0103 v\u0103 fotografia\u0163i votul.<\/p>\n<p data-index=\"109\"><strong>\u00cemp\u0103turi\u0163i buletinul<\/strong> \u00eenainte de a ie\u015fi din cabin\u0103, apoi \u00eel introduce\u0163i \u00een urn\u0103.<\/p>\n<p data-index=\"110\">\u00cenainte de a pleca, ave\u0163i grij\u0103 s\u0103 <strong>returna\u0163i \u015ftampila<\/strong> \u015fi s\u0103 v\u0103 <strong>recupera\u0163i cartea de identitate<\/strong>.<\/p>\n<p data-index=\"111\"><span><span>Evita\u0163i situa\u0163iile sanc\u0163ionate de lege! Mita electoral\u0103 se pedepse\u015fte cu \u00eenchisoare de la 6 luni la 3 ani. Frauda la vot este de asemenea pedepsit\u0103 de lege: cei care voteaz\u0103 f\u0103r\u0103 drept, votul multiplu sau utilizarea unui act de identitate fals se pedepsesc cu \u00eenchisoarea de la 6 luni la 3 ani sau cu amend\u0103 \u00eentre 1800 \u015fi 150.000 de lei.<\/span><\/span><\/p>\n<p data-index=\"112\"><span><strong><span>Candida\u0163ii<\/span><\/strong><\/span><\/p>\n<p data-index=\"113\"><span><span>Buletinul de vot pentru alegerile europarlamentare are opt pagini A4 \u015fi este compus din dou\u0103 foi A3.<\/span><\/span><\/p>\n<p data-index=\"114\"><span><span>Partidele \u00eenscrise \u015fi prezente pe buletinele de vot sunt urm\u0103toarele: <strong>PDL, PMP, UDMR, Alian\u0163a electoral\u0103 PSD-UNPR-PC, PNL, PRM, Alian\u0163a Na\u0163ional\u0103 a Agricultorilor, Partidul Drept\u0103\u0163ii Sociale, Partidul Noua Republic\u0103, Partidul Verde, For\u0163a Civic\u0103, Partidul Ecologist Rom\u00e2n, Partidul Alternativa Socialist\u0103, PN\u0162CD \u015fi PPDD<\/strong>.<\/span><\/span><\/p>\n<p data-index=\"115\"><span><span>Ultimii pe buletinele de vot sunt \u00eenscri\u015fi candida\u0163ii independen\u0163i: <strong>Georgiana-Corina Ungureanu, Constantin-Titian Filip, D\u0103nu\u0163 Liga, Paul Purea, Iulian Capsali Pericle, Peter Costea, Mircea Diaconu \u015fi Valentin Eugen D\u0103eanu<\/strong>.<\/span><\/span><\/p>\n<p data-index=\"116\"><span><span><strong>Euroalegerile \u00een cifre<\/strong><\/span><\/span><\/p>\n<p data-index=\"117\"><span><span><strong>18.226.995<\/strong> de aleg\u0103tori sunt a\u015ftepta\u0163i la urne \u00een <strong>18.532<\/strong> de sec\u0163ii de votare pe teritoriul Rom\u00e2niei pentru a-\u015fi desemna cei <strong>32 de reprezentan\u0163i ai Rom\u00e2niei \u00een Parlamentul European<\/strong>.<\/span><\/span><\/p>\n<p data-index=\"118\"><span><span><strong>27.027 de de\u0163inu\u0163i<\/strong> au drept de vot la euroalegerile de duminic\u0103.<\/span><\/span><\/p>\n<p data-index=\"119\"><span><span>\u00cen <strong>Bucure\u015fti<\/strong> sunt deschise, \u00eencep\u00e2nd cu ora 7, 1245 de sec\u0163ii de votare. \u00cen sectorul 1 al Capitalei sunt organizate 162 de sec\u0163ii, \u00een sectorul 2 &#8211; 202, \u00een sectorul 3 &#8211; 274, \u00een sectorul 4 &#8211; 178, \u00een sectorul 5 &#8211; 196, iar \u00een sectorul 6 &#8211; 233.<\/span><\/span><\/p>\n<p data-index=\"120\"><span><strong><span>Digi24 deschide ziua alegerilor:<\/span><\/strong><\/span><\/p>\n<p data-index=\"121\"><strong><span>VIDEO Digi24<\/span> \u00cen toat\u0103 \u0163ara, aleg\u0103torii sunt a\u015ftepta\u0163i la urne. Coresponden\u0163ii <span>Digi24<\/span> din toate sta\u0163iile locale transmit informa\u0163ii despre sec\u0163iile de votare deschise \u00een toate regiunile Rom\u00e2niei, dar \u015fi despre prezen\u0163a la vot semnalat\u0103 la ultimele alegeri.<\/strong><\/p>\n<p data-index=\"122\"><span><strong>Digi24 Constan\u0163a:<\/strong><\/span><\/p>\n<p data-index=\"123\"><span><strong>Digi24 Ia\u015fi:<\/strong><\/span><\/p>\n<p data-index=\"124\"><span><strong>Digi24 Oradea:\u00a0<\/strong><\/span><\/p>\n<p data-index=\"125\"><span><strong>Digi24 Craiova:<\/strong><\/span><\/p>\n<p data-index=\"126\"><span><strong>Digi24 Cluj:<\/strong><\/span><\/p>\n<p data-index=\"127\"><span><strong>Digi24 Bra\u015fov:\u00a0<\/strong><\/span><\/p>\n<p data-index=\"128\"><span><strong>La Timi\u015foara au loc duminic\u0103 \u015fi alegeri parlamentare par\u0163iale:<\/strong><\/span><\/p>\n<p data-index=\"129\"><span><strong>\u00a0<\/strong><\/span><\/p>\n<\/div>\n<p> Source URL: https:\/\/www.digi24.ro\/stiri\/actualitate\/politica\/live-blog-alegeri-europarlamentare-2014-sondaj-psd-castigator-al-scrutinului-cu-40-prezenta-la-vot-mai-mare-ca-in-2009-247353<\/p>\n","protected":false},"excerpt":{"rendered":"<p>Alegerile europarlamentare 2014, cel mai amplu proces electoral din spa\u0163iul vechiului continent, s-au \u00eencheiat \u00een aceast\u0103 sear\u0103. Sondajele arat\u0103 c\u0103 PSD a ob\u021binut cel mai mare num\u0103r de voturi, aproximativ 40%, \u00een timp ce liberalii nu au ajuns nici la 15 procente. Ministerul rom\u00e2n al Afacerilor Externe a organizat pentru aceste alegeri europarlamentare\u00a0190 de sec\u021bii [&hellip;]<\/p>\n","protected":false},"author":1,"featured_media":205014,"comment_status":"open","ping_status":"","sticky":false,"template":"","format":"standard","meta":{"footnotes":""},"categories":[2],"tags":[11],"class_list":["post-205013","post","type-post","status-publish","format-standard","has-post-thumbnail","hentry","category-politics","tag-digi24"],"_links":{"self":[{"href":"https:\/\/analyse.optim.biz\/index.php?rest_route=\/wp\/v2\/posts\/205013","targetHints":{"allow":["GET"]}}],"collection":[{"href":"https:\/\/analyse.optim.biz\/index.php?rest_route=\/wp\/v2\/posts"}],"about":[{"href":"https:\/\/analyse.optim.biz\/index.php?rest_route=\/wp\/v2\/types\/post"}],"author":[{"embeddable":true,"href":"https:\/\/analyse.optim.biz\/index.php?rest_route=\/wp\/v2\/users\/1"}],"replies":[{"embeddable":true,"href":"https:\/\/analyse.optim.biz\/index.php?rest_route=%2Fwp%2Fv2%2Fcomments&post=205013"}],"version-history":[{"count":0,"href":"https:\/\/analyse.optim.biz\/index.php?rest_route=\/wp\/v2\/posts\/205013\/revisions"}],"wp:featuredmedia":[{"embeddable":true,"href":"https:\/\/analyse.optim.biz\/index.php?rest_route=\/wp\/v2\/media\/205014"}],"wp:attachment":[{"href":"https:\/\/analyse.optim.biz\/index.php?rest_route=%2Fwp%2Fv2%2Fmedia&parent=205013"}],"wp:term":[{"taxonomy":"category","embeddable":true,"href":"https:\/\/analyse.optim.biz\/index.php?rest_route=%2Fwp%2Fv2%2Fcategories&post=205013"},{"taxonomy":"post_tag","embeddable":true,"href":"https:\/\/analyse.optim.biz\/index.php?rest_route=%2Fwp%2Fv2%2Ftags&post=205013"}],"curies":[{"name":"wp","href":"https:\/\/api.w.org\/{rel}","templated":true}]}}